{"id":8622,"date":"2022-03-30T14:08:08","date_gmt":"2022-03-30T17:08:08","guid":{"rendered":"https:\/\/www.captionmagazine.org\/?p=8622"},"modified":"2022-03-30T14:08:08","modified_gmt":"2022-03-30T17:08:08","slug":"desiertos","status":"publish","type":"post","link":"https:\/\/www.captionmagazine.org\/en\/ensayos\/desiertos","title":{"rendered":"Desiertos"},"content":{"rendered":"\r\n<h3 class=\"wp-block-heading\"><strong>Minerva del Valle <\/strong><\/h3>\r\n\r\n\r\n\r\n<p><strong>\u2018Desiertos\u2019 es un viaje a trav\u00e9s de fotograf\u00edas que propone una reflexi\u00f3n sobre la importancia de los momentos aparentemente insignificantes de la vida. Son im\u00e1genes en las que existe una mirada interior que trato de expresar visualmente; peque\u00f1as historias que pretendo acercar a quien las observa. <\/strong><\/p>\r\n<p>Mi intenci\u00f3n es traducir palabras en im\u00e1genes. \u2018Desiertos\u2019 relata la nada y el vac\u00edo; describe emoci\u00f3n, retiro, abstracci\u00f3n, ternura, supervivencia y esperanza. Cada persona habita su propio desierto; su ser ausente. Desde ese concepto, la serie puede leerse en conjunto o individualmente en cada una de las fotograf\u00edas.<\/p>\r\n<figure id=\"attachment_8644\" aria-describedby=\"caption-attachment-8644\" style=\"width: 533px\" class=\"wp-caption alignnone\"><img loading=\"lazy\" decoding=\"async\" class=\"size-full wp-image-8644\" src=\"https:\/\/www.captionmagazine.org\/wp-content\/uploads\/2022\/03\/RS3497_desiertos-11-scr.jpg\" alt=\"\" width=\"533\" height=\"800\" srcset=\"https:\/\/www.captionmagazine.org\/wp-content\/uploads\/2022\/03\/RS3497_desiertos-11-scr.jpg 533w, https:\/\/www.captionmagazine.org\/wp-content\/uploads\/2022\/03\/RS3497_desiertos-11-scr-370x555.jpg 370w, https:\/\/www.captionmagazine.org\/wp-content\/uploads\/2022\/03\/RS3497_desiertos-11-scr-185x278.jpg 185w, https:\/\/www.captionmagazine.org\/wp-content\/uploads\/2022\/03\/RS3497_desiertos-11-scr-20x30.jpg 20w, https:\/\/www.captionmagazine.org\/wp-content\/uploads\/2022\/03\/RS3497_desiertos-11-scr-400x600.jpg 400w, https:\/\/www.captionmagazine.org\/wp-content\/uploads\/2022\/03\/RS3497_desiertos-11-scr-300x450.jpg 300w, https:\/\/www.captionmagazine.org\/wp-content\/uploads\/2022\/03\/RS3497_desiertos-11-scr-32x48.jpg 32w\" sizes=\"auto, (max-width: 533px) 100vw, 533px\" \/><figcaption id=\"caption-attachment-8644\" class=\"wp-caption-text\">\u00a9 Minerval del Valle<\/figcaption><\/figure>\r\n<p>Mi prop\u00f3sito es mostrar lo que a menudo no somos capaces de ver. Deseo que el espectador repare en la belleza de espaldas, cabello, pupilas y miradas, que las im\u00e1genes cautiven, sugieran, emocionen e inciten a pensar. En ocasiones, ni siquiera es preciso mostrar el rostro. En mi proyecto persigo captar el misterio del desierto a trav\u00e9s de im\u00e1genes que hablan de la soledad. Busco, de alguna manera, adentrarme en la naturaleza humana, en su condici\u00f3n enigm\u00e1tica del mismo modo que lo es el desierto: inh\u00f3spito al mismo tiempo que alienta la reflexi\u00f3n.<\/p>\r\n<figure id=\"attachment_8652\" aria-describedby=\"caption-attachment-8652\" style=\"width: 533px\" class=\"wp-caption alignnone\"><img loading=\"lazy\" decoding=\"async\" class=\"size-full wp-image-8652\" src=\"https:\/\/www.captionmagazine.org\/wp-content\/uploads\/2022\/03\/RS3501_desiertos-15-scr.jpg\" alt=\"\" width=\"533\" height=\"800\" srcset=\"https:\/\/www.captionmagazine.org\/wp-content\/uploads\/2022\/03\/RS3501_desiertos-15-scr.jpg 533w, https:\/\/www.captionmagazine.org\/wp-content\/uploads\/2022\/03\/RS3501_desiertos-15-scr-370x555.jpg 370w, https:\/\/www.captionmagazine.org\/wp-content\/uploads\/2022\/03\/RS3501_desiertos-15-scr-185x278.jpg 185w, https:\/\/www.captionmagazine.org\/wp-content\/uploads\/2022\/03\/RS3501_desiertos-15-scr-20x30.jpg 20w, https:\/\/www.captionmagazine.org\/wp-content\/uploads\/2022\/03\/RS3501_desiertos-15-scr-400x600.jpg 400w, https:\/\/www.captionmagazine.org\/wp-content\/uploads\/2022\/03\/RS3501_desiertos-15-scr-300x450.jpg 300w, https:\/\/www.captionmagazine.org\/wp-content\/uploads\/2022\/03\/RS3501_desiertos-15-scr-32x48.jpg 32w\" sizes=\"auto, (max-width: 533px) 100vw, 533px\" \/><figcaption id=\"caption-attachment-8652\" class=\"wp-caption-text\">\u00a9 Minerval del Valle<\/figcaption><\/figure>\r\n<p>En un momento determinado, la fotograf\u00eda me sirvi\u00f3 como herramienta narrativa mediante la cual expresar mis sentimientos. Luchamos por ser felices, pero es a trav\u00e9s del dolor c\u00f3mo reflexionamos acerca de la vida. Intento desnudarme de manera conceptual y espiritual a trav\u00e9s de las im\u00e1genes. Mi pretensi\u00f3n es transmitir temores y pasiones, nostalgia y esperanza. A veces esperamos m\u00e1s del mundo de lo que llegaremos a obtener.<\/p>\r\n<figure id=\"attachment_8646\" aria-describedby=\"caption-attachment-8646\" style=\"width: 533px\" class=\"wp-caption alignnone\"><img loading=\"lazy\" decoding=\"async\" class=\"size-full wp-image-8646\" src=\"https:\/\/www.captionmagazine.org\/wp-content\/uploads\/2022\/03\/RS3498_desiertos-12-scr.jpg\" alt=\"\" width=\"533\" height=\"800\" srcset=\"https:\/\/www.captionmagazine.org\/wp-content\/uploads\/2022\/03\/RS3498_desiertos-12-scr.jpg 533w, https:\/\/www.captionmagazine.org\/wp-content\/uploads\/2022\/03\/RS3498_desiertos-12-scr-370x555.jpg 370w, https:\/\/www.captionmagazine.org\/wp-content\/uploads\/2022\/03\/RS3498_desiertos-12-scr-185x278.jpg 185w, https:\/\/www.captionmagazine.org\/wp-content\/uploads\/2022\/03\/RS3498_desiertos-12-scr-20x30.jpg 20w, https:\/\/www.captionmagazine.org\/wp-content\/uploads\/2022\/03\/RS3498_desiertos-12-scr-400x600.jpg 400w, https:\/\/www.captionmagazine.org\/wp-content\/uploads\/2022\/03\/RS3498_desiertos-12-scr-300x450.jpg 300w, https:\/\/www.captionmagazine.org\/wp-content\/uploads\/2022\/03\/RS3498_desiertos-12-scr-32x48.jpg 32w\" sizes=\"auto, (max-width: 533px) 100vw, 533px\" \/><figcaption id=\"caption-attachment-8646\" class=\"wp-caption-text\">\u00a9 Minerval del Valle<\/figcaption><\/figure>\r\n<p>Todos mis proyectos acogen referencias e inspiraci\u00f3n de la cultura, del cine, la m\u00fasica, y la literatura; del tiempo que nos toca vivir. Estoy en un momento de b\u00fasqueda constante entre realidad y ficci\u00f3n. En mi proceso creativo hablo de la vida y la muerte; y nunca pens\u00e9 que la fotograf\u00eda me permitiera desterrar partes de m\u00ed.<\/p>\r\n<figure id=\"attachment_8650\" aria-describedby=\"caption-attachment-8650\" style=\"width: 533px\" class=\"wp-caption alignnone\"><img loading=\"lazy\" decoding=\"async\" class=\"size-full wp-image-8650\" src=\"https:\/\/www.captionmagazine.org\/wp-content\/uploads\/2022\/03\/RS3500_desiertos-14-scr.jpg\" alt=\"\" width=\"533\" height=\"800\" srcset=\"https:\/\/www.captionmagazine.org\/wp-content\/uploads\/2022\/03\/RS3500_desiertos-14-scr.jpg 533w, https:\/\/www.captionmagazine.org\/wp-content\/uploads\/2022\/03\/RS3500_desiertos-14-scr-370x555.jpg 370w, https:\/\/www.captionmagazine.org\/wp-content\/uploads\/2022\/03\/RS3500_desiertos-14-scr-185x278.jpg 185w, https:\/\/www.captionmagazine.org\/wp-content\/uploads\/2022\/03\/RS3500_desiertos-14-scr-20x30.jpg 20w, https:\/\/www.captionmagazine.org\/wp-content\/uploads\/2022\/03\/RS3500_desiertos-14-scr-400x600.jpg 400w, https:\/\/www.captionmagazine.org\/wp-content\/uploads\/2022\/03\/RS3500_desiertos-14-scr-300x450.jpg 300w, https:\/\/www.captionmagazine.org\/wp-content\/uploads\/2022\/03\/RS3500_desiertos-14-scr-32x48.jpg 32w\" sizes=\"auto, (max-width: 533px) 100vw, 533px\" \/><figcaption id=\"caption-attachment-8650\" class=\"wp-caption-text\">\u00a9 Minerval del Valle<\/figcaption><\/figure>\r\n<p>En \u2018Desiertos\u2019 cada una de mis im\u00e1genes est\u00e1 abierta a la imaginaci\u00f3n del espectador. Quien las observa navega en sus propios significados. En mi acci\u00f3n creativa cometo errores, pero eso hace que me lleva a seguir viajando por lugares y personas, a dar continuidad a la b\u00fasqueda.<\/p>\r\n<blockquote>\r\n<p>\u201cPor tanto, he aqu\u00ed que yo la seducir\u00e9 y la conducir\u00e9 al desierto,<br \/>y le hablar\u00e9 al coraz\u00f3n,<br \/>y le dar\u00e9 desde all\u00ed mismo sus vi\u00f1as<br \/>y el propio valle de Akor, como puerta de esperanza;<br \/>y cantar\u00e1 all\u00ed como en los d\u00edas de su juventud<br \/>y como el d\u00eda en que sali\u00f3 del pa\u00eds de Egipto&#8221; (Oseas 2,16.17)<\/p>\r\n<\/blockquote>\r\n<figure id=\"attachment_8624\" aria-describedby=\"caption-attachment-8624\" style=\"width: 533px\" class=\"wp-caption alignnone\"><img loading=\"lazy\" decoding=\"async\" class=\"size-full wp-image-8624\" src=\"https:\/\/www.captionmagazine.org\/wp-content\/uploads\/2022\/03\/RS3487_desiertos-1-2-scr.jpg\" alt=\"\" width=\"533\" height=\"800\" srcset=\"https:\/\/www.captionmagazine.org\/wp-content\/uploads\/2022\/03\/RS3487_desiertos-1-2-scr.jpg 533w, https:\/\/www.captionmagazine.org\/wp-content\/uploads\/2022\/03\/RS3487_desiertos-1-2-scr-370x555.jpg 370w, https:\/\/www.captionmagazine.org\/wp-content\/uploads\/2022\/03\/RS3487_desiertos-1-2-scr-185x278.jpg 185w, https:\/\/www.captionmagazine.org\/wp-content\/uploads\/2022\/03\/RS3487_desiertos-1-2-scr-20x30.jpg 20w, https:\/\/www.captionmagazine.org\/wp-content\/uploads\/2022\/03\/RS3487_desiertos-1-2-scr-400x600.jpg 400w, https:\/\/www.captionmagazine.org\/wp-content\/uploads\/2022\/03\/RS3487_desiertos-1-2-scr-300x450.jpg 300w, https:\/\/www.captionmagazine.org\/wp-content\/uploads\/2022\/03\/RS3487_desiertos-1-2-scr-32x48.jpg 32w\" sizes=\"auto, (max-width: 533px) 100vw, 533px\" \/><figcaption id=\"caption-attachment-8624\" class=\"wp-caption-text\">\u00a9 Minerval del Valle<\/figcaption><\/figure>\r\n<div class=\"mceTemp\">\u00a0<\/div>\r\n\r\n\r\n<hr class=\"wp-block-separator\" \/>\r\n\r\n\r\n<p><strong>Acerca de la Autora:<\/strong><\/p>\r\n\r\n\r\n\r\n<p><img loading=\"lazy\" decoding=\"async\" class=\"alignnone size-medium wp-image-8672\" src=\"https:\/\/www.captionmagazine.org\/wp-content\/uploads\/2022\/03\/RS4179_3-scr-640x388.jpg\" alt=\"\" width=\"640\" height=\"388\" srcset=\"https:\/\/www.captionmagazine.org\/wp-content\/uploads\/2022\/03\/RS4179_3-scr-640x388.jpg 640w, https:\/\/www.captionmagazine.org\/wp-content\/uploads\/2022\/03\/RS4179_3-scr-600x364.jpg 600w, https:\/\/www.captionmagazine.org\/wp-content\/uploads\/2022\/03\/RS4179_3-scr-370x224.jpg 370w, https:\/\/www.captionmagazine.org\/wp-content\/uploads\/2022\/03\/RS4179_3-scr-20x12.jpg 20w, https:\/\/www.captionmagazine.org\/wp-content\/uploads\/2022\/03\/RS4179_3-scr-185x112.jpg 185w, https:\/\/www.captionmagazine.org\/wp-content\/uploads\/2022\/03\/RS4179_3-scr-400x242.jpg 400w, https:\/\/www.captionmagazine.org\/wp-content\/uploads\/2022\/03\/RS4179_3-scr-300x182.jpg 300w, https:\/\/www.captionmagazine.org\/wp-content\/uploads\/2022\/03\/RS4179_3-scr-79x48.jpg 79w\" sizes=\"auto, (max-width: 640px) 100vw, 640px\" \/><\/p>\r\n<p><span style=\"font-weight: 400;\">Mi fascinaci\u00f3n por la fotograf\u00eda ha estado presente desde siempre, pero la complicidad con la c\u00e1mara de fotos comenz\u00f3 en un momento crucial de mi vida y, a partir de ah\u00ed, ha sido mi herramienta de expresi\u00f3n. <\/span><\/p>\r\n<p><span style=\"font-weight: 400;\">\r\n\r\n<\/span><\/p>\r\n<p><span style=\"font-weight: 400;\">Me he formado como fot\u00f3grafa en Estudio 22 (Logro\u00f1o) -un centro que comparte el concepto de estudio y espacio expositivo-, a lo largo de cuatro a\u00f1os. La fotograf\u00eda me ha ense\u00f1ado a mirar; veo y observo lo que antes no ve\u00eda. A trav\u00e9s de la c\u00e1mara creo mis propios mundos, una realidad inventada que me permite expresar lo que siento y pienso con im\u00e1genes.<\/span><\/p>\r\n<p><span style=\"font-weight: 400;\">He expuesto mi trabajo fotogr\u00e1fico en las ediciones 2019 y 2020 del Festival Mujeres en el Arte, primero en una muestra individual con la fotograf\u00eda \u2018Alicia y la carpa de los sue\u00f1os\u2019 y al a\u00f1o siguiente en la exposici\u00f3n colectiva \u2018Po\u00e9ticas\u2019. Igualmente, dos de mis fotograf\u00edas han sido expuestas en las muestras 2019 y 2020 del premio fotogr\u00e1fico \u2018El Rioja y los 5 Sentidos\u2019. En 2020, particip\u00e9 en la muestra colectiva \u2018En tr\u00e1nsito\u2019, que acogi\u00f3 Estudio 22; y en el Espacio Expositivo Ba\u00f1ares, con la fotograf\u00eda \u2018\u00bfQu\u00e9 est\u00e1s mirando?\u2019<\/span><\/p>\r\n<p><span style=\"font-weight: 400;\">A la hora de idear y realizar mis fotograf\u00edas siempre me formulo ciertas preguntas: \u00bfQu\u00e9 hay de m\u00ed en la fotograf\u00eda que realizo? Y \u00bfqu\u00e9 quiero transmitir? En mi proceso creativo destaca la influenciada del cine, la m\u00fasica y la literatura. En mis fotograf\u00edas, trato de generar una atm\u00f3sfera enigm\u00e1tica. Por ejemplo, en mis \u00faltimos retratos intento no mostrar todo a quienes contemplan las fotograf\u00edas, trato de crear un cierto misterio.<\/span><\/p>\r\n<p><span style=\"font-weight: 400;\">Minerva del Valle (Logro\u00f1o, 17 de marzo de 1965) ha sido nominada por la fotograf\u00eda \u2018Ceguera\u2019 en los Premios Internacionales FINE ART PHOTOGRAPHY AWARDS. En septiembre 2021 fue uno de los 12 fot\u00f3grafos seleccionados para el visionado de artistas que el Festival PhotoEspa\u00f1a celebr\u00f3 en Santander. <\/span><\/p>\r\n<p><span style=\"font-weight: 400;\">Recientemente el peri\u00f3dico El Pa\u00eds ha dedicado su secci\u00f3n \u2018Exposici\u00f3n\u2019 a su serie \u2018Desiertos\u2019.<\/span><\/p>\r\n\r\n\r\n\r\n\r\n\r\n<p><strong>Sitio Web<\/strong>:<\/p>\r\n<p><a href=\"https:\/\/www.instagram.com\/minerva3836\/\" target=\"_blank\" rel=\"noopener\">instagram.com\/minerva3836<\/a><\/p>\r\n\r\n\r\n\r\n\r\n","protected":false},"excerpt":{"rendered":"<p>Minerva del Valle \u2018Desiertos\u2019 es un viaje a trav\u00e9s de fotograf\u00edas que propone una reflexi\u00f3n sobre la importancia de los momentos aparentemente insignificantes de la vida. Son im\u00e1genes en las que existe una mirada interior que trato de expresar visualmente; peque\u00f1as historias que pretendo acercar a quien las observa. Mi intenci\u00f3n es traducir palabras en&hellip;<\/p>\n","protected":false},"author":4,"featured_media":8658,"comment_status":"closed","ping_status":"closed","sticky":false,"template":"","format":"gallery","meta":{"footnotes":""},"categories":[1],"tags":[746,168],"thb-sponsors":[],"class_list":["post-8622","post","type-post","status-publish","format-gallery","has-post-thumbnail","hentry","category-ensayos","tag-flores","tag-retratos","post_format-post-format-gallery"],"_links":{"self":[{"href":"https:\/\/www.captionmagazine.org\/en\/wp-json\/wp\/v2\/posts\/8622","targetHints":{"allow":["GET"]}}],"collection":[{"href":"https:\/\/www.captionmagazine.org\/en\/wp-json\/wp\/v2\/posts"}],"about":[{"href":"https:\/\/www.captionmagazine.org\/en\/wp-json\/wp\/v2\/types\/post"}],"author":[{"embeddable":true,"href":"https:\/\/www.captionmagazine.org\/en\/wp-json\/wp\/v2\/users\/4"}],"replies":[{"embeddable":true,"href":"https:\/\/www.captionmagazine.org\/en\/wp-json\/wp\/v2\/comments?post=8622"}],"version-history":[{"count":7,"href":"https:\/\/www.captionmagazine.org\/en\/wp-json\/wp\/v2\/posts\/8622\/revisions"}],"predecessor-version":[{"id":8679,"href":"https:\/\/www.captionmagazine.org\/en\/wp-json\/wp\/v2\/posts\/8622\/revisions\/8679"}],"wp:featuredmedia":[{"embeddable":true,"href":"https:\/\/www.captionmagazine.org\/en\/wp-json\/wp\/v2\/media\/8658"}],"wp:attachment":[{"href":"https:\/\/www.captionmagazine.org\/en\/wp-json\/wp\/v2\/media?parent=8622"}],"wp:term":[{"taxonomy":"category","embeddable":true,"href":"https:\/\/www.captionmagazine.org\/en\/wp-json\/wp\/v2\/categories?post=8622"},{"taxonomy":"post_tag","embeddable":true,"href":"https:\/\/www.captionmagazine.org\/en\/wp-json\/wp\/v2\/tags?post=8622"},{"taxonomy":"thb-sponsors","embeddable":true,"href":"https:\/\/www.captionmagazine.org\/en\/wp-json\/wp\/v2\/thb-sponsors?post=8622"}],"curies":[{"name":"wp","href":"https:\/\/api.w.org\/{rel}","templated":true}]}}