{"id":4844,"date":"2021-11-10T19:08:44","date_gmt":"2021-11-10T22:08:44","guid":{"rendered":"https:\/\/www.captionmagazine.org\/?p=4844"},"modified":"2022-01-19T09:54:47","modified_gmt":"2022-01-19T12:54:47","slug":"bosque-como-refugio","status":"publish","type":"post","link":"https:\/\/www.captionmagazine.org\/en\/ensayos\/bosque-como-refugio","title":{"rendered":"Sue\u00f1os: El Bosque Como Refugio"},"content":{"rendered":"\n<h3 class=\"wp-block-heading\"><strong>Alex Vidal Brecas<\/strong><\/h3>\n\n\n\n<p><strong>Por m\u00e1s de un a\u00f1o he estado trabajando en un proyecto de  fotograf\u00eda con mi hijo Luciano. El trabajo involucra nuestra relaci\u00f3n y como \u00e9l se vincula con el bosque del sur de Chile, desde el plano on\u00edrico en el contexto de la pandemia del COVID-19. Ha sido una hermosa oportunidad que nos ha dado la naturaleza, un respiro en medio de una \u00e9poca convulsa, dif\u00edcil de entender.<\/strong><\/p>\n\n\n\n<figure class=\"wp-block-image size-large\"><img loading=\"lazy\" decoding=\"async\" width=\"1024\" height=\"683\" src=\"https:\/\/www.captionmagazine.org\/wp-content\/uploads\/2021\/11\/RS2728_08-scr-1024x683.jpg\" alt=\"\" class=\"wp-image-4851\" srcset=\"https:\/\/www.captionmagazine.org\/wp-content\/uploads\/2021\/11\/RS2728_08-scr-1024x683.jpg 1024w, https:\/\/www.captionmagazine.org\/wp-content\/uploads\/2021\/11\/RS2728_08-scr-600x400.jpg 600w, https:\/\/www.captionmagazine.org\/wp-content\/uploads\/2021\/11\/RS2728_08-scr-300x200.jpg 300w, https:\/\/www.captionmagazine.org\/wp-content\/uploads\/2021\/11\/RS2728_08-scr-768x512.jpg 768w, https:\/\/www.captionmagazine.org\/wp-content\/uploads\/2021\/11\/RS2728_08-scr-370x247.jpg 370w, https:\/\/www.captionmagazine.org\/wp-content\/uploads\/2021\/11\/RS2728_08-scr-800x533.jpg 800w, https:\/\/www.captionmagazine.org\/wp-content\/uploads\/2021\/11\/RS2728_08-scr-20x13.jpg 20w, https:\/\/www.captionmagazine.org\/wp-content\/uploads\/2021\/11\/RS2728_08-scr-185x123.jpg 185w, https:\/\/www.captionmagazine.org\/wp-content\/uploads\/2021\/11\/RS2728_08-scr-740x493.jpg 740w, https:\/\/www.captionmagazine.org\/wp-content\/uploads\/2021\/11\/RS2728_08-scr-400x267.jpg 400w, https:\/\/www.captionmagazine.org\/wp-content\/uploads\/2021\/11\/RS2728_08-scr-72x48.jpg 72w\" sizes=\"auto, (max-width: 1024px) 100vw, 1024px\" \/><figcaption>\u00a9 Alex Vidal Brecas<\/figcaption><\/figure>\n\n\n\n<p>Desde el inicio de la pandemia en nuestro pa\u00eds, y el confinamiento voluntario al que nos sometimos como familia en marzo del 2020 junto a mi hijo Luciano de cinco a\u00f1os, hemos estado haciendo durante nuestros desayunos un ejercicio que finalmente se convirti\u00f3 en rutina: Hablamos de lo que so\u00f1amos la noche anterior e intentamos interpretar y representarlo a trav\u00e9s de im\u00e1genes.<\/p>\n\n\n\n<figure class=\"wp-block-image size-large\"><img loading=\"lazy\" decoding=\"async\" width=\"1024\" height=\"683\" src=\"https:\/\/www.captionmagazine.org\/wp-content\/uploads\/2021\/11\/RS2722_01-scr-1024x683.jpg\" alt=\"\" class=\"wp-image-4852\" srcset=\"https:\/\/www.captionmagazine.org\/wp-content\/uploads\/2021\/11\/RS2722_01-scr-1024x683.jpg 1024w, https:\/\/www.captionmagazine.org\/wp-content\/uploads\/2021\/11\/RS2722_01-scr-600x400.jpg 600w, https:\/\/www.captionmagazine.org\/wp-content\/uploads\/2021\/11\/RS2722_01-scr-300x200.jpg 300w, https:\/\/www.captionmagazine.org\/wp-content\/uploads\/2021\/11\/RS2722_01-scr-768x512.jpg 768w, https:\/\/www.captionmagazine.org\/wp-content\/uploads\/2021\/11\/RS2722_01-scr-370x247.jpg 370w, https:\/\/www.captionmagazine.org\/wp-content\/uploads\/2021\/11\/RS2722_01-scr-800x533.jpg 800w, https:\/\/www.captionmagazine.org\/wp-content\/uploads\/2021\/11\/RS2722_01-scr-20x13.jpg 20w, https:\/\/www.captionmagazine.org\/wp-content\/uploads\/2021\/11\/RS2722_01-scr-185x123.jpg 185w, https:\/\/www.captionmagazine.org\/wp-content\/uploads\/2021\/11\/RS2722_01-scr-740x493.jpg 740w, https:\/\/www.captionmagazine.org\/wp-content\/uploads\/2021\/11\/RS2722_01-scr-400x267.jpg 400w, https:\/\/www.captionmagazine.org\/wp-content\/uploads\/2021\/11\/RS2722_01-scr-72x48.jpg 72w\" sizes=\"auto, (max-width: 1024px) 100vw, 1024px\" \/><figcaption>\u00a9 Alex Vidal Brecas<\/figcaption><\/figure>\n\n\n\n<div class=\"wp-block-button is-style-outline\"><a class=\"wp-block-button__link\" href=\"https:\/\/www.captionmagazine.org\/papel-digital-n12#page82\" style=\"border-radius:10px\" rel=\"noreferrer noopener\">Sigue leyendo este art\u00edculo en papel digital.<\/a><\/div>\n\n\n\n<hr class=\"wp-block-separator\"\/>\n\n\n\n<p><strong>Acerca del Autor:<\/strong><\/p>\n\n\n\n<p>Periodista titulado de la Universidad de la Frontera y diplomado en Fotograf\u00eda por la Universidad de Chile. Actualmente reside en Llanquihue, trabaja como fot\u00f3grafo independiente y realiza proyectos de fotograf\u00eda autoral relacionados con la ruralidad, el territorio y el paisaje. <\/p>\n\n\n\n<p>El 2019 obtuvo el premio ENFOTO, organizado por la Corporaci\u00f3n Cultural de Puerto Montt; el 2016, fue doblemente premiado en el Sal\u00f3n Nacional de Fotoperiodismo, organizado por la Uni\u00f3n de Reporteros Gr\u00e1ficos de Chile.<\/p>\n\n\n\n<p>El 2015, una fotograf\u00eda suya sobre la erupci\u00f3n del volc\u00e1n Calbuco fue reconocida dentro de las mejores im\u00e1genes del a\u00f1o por The Guardian y Time, respectivamente. Primer Lugar, reportaje categor\u00eda \u201cVida Diaria\u201d, a\u00f1o 2020 Fotoprensa 2021. Menci\u00f3n, categor\u00eda Reportaje \u201cNaturaleza, Tecnolog\u00eda\u00a0 y Medio\u00a0 Ambiente\u201d, a\u00f1o 2019 Fotoprensa 2021.<\/p>\n\n\n\n<p><strong>Equipo Utilizado:<\/strong><\/p>\n\n\n\n<p>C\u00e1maras: Canon EOS 5D Mark III<br>Optica: Canon EF 50mm f1.2 L y Canon EF 24-70mm f2.8 L II<\/p>\n\n\n\n<p><strong>Sitios Web<\/strong>: <\/p>\n\n\n\n<p><a href=\"https:\/\/www.instagram.com\/imaginario11\/\" target=\"_blank\" rel=\"noreferrer noopener\" aria-label=\" (abrir en una nueva pesta\u00f1a)\">instagram.com\/imaginario11<\/a><\/p>\n\n\n\n<p><a href=\"https:\/\/facebook.com\/alex.vidal.brecas\" target=\"_blank\" rel=\"noreferrer noopener\" aria-label=\"facebook.com\/alex.vidal.brecas (abrir en una nueva pesta\u00f1a)\">facebook.com\/alex.vidal.brecas<\/a><a rel=\"noreferrer noopener\" aria-label=\"facebook.com\/anna.kazanova.5\n (abrir en una nueva pesta\u00f1a)\" href=\"https:\/\/www.facebook.com\/anna.kazanova.5\" target=\"_blank\"><br><\/a><\/p>\n","protected":false},"excerpt":{"rendered":"<p>Alex Vidal Brecas Por m\u00e1s de un a\u00f1o he estado trabajando en un proyecto de fotograf\u00eda con mi hijo Luciano. El trabajo involucra nuestra relaci\u00f3n y como \u00e9l se vincula con el bosque del sur de Chile, desde el plano on\u00edrico en el contexto de la pandemia del COVID-19. Ha sido una hermosa oportunidad que&hellip;<\/p>\n","protected":false},"author":4,"featured_media":4850,"comment_status":"closed","ping_status":"closed","sticky":false,"template":"","format":"standard","meta":{"footnotes":""},"categories":[1],"tags":[699,361,359,360],"thb-sponsors":[],"class_list":["post-4844","post","type-post","status-publish","format-standard","has-post-thumbnail","hentry","category-ensayos","tag-n12","tag-onirico","tag-paternidad","tag-suenos"],"_links":{"self":[{"href":"https:\/\/www.captionmagazine.org\/en\/wp-json\/wp\/v2\/posts\/4844","targetHints":{"allow":["GET"]}}],"collection":[{"href":"https:\/\/www.captionmagazine.org\/en\/wp-json\/wp\/v2\/posts"}],"about":[{"href":"https:\/\/www.captionmagazine.org\/en\/wp-json\/wp\/v2\/types\/post"}],"author":[{"embeddable":true,"href":"https:\/\/www.captionmagazine.org\/en\/wp-json\/wp\/v2\/users\/4"}],"replies":[{"embeddable":true,"href":"https:\/\/www.captionmagazine.org\/en\/wp-json\/wp\/v2\/comments?post=4844"}],"version-history":[{"count":12,"href":"https:\/\/www.captionmagazine.org\/en\/wp-json\/wp\/v2\/posts\/4844\/revisions"}],"predecessor-version":[{"id":4957,"href":"https:\/\/www.captionmagazine.org\/en\/wp-json\/wp\/v2\/posts\/4844\/revisions\/4957"}],"wp:featuredmedia":[{"embeddable":true,"href":"https:\/\/www.captionmagazine.org\/en\/wp-json\/wp\/v2\/media\/4850"}],"wp:attachment":[{"href":"https:\/\/www.captionmagazine.org\/en\/wp-json\/wp\/v2\/media?parent=4844"}],"wp:term":[{"taxonomy":"category","embeddable":true,"href":"https:\/\/www.captionmagazine.org\/en\/wp-json\/wp\/v2\/categories?post=4844"},{"taxonomy":"post_tag","embeddable":true,"href":"https:\/\/www.captionmagazine.org\/en\/wp-json\/wp\/v2\/tags?post=4844"},{"taxonomy":"thb-sponsors","embeddable":true,"href":"https:\/\/www.captionmagazine.org\/en\/wp-json\/wp\/v2\/thb-sponsors?post=4844"}],"curies":[{"name":"wp","href":"https:\/\/api.w.org\/{rel}","templated":true}]}}