{"id":4828,"date":"2021-11-10T19:06:36","date_gmt":"2021-11-10T22:06:36","guid":{"rendered":"https:\/\/www.captionmagazine.org\/?p=4828"},"modified":"2022-01-19T09:54:56","modified_gmt":"2022-01-19T12:54:56","slug":"ellos-y-nosotros","status":"publish","type":"post","link":"https:\/\/www.captionmagazine.org\/en\/libros\/ellos-y-nosotros","title":{"rendered":"Ellos y Nosotros"},"content":{"rendered":"\n<h3 class=\"wp-block-heading\">Sof\u00eda Moro<\/h3>\n\n\n\n<p><strong>Dentro del esfuerzo colectivo que se est\u00e1 llevando a cabo en estos momentos para la recuperaci\u00f3n de la memoria hist\u00f3rica en Espa\u00f1a, sin lugar a dudas la tarea m\u00e1s urgente es la de registrar las voces de los cada vez menos supervivientes del holocausto de la Guerra Civil y de la dictadura franquista. Si solamente fuera por su contribuci\u00f3n a esta tarea colectiva, el fascinante volumen de Sof\u00eda Moro ser\u00eda de primer\u00edsima importancia. Sin embargo, este libro es mucho m\u00e1s y va mucho m\u00e1s lejos que lo corriente en estos casos. Es un libro que recoge las memorias de una gama inmensa de personas de todos los colores pol\u00edticos cuyas vidas fueron afectadas por la Guerra Civil espa\u00f1ola y el r\u00e9gimen posterior.<\/strong><\/p>\n\n\n\n<p>El&nbsp;reparto de personajes va desde un piloto alem\u00e1n de la  Luftwaffe, unos oficiales italianos, o el marroqu\u00ed que siguecobrando una pensi\u00f3n espa\u00f1ola de tres euros al mes, pasando por falangistas y carlistas, por el gudari que luego fue obligadoa luchar en las filas de Franco y por un elenco sustancioso  de hombres y mujeres republicanos (del distinguido cirujano Mois\u00e9s Broggi, a los brigadistas internacionales), hasta toda una colecci\u00f3n representativa de liberales, anarquistas, socialistas y comunistas. <\/p>\n\n\n\n<p>Es muy sano que se nos recuerde, como lo hace Sof\u00eda Moro, que la memoria hist\u00f3rica no es monol\u00edtica, que hay muchas memorias y que no siempre concuerdan. Es muy importante saber c\u00f3mo ven su guerra y como la justifican los supervivientes del bando victorioso, pero, m\u00e1s importante a\u00fan son las voces de los que han estado silenciados durante m\u00e1s se sesenta a\u00f1os, como nos lo recuerdan las historias que hablan del sufrimiento de las mujeres del exilio y de dentro de la Espa\u00f1a franquista: historias desgarradoras todas ellas.<\/p>\n\n\n\n<figure class=\"wp-block-image size-large\"><img loading=\"lazy\" decoding=\"async\" width=\"1024\" height=\"720\" src=\"https:\/\/www.captionmagazine.org\/wp-content\/uploads\/2021\/11\/RS3857_56_Walter-TogwellBBB-scr-1024x720.jpg\" alt=\"\" class=\"wp-image-4830\" srcset=\"https:\/\/www.captionmagazine.org\/wp-content\/uploads\/2021\/11\/RS3857_56_Walter-TogwellBBB-scr-1024x720.jpg 1024w, https:\/\/www.captionmagazine.org\/wp-content\/uploads\/2021\/11\/RS3857_56_Walter-TogwellBBB-scr-600x422.jpg 600w, https:\/\/www.captionmagazine.org\/wp-content\/uploads\/2021\/11\/RS3857_56_Walter-TogwellBBB-scr-300x211.jpg 300w, https:\/\/www.captionmagazine.org\/wp-content\/uploads\/2021\/11\/RS3857_56_Walter-TogwellBBB-scr-768x540.jpg 768w, https:\/\/www.captionmagazine.org\/wp-content\/uploads\/2021\/11\/RS3857_56_Walter-TogwellBBB-scr-370x260.jpg 370w, https:\/\/www.captionmagazine.org\/wp-content\/uploads\/2021\/11\/RS3857_56_Walter-TogwellBBB-scr-800x562.jpg 800w, https:\/\/www.captionmagazine.org\/wp-content\/uploads\/2021\/11\/RS3857_56_Walter-TogwellBBB-scr-185x130.jpg 185w, https:\/\/www.captionmagazine.org\/wp-content\/uploads\/2021\/11\/RS3857_56_Walter-TogwellBBB-scr-740x520.jpg 740w, https:\/\/www.captionmagazine.org\/wp-content\/uploads\/2021\/11\/RS3857_56_Walter-TogwellBBB-scr-20x14.jpg 20w, https:\/\/www.captionmagazine.org\/wp-content\/uploads\/2021\/11\/RS3857_56_Walter-TogwellBBB-scr-400x281.jpg 400w, https:\/\/www.captionmagazine.org\/wp-content\/uploads\/2021\/11\/RS3857_56_Walter-TogwellBBB-scr-68x48.jpg 68w\" sizes=\"auto, (max-width: 1024px) 100vw, 1024px\" \/><figcaption>\u00a9 Sof\u00eda Moro<\/figcaption><\/figure>\n\n\n\n<figure class=\"wp-block-image size-large\"><img loading=\"lazy\" decoding=\"async\" width=\"574\" height=\"800\" src=\"https:\/\/www.captionmagazine.org\/wp-content\/uploads\/2021\/11\/RS3846_55_WALTER-TOGWELL-scr.jpg\" alt=\"\" class=\"wp-image-4837\" srcset=\"https:\/\/www.captionmagazine.org\/wp-content\/uploads\/2021\/11\/RS3846_55_WALTER-TOGWELL-scr.jpg 574w, https:\/\/www.captionmagazine.org\/wp-content\/uploads\/2021\/11\/RS3846_55_WALTER-TOGWELL-scr-215x300.jpg 215w, https:\/\/www.captionmagazine.org\/wp-content\/uploads\/2021\/11\/RS3846_55_WALTER-TOGWELL-scr-370x516.jpg 370w, https:\/\/www.captionmagazine.org\/wp-content\/uploads\/2021\/11\/RS3846_55_WALTER-TOGWELL-scr-185x258.jpg 185w, https:\/\/www.captionmagazine.org\/wp-content\/uploads\/2021\/11\/RS3846_55_WALTER-TOGWELL-scr-20x28.jpg 20w, https:\/\/www.captionmagazine.org\/wp-content\/uploads\/2021\/11\/RS3846_55_WALTER-TOGWELL-scr-400x557.jpg 400w, https:\/\/www.captionmagazine.org\/wp-content\/uploads\/2021\/11\/RS3846_55_WALTER-TOGWELL-scr-34x48.jpg 34w\" sizes=\"auto, (max-width: 574px) 100vw, 574px\" \/><figcaption>WALTER TOGWELL Londres, Inglaterra, 1913.<br>SOLDADO DEL BATALL\u00d3N INGL\u00c9S DE LA XV BRIGADA INTERNACIONAL<br>Alba\u00f1il de profesi\u00f3n, viene a Espa\u00f1a con veintitr\u00e9s a\u00f1os y se incorpora como soldado al batall\u00f3n brit\u00e1nico de la XV Brigada Internacional. Lucha en Brunete,Teruel, Gandesa, Calaceite, Caspe y Belchite y cruza el Ebro en dos ocasiones. Nunca fue herido.Tras dejar Espa\u00f1a, sirve durante seis a\u00f1os en la Segunda Guerra Mundial como soldado ametrallador de artiller\u00eda. Hoy sigue militando en el antifascismo. \u00a9 Sof\u00eda Moro<\/figcaption><\/figure>\n\n\n\n<p>Memorias que est\u00e1n m\u00e1s cimentadas en la realidad unas que otras. Lo mejor de este maravilloso libro es que nos ayuda,  a trav\u00e9s de los supervivientes, a reconstruir las historias delos vencidos, para conmemorarles y, sobre todo, para que no vuelva a pasar.<\/p>\n\n\n\n<p><em>&#8211; La Urgencia de Registrar las Voces<br>por Paul Preston<\/em><\/p>\n\n\n\n<div class=\"wp-block-button is-style-outline\"><a class=\"wp-block-button__link\" href=\"https:\/\/www.captionmagazine.org\/papel-digital-n12#page70\" style=\"border-radius:10px\" rel=\"noreferrer noopener\">Sigue leyendo este art\u00edculo en papel digital.<\/a><\/div>\n\n\n\n<hr class=\"wp-block-separator\"\/>\n\n\n\n<p><strong>Acerca de la Autora:<\/strong><\/p>\n\n\n\n<p>Sof\u00eda Moro es una fot\u00f3grafa independiente con base en Madrid. Desde hace m\u00e1s de dos d\u00e9cadas es colaboradora habitual de las revistas Vanity Fair y El Pa\u00eds Semanal donde ha publicado m\u00e1s de un centenar de retratos y m\u00e1s de 20 reportajes de portada.<\/p>\n\n\n\n<p>Trabaja espor\u00e1dicamente para otras publicaciones nacionales e internacionales. La pasi\u00f3n por la justicia social y la lucha por los derechos humanos informan los proyectos personales de Moro. Para ella, fotografiar es comprender. Tambi\u00e9n visibilizar, por que da una forma y un rostro concreto a lo existente. Colabora con Amnist\u00eda Internacional en numerosos proyectos. <\/p>\n\n\n\n<p>Su \u00faltimo trabajo es un alegato contra la pena de muerte en  el mundo que termin\u00f3 en 2018 gracias a una Ayuda Leonardo de la Fundaci\u00f3n BBVA recibida en 2016. El resultado es un libro titulado \u00bfQui\u00e9n merece morir? (Phree, 2018) que se acompa\u00f1\u00f3 de una exposici\u00f3n en el Centro de Arte BOZAR deBruselas en 2019 y otra en el Instituto Goethe en Madagascar. <\/p>\n\n\n\n<p>En 2021 el trabajo Cuidadoras, se ha expuesto en las calles de Madrid como parte del festival PHotoEspa\u00f1a 2020. En febrero de 2020, TVE-2 emiti\u00f3 un cap\u00edtulo hablando sobre su trabajo dentro de la serie Detr\u00e1s del Instante. Ha expuesto su trabajo en m\u00faltiples ocasiones y tiene obra en varias colecciones privadas, as\u00ed como en la Colecci\u00f3n La Naval de Cartagena y en la Academia de BBAA de San Fernando. Imparte clases y talleres de retrato fotogr\u00e1fico en varias escuelas de Madrid y Valencia<\/p>\n\n\n\n<p><strong>Sitios Web<\/strong>: <\/p>\n\n\n\n<p><a href=\"http:\/\/quienmerecemorir.com\/\" target=\"_blank\" rel=\"noreferrer noopener\" aria-label=\" (abrir en una nueva pesta\u00f1a)\">quienmerecemorir.com<\/a><\/p>\n\n\n\n<p><a href=\"https:\/\/instagram.com\/sofiamorovg\" target=\"_blank\" rel=\"noreferrer noopener\" aria-label=\"instagram.com\/sofiamorovg (abrir en una nueva pesta\u00f1a)\">instagram.com\/sofiamorovg<\/a><a rel=\"noreferrer noopener\" aria-label=\"facebook.com\/anna.kazanova.5\n (abrir en una nueva pesta\u00f1a)\" href=\"https:\/\/www.facebook.com\/anna.kazanova.5\" target=\"_blank\"><br><\/a><\/p>\n","protected":false},"excerpt":{"rendered":"<p>Sof\u00eda Moro Dentro del esfuerzo colectivo que se est\u00e1 llevando a cabo en estos momentos para la recuperaci\u00f3n de la memoria hist\u00f3rica en Espa\u00f1a, sin lugar a dudas la tarea m\u00e1s urgente es la de registrar las voces de los cada vez menos supervivientes del holocausto de la Guerra Civil y de la dictadura franquista.&hellip;<\/p>\n","protected":false},"author":4,"featured_media":4831,"comment_status":"closed","ping_status":"closed","sticky":false,"template":"","format":"standard","meta":{"footnotes":""},"categories":[238],"tags":[366,357,358,699],"thb-sponsors":[],"class_list":["post-4828","post","type-post","status-publish","format-standard","has-post-thumbnail","hentry","category-libros","tag-destacado","tag-guerra","tag-historia","tag-n12"],"_links":{"self":[{"href":"https:\/\/www.captionmagazine.org\/en\/wp-json\/wp\/v2\/posts\/4828","targetHints":{"allow":["GET"]}}],"collection":[{"href":"https:\/\/www.captionmagazine.org\/en\/wp-json\/wp\/v2\/posts"}],"about":[{"href":"https:\/\/www.captionmagazine.org\/en\/wp-json\/wp\/v2\/types\/post"}],"author":[{"embeddable":true,"href":"https:\/\/www.captionmagazine.org\/en\/wp-json\/wp\/v2\/users\/4"}],"replies":[{"embeddable":true,"href":"https:\/\/www.captionmagazine.org\/en\/wp-json\/wp\/v2\/comments?post=4828"}],"version-history":[{"count":11,"href":"https:\/\/www.captionmagazine.org\/en\/wp-json\/wp\/v2\/posts\/4828\/revisions"}],"predecessor-version":[{"id":4922,"href":"https:\/\/www.captionmagazine.org\/en\/wp-json\/wp\/v2\/posts\/4828\/revisions\/4922"}],"wp:featuredmedia":[{"embeddable":true,"href":"https:\/\/www.captionmagazine.org\/en\/wp-json\/wp\/v2\/media\/4831"}],"wp:attachment":[{"href":"https:\/\/www.captionmagazine.org\/en\/wp-json\/wp\/v2\/media?parent=4828"}],"wp:term":[{"taxonomy":"category","embeddable":true,"href":"https:\/\/www.captionmagazine.org\/en\/wp-json\/wp\/v2\/categories?post=4828"},{"taxonomy":"post_tag","embeddable":true,"href":"https:\/\/www.captionmagazine.org\/en\/wp-json\/wp\/v2\/tags?post=4828"},{"taxonomy":"thb-sponsors","embeddable":true,"href":"https:\/\/www.captionmagazine.org\/en\/wp-json\/wp\/v2\/thb-sponsors?post=4828"}],"curies":[{"name":"wp","href":"https:\/\/api.w.org\/{rel}","templated":true}]}}