{"id":4784,"date":"2021-11-10T19:00:30","date_gmt":"2021-11-10T22:00:30","guid":{"rendered":"https:\/\/www.captionmagazine.org\/?p=4784"},"modified":"2022-01-19T09:56:41","modified_gmt":"2022-01-19T12:56:41","slug":"entrevista-juan-domingo-marinello","status":"publish","type":"post","link":"https:\/\/www.captionmagazine.org\/en\/entrevistas\/entrevista-juan-domingo-marinello","title":{"rendered":"Entrevista a Juan Domingo Marinello"},"content":{"rendered":"\n<h3 class=\"wp-block-heading\">por Luis S\u00e1nchez<\/h3>\n\n\n\n<p><strong>En entrevista con CAPTION este connotado maestro chileno de la fotograf\u00eda revisa con mirada cr\u00edtica lo que significa ser fot\u00f3grafo, la irrupci\u00f3n de lo digital y la necesidad de reivindicar el trabajo autoral en un mundo invadido por millones de im\u00e1genes cada d\u00eda. La invitaci\u00f3n es a volver a una mirada reflexiva, ya que la fotograf\u00eda es un lenguaje y una c\u00e1psula del tiempo que nos habla de lo que fuimos<\/strong>.<\/p>\n\n\n\n<p>Para Juan Domingo Marinello la fotograf\u00eda es el lenguaje que le permite expresarse de mejor manera, uniendo la raz\u00f3n con el coraz\u00f3n en las im\u00e1genes que va captando. A los 20 a\u00f1os inici\u00f3 este camino que lo ha llevado a ser m\u00e1s que un observador de la realidad, sino un actor relevante y un maestro de nuevas generaciones de fot\u00f3grafos. \u201cEn esta suerte de lenguaje encontr\u00e9 la forma de ganarme la vida, con gran sorpresa me han pagado todos estos a\u00f1os por hacer algo que me gusta mucho. Y ense\u00f1ar fotograf\u00eda es una vocaci\u00f3n paralela en el sentido de querer entregar lo que yo aprend\u00ed, lo que yo descubr\u00ed, para que de alguna manera aporte un grano de arena a los que comienzan en esta profesi\u00f3n, en esta pasi\u00f3n que es la fotograf\u00eda\u201d.<\/p>\n\n\n\n<figure class=\"wp-block-image size-large\"><img loading=\"lazy\" decoding=\"async\" width=\"1016\" height=\"800\" src=\"https:\/\/www.captionmagazine.org\/wp-content\/uploads\/2021\/11\/RS3682_Of07-scr.jpg\" alt=\"\" class=\"wp-image-4794\" srcset=\"https:\/\/www.captionmagazine.org\/wp-content\/uploads\/2021\/11\/RS3682_Of07-scr.jpg 1016w, https:\/\/www.captionmagazine.org\/wp-content\/uploads\/2021\/11\/RS3682_Of07-scr-600x472.jpg 600w, https:\/\/www.captionmagazine.org\/wp-content\/uploads\/2021\/11\/RS3682_Of07-scr-300x236.jpg 300w, https:\/\/www.captionmagazine.org\/wp-content\/uploads\/2021\/11\/RS3682_Of07-scr-768x605.jpg 768w, https:\/\/www.captionmagazine.org\/wp-content\/uploads\/2021\/11\/RS3682_Of07-scr-370x291.jpg 370w, https:\/\/www.captionmagazine.org\/wp-content\/uploads\/2021\/11\/RS3682_Of07-scr-800x630.jpg 800w, https:\/\/www.captionmagazine.org\/wp-content\/uploads\/2021\/11\/RS3682_Of07-scr-20x16.jpg 20w, https:\/\/www.captionmagazine.org\/wp-content\/uploads\/2021\/11\/RS3682_Of07-scr-185x146.jpg 185w, https:\/\/www.captionmagazine.org\/wp-content\/uploads\/2021\/11\/RS3682_Of07-scr-740x583.jpg 740w, https:\/\/www.captionmagazine.org\/wp-content\/uploads\/2021\/11\/RS3682_Of07-scr-400x315.jpg 400w, https:\/\/www.captionmagazine.org\/wp-content\/uploads\/2021\/11\/RS3682_Of07-scr-61x48.jpg 61w\" sizes=\"auto, (max-width: 1016px) 100vw, 1016px\" \/><figcaption>\u00a9 Juan Domingo Marinello<\/figcaption><\/figure>\n\n\n\n<p>Son m\u00e1s de cinco d\u00e9cadas de una historia personal que ha transitado por momentos dif\u00edciles de un pa\u00eds convulsionado por los cambios pol\u00edticos y un mundo que avanzaba silenciosamente hacia nuevas tecnolog\u00edas que transformaron la manera de hacer fotograf\u00eda.<\/p>\n\n\n\n<figure class=\"wp-block-image size-large\"><img loading=\"lazy\" decoding=\"async\" width=\"1024\" height=\"675\" src=\"https:\/\/www.captionmagazine.org\/wp-content\/uploads\/2021\/11\/RS3664_Salclas-scr-1024x675.jpg\" alt=\"\" class=\"wp-image-4795\" srcset=\"https:\/\/www.captionmagazine.org\/wp-content\/uploads\/2021\/11\/RS3664_Salclas-scr-1024x675.jpg 1024w, https:\/\/www.captionmagazine.org\/wp-content\/uploads\/2021\/11\/RS3664_Salclas-scr-600x395.jpg 600w, https:\/\/www.captionmagazine.org\/wp-content\/uploads\/2021\/11\/RS3664_Salclas-scr-300x198.jpg 300w, https:\/\/www.captionmagazine.org\/wp-content\/uploads\/2021\/11\/RS3664_Salclas-scr-768x506.jpg 768w, https:\/\/www.captionmagazine.org\/wp-content\/uploads\/2021\/11\/RS3664_Salclas-scr-370x244.jpg 370w, https:\/\/www.captionmagazine.org\/wp-content\/uploads\/2021\/11\/RS3664_Salclas-scr-800x527.jpg 800w, https:\/\/www.captionmagazine.org\/wp-content\/uploads\/2021\/11\/RS3664_Salclas-scr-20x13.jpg 20w, https:\/\/www.captionmagazine.org\/wp-content\/uploads\/2021\/11\/RS3664_Salclas-scr-185x122.jpg 185w, https:\/\/www.captionmagazine.org\/wp-content\/uploads\/2021\/11\/RS3664_Salclas-scr-740x488.jpg 740w, https:\/\/www.captionmagazine.org\/wp-content\/uploads\/2021\/11\/RS3664_Salclas-scr-400x264.jpg 400w, https:\/\/www.captionmagazine.org\/wp-content\/uploads\/2021\/11\/RS3664_Salclas-scr-73x48.jpg 73w\" sizes=\"auto, (max-width: 1024px) 100vw, 1024px\" \/><figcaption>\u00a9 Juan Domingo Marinello<\/figcaption><\/figure>\n\n\n\n<p>Para&nbsp;Marinello hay c\u00e1maras que son consulares como la Sinar de placa o la Hasselblad. Sin embargo, su preferida es la Rolleiflex Twin Lens 6&#215;6, \u201cque fue emblem\u00e1tica en el periodismo de los 50 y los 60, dir\u00eda hasta los 70\u201d. <\/p>\n\n\n\n<p>Asimismo, recuerda que no tuvo dinero para adquirir inmediatamente una c\u00e1mara 35 mm, \u201cus\u00e9 mucho la Canon y posteriormente la Leica que era car\u00edsima para uno, pero logr\u00e9 agenciarme una M3 con la que termin\u00e9 trabajando\u201d.<\/p>\n\n\n\n<div class=\"wp-block-button is-style-outline\"><a class=\"wp-block-button__link\" href=\"https:\/\/www.captionmagazine.org\/papel-digital-n12#page46\" style=\"border-radius:10px\" rel=\"noreferrer noopener\">Sigue leyendo este art\u00edculo en papel digital.<\/a><\/div>\n\n\n\n<hr class=\"wp-block-separator\"\/>\n\n\n\n<p><a rel=\"noreferrer noopener\" aria-label=\"facebook.com\/anna.kazanova.5\n (abrir en una nueva pesta\u00f1a)\" href=\"https:\/\/www.facebook.com\/anna.kazanova.5\" target=\"_blank\"><br><\/a><\/p>\n","protected":false},"excerpt":{"rendered":"<p>por Luis S\u00e1nchez En entrevista con CAPTION este connotado maestro chileno de la fotograf\u00eda revisa con mirada cr\u00edtica lo que significa ser fot\u00f3grafo, la irrupci\u00f3n de lo digital y la necesidad de reivindicar el trabajo autoral en un mundo invadido por millones de im\u00e1genes cada d\u00eda. La invitaci\u00f3n es a volver a una mirada reflexiva,&hellip;<\/p>\n","protected":false},"author":4,"featured_media":4796,"comment_status":"closed","ping_status":"closed","sticky":false,"template":"","format":"standard","meta":{"footnotes":""},"categories":[79],"tags":[366,352,699],"thb-sponsors":[],"class_list":["post-4784","post","type-post","status-publish","format-standard","has-post-thumbnail","hentry","category-entrevistas","tag-destacado","tag-marinello","tag-n12"],"_links":{"self":[{"href":"https:\/\/www.captionmagazine.org\/en\/wp-json\/wp\/v2\/posts\/4784","targetHints":{"allow":["GET"]}}],"collection":[{"href":"https:\/\/www.captionmagazine.org\/en\/wp-json\/wp\/v2\/posts"}],"about":[{"href":"https:\/\/www.captionmagazine.org\/en\/wp-json\/wp\/v2\/types\/post"}],"author":[{"embeddable":true,"href":"https:\/\/www.captionmagazine.org\/en\/wp-json\/wp\/v2\/users\/4"}],"replies":[{"embeddable":true,"href":"https:\/\/www.captionmagazine.org\/en\/wp-json\/wp\/v2\/comments?post=4784"}],"version-history":[{"count":13,"href":"https:\/\/www.captionmagazine.org\/en\/wp-json\/wp\/v2\/posts\/4784\/revisions"}],"predecessor-version":[{"id":4919,"href":"https:\/\/www.captionmagazine.org\/en\/wp-json\/wp\/v2\/posts\/4784\/revisions\/4919"}],"wp:featuredmedia":[{"embeddable":true,"href":"https:\/\/www.captionmagazine.org\/en\/wp-json\/wp\/v2\/media\/4796"}],"wp:attachment":[{"href":"https:\/\/www.captionmagazine.org\/en\/wp-json\/wp\/v2\/media?parent=4784"}],"wp:term":[{"taxonomy":"category","embeddable":true,"href":"https:\/\/www.captionmagazine.org\/en\/wp-json\/wp\/v2\/categories?post=4784"},{"taxonomy":"post_tag","embeddable":true,"href":"https:\/\/www.captionmagazine.org\/en\/wp-json\/wp\/v2\/tags?post=4784"},{"taxonomy":"thb-sponsors","embeddable":true,"href":"https:\/\/www.captionmagazine.org\/en\/wp-json\/wp\/v2\/thb-sponsors?post=4784"}],"curies":[{"name":"wp","href":"https:\/\/api.w.org\/{rel}","templated":true}]}}