{"id":4650,"date":"2021-09-12T21:27:42","date_gmt":"2021-09-13T00:27:42","guid":{"rendered":"https:\/\/www.captionmagazine.org\/?p=4650"},"modified":"2022-01-19T10:11:43","modified_gmt":"2022-01-19T13:11:43","slug":"se-paso-la-micro","status":"publish","type":"post","link":"https:\/\/www.captionmagazine.org\/en\/ensayos\/se-paso-la-micro","title":{"rendered":"Se Pas\u00f3 la Micro"},"content":{"rendered":"\n<h3 class=\"wp-block-heading\">Javier Godoy Fajardo<\/h3>\n\n\n\n<p><strong>Se pas\u00f3 la micro es un trabajo de registro desarrollado en 2006, en Santiago de Chile, durante el \u00faltimo a\u00f1o de funcionamiento de las \u201cmicros amarillas\u201d el privado y ca\u00f3tico sistema de transporte \u201cp\u00fablico\u201d que operaba en la ciudad de Santiago. Al a\u00f1o siguiente, comenzar\u00eda a funcionar el infame \u201cTransantiago\u201d, que result\u00f3 ser a\u00fan m\u00e1s ca\u00f3tico que el sistema anterior.&nbsp;<\/strong><\/p>\n\n\n\n<p>Este es el registro del a\u00f1o en que nos despedimos de esas m\u00e1quinas que acompa\u00f1aban ruidosamente el cotidiano de la ciudad, m\u00ed ciudad.<\/p>\n\n\n\n<figure class=\"wp-block-image size-large\"><img loading=\"lazy\" decoding=\"async\" width=\"557\" height=\"800\" src=\"https:\/\/www.captionmagazine.org\/wp-content\/uploads\/2021\/09\/RS2621_11-1-scr.jpg\" alt=\"\" class=\"wp-image-4655\" srcset=\"https:\/\/www.captionmagazine.org\/wp-content\/uploads\/2021\/09\/RS2621_11-1-scr.jpg 557w, https:\/\/www.captionmagazine.org\/wp-content\/uploads\/2021\/09\/RS2621_11-1-scr-209x300.jpg 209w, https:\/\/www.captionmagazine.org\/wp-content\/uploads\/2021\/09\/RS2621_11-1-scr-370x531.jpg 370w, https:\/\/www.captionmagazine.org\/wp-content\/uploads\/2021\/09\/RS2621_11-1-scr-185x266.jpg 185w, https:\/\/www.captionmagazine.org\/wp-content\/uploads\/2021\/09\/RS2621_11-1-scr-20x29.jpg 20w, https:\/\/www.captionmagazine.org\/wp-content\/uploads\/2021\/09\/RS2621_11-1-scr-400x575.jpg 400w, https:\/\/www.captionmagazine.org\/wp-content\/uploads\/2021\/09\/RS2621_11-1-scr-33x48.jpg 33w\" sizes=\"auto, (max-width: 557px) 100vw, 557px\" \/><figcaption>\u00a9 Javier Godoy Fajardo<\/figcaption><\/figure>\n\n\n\n<p>En ese entonces me desempe\u00f1aba en el que ser\u00eda mi \u00faltimo trabajo formal en prensa, en un diario peque\u00f1o y con poco personal, que ten\u00eda como misi\u00f3n competir desde una trinchera de buen periodismo contra los dos grandes conglomerados period\u00edsticos, un contrapeso al \u201cduopolio\u201d de la prensa escrita&#8230;.<br><\/p>\n\n\n\n<p><\/p>\n\n\n\n<div class=\"wp-block-button is-style-outline\"><a class=\"wp-block-button__link\" href=\"https:\/\/www.captionmagazine.org\/papel-digital-n11#page76\" style=\"border-radius:10px\" rel=\"noreferrer noopener\">Sigue leyendo este art\u00edculo en papel digital.<\/a><\/div>\n\n\n\n<hr class=\"wp-block-separator\"\/>\n\n\n\n<p><strong>Acerca del Autor:<\/strong><\/p>\n\n\n\n<p>Santiago de Chile 1965, Fot\u00f3grafo (Instituto Profesional Arcos) con experiencia en medios de comunicaci\u00f3n, en la realizaci\u00f3n de proyectos fotogr\u00e1ficos de autor y documental que han sido exhibidos, publicados y premiados en Chile y el extranjero.<\/p>\n\n\n\n<p>&nbsp;Acad\u00e9mico, editor y gestor cultural en diversos proyectos de difusi\u00f3n y comercializaci\u00f3n de la fotograf\u00eda. Extensa experiencia en la realizaci\u00f3n de proyectos para el servicio p\u00fablico y sector privado, socio fundador de TRIPLE\/agencia de fotograf\u00eda y Flach tienda-galer\u00eda.<br><\/p>\n\n\n\n<p><strong>Equipo Utilizado:<\/strong><\/p>\n\n\n\n<p>Realizado en negativo blanco y negro 35 mm (Tri X de Kodak) con una Nikon FM 2, lentes fijos de 24, 35, 50 y 85 mm.<\/p>\n\n\n\n<p><strong>Sitios Web<\/strong>: <\/p>\n\n\n\n<p><a href=\"https:\/\/flach.cl\/\" target=\"_blank\" rel=\"noreferrer noopener\" aria-label=\"flach.cl (abrir en una nueva pesta\u00f1a)\">flach.cl<\/a><\/p>\n\n\n\n<p><a href=\"http:\/\/javiergodoy.cl\" target=\"_blank\" rel=\"noreferrer noopener\" aria-label=\"javiergodoy.cl (abrir en una nueva pesta\u00f1a)\">javiergodoy.cl<\/a><\/p>\n\n\n\n<p><a rel=\"noreferrer noopener\" aria-label=\"facebook.com\/anna.kazanova.5\n (abrir en una nueva pesta\u00f1a)\" href=\"https:\/\/www.facebook.com\/anna.kazanova.5\" target=\"_blank\"><br><\/a><\/p>\n","protected":false},"excerpt":{"rendered":"<p>Javier Godoy Fajardo Se pas\u00f3 la micro es un trabajo de registro desarrollado en 2006, en Santiago de Chile, durante el \u00faltimo a\u00f1o de funcionamiento de las \u201cmicros amarillas\u201d el privado y ca\u00f3tico sistema de transporte \u201cp\u00fablico\u201d que operaba en la ciudad de Santiago. Al a\u00f1o siguiente, comenzar\u00eda a funcionar el infame \u201cTransantiago\u201d, que result\u00f3&hellip;<\/p>\n","protected":false},"author":4,"featured_media":4654,"comment_status":"closed","ping_status":"closed","sticky":false,"template":"","format":"standard","meta":{"footnotes":""},"categories":[1],"tags":[232,326,339],"thb-sponsors":[],"class_list":["post-4650","post","type-post","status-publish","format-standard","has-post-thumbnail","hentry","category-ensayos","tag-chile","tag-n11","tag-transporte"],"_links":{"self":[{"href":"https:\/\/www.captionmagazine.org\/en\/wp-json\/wp\/v2\/posts\/4650","targetHints":{"allow":["GET"]}}],"collection":[{"href":"https:\/\/www.captionmagazine.org\/en\/wp-json\/wp\/v2\/posts"}],"about":[{"href":"https:\/\/www.captionmagazine.org\/en\/wp-json\/wp\/v2\/types\/post"}],"author":[{"embeddable":true,"href":"https:\/\/www.captionmagazine.org\/en\/wp-json\/wp\/v2\/users\/4"}],"replies":[{"embeddable":true,"href":"https:\/\/www.captionmagazine.org\/en\/wp-json\/wp\/v2\/comments?post=4650"}],"version-history":[{"count":6,"href":"https:\/\/www.captionmagazine.org\/en\/wp-json\/wp\/v2\/posts\/4650\/revisions"}],"predecessor-version":[{"id":5058,"href":"https:\/\/www.captionmagazine.org\/en\/wp-json\/wp\/v2\/posts\/4650\/revisions\/5058"}],"wp:featuredmedia":[{"embeddable":true,"href":"https:\/\/www.captionmagazine.org\/en\/wp-json\/wp\/v2\/media\/4654"}],"wp:attachment":[{"href":"https:\/\/www.captionmagazine.org\/en\/wp-json\/wp\/v2\/media?parent=4650"}],"wp:term":[{"taxonomy":"category","embeddable":true,"href":"https:\/\/www.captionmagazine.org\/en\/wp-json\/wp\/v2\/categories?post=4650"},{"taxonomy":"post_tag","embeddable":true,"href":"https:\/\/www.captionmagazine.org\/en\/wp-json\/wp\/v2\/tags?post=4650"},{"taxonomy":"thb-sponsors","embeddable":true,"href":"https:\/\/www.captionmagazine.org\/en\/wp-json\/wp\/v2\/thb-sponsors?post=4650"}],"curies":[{"name":"wp","href":"https:\/\/api.w.org\/{rel}","templated":true}]}}