{"id":4106,"date":"2021-05-21T12:36:32","date_gmt":"2021-05-21T16:36:32","guid":{"rendered":"https:\/\/www.captionmagazine.org\/?p=4106"},"modified":"2022-01-19T10:53:02","modified_gmt":"2022-01-19T13:53:02","slug":"face-of-the-city","status":"publish","type":"post","link":"https:\/\/www.captionmagazine.org\/en\/ensayos\/face-of-the-city","title":{"rendered":"The Face of the City"},"content":{"rendered":"\n<h3 class=\"wp-block-heading\">Ruber Osoria<\/h3>\n\n\n\n<p><strong>Fot\u00f3grafo cubano del movimiento street photographer, nos presenta en esta ocasi\u00f3n parte de su trabajo titulado &#8220;the Face of the City&#8221;.<\/strong><\/p>\n\n\n\n<p>Osoria nos comenta que naci\u00f3 en el peque\u00f1o pueblo de Contramaestre, al oriente de Cuba \u201cvengo de una familia humilde, donde la mayor\u00eda de ellos y de los cubanos percib\u00edan a Chile como un pa\u00eds muy civilizado con gente rica, sofisticada y noble, por lo que, lo convert\u00eda en unos de los 5 mejores pa\u00edses para emigrar.  Nunca pude imaginarme estando en este pa\u00eds y mucho menos viviendo y trabajando. Fue un sue\u00f1o imposible para un joven como yo\u201d.Adem\u00e1s, nos dice que \u201caparte del f\u00fatbol, los poemas de Neruda y algunos lugares emblem\u00e1ticos como el desierto de Atacama, no sab\u00eda nada de Chile\u201d.<\/p>\n\n\n\n<figure class=\"wp-block-image size-large\"><img loading=\"lazy\" decoding=\"async\" width=\"533\" height=\"800\" src=\"https:\/\/www.captionmagazine.org\/wp-content\/uploads\/2021\/05\/RS2413_Ruber_osoria_The-Face-of-the-City_04-scr.jpg\" alt=\"\" class=\"wp-image-4126\" srcset=\"https:\/\/www.captionmagazine.org\/wp-content\/uploads\/2021\/05\/RS2413_Ruber_osoria_The-Face-of-the-City_04-scr.jpg 533w, https:\/\/www.captionmagazine.org\/wp-content\/uploads\/2021\/05\/RS2413_Ruber_osoria_The-Face-of-the-City_04-scr-200x300.jpg 200w, https:\/\/www.captionmagazine.org\/wp-content\/uploads\/2021\/05\/RS2413_Ruber_osoria_The-Face-of-the-City_04-scr-370x555.jpg 370w, https:\/\/www.captionmagazine.org\/wp-content\/uploads\/2021\/05\/RS2413_Ruber_osoria_The-Face-of-the-City_04-scr-185x278.jpg 185w, https:\/\/www.captionmagazine.org\/wp-content\/uploads\/2021\/05\/RS2413_Ruber_osoria_The-Face-of-the-City_04-scr-20x30.jpg 20w, https:\/\/www.captionmagazine.org\/wp-content\/uploads\/2021\/05\/RS2413_Ruber_osoria_The-Face-of-the-City_04-scr-400x600.jpg 400w, https:\/\/www.captionmagazine.org\/wp-content\/uploads\/2021\/05\/RS2413_Ruber_osoria_The-Face-of-the-City_04-scr-32x48.jpg 32w\" sizes=\"auto, (max-width: 533px) 100vw, 533px\" \/><figcaption>\u00a9 Ruber Osoria<\/figcaption><\/figure>\n\n\n\n<p>The Face of the City &#8211; los rostros de la ciudad &#8211; es una serie realizada en la regi\u00f3n del B\u00edo-B\u00edo durante los a\u00f1os 2019-2021. El encanto de esta serie est\u00e1 en el trabajo de los claros oscuros en ambientes p\u00fablicos donde podemos ver un grupo de personas, las cuales est\u00e1n realizando diferentes actividades sociales. Con esta serie Osoria quiere reflexionar acerca de la soledad interna y la poca sociabilizaci\u00f3n que existe en sociedades tan capitalistas como la chilena. En la misma contacta sin querer el sentido de sus dos naciones que convergen en la realidad de estas fotograf\u00edas. La Cuba como la naci\u00f3n pobre, pero donde sus personas muestran sus rostros y alegr\u00edas al saludarte. Esta realidad en contrastada con la chilena donde ocurre todo lo contrario.<\/p>\n\n\n\n<figure class=\"wp-block-image size-large\"><img loading=\"lazy\" decoding=\"async\" width=\"1024\" height=\"683\" src=\"https:\/\/www.captionmagazine.org\/wp-content\/uploads\/2021\/05\/RS2409_Ruber_osoria_The-Face-of-the-City_0-12-scr-1024x683.jpg\" alt=\"\" class=\"wp-image-4122\" srcset=\"https:\/\/www.captionmagazine.org\/wp-content\/uploads\/2021\/05\/RS2409_Ruber_osoria_The-Face-of-the-City_0-12-scr-1024x683.jpg 1024w, https:\/\/www.captionmagazine.org\/wp-content\/uploads\/2021\/05\/RS2409_Ruber_osoria_The-Face-of-the-City_0-12-scr-600x400.jpg 600w, https:\/\/www.captionmagazine.org\/wp-content\/uploads\/2021\/05\/RS2409_Ruber_osoria_The-Face-of-the-City_0-12-scr-300x200.jpg 300w, https:\/\/www.captionmagazine.org\/wp-content\/uploads\/2021\/05\/RS2409_Ruber_osoria_The-Face-of-the-City_0-12-scr-768x512.jpg 768w, https:\/\/www.captionmagazine.org\/wp-content\/uploads\/2021\/05\/RS2409_Ruber_osoria_The-Face-of-the-City_0-12-scr-370x247.jpg 370w, https:\/\/www.captionmagazine.org\/wp-content\/uploads\/2021\/05\/RS2409_Ruber_osoria_The-Face-of-the-City_0-12-scr-800x534.jpg 800w, https:\/\/www.captionmagazine.org\/wp-content\/uploads\/2021\/05\/RS2409_Ruber_osoria_The-Face-of-the-City_0-12-scr-20x13.jpg 20w, https:\/\/www.captionmagazine.org\/wp-content\/uploads\/2021\/05\/RS2409_Ruber_osoria_The-Face-of-the-City_0-12-scr-185x123.jpg 185w, https:\/\/www.captionmagazine.org\/wp-content\/uploads\/2021\/05\/RS2409_Ruber_osoria_The-Face-of-the-City_0-12-scr-740x494.jpg 740w, https:\/\/www.captionmagazine.org\/wp-content\/uploads\/2021\/05\/RS2409_Ruber_osoria_The-Face-of-the-City_0-12-scr-400x267.jpg 400w, https:\/\/www.captionmagazine.org\/wp-content\/uploads\/2021\/05\/RS2409_Ruber_osoria_The-Face-of-the-City_0-12-scr-72x48.jpg 72w\" sizes=\"auto, (max-width: 1024px) 100vw, 1024px\" \/><figcaption>\u00a9 Ruber Osoria<\/figcaption><\/figure>\n\n\n\n<figure class=\"wp-block-image size-large\"><img loading=\"lazy\" decoding=\"async\" width=\"1024\" height=\"683\" src=\"https:\/\/www.captionmagazine.org\/wp-content\/uploads\/2021\/05\/RS2401_Ruber_osoria_The-Face-of-the-City_0-2-scr-1024x683.jpg\" alt=\"\" class=\"wp-image-4114\" srcset=\"https:\/\/www.captionmagazine.org\/wp-content\/uploads\/2021\/05\/RS2401_Ruber_osoria_The-Face-of-the-City_0-2-scr-1024x683.jpg 1024w, https:\/\/www.captionmagazine.org\/wp-content\/uploads\/2021\/05\/RS2401_Ruber_osoria_The-Face-of-the-City_0-2-scr-600x400.jpg 600w, https:\/\/www.captionmagazine.org\/wp-content\/uploads\/2021\/05\/RS2401_Ruber_osoria_The-Face-of-the-City_0-2-scr-300x200.jpg 300w, https:\/\/www.captionmagazine.org\/wp-content\/uploads\/2021\/05\/RS2401_Ruber_osoria_The-Face-of-the-City_0-2-scr-768x512.jpg 768w, https:\/\/www.captionmagazine.org\/wp-content\/uploads\/2021\/05\/RS2401_Ruber_osoria_The-Face-of-the-City_0-2-scr-370x247.jpg 370w, https:\/\/www.captionmagazine.org\/wp-content\/uploads\/2021\/05\/RS2401_Ruber_osoria_The-Face-of-the-City_0-2-scr-800x533.jpg 800w, https:\/\/www.captionmagazine.org\/wp-content\/uploads\/2021\/05\/RS2401_Ruber_osoria_The-Face-of-the-City_0-2-scr-20x13.jpg 20w, https:\/\/www.captionmagazine.org\/wp-content\/uploads\/2021\/05\/RS2401_Ruber_osoria_The-Face-of-the-City_0-2-scr-185x123.jpg 185w, https:\/\/www.captionmagazine.org\/wp-content\/uploads\/2021\/05\/RS2401_Ruber_osoria_The-Face-of-the-City_0-2-scr-740x493.jpg 740w, https:\/\/www.captionmagazine.org\/wp-content\/uploads\/2021\/05\/RS2401_Ruber_osoria_The-Face-of-the-City_0-2-scr-400x267.jpg 400w, https:\/\/www.captionmagazine.org\/wp-content\/uploads\/2021\/05\/RS2401_Ruber_osoria_The-Face-of-the-City_0-2-scr-72x48.jpg 72w\" sizes=\"auto, (max-width: 1024px) 100vw, 1024px\" \/><figcaption>\u00a9 Ruber Osoria<\/figcaption><\/figure>\n\n\n\n<p>Es muy interesante como este fot\u00f3grafo estructura un puente entre las dos realidades que vive para establecer una reflexi\u00f3n en pos de la naturaleza humana en su reconocimiento de la grandeza cuando muestra su rostro sonriente o cuando la misma se desvanece con la fuerza de su lente; la cual en esta serie esconde los rostros como en sentido del reproche a la deshumanizaci\u00f3n y la soledad que puede encontrar el emigrado.<\/p>\n\n\n\n<p>La sorpresa de estas fotos radica en su visi\u00f3n antropol\u00f3gica, de c\u00f3mo Osoria sale con su c\u00e1mara y capta los momentos que vivimos donde la mascarilla forma parte de la cotidianidad de muchas personas en el mundo. Este singular registro tambi\u00e9n ser\u00e1 una prueba hist\u00f3rica de la pandemia del coronavirus en esa regi\u00f3n de Chile. Esta instant\u00e1nea muestra la mirada curiosa de un for\u00e1neo que se encuentra por primera vez con una realidad ajena a su educaci\u00f3n donde el ser vive en constante armon\u00eda con su entorno. Esta obra de Ruber Osoria, es una muestra de c\u00f3mo las artes visuales y en especial la fotograf\u00eda se convierte en una forma de registro y de denuncia del fen\u00f3meno de alienaci\u00f3n humana cosa que hizo siglo atr\u00e1s Fran Kafka con su obra la Metamorfosis.<\/p>\n\n\n\n<figure class=\"wp-block-image size-large\"><img loading=\"lazy\" decoding=\"async\" width=\"1024\" height=\"683\" src=\"https:\/\/www.captionmagazine.org\/wp-content\/uploads\/2021\/05\/RS2416_Ruber_osoria_The-Face-of-the-City_10-scr-1024x683.jpg\" alt=\"\" class=\"wp-image-4129\" srcset=\"https:\/\/www.captionmagazine.org\/wp-content\/uploads\/2021\/05\/RS2416_Ruber_osoria_The-Face-of-the-City_10-scr-1024x683.jpg 1024w, https:\/\/www.captionmagazine.org\/wp-content\/uploads\/2021\/05\/RS2416_Ruber_osoria_The-Face-of-the-City_10-scr-600x400.jpg 600w, https:\/\/www.captionmagazine.org\/wp-content\/uploads\/2021\/05\/RS2416_Ruber_osoria_The-Face-of-the-City_10-scr-300x200.jpg 300w, https:\/\/www.captionmagazine.org\/wp-content\/uploads\/2021\/05\/RS2416_Ruber_osoria_The-Face-of-the-City_10-scr-768x512.jpg 768w, https:\/\/www.captionmagazine.org\/wp-content\/uploads\/2021\/05\/RS2416_Ruber_osoria_The-Face-of-the-City_10-scr-370x247.jpg 370w, https:\/\/www.captionmagazine.org\/wp-content\/uploads\/2021\/05\/RS2416_Ruber_osoria_The-Face-of-the-City_10-scr-800x533.jpg 800w, https:\/\/www.captionmagazine.org\/wp-content\/uploads\/2021\/05\/RS2416_Ruber_osoria_The-Face-of-the-City_10-scr-20x13.jpg 20w, https:\/\/www.captionmagazine.org\/wp-content\/uploads\/2021\/05\/RS2416_Ruber_osoria_The-Face-of-the-City_10-scr-185x123.jpg 185w, https:\/\/www.captionmagazine.org\/wp-content\/uploads\/2021\/05\/RS2416_Ruber_osoria_The-Face-of-the-City_10-scr-740x493.jpg 740w, https:\/\/www.captionmagazine.org\/wp-content\/uploads\/2021\/05\/RS2416_Ruber_osoria_The-Face-of-the-City_10-scr-400x267.jpg 400w, https:\/\/www.captionmagazine.org\/wp-content\/uploads\/2021\/05\/RS2416_Ruber_osoria_The-Face-of-the-City_10-scr-72x48.jpg 72w\" sizes=\"auto, (max-width: 1024px) 100vw, 1024px\" \/><figcaption>\u00a9 Ruber Osoria<\/figcaption><\/figure>\n\n\n\n<figure class=\"wp-block-image size-large\"><img loading=\"lazy\" decoding=\"async\" width=\"1024\" height=\"683\" src=\"https:\/\/www.captionmagazine.org\/wp-content\/uploads\/2021\/05\/RS2417_Ruber_osoria_The-Face-of-the-City_11-scr-1024x683.jpg\" alt=\"\" class=\"wp-image-4130\" srcset=\"https:\/\/www.captionmagazine.org\/wp-content\/uploads\/2021\/05\/RS2417_Ruber_osoria_The-Face-of-the-City_11-scr-1024x683.jpg 1024w, https:\/\/www.captionmagazine.org\/wp-content\/uploads\/2021\/05\/RS2417_Ruber_osoria_The-Face-of-the-City_11-scr-600x400.jpg 600w, https:\/\/www.captionmagazine.org\/wp-content\/uploads\/2021\/05\/RS2417_Ruber_osoria_The-Face-of-the-City_11-scr-300x200.jpg 300w, https:\/\/www.captionmagazine.org\/wp-content\/uploads\/2021\/05\/RS2417_Ruber_osoria_The-Face-of-the-City_11-scr-768x512.jpg 768w, https:\/\/www.captionmagazine.org\/wp-content\/uploads\/2021\/05\/RS2417_Ruber_osoria_The-Face-of-the-City_11-scr-370x247.jpg 370w, https:\/\/www.captionmagazine.org\/wp-content\/uploads\/2021\/05\/RS2417_Ruber_osoria_The-Face-of-the-City_11-scr-800x533.jpg 800w, https:\/\/www.captionmagazine.org\/wp-content\/uploads\/2021\/05\/RS2417_Ruber_osoria_The-Face-of-the-City_11-scr-20x13.jpg 20w, https:\/\/www.captionmagazine.org\/wp-content\/uploads\/2021\/05\/RS2417_Ruber_osoria_The-Face-of-the-City_11-scr-185x123.jpg 185w, https:\/\/www.captionmagazine.org\/wp-content\/uploads\/2021\/05\/RS2417_Ruber_osoria_The-Face-of-the-City_11-scr-740x493.jpg 740w, https:\/\/www.captionmagazine.org\/wp-content\/uploads\/2021\/05\/RS2417_Ruber_osoria_The-Face-of-the-City_11-scr-400x267.jpg 400w, https:\/\/www.captionmagazine.org\/wp-content\/uploads\/2021\/05\/RS2417_Ruber_osoria_The-Face-of-the-City_11-scr-72x48.jpg 72w\" sizes=\"auto, (max-width: 1024px) 100vw, 1024px\" \/><figcaption>\u00a9 Ruber Osoria<\/figcaption><\/figure>\n\n\n\n<figure class=\"wp-block-image size-large\"><img loading=\"lazy\" decoding=\"async\" width=\"1024\" height=\"683\" src=\"https:\/\/www.captionmagazine.org\/wp-content\/uploads\/2021\/05\/RS2415_Ruber_osoria_The-Face-of-the-City_09-scr-1024x683.jpg\" alt=\"\" class=\"wp-image-4128\" srcset=\"https:\/\/www.captionmagazine.org\/wp-content\/uploads\/2021\/05\/RS2415_Ruber_osoria_The-Face-of-the-City_09-scr-1024x683.jpg 1024w, https:\/\/www.captionmagazine.org\/wp-content\/uploads\/2021\/05\/RS2415_Ruber_osoria_The-Face-of-the-City_09-scr-600x400.jpg 600w, https:\/\/www.captionmagazine.org\/wp-content\/uploads\/2021\/05\/RS2415_Ruber_osoria_The-Face-of-the-City_09-scr-300x200.jpg 300w, https:\/\/www.captionmagazine.org\/wp-content\/uploads\/2021\/05\/RS2415_Ruber_osoria_The-Face-of-the-City_09-scr-768x512.jpg 768w, https:\/\/www.captionmagazine.org\/wp-content\/uploads\/2021\/05\/RS2415_Ruber_osoria_The-Face-of-the-City_09-scr-370x247.jpg 370w, https:\/\/www.captionmagazine.org\/wp-content\/uploads\/2021\/05\/RS2415_Ruber_osoria_The-Face-of-the-City_09-scr-800x533.jpg 800w, https:\/\/www.captionmagazine.org\/wp-content\/uploads\/2021\/05\/RS2415_Ruber_osoria_The-Face-of-the-City_09-scr-20x13.jpg 20w, https:\/\/www.captionmagazine.org\/wp-content\/uploads\/2021\/05\/RS2415_Ruber_osoria_The-Face-of-the-City_09-scr-185x123.jpg 185w, https:\/\/www.captionmagazine.org\/wp-content\/uploads\/2021\/05\/RS2415_Ruber_osoria_The-Face-of-the-City_09-scr-740x493.jpg 740w, https:\/\/www.captionmagazine.org\/wp-content\/uploads\/2021\/05\/RS2415_Ruber_osoria_The-Face-of-the-City_09-scr-400x267.jpg 400w, https:\/\/www.captionmagazine.org\/wp-content\/uploads\/2021\/05\/RS2415_Ruber_osoria_The-Face-of-the-City_09-scr-72x48.jpg 72w\" sizes=\"auto, (max-width: 1024px) 100vw, 1024px\" \/><figcaption>\u00a9 Ruber Osoria<\/figcaption><\/figure>\n\n\n\n<figure class=\"wp-block-image size-large\"><img loading=\"lazy\" decoding=\"async\" width=\"1024\" height=\"683\" src=\"https:\/\/www.captionmagazine.org\/wp-content\/uploads\/2021\/05\/RS2412_Ruber_osoria_The-Face-of-the-City_03-scr-1024x683.jpg\" alt=\"\" class=\"wp-image-4125\" srcset=\"https:\/\/www.captionmagazine.org\/wp-content\/uploads\/2021\/05\/RS2412_Ruber_osoria_The-Face-of-the-City_03-scr-1024x683.jpg 1024w, https:\/\/www.captionmagazine.org\/wp-content\/uploads\/2021\/05\/RS2412_Ruber_osoria_The-Face-of-the-City_03-scr-600x400.jpg 600w, https:\/\/www.captionmagazine.org\/wp-content\/uploads\/2021\/05\/RS2412_Ruber_osoria_The-Face-of-the-City_03-scr-300x200.jpg 300w, https:\/\/www.captionmagazine.org\/wp-content\/uploads\/2021\/05\/RS2412_Ruber_osoria_The-Face-of-the-City_03-scr-768x512.jpg 768w, https:\/\/www.captionmagazine.org\/wp-content\/uploads\/2021\/05\/RS2412_Ruber_osoria_The-Face-of-the-City_03-scr-370x247.jpg 370w, https:\/\/www.captionmagazine.org\/wp-content\/uploads\/2021\/05\/RS2412_Ruber_osoria_The-Face-of-the-City_03-scr-800x534.jpg 800w, https:\/\/www.captionmagazine.org\/wp-content\/uploads\/2021\/05\/RS2412_Ruber_osoria_The-Face-of-the-City_03-scr-20x13.jpg 20w, https:\/\/www.captionmagazine.org\/wp-content\/uploads\/2021\/05\/RS2412_Ruber_osoria_The-Face-of-the-City_03-scr-185x123.jpg 185w, https:\/\/www.captionmagazine.org\/wp-content\/uploads\/2021\/05\/RS2412_Ruber_osoria_The-Face-of-the-City_03-scr-740x494.jpg 740w, https:\/\/www.captionmagazine.org\/wp-content\/uploads\/2021\/05\/RS2412_Ruber_osoria_The-Face-of-the-City_03-scr-400x267.jpg 400w, https:\/\/www.captionmagazine.org\/wp-content\/uploads\/2021\/05\/RS2412_Ruber_osoria_The-Face-of-the-City_03-scr-72x48.jpg 72w\" sizes=\"auto, (max-width: 1024px) 100vw, 1024px\" \/><\/figure>\n\n\n\n<p>M\u00e1s all\u00e1 de todos estos postulados la esencia radica en la invitaci\u00f3n que nos hace este artista visual a trav\u00e9s de esta serie. La misma radica en la solidaridad y en el principio que surge en el Renacimiento cuando el humanismo tuvo una posici\u00f3n de esplendor; y el ser humano es el objeto principal de la realidad y por ende de la felicidad. Aunque esta serie muestra un aspecto triste y sombr\u00edo, en un efecto contrario nos invita a despojarnos de cualquier forma en la que el humano no sea el centro de la felicidad. Esa que se construye desde el momento que compartimos la misma a trav\u00e9s de una sonrisa solidaria que abre la mente y entrega en el alma para seguir caminando en las calles chilenas de la regi\u00f3n de B\u00edo-B\u00edo.<\/p>\n\n\n\n<figure class=\"wp-block-image size-large\"><img loading=\"lazy\" decoding=\"async\" width=\"534\" height=\"800\" src=\"https:\/\/www.captionmagazine.org\/wp-content\/uploads\/2021\/05\/RS2418_uio-1-Editar-scr.jpg\" alt=\"\" class=\"wp-image-4131\" srcset=\"https:\/\/www.captionmagazine.org\/wp-content\/uploads\/2021\/05\/RS2418_uio-1-Editar-scr.jpg 534w, https:\/\/www.captionmagazine.org\/wp-content\/uploads\/2021\/05\/RS2418_uio-1-Editar-scr-200x300.jpg 200w, https:\/\/www.captionmagazine.org\/wp-content\/uploads\/2021\/05\/RS2418_uio-1-Editar-scr-370x554.jpg 370w, https:\/\/www.captionmagazine.org\/wp-content\/uploads\/2021\/05\/RS2418_uio-1-Editar-scr-185x277.jpg 185w, https:\/\/www.captionmagazine.org\/wp-content\/uploads\/2021\/05\/RS2418_uio-1-Editar-scr-20x30.jpg 20w, https:\/\/www.captionmagazine.org\/wp-content\/uploads\/2021\/05\/RS2418_uio-1-Editar-scr-400x599.jpg 400w, https:\/\/www.captionmagazine.org\/wp-content\/uploads\/2021\/05\/RS2418_uio-1-Editar-scr-32x48.jpg 32w\" sizes=\"auto, (max-width: 534px) 100vw, 534px\" \/><figcaption>\u00a9 Ruber Osoria<\/figcaption><\/figure>\n\n\n\n<p>Ruber Osoria, es una especie de fil\u00f3sofo de la fotograf\u00eda que en vez de escribir sus pensamientos los deja palmados cuando crea una serie fotogr\u00e1fica como \u00e9sta, en la que se manifiesta la contradicci\u00f3n entre el ser y el pensar, pero convergen como uno solo en la plenitud cuestionadora de la realidad en que se encuentra el autor. Por eso &#8220;the Face of the City&#8221;, es una provocaci\u00f3n al plantearnos fen\u00f3menos naturalizados en un grupo social y que el fot\u00f3grafo considera que puede ayudar a cambiar para el bien de todos por medio de su arte.<\/p>\n\n\n\n<p>Yasmani Castro Caballero <br> Cr\u00edtico e investigador Cubano<\/p>\n\n\n\n<hr class=\"wp-block-separator\"\/>\n\n\n\n<p><strong>Sitios Web<\/strong>: <\/p>\n\n\n\n<p><a href=\"https:\/\/www.progressive-street.com\/photographers#\/ruber-osoria\/\" target=\"_blank\" rel=\"noreferrer noopener\" aria-label=\" (abrir en una nueva pesta\u00f1a)\">https:\/\/www.progressive-street.com\/photographers#\/ruber-osoria\/<\/a><\/p>\n\n\n\n<p> <a href=\"https:\/\/www.instagram.com\/ruber_osoria\/\" target=\"_blank\" rel=\"noreferrer noopener\" aria-label=\"@ruber_osoria (abrir en una nueva pesta\u00f1a)\">@ruber_osoria<\/a> <\/p>\n\n\n\n<p><a rel=\"noreferrer noopener\" aria-label=\"facebook.com\/anna.kazanova.5\n (abrir en una nueva pesta\u00f1a)\" href=\"https:\/\/www.facebook.com\/anna.kazanova.5\" target=\"_blank\"><br><\/a><\/p>\n","protected":false},"excerpt":{"rendered":"<p>Ruber Osoria Fot\u00f3grafo cubano del movimiento street photographer, nos presenta en esta ocasi\u00f3n parte de su trabajo titulado &#8220;the Face of the City&#8221;. Osoria nos comenta que naci\u00f3 en el peque\u00f1o pueblo de Contramaestre, al oriente de Cuba \u201cvengo de una familia humilde, donde la mayor\u00eda de ellos y de los cubanos percib\u00edan a Chile&hellip;<\/p>\n","protected":false},"author":4,"featured_media":4124,"comment_status":"closed","ping_status":"closed","sticky":false,"template":"","format":"gallery","meta":{"footnotes":""},"categories":[1],"tags":[299,232,249,298,700],"thb-sponsors":[],"class_list":["post-4106","post","type-post","status-publish","format-gallery","has-post-thumbnail","hentry","category-ensayos","tag-bio-bio","tag-chile","tag-cuba","tag-urbana","tag-web","post_format-post-format-gallery"],"_links":{"self":[{"href":"https:\/\/www.captionmagazine.org\/en\/wp-json\/wp\/v2\/posts\/4106","targetHints":{"allow":["GET"]}}],"collection":[{"href":"https:\/\/www.captionmagazine.org\/en\/wp-json\/wp\/v2\/posts"}],"about":[{"href":"https:\/\/www.captionmagazine.org\/en\/wp-json\/wp\/v2\/types\/post"}],"author":[{"embeddable":true,"href":"https:\/\/www.captionmagazine.org\/en\/wp-json\/wp\/v2\/users\/4"}],"replies":[{"embeddable":true,"href":"https:\/\/www.captionmagazine.org\/en\/wp-json\/wp\/v2\/comments?post=4106"}],"version-history":[{"count":12,"href":"https:\/\/www.captionmagazine.org\/en\/wp-json\/wp\/v2\/posts\/4106\/revisions"}],"predecessor-version":[{"id":4294,"href":"https:\/\/www.captionmagazine.org\/en\/wp-json\/wp\/v2\/posts\/4106\/revisions\/4294"}],"wp:featuredmedia":[{"embeddable":true,"href":"https:\/\/www.captionmagazine.org\/en\/wp-json\/wp\/v2\/media\/4124"}],"wp:attachment":[{"href":"https:\/\/www.captionmagazine.org\/en\/wp-json\/wp\/v2\/media?parent=4106"}],"wp:term":[{"taxonomy":"category","embeddable":true,"href":"https:\/\/www.captionmagazine.org\/en\/wp-json\/wp\/v2\/categories?post=4106"},{"taxonomy":"post_tag","embeddable":true,"href":"https:\/\/www.captionmagazine.org\/en\/wp-json\/wp\/v2\/tags?post=4106"},{"taxonomy":"thb-sponsors","embeddable":true,"href":"https:\/\/www.captionmagazine.org\/en\/wp-json\/wp\/v2\/thb-sponsors?post=4106"}],"curies":[{"name":"wp","href":"https:\/\/api.w.org\/{rel}","templated":true}]}}