{"id":3782,"date":"2021-04-27T18:02:36","date_gmt":"2021-04-27T22:02:36","guid":{"rendered":"https:\/\/www.captionmagazine.org\/?p=3782"},"modified":"2022-01-19T11:06:13","modified_gmt":"2022-01-19T14:06:13","slug":"rio-gym","status":"publish","type":"post","link":"https:\/\/www.captionmagazine.org\/en\/ensayos\/rio-gym","title":{"rendered":"Rio Gym"},"content":{"rendered":"\n<h3 class=\"wp-block-heading\">Javier Oliva<\/h3>\n\n\n\n<p><strong>Las ciudades nos transmiten sensaciones, estados de \u00e1nimo, estilos de vida y cuando paseas por Rio de Janeiro lo primero que me llam\u00f3 la atenci\u00f3n fue la cantidad de gente que desde la ma\u00f1ana dedican su tiempo a hacer deporte y al culto al cuerpo. <\/strong><\/p>\n\n\n\n<p>Las calles, paseos, parques y sobre todo playas de esta ciudad se convierten en un inmenso polideportivo donde gente de toda condici\u00f3n y edad cultiva sus cuerpos adem\u00e1s de mostrarlos, por tanto qu\u00e9 major ciudad que Rio para ser sede del mayor acontecimiento Deportivo. <\/p>\n\n\n\n<figure class=\"wp-block-image size-large\"><img loading=\"lazy\" decoding=\"async\" width=\"533\" height=\"800\" src=\"https:\/\/www.captionmagazine.org\/wp-content\/uploads\/2021\/04\/RS2397__MG_9885LR-scr.jpg\" alt=\"\" class=\"wp-image-3799\" srcset=\"https:\/\/www.captionmagazine.org\/wp-content\/uploads\/2021\/04\/RS2397__MG_9885LR-scr.jpg 533w, https:\/\/www.captionmagazine.org\/wp-content\/uploads\/2021\/04\/RS2397__MG_9885LR-scr-200x300.jpg 200w, https:\/\/www.captionmagazine.org\/wp-content\/uploads\/2021\/04\/RS2397__MG_9885LR-scr-370x555.jpg 370w, https:\/\/www.captionmagazine.org\/wp-content\/uploads\/2021\/04\/RS2397__MG_9885LR-scr-185x278.jpg 185w, https:\/\/www.captionmagazine.org\/wp-content\/uploads\/2021\/04\/RS2397__MG_9885LR-scr-20x30.jpg 20w, https:\/\/www.captionmagazine.org\/wp-content\/uploads\/2021\/04\/RS2397__MG_9885LR-scr-400x600.jpg 400w, https:\/\/www.captionmagazine.org\/wp-content\/uploads\/2021\/04\/RS2397__MG_9885LR-scr-32x48.jpg 32w\" sizes=\"auto, (max-width: 533px) 100vw, 533px\" \/><figcaption>\u00a9 Javier Oliva<\/figcaption><\/figure>\n\n\n\n<figure class=\"wp-block-image size-large\"><img loading=\"lazy\" decoding=\"async\" width=\"533\" height=\"800\" src=\"https:\/\/www.captionmagazine.org\/wp-content\/uploads\/2021\/04\/RS2389__MG_0304LR-scr.jpg\" alt=\"\" class=\"wp-image-3791\" srcset=\"https:\/\/www.captionmagazine.org\/wp-content\/uploads\/2021\/04\/RS2389__MG_0304LR-scr.jpg 533w, https:\/\/www.captionmagazine.org\/wp-content\/uploads\/2021\/04\/RS2389__MG_0304LR-scr-200x300.jpg 200w, https:\/\/www.captionmagazine.org\/wp-content\/uploads\/2021\/04\/RS2389__MG_0304LR-scr-370x555.jpg 370w, https:\/\/www.captionmagazine.org\/wp-content\/uploads\/2021\/04\/RS2389__MG_0304LR-scr-185x278.jpg 185w, https:\/\/www.captionmagazine.org\/wp-content\/uploads\/2021\/04\/RS2389__MG_0304LR-scr-20x30.jpg 20w, https:\/\/www.captionmagazine.org\/wp-content\/uploads\/2021\/04\/RS2389__MG_0304LR-scr-400x600.jpg 400w, https:\/\/www.captionmagazine.org\/wp-content\/uploads\/2021\/04\/RS2389__MG_0304LR-scr-32x48.jpg 32w\" sizes=\"auto, (max-width: 533px) 100vw, 533px\" \/><figcaption>\u00a9 Javier Oliva<\/figcaption><\/figure>\n\n\n\n<figure class=\"wp-block-image size-large\"><img loading=\"lazy\" decoding=\"async\" width=\"533\" height=\"800\" src=\"https:\/\/www.captionmagazine.org\/wp-content\/uploads\/2021\/04\/RS2390__MG_0319LR-scr.jpg\" alt=\"\" class=\"wp-image-3792\" srcset=\"https:\/\/www.captionmagazine.org\/wp-content\/uploads\/2021\/04\/RS2390__MG_0319LR-scr.jpg 533w, https:\/\/www.captionmagazine.org\/wp-content\/uploads\/2021\/04\/RS2390__MG_0319LR-scr-200x300.jpg 200w, https:\/\/www.captionmagazine.org\/wp-content\/uploads\/2021\/04\/RS2390__MG_0319LR-scr-370x555.jpg 370w, https:\/\/www.captionmagazine.org\/wp-content\/uploads\/2021\/04\/RS2390__MG_0319LR-scr-185x278.jpg 185w, https:\/\/www.captionmagazine.org\/wp-content\/uploads\/2021\/04\/RS2390__MG_0319LR-scr-20x30.jpg 20w, https:\/\/www.captionmagazine.org\/wp-content\/uploads\/2021\/04\/RS2390__MG_0319LR-scr-400x600.jpg 400w, https:\/\/www.captionmagazine.org\/wp-content\/uploads\/2021\/04\/RS2390__MG_0319LR-scr-32x48.jpg 32w\" sizes=\"auto, (max-width: 533px) 100vw, 533px\" \/><figcaption>\u00a9 Javier Oliva<\/figcaption><\/figure>\n\n\n\n<figure class=\"wp-block-image size-large\"><img loading=\"lazy\" decoding=\"async\" width=\"533\" height=\"800\" src=\"https:\/\/www.captionmagazine.org\/wp-content\/uploads\/2021\/04\/RS2391__MG_0361LR-scr.jpg\" alt=\"\" class=\"wp-image-3793\" srcset=\"https:\/\/www.captionmagazine.org\/wp-content\/uploads\/2021\/04\/RS2391__MG_0361LR-scr.jpg 533w, https:\/\/www.captionmagazine.org\/wp-content\/uploads\/2021\/04\/RS2391__MG_0361LR-scr-200x300.jpg 200w, https:\/\/www.captionmagazine.org\/wp-content\/uploads\/2021\/04\/RS2391__MG_0361LR-scr-370x555.jpg 370w, https:\/\/www.captionmagazine.org\/wp-content\/uploads\/2021\/04\/RS2391__MG_0361LR-scr-185x278.jpg 185w, https:\/\/www.captionmagazine.org\/wp-content\/uploads\/2021\/04\/RS2391__MG_0361LR-scr-20x30.jpg 20w, https:\/\/www.captionmagazine.org\/wp-content\/uploads\/2021\/04\/RS2391__MG_0361LR-scr-400x600.jpg 400w, https:\/\/www.captionmagazine.org\/wp-content\/uploads\/2021\/04\/RS2391__MG_0361LR-scr-32x48.jpg 32w\" sizes=\"auto, (max-width: 533px) 100vw, 533px\" \/><figcaption>\u00a9 Javier Oliva<\/figcaption><\/figure>\n\n\n\n<p>Este\ntrabajo form\u00f3 parde del Proyecto de la Escuela de Fotograf\u00eda Documental PICA\nque nos llev\u00f3 a desarrollar durante un a\u00f1o lectivo (2015-16) la interpretaci\u00f3n\ndel concepto \u201cRIO\u201d por parte de los fot\u00f3grafos y en el cual fue editor el fot\u00f3grafo\nJavier Arcenillas. Esto dio como fruto el fotolibro y exposici\u00f3n \u201cRIO PROJECT\u201d\ndonde se reflejan la diversidad de miraas de cada fot\u00f3grafo sobre este\nconcepto. <\/p>\n\n\n\n<p>Coincidiendo\ncon la necesidad de desarrollar el concepto RIO, la oportunidad de viajar a Rio\nasiduamente y la preparaci\u00f3n de la ciudad para las olimp\u00edadas Rio 2016 me\npropuse plasma la forma de vivir y sentir del deporte de los cariocas. <\/p>\n\n\n\n<figure class=\"wp-block-image size-large\"><img loading=\"lazy\" decoding=\"async\" width=\"533\" height=\"800\" src=\"https:\/\/www.captionmagazine.org\/wp-content\/uploads\/2021\/04\/RS2388__MG_0199LR-scr.jpg\" alt=\"\" class=\"wp-image-3790\" srcset=\"https:\/\/www.captionmagazine.org\/wp-content\/uploads\/2021\/04\/RS2388__MG_0199LR-scr.jpg 533w, https:\/\/www.captionmagazine.org\/wp-content\/uploads\/2021\/04\/RS2388__MG_0199LR-scr-200x300.jpg 200w, https:\/\/www.captionmagazine.org\/wp-content\/uploads\/2021\/04\/RS2388__MG_0199LR-scr-370x555.jpg 370w, https:\/\/www.captionmagazine.org\/wp-content\/uploads\/2021\/04\/RS2388__MG_0199LR-scr-185x278.jpg 185w, https:\/\/www.captionmagazine.org\/wp-content\/uploads\/2021\/04\/RS2388__MG_0199LR-scr-20x30.jpg 20w, https:\/\/www.captionmagazine.org\/wp-content\/uploads\/2021\/04\/RS2388__MG_0199LR-scr-400x600.jpg 400w, https:\/\/www.captionmagazine.org\/wp-content\/uploads\/2021\/04\/RS2388__MG_0199LR-scr-32x48.jpg 32w\" sizes=\"auto, (max-width: 533px) 100vw, 533px\" \/><figcaption>\u00a9 Javier Oliva<\/figcaption><\/figure>\n\n\n\n<hr class=\"wp-block-separator\"\/>\n\n\n\n<p><strong>Acerca del Autor:<\/strong><\/p>\n\n\n\n<p>Javier Oliva Garc\u00eda fue en los a\u00f1os ochenta un joven espa\u00f1ol apasionado de la fotograf\u00eda junto a su inseparable Olympus OM-2 y armando su propio cuarto oscuro de revelado en blanco y negro en casa. Abandon\u00f3 su afici\u00f3n por unos a\u00f1os para volver con m\u00e1s fuerza que nunca al adquirir una digital compacta a principios del 2000, form\u00e1ndose adem\u00e1s en distintas escuelas y cursando cuatro a\u00f1os Fotograf\u00eda de Paisaje y Documental en PIC.A Escuela Internacional Alcobendas PhotoEspa\u00f1a. Actualmente es Embajador de la marca Ricoh.<\/p>\n\n\n\n<p><strong>Sitios Web<\/strong>: <\/p>\n\n\n\n<p><a rel=\"noreferrer noopener\" aria-label=\"Rio Project (Xataka Foto) (abrir en una nueva pesta\u00f1a)\" href=\"https:\/\/www.xatakafoto.com\/actualidad\/rio-project-una-cita-con-la-fotografia-documental-en-alcobendas-para-descubrir-a-60-autores-emergentes\" target=\"_blank\">Rio Project (Xataka Foto)<\/a><br><br><a rel=\"noreferrer noopener\" aria-label=\"javierolivagarcia.com (abrir en una nueva pesta\u00f1a)\" href=\"http:\/\/javierolivagarcia.com\" target=\"_blank\">javierolivagarcia.com<\/a><br><a rel=\"noreferrer noopener\" aria-label=\"instagram.com\/framedbyjog (abrir en una nueva pesta\u00f1a)\" href=\"https:\/\/www.instagram.com\/framedbyjog\/\" target=\"_blank\">instagram.com\/framedbyjog<\/a><br><a rel=\"noreferrer noopener\" aria-label=\"instagram.com\/oliva_javier (abrir en una nueva pesta\u00f1a)\" href=\"https:\/\/www.instagram.com\/_oliva_javier_\/\" target=\"_blank\">instagram.com\/<em>oliva_javier<\/em><\/a><br><\/p>\n","protected":false},"excerpt":{"rendered":"<p>Javier Oliva Las ciudades nos transmiten sensaciones, estados de \u00e1nimo, estilos de vida y cuando paseas por Rio de Janeiro lo primero que me llam\u00f3 la atenci\u00f3n fue la cantidad de gente que desde la ma\u00f1ana dedican su tiempo a hacer deporte y al culto al cuerpo. Las calles, paseos, parques y sobre todo playas&hellip;<\/p>\n","protected":false},"author":4,"featured_media":3795,"comment_status":"closed","ping_status":"closed","sticky":false,"template":"","format":"gallery","meta":{"footnotes":""},"categories":[1],"tags":[262,280,279,700],"thb-sponsors":[],"class_list":["post-3782","post","type-post","status-publish","format-gallery","has-post-thumbnail","hentry","category-ensayos","tag-brasil","tag-cuerpo","tag-rio-de-janeiro","tag-web","post_format-post-format-gallery"],"_links":{"self":[{"href":"https:\/\/www.captionmagazine.org\/en\/wp-json\/wp\/v2\/posts\/3782","targetHints":{"allow":["GET"]}}],"collection":[{"href":"https:\/\/www.captionmagazine.org\/en\/wp-json\/wp\/v2\/posts"}],"about":[{"href":"https:\/\/www.captionmagazine.org\/en\/wp-json\/wp\/v2\/types\/post"}],"author":[{"embeddable":true,"href":"https:\/\/www.captionmagazine.org\/en\/wp-json\/wp\/v2\/users\/4"}],"replies":[{"embeddable":true,"href":"https:\/\/www.captionmagazine.org\/en\/wp-json\/wp\/v2\/comments?post=3782"}],"version-history":[{"count":15,"href":"https:\/\/www.captionmagazine.org\/en\/wp-json\/wp\/v2\/posts\/3782\/revisions"}],"predecessor-version":[{"id":3812,"href":"https:\/\/www.captionmagazine.org\/en\/wp-json\/wp\/v2\/posts\/3782\/revisions\/3812"}],"wp:featuredmedia":[{"embeddable":true,"href":"https:\/\/www.captionmagazine.org\/en\/wp-json\/wp\/v2\/media\/3795"}],"wp:attachment":[{"href":"https:\/\/www.captionmagazine.org\/en\/wp-json\/wp\/v2\/media?parent=3782"}],"wp:term":[{"taxonomy":"category","embeddable":true,"href":"https:\/\/www.captionmagazine.org\/en\/wp-json\/wp\/v2\/categories?post=3782"},{"taxonomy":"post_tag","embeddable":true,"href":"https:\/\/www.captionmagazine.org\/en\/wp-json\/wp\/v2\/tags?post=3782"},{"taxonomy":"thb-sponsors","embeddable":true,"href":"https:\/\/www.captionmagazine.org\/en\/wp-json\/wp\/v2\/thb-sponsors?post=3782"}],"curies":[{"name":"wp","href":"https:\/\/api.w.org\/{rel}","templated":true}]}}