{"id":3757,"date":"2021-04-23T09:59:15","date_gmt":"2021-04-23T13:59:15","guid":{"rendered":"https:\/\/www.captionmagazine.org\/?p=3757"},"modified":"2022-01-19T11:07:33","modified_gmt":"2022-01-19T14:07:33","slug":"color-humano","status":"publish","type":"post","link":"https:\/\/www.captionmagazine.org\/en\/ensayos\/color-humano","title":{"rendered":"Color Humano"},"content":{"rendered":"\n<h3 class=\"wp-block-heading\">Daniel Casares-Rom\u00e1n<\/h3>\n\n\n\n<p><strong>M\u00e1s que un proyecto fotogr\u00e1fico, Color Humano es un proyecto de vida en el que llevo trabajando desde 1991, y del que a\u00fan me quedan muchos disparos por hacer. Un ejercicio de contemplaci\u00f3n y observaci\u00f3n constante sobre nosotros, el homo sapiens y las diferentes formas de estar en el mundo. Un proyecto en curso que me est\u00e1 haciendo recorrer infinidad de aldeas y pueblos alrededor de diferentes ciudades, pa\u00edses y continentes.\u00a0<\/strong><\/p>\n\n\n\n<p>Centr\u00e1ndome en ese denominador com\u00fan, las personas, este proyecto huye de la noticia y de todo aquello que huela a &#8220;noticiable&#8221; (para eso ya est\u00e1n los fot\u00f3grafos de prensa y las grandes agencias), ya que en este trabajo, las \u00fanicas historias que caben son aquellas que est\u00e1n relacionadas con las personas normales y corrientes, an\u00f3nimas, como t\u00fa o como yo.<\/p>\n\n\n\n<figure class=\"wp-block-image size-large\"><img loading=\"lazy\" decoding=\"async\" width=\"1024\" height=\"683\" src=\"https:\/\/www.captionmagazine.org\/wp-content\/uploads\/2021\/04\/RS2222_DanelCasares-Roman12-scr-1024x683.jpg\" alt=\"\" class=\"wp-image-3771\" srcset=\"https:\/\/www.captionmagazine.org\/wp-content\/uploads\/2021\/04\/RS2222_DanelCasares-Roman12-scr-1024x683.jpg 1024w, https:\/\/www.captionmagazine.org\/wp-content\/uploads\/2021\/04\/RS2222_DanelCasares-Roman12-scr-600x400.jpg 600w, https:\/\/www.captionmagazine.org\/wp-content\/uploads\/2021\/04\/RS2222_DanelCasares-Roman12-scr-300x200.jpg 300w, https:\/\/www.captionmagazine.org\/wp-content\/uploads\/2021\/04\/RS2222_DanelCasares-Roman12-scr-768x512.jpg 768w, https:\/\/www.captionmagazine.org\/wp-content\/uploads\/2021\/04\/RS2222_DanelCasares-Roman12-scr-370x247.jpg 370w, https:\/\/www.captionmagazine.org\/wp-content\/uploads\/2021\/04\/RS2222_DanelCasares-Roman12-scr-800x534.jpg 800w, https:\/\/www.captionmagazine.org\/wp-content\/uploads\/2021\/04\/RS2222_DanelCasares-Roman12-scr-20x13.jpg 20w, https:\/\/www.captionmagazine.org\/wp-content\/uploads\/2021\/04\/RS2222_DanelCasares-Roman12-scr-185x123.jpg 185w, https:\/\/www.captionmagazine.org\/wp-content\/uploads\/2021\/04\/RS2222_DanelCasares-Roman12-scr-740x494.jpg 740w, https:\/\/www.captionmagazine.org\/wp-content\/uploads\/2021\/04\/RS2222_DanelCasares-Roman12-scr-400x267.jpg 400w, https:\/\/www.captionmagazine.org\/wp-content\/uploads\/2021\/04\/RS2222_DanelCasares-Roman12-scr-72x48.jpg 72w\" sizes=\"auto, (max-width: 1024px) 100vw, 1024px\" \/><figcaption>La luz de un centro comercial ilumina la cara de esta joven en la plaza roja de Moscu\u0301. \u00a9 Daniel Casares-Rom\u00e1n<\/figcaption><\/figure>\n\n\n\n<figure class=\"wp-block-image size-large\"><img loading=\"lazy\" decoding=\"async\" width=\"1024\" height=\"686\" src=\"https:\/\/www.captionmagazine.org\/wp-content\/uploads\/2021\/04\/RS2212_DanelCasares-Roman03-scr-1024x686.jpg\" alt=\"\" class=\"wp-image-3762\" srcset=\"https:\/\/www.captionmagazine.org\/wp-content\/uploads\/2021\/04\/RS2212_DanelCasares-Roman03-scr-1024x686.jpg 1024w, https:\/\/www.captionmagazine.org\/wp-content\/uploads\/2021\/04\/RS2212_DanelCasares-Roman03-scr-600x402.jpg 600w, https:\/\/www.captionmagazine.org\/wp-content\/uploads\/2021\/04\/RS2212_DanelCasares-Roman03-scr-300x201.jpg 300w, https:\/\/www.captionmagazine.org\/wp-content\/uploads\/2021\/04\/RS2212_DanelCasares-Roman03-scr-768x515.jpg 768w, https:\/\/www.captionmagazine.org\/wp-content\/uploads\/2021\/04\/RS2212_DanelCasares-Roman03-scr-370x248.jpg 370w, https:\/\/www.captionmagazine.org\/wp-content\/uploads\/2021\/04\/RS2212_DanelCasares-Roman03-scr-800x536.jpg 800w, https:\/\/www.captionmagazine.org\/wp-content\/uploads\/2021\/04\/RS2212_DanelCasares-Roman03-scr-20x13.jpg 20w, https:\/\/www.captionmagazine.org\/wp-content\/uploads\/2021\/04\/RS2212_DanelCasares-Roman03-scr-185x124.jpg 185w, https:\/\/www.captionmagazine.org\/wp-content\/uploads\/2021\/04\/RS2212_DanelCasares-Roman03-scr-740x496.jpg 740w, https:\/\/www.captionmagazine.org\/wp-content\/uploads\/2021\/04\/RS2212_DanelCasares-Roman03-scr-400x268.jpg 400w, https:\/\/www.captionmagazine.org\/wp-content\/uploads\/2021\/04\/RS2212_DanelCasares-Roman03-scr-72x48.jpg 72w\" sizes=\"auto, (max-width: 1024px) 100vw, 1024px\" \/><figcaption>Una mujer indi\u0301gena de la tribu Mayoruna descansa en su hamaca despue\u0301s de todo un di\u0301a recolectando yuca.  \u00a9 Daniel Casares-Rom\u00e1n<\/figcaption><\/figure>\n\n\n\n<p>Me interesa todo lo relacionado con los temas de car\u00e1cter antropol\u00f3gico: fiestas t\u00edpicas, religiones, creencias, formas de vida, tribus&#8230;<\/p>\n\n\n\n<p>Si tuviese que sintetizar el esp\u00edritu o la esencia de este trabajo, les dir\u00eda que &#8220;Cada pueblo tiene una historia, cada habitante de ese pueblo tiene tambi\u00e9n una historia, su propia historia personal. Yo, cuando fotograf\u00edo, lo que pretendo de alguna manera es dejar constancia de que esa historia, alguna vez, sucedi\u00f3&#8221;.&nbsp;<\/p>\n\n\n\n<p>Si de algo me est\u00e1 sirviendo este viaje continuo, c\u00e1mara en mano, es para reflexionar sobre conceptos como el desarraigo, el apego a nuestros lugares de origen y de c\u00f3mo en el fondo no dejamos de ser v\u00edctimas de nuestra propia cultura y que, dependiendo de d\u00f3nde nacemos y crecemos as\u00ed se ver\u00e1 dr\u00e1sticamente afectada muchas de las creencias que giran en torno a nuestra manera de entender el mundo.<\/p>\n\n\n\n<figure class=\"wp-block-image size-large\"><img loading=\"lazy\" decoding=\"async\" width=\"1024\" height=\"659\" src=\"https:\/\/www.captionmagazine.org\/wp-content\/uploads\/2021\/04\/RS2218_DanelCasares-Roman08-scr-1024x659.jpg\" alt=\"\" class=\"wp-image-3767\" srcset=\"https:\/\/www.captionmagazine.org\/wp-content\/uploads\/2021\/04\/RS2218_DanelCasares-Roman08-scr-1024x659.jpg 1024w, https:\/\/www.captionmagazine.org\/wp-content\/uploads\/2021\/04\/RS2218_DanelCasares-Roman08-scr-600x386.jpg 600w, https:\/\/www.captionmagazine.org\/wp-content\/uploads\/2021\/04\/RS2218_DanelCasares-Roman08-scr-300x193.jpg 300w, https:\/\/www.captionmagazine.org\/wp-content\/uploads\/2021\/04\/RS2218_DanelCasares-Roman08-scr-768x494.jpg 768w, https:\/\/www.captionmagazine.org\/wp-content\/uploads\/2021\/04\/RS2218_DanelCasares-Roman08-scr-370x238.jpg 370w, https:\/\/www.captionmagazine.org\/wp-content\/uploads\/2021\/04\/RS2218_DanelCasares-Roman08-scr-800x515.jpg 800w, https:\/\/www.captionmagazine.org\/wp-content\/uploads\/2021\/04\/RS2218_DanelCasares-Roman08-scr-20x13.jpg 20w, https:\/\/www.captionmagazine.org\/wp-content\/uploads\/2021\/04\/RS2218_DanelCasares-Roman08-scr-185x119.jpg 185w, https:\/\/www.captionmagazine.org\/wp-content\/uploads\/2021\/04\/RS2218_DanelCasares-Roman08-scr-740x476.jpg 740w, https:\/\/www.captionmagazine.org\/wp-content\/uploads\/2021\/04\/RS2218_DanelCasares-Roman08-scr-400x257.jpg 400w, https:\/\/www.captionmagazine.org\/wp-content\/uploads\/2021\/04\/RS2218_DanelCasares-Roman08-scr-75x48.jpg 75w\" sizes=\"auto, (max-width: 1024px) 100vw, 1024px\" \/><figcaption>Dos personas bailan tango en Buenos Aires, Argentina. \u00a9 Daniel Casares-Rom\u00e1n<\/figcaption><\/figure>\n\n\n\n<figure class=\"wp-block-image size-large\"><img loading=\"lazy\" decoding=\"async\" width=\"1024\" height=\"683\" src=\"https:\/\/www.captionmagazine.org\/wp-content\/uploads\/2021\/04\/RS2214_DanelCasares-Roman05-scr-1024x683.jpg\" alt=\"\" class=\"wp-image-3764\" srcset=\"https:\/\/www.captionmagazine.org\/wp-content\/uploads\/2021\/04\/RS2214_DanelCasares-Roman05-scr-1024x683.jpg 1024w, https:\/\/www.captionmagazine.org\/wp-content\/uploads\/2021\/04\/RS2214_DanelCasares-Roman05-scr-600x400.jpg 600w, https:\/\/www.captionmagazine.org\/wp-content\/uploads\/2021\/04\/RS2214_DanelCasares-Roman05-scr-300x200.jpg 300w, https:\/\/www.captionmagazine.org\/wp-content\/uploads\/2021\/04\/RS2214_DanelCasares-Roman05-scr-768x512.jpg 768w, https:\/\/www.captionmagazine.org\/wp-content\/uploads\/2021\/04\/RS2214_DanelCasares-Roman05-scr-370x247.jpg 370w, https:\/\/www.captionmagazine.org\/wp-content\/uploads\/2021\/04\/RS2214_DanelCasares-Roman05-scr-800x534.jpg 800w, https:\/\/www.captionmagazine.org\/wp-content\/uploads\/2021\/04\/RS2214_DanelCasares-Roman05-scr-20x13.jpg 20w, https:\/\/www.captionmagazine.org\/wp-content\/uploads\/2021\/04\/RS2214_DanelCasares-Roman05-scr-185x123.jpg 185w, https:\/\/www.captionmagazine.org\/wp-content\/uploads\/2021\/04\/RS2214_DanelCasares-Roman05-scr-740x494.jpg 740w, https:\/\/www.captionmagazine.org\/wp-content\/uploads\/2021\/04\/RS2214_DanelCasares-Roman05-scr-400x267.jpg 400w, https:\/\/www.captionmagazine.org\/wp-content\/uploads\/2021\/04\/RS2214_DanelCasares-Roman05-scr-72x48.jpg 72w\" sizes=\"auto, (max-width: 1024px) 100vw, 1024px\" \/><figcaption>Un nin\u0303o observa co\u0301mo personas occidentales comen al otro lado del restaurante, en Mozambique. \u00a9 Daniel Casares-Rom\u00e1n<\/figcaption><\/figure>\n\n\n\n<p>Siempre fotograf\u00edo desde la admiraci\u00f3n y dif\u00edcilmente las im\u00e1genes de este proyecto son el resultado de un encuentro fugaz. En la inmensa mayor\u00eda de los casos, es el fruto de una experiencia m\u00e1s a largo plazo donde suelo convivir con las personas fotografiadas, entre otras razones, porque me interesa ahondar y explorar en los aspectos y situaciones \u00edntimas donde al cabo del tiempo la c\u00e1mara se vuelve invisible y ya no hay lugar para poses o fotos robadas. La naturalidad se muestra ante tu lente y lo \u00fanico que hay que hacer es accionar el disparador. Quiz\u00e1s sea por eso por lo que se trata de un proyecto tan a largo plazo, porque las prisas a la hora de fotografiar personas no tiene sentido alguno. &nbsp;<\/p>\n\n\n\n<p>El uso del soporte anal\u00f3gico ayuda mucho a por un lado, que se pueda crear una relaci\u00f3n de confianza plena entre la persona fotografiada y yo, ya que las im\u00e1genes no pueden ser comprobadas despu\u00e9s de cada disparo y por otro lado, ese hecho, el de no poder chequear la foto, hace que el acto fotogr\u00e1fico se minimice, empiece a no ser lo importante y nos centremos m\u00e1s en nuestra conversaci\u00f3n, en las risas, en ese intercambio de ideas, en definitiva, en la comunicaci\u00f3n entre dos personas. La c\u00e1mara y las fotos es lo de menos.&nbsp;<\/p>\n\n\n\n<figure class=\"wp-block-image size-large\"><img loading=\"lazy\" decoding=\"async\" width=\"1024\" height=\"682\" src=\"https:\/\/www.captionmagazine.org\/wp-content\/uploads\/2021\/04\/RS2226_DanelCasares-Roman15-scr-1024x682.jpg\" alt=\"\" class=\"wp-image-3774\" srcset=\"https:\/\/www.captionmagazine.org\/wp-content\/uploads\/2021\/04\/RS2226_DanelCasares-Roman15-scr-1024x682.jpg 1024w, https:\/\/www.captionmagazine.org\/wp-content\/uploads\/2021\/04\/RS2226_DanelCasares-Roman15-scr-600x400.jpg 600w, https:\/\/www.captionmagazine.org\/wp-content\/uploads\/2021\/04\/RS2226_DanelCasares-Roman15-scr-300x200.jpg 300w, https:\/\/www.captionmagazine.org\/wp-content\/uploads\/2021\/04\/RS2226_DanelCasares-Roman15-scr-768x512.jpg 768w, https:\/\/www.captionmagazine.org\/wp-content\/uploads\/2021\/04\/RS2226_DanelCasares-Roman15-scr-370x246.jpg 370w, https:\/\/www.captionmagazine.org\/wp-content\/uploads\/2021\/04\/RS2226_DanelCasares-Roman15-scr-800x533.jpg 800w, https:\/\/www.captionmagazine.org\/wp-content\/uploads\/2021\/04\/RS2226_DanelCasares-Roman15-scr-20x13.jpg 20w, https:\/\/www.captionmagazine.org\/wp-content\/uploads\/2021\/04\/RS2226_DanelCasares-Roman15-scr-185x123.jpg 185w, https:\/\/www.captionmagazine.org\/wp-content\/uploads\/2021\/04\/RS2226_DanelCasares-Roman15-scr-740x493.jpg 740w, https:\/\/www.captionmagazine.org\/wp-content\/uploads\/2021\/04\/RS2226_DanelCasares-Roman15-scr-400x266.jpg 400w, https:\/\/www.captionmagazine.org\/wp-content\/uploads\/2021\/04\/RS2226_DanelCasares-Roman15-scr-72x48.jpg 72w\" sizes=\"auto, (max-width: 1024px) 100vw, 1024px\" \/><figcaption>El uno de Noviembre es tradicio\u0301n en Bolivia, reunir a los nin\u0303os a la luz de las velas para festejar el &#8220;di\u0301a de todos los santos&#8221; \u00a9 Daniel Casares-Rom\u00e1n<\/figcaption><\/figure>\n\n\n\n<figure class=\"wp-block-image size-large\"><img loading=\"lazy\" decoding=\"async\" width=\"1024\" height=\"678\" src=\"https:\/\/www.captionmagazine.org\/wp-content\/uploads\/2021\/04\/RS2219_DanelCasares-Roman09-scr-1024x678.jpg\" alt=\"\" class=\"wp-image-3768\" srcset=\"https:\/\/www.captionmagazine.org\/wp-content\/uploads\/2021\/04\/RS2219_DanelCasares-Roman09-scr-1024x678.jpg 1024w, https:\/\/www.captionmagazine.org\/wp-content\/uploads\/2021\/04\/RS2219_DanelCasares-Roman09-scr-600x397.jpg 600w, https:\/\/www.captionmagazine.org\/wp-content\/uploads\/2021\/04\/RS2219_DanelCasares-Roman09-scr-300x199.jpg 300w, https:\/\/www.captionmagazine.org\/wp-content\/uploads\/2021\/04\/RS2219_DanelCasares-Roman09-scr-768x509.jpg 768w, https:\/\/www.captionmagazine.org\/wp-content\/uploads\/2021\/04\/RS2219_DanelCasares-Roman09-scr-370x245.jpg 370w, https:\/\/www.captionmagazine.org\/wp-content\/uploads\/2021\/04\/RS2219_DanelCasares-Roman09-scr-800x530.jpg 800w, https:\/\/www.captionmagazine.org\/wp-content\/uploads\/2021\/04\/RS2219_DanelCasares-Roman09-scr-20x13.jpg 20w, https:\/\/www.captionmagazine.org\/wp-content\/uploads\/2021\/04\/RS2219_DanelCasares-Roman09-scr-185x123.jpg 185w, https:\/\/www.captionmagazine.org\/wp-content\/uploads\/2021\/04\/RS2219_DanelCasares-Roman09-scr-740x490.jpg 740w, https:\/\/www.captionmagazine.org\/wp-content\/uploads\/2021\/04\/RS2219_DanelCasares-Roman09-scr-400x265.jpg 400w, https:\/\/www.captionmagazine.org\/wp-content\/uploads\/2021\/04\/RS2219_DanelCasares-Roman09-scr-72x48.jpg 72w\" sizes=\"auto, (max-width: 1024px) 100vw, 1024px\" \/><figcaption>Vendedor de globos en Hanoi. \u00a9 Daniel Casares-Rom\u00e1n<\/figcaption><\/figure>\n\n\n\n<figure class=\"wp-block-image size-large\"><img loading=\"lazy\" decoding=\"async\" width=\"1024\" height=\"687\" src=\"https:\/\/www.captionmagazine.org\/wp-content\/uploads\/2021\/04\/RS2224_DanelCasares-Roman14-scr-1024x687.jpg\" alt=\"\" class=\"wp-image-3773\" srcset=\"https:\/\/www.captionmagazine.org\/wp-content\/uploads\/2021\/04\/RS2224_DanelCasares-Roman14-scr-1024x687.jpg 1024w, https:\/\/www.captionmagazine.org\/wp-content\/uploads\/2021\/04\/RS2224_DanelCasares-Roman14-scr-600x402.jpg 600w, https:\/\/www.captionmagazine.org\/wp-content\/uploads\/2021\/04\/RS2224_DanelCasares-Roman14-scr-300x201.jpg 300w, https:\/\/www.captionmagazine.org\/wp-content\/uploads\/2021\/04\/RS2224_DanelCasares-Roman14-scr-768x515.jpg 768w, https:\/\/www.captionmagazine.org\/wp-content\/uploads\/2021\/04\/RS2224_DanelCasares-Roman14-scr-370x248.jpg 370w, https:\/\/www.captionmagazine.org\/wp-content\/uploads\/2021\/04\/RS2224_DanelCasares-Roman14-scr-800x536.jpg 800w, https:\/\/www.captionmagazine.org\/wp-content\/uploads\/2021\/04\/RS2224_DanelCasares-Roman14-scr-20x13.jpg 20w, https:\/\/www.captionmagazine.org\/wp-content\/uploads\/2021\/04\/RS2224_DanelCasares-Roman14-scr-185x124.jpg 185w, https:\/\/www.captionmagazine.org\/wp-content\/uploads\/2021\/04\/RS2224_DanelCasares-Roman14-scr-740x496.jpg 740w, https:\/\/www.captionmagazine.org\/wp-content\/uploads\/2021\/04\/RS2224_DanelCasares-Roman14-scr-400x268.jpg 400w, https:\/\/www.captionmagazine.org\/wp-content\/uploads\/2021\/04\/RS2224_DanelCasares-Roman14-scr-72x48.jpg 72w\" sizes=\"auto, (max-width: 1024px) 100vw, 1024px\" \/><figcaption>Atardecer en un mercado de Argelia. \u00a9 Daniel Casares-Rom\u00e1n<\/figcaption><\/figure>\n\n\n\n<p><\/p>\n\n\n\n<hr class=\"wp-block-separator\"\/>\n\n\n\n<p><strong>Acerca del Autor:<\/strong><\/p>\n\n\n\n<p>Daniel Casares-Rom\u00e1n ( 1976, Jerez de la Frontera) dio el salto a la fotograf\u00eda profesional en 1991 cuando empieza a publicar sus primeros trabajos en el peri\u00f3dico local de su ciudad. Despu\u00e9s de a\u00f1os de fotoperiodismo empieza a interesarse por reportajes de tipo documental relacionados con la antropolog\u00eda. Sus trabajos han sido publicados en medios como El Pa\u00eds, la Vanguardia, La Raz\u00f3n, ABC, etc., y en revistas como National Geographic. Actualmente combina su labor fotogr\u00e1fica con la docencia, impartiendo cursos de fotograf\u00eda en la Universidad de C\u00e1diz.\u00a0<\/p>\n\n\n\n<p><strong>Equipo T\u00e9cnico:<\/strong><\/p>\n\n\n\n<p>Leica M6<br>Lentes: Leica Elmarit-M 28mm 1:2.8 ASPH y Leica Summicron-M 50mm 1:2 <br>Pel\u00edcula diapositiva Fujichrome Velvia y Provia revelada de manera artesanal por el proceso E-6 de Tetenal en tanque de Patersson.\u00a0<\/p>\n\n\n\n<p><strong>Sitios Web<\/strong>: <\/p>\n\n\n\n<p><a rel=\"noreferrer noopener\" aria-label=\"colorhumano.com (abrir en una nueva pesta\u00f1a)\" href=\"http:\/\/colorhumano.com\" target=\"_blank\">colorhumano.com<\/a><br><a rel=\"noreferrer noopener\" aria-label=\"instagram.com\/danielcasaresroman (abrir en una nueva pesta\u00f1a)\" href=\"https:\/\/www.instagram.com\/danielcasaresroman\/\" target=\"_blank\">instagram.com\/danielcasaresroman<\/a><br><a href=\"https:\/\/www.facebook.com\/danielcasaresroman\" target=\"_blank\" rel=\"noreferrer noopener\" aria-label=\"facebook.com\/danielcasaresroman (abrir en una nueva pesta\u00f1a)\">facebook.com\/danielcasaresroman<\/a><br><br><\/p>\n","protected":false},"excerpt":{"rendered":"<p>Daniel Casares-Rom\u00e1n M\u00e1s que un proyecto fotogr\u00e1fico, Color Humano es un proyecto de vida en el que llevo trabajando desde 1991, y del que a\u00fan me quedan muchos disparos por hacer. Un ejercicio de contemplaci\u00f3n y observaci\u00f3n constante sobre nosotros, el homo sapiens y las diferentes formas de estar en el mundo. Un proyecto en&hellip;<\/p>\n","protected":false},"author":4,"featured_media":3763,"comment_status":"closed","ping_status":"closed","sticky":false,"template":"","format":"standard","meta":{"footnotes":""},"categories":[1],"tags":[278,700],"thb-sponsors":[],"class_list":["post-3757","post","type-post","status-publish","format-standard","has-post-thumbnail","hentry","category-ensayos","tag-color","tag-web"],"_links":{"self":[{"href":"https:\/\/www.captionmagazine.org\/en\/wp-json\/wp\/v2\/posts\/3757","targetHints":{"allow":["GET"]}}],"collection":[{"href":"https:\/\/www.captionmagazine.org\/en\/wp-json\/wp\/v2\/posts"}],"about":[{"href":"https:\/\/www.captionmagazine.org\/en\/wp-json\/wp\/v2\/types\/post"}],"author":[{"embeddable":true,"href":"https:\/\/www.captionmagazine.org\/en\/wp-json\/wp\/v2\/users\/4"}],"replies":[{"embeddable":true,"href":"https:\/\/www.captionmagazine.org\/en\/wp-json\/wp\/v2\/comments?post=3757"}],"version-history":[{"count":9,"href":"https:\/\/www.captionmagazine.org\/en\/wp-json\/wp\/v2\/posts\/3757\/revisions"}],"predecessor-version":[{"id":3781,"href":"https:\/\/www.captionmagazine.org\/en\/wp-json\/wp\/v2\/posts\/3757\/revisions\/3781"}],"wp:featuredmedia":[{"embeddable":true,"href":"https:\/\/www.captionmagazine.org\/en\/wp-json\/wp\/v2\/media\/3763"}],"wp:attachment":[{"href":"https:\/\/www.captionmagazine.org\/en\/wp-json\/wp\/v2\/media?parent=3757"}],"wp:term":[{"taxonomy":"category","embeddable":true,"href":"https:\/\/www.captionmagazine.org\/en\/wp-json\/wp\/v2\/categories?post=3757"},{"taxonomy":"post_tag","embeddable":true,"href":"https:\/\/www.captionmagazine.org\/en\/wp-json\/wp\/v2\/tags?post=3757"},{"taxonomy":"thb-sponsors","embeddable":true,"href":"https:\/\/www.captionmagazine.org\/en\/wp-json\/wp\/v2\/thb-sponsors?post=3757"}],"curies":[{"name":"wp","href":"https:\/\/api.w.org\/{rel}","templated":true}]}}