{"id":24968,"date":"2026-04-30T20:49:31","date_gmt":"2026-05-01T00:49:31","guid":{"rendered":"https:\/\/www.captionmagazine.org\/?p=24968"},"modified":"2026-04-30T20:59:18","modified_gmt":"2026-05-01T00:59:18","slug":"lo-que-nace-y-fujikina-madrid-la-fotografia-contemporanea-toma-el-coam","status":"publish","type":"post","link":"https:\/\/www.captionmagazine.org\/en\/noticias\/lo-que-nace-y-fujikina-madrid-la-fotografia-contemporanea-toma-el-coam","title":{"rendered":"Lo que nace y FUJIKINA Madrid: la fotograf\u00eda contempor\u00e1nea toma el COAM"},"content":{"rendered":"<h3 dir=\"auto\"><strong>Lo que nace y FUJIKINA Madrid: la fotograf\u00eda contempor\u00e1nea toma el COAM<\/strong><\/h3>\n<p dir=\"auto\">Desde el <strong>30 de abril hasta el 24 de mayo de 2026<\/strong>, el Colegio Oficial de Arquitectos de Madrid (COAM) acoge dos exposiciones organizadas por FUJIFILM que celebran la fotograf\u00eda contempor\u00e1nea: <strong>\u201cLo que nace\u201d<\/strong>, de Mat\u00edas Costa, y una exposici\u00f3n colectiva con obras de cinco fot\u00f3grafos espa\u00f1oles.<\/p>\n<p dir=\"auto\"><img loading=\"lazy\" decoding=\"async\" class=\"alignnone size-medium wp-image-24979\" src=\"https:\/\/www.captionmagazine.org\/wp-content\/uploads\/2026\/04\/fuj-640x800.jpeg\" alt=\"\" width=\"640\" height=\"800\" srcset=\"https:\/\/www.captionmagazine.org\/wp-content\/uploads\/2026\/04\/fuj-640x800.jpeg 640w, https:\/\/www.captionmagazine.org\/wp-content\/uploads\/2026\/04\/fuj-370x463.jpeg 370w, https:\/\/www.captionmagazine.org\/wp-content\/uploads\/2026\/04\/fuj-20x25.jpeg 20w, https:\/\/www.captionmagazine.org\/wp-content\/uploads\/2026\/04\/fuj-300x375.jpeg 300w, https:\/\/www.captionmagazine.org\/wp-content\/uploads\/2026\/04\/fuj-600x750.jpeg 600w, https:\/\/www.captionmagazine.org\/wp-content\/uploads\/2026\/04\/fuj-38x48.jpeg 38w\" sizes=\"auto, (max-width: 640px) 100vw, 640px\" \/><\/p>\n<p dir=\"auto\">La muestra individual de Mat\u00edas Costa, integrada en la secci\u00f3n oficial de PHotoESPA\u00d1A 2026, re\u00fane 59 fotograf\u00edas y 22 p\u00e1ginas de cuadernos (81 piezas en total). En ella, el fot\u00f3grafo y comisario recorre su propio camino creativo, desde su ic\u00f3nica serie ganadora del premio Descubrimientos PHotoESPA\u00d1A 1998 hasta una reflexi\u00f3n m\u00e1s introspectiva que combina fotograf\u00eda, escritura y material de archivo.<\/p>\n<p dir=\"auto\">Junto a esta exposici\u00f3n se presenta una colectiva que re\u00fane 27 obras de <strong>Samuel Aranda, Estela de Castro, Toni Amengual, \u00c1lvaro Sanz y Nerea Garro<\/strong>. A trav\u00e9s de sus miradas, la selecci\u00f3n aborda temas cl\u00e1sicos de la fotograf\u00eda como la identidad, el territorio, la familia, el retrato y la cotidianidad. La muestra ha sido comisariada por Mat\u00edas Costa y su dise\u00f1o museogr\u00e1fico es de Natalia Garc\u00e9s. Las obras han sido impresas en papel fotogr\u00e1fico Fujifilm en el laboratorio Espacio RAW.<\/p>\n<figure id=\"attachment_24977\" aria-describedby=\"caption-attachment-24977\" style=\"width: 640px\" class=\"wp-caption alignnone\"><img loading=\"lazy\" decoding=\"async\" class=\"wp-image-24977 size-medium\" src=\"https:\/\/www.captionmagazine.org\/wp-content\/uploads\/2026\/04\/Eduardo-Lopez_FUJIKINA-copyright-ALIVE-640x361.jpg\" alt=\"\" width=\"640\" height=\"361\" srcset=\"https:\/\/www.captionmagazine.org\/wp-content\/uploads\/2026\/04\/Eduardo-Lopez_FUJIKINA-copyright-ALIVE-640x361.jpg 640w, https:\/\/www.captionmagazine.org\/wp-content\/uploads\/2026\/04\/Eduardo-Lopez_FUJIKINA-copyright-ALIVE-370x209.jpg 370w, https:\/\/www.captionmagazine.org\/wp-content\/uploads\/2026\/04\/Eduardo-Lopez_FUJIKINA-copyright-ALIVE-20x11.jpg 20w, https:\/\/www.captionmagazine.org\/wp-content\/uploads\/2026\/04\/Eduardo-Lopez_FUJIKINA-copyright-ALIVE-300x169.jpg 300w, https:\/\/www.captionmagazine.org\/wp-content\/uploads\/2026\/04\/Eduardo-Lopez_FUJIKINA-copyright-ALIVE-600x338.jpg 600w, https:\/\/www.captionmagazine.org\/wp-content\/uploads\/2026\/04\/Eduardo-Lopez_FUJIKINA-copyright-ALIVE-85x48.jpg 85w\" sizes=\"auto, (max-width: 640px) 100vw, 640px\" \/><figcaption id=\"caption-attachment-24977\" class=\"wp-caption-text\">Eduardo Lopez<\/figcaption><\/figure>\n<p dir=\"auto\">Adem\u00e1s, los d\u00edas <strong>23 y 24 de mayo<\/strong> se celebrar\u00e1 en el mismo espacio <strong>FUJIKINA Madrid 2026<\/strong>, el Festival Europeo de Fotograf\u00eda de FUJIFILM. El evento incluir\u00e1 charlas, talleres, demostraciones y experiencias pr\u00e1cticas en torno a la fotograf\u00eda digital, instant\u00e1nea y anal\u00f3gica, convirtiendo al COAM en un punto de encuentro para fot\u00f3grafos, profesionales y aficionados.<\/p>\n<p dir=\"auto\">\u201cQueremos que FUJIKINA Madrid 2026 sea la gran fiesta de la fotograf\u00eda en Madrid\u201d, ha se\u00f1alado Eduardo L\u00f3pez, director de Imaging y Recording Media de FUJIFILM Espa\u00f1a.<\/p>\n<figure id=\"attachment_24971\" aria-describedby=\"caption-attachment-24971\" style=\"width: 640px\" class=\"wp-caption alignnone\"><img loading=\"lazy\" decoding=\"async\" class=\"wp-image-24971 size-medium\" src=\"https:\/\/www.captionmagazine.org\/wp-content\/uploads\/2026\/04\/Samuel-Aranda_02-640x510.jpg\" alt=\"\" width=\"640\" height=\"510\" srcset=\"https:\/\/www.captionmagazine.org\/wp-content\/uploads\/2026\/04\/Samuel-Aranda_02-640x510.jpg 640w, https:\/\/www.captionmagazine.org\/wp-content\/uploads\/2026\/04\/Samuel-Aranda_02-370x295.jpg 370w, https:\/\/www.captionmagazine.org\/wp-content\/uploads\/2026\/04\/Samuel-Aranda_02-20x16.jpg 20w, https:\/\/www.captionmagazine.org\/wp-content\/uploads\/2026\/04\/Samuel-Aranda_02-300x239.jpg 300w, https:\/\/www.captionmagazine.org\/wp-content\/uploads\/2026\/04\/Samuel-Aranda_02-600x479.jpg 600w, https:\/\/www.captionmagazine.org\/wp-content\/uploads\/2026\/04\/Samuel-Aranda_02-60x48.jpg 60w\" sizes=\"auto, (max-width: 640px) 100vw, 640px\" \/><figcaption id=\"caption-attachment-24971\" class=\"wp-caption-text\">Samuel Aranda<\/figcaption><\/figure>\n<p dir=\"auto\">Con esta propuesta, FUJIFILM refuerza su compromiso con la creaci\u00f3n contempor\u00e1nea y ofrece al p\u00fablico madrile\u00f1o la oportunidad de disfrutar y vivir la fotograf\u00eda de forma cercana y participativa.<\/p>\n<figure id=\"attachment_24973\" aria-describedby=\"caption-attachment-24973\" style=\"width: 640px\" class=\"wp-caption alignnone\"><img loading=\"lazy\" decoding=\"async\" class=\"wp-image-24973 size-medium\" src=\"https:\/\/www.captionmagazine.org\/wp-content\/uploads\/2026\/04\/Matias-Costa_02-640x427.jpg\" alt=\"\" width=\"640\" height=\"427\" \/><figcaption id=\"caption-attachment-24973\" class=\"wp-caption-text\">Mat\u00edas Costa<\/figcaption><\/figure>\n<hr \/>\n<p dir=\"auto\"><strong>M\u00e1s informaci\u00f3n: <\/strong><\/p>\n<p dir=\"auto\"><a href=\"https:\/\/www.fujifilm-x.com\/es-es\/events\/fujikina-madrid-2026\/\" target=\"_blank\" rel=\"noopener\">https:\/\/www.fujifilm-x.com\/es-es\/events\/fujikina-madrid-2026\/<\/a><\/p>\n","protected":false},"excerpt":{"rendered":"<p>Lo que nace y FUJIKINA Madrid: la fotograf\u00eda contempor\u00e1nea toma el COAM Desde el 30 de abril hasta el 24 de mayo de 2026, el Colegio Oficial de Arquitectos de Madrid (COAM) acoge dos exposiciones organizadas por FUJIFILM que celebran la fotograf\u00eda contempor\u00e1nea: \u201cLo que nace\u201d, de Mat\u00edas Costa, y una exposici\u00f3n colectiva con obras&hellip;<\/p>\n","protected":false},"author":4,"featured_media":24975,"comment_status":"closed","ping_status":"closed","sticky":false,"template":"","format":"standard","meta":{"footnotes":""},"categories":[246],"tags":[],"thb-sponsors":[],"class_list":["post-24968","post","type-post","status-publish","format-standard","has-post-thumbnail","hentry","category-noticias"],"_links":{"self":[{"href":"https:\/\/www.captionmagazine.org\/en\/wp-json\/wp\/v2\/posts\/24968","targetHints":{"allow":["GET"]}}],"collection":[{"href":"https:\/\/www.captionmagazine.org\/en\/wp-json\/wp\/v2\/posts"}],"about":[{"href":"https:\/\/www.captionmagazine.org\/en\/wp-json\/wp\/v2\/types\/post"}],"author":[{"embeddable":true,"href":"https:\/\/www.captionmagazine.org\/en\/wp-json\/wp\/v2\/users\/4"}],"replies":[{"embeddable":true,"href":"https:\/\/www.captionmagazine.org\/en\/wp-json\/wp\/v2\/comments?post=24968"}],"version-history":[{"count":8,"href":"https:\/\/www.captionmagazine.org\/en\/wp-json\/wp\/v2\/posts\/24968\/revisions"}],"predecessor-version":[{"id":24986,"href":"https:\/\/www.captionmagazine.org\/en\/wp-json\/wp\/v2\/posts\/24968\/revisions\/24986"}],"wp:featuredmedia":[{"embeddable":true,"href":"https:\/\/www.captionmagazine.org\/en\/wp-json\/wp\/v2\/media\/24975"}],"wp:attachment":[{"href":"https:\/\/www.captionmagazine.org\/en\/wp-json\/wp\/v2\/media?parent=24968"}],"wp:term":[{"taxonomy":"category","embeddable":true,"href":"https:\/\/www.captionmagazine.org\/en\/wp-json\/wp\/v2\/categories?post=24968"},{"taxonomy":"post_tag","embeddable":true,"href":"https:\/\/www.captionmagazine.org\/en\/wp-json\/wp\/v2\/tags?post=24968"},{"taxonomy":"thb-sponsors","embeddable":true,"href":"https:\/\/www.captionmagazine.org\/en\/wp-json\/wp\/v2\/thb-sponsors?post=24968"}],"curies":[{"name":"wp","href":"https:\/\/api.w.org\/{rel}","templated":true}]}}