{"id":24648,"date":"2026-03-15T11:46:56","date_gmt":"2026-03-15T14:46:56","guid":{"rendered":"https:\/\/www.captionmagazine.org\/?p=24648"},"modified":"2026-03-15T11:46:56","modified_gmt":"2026-03-15T14:46:56","slug":"javier-abad-entre-la-fotografia-de-aventura-naturaleza-y-bodas","status":"publish","type":"post","link":"https:\/\/www.captionmagazine.org\/en\/entrevistas\/javier-abad-entre-la-fotografia-de-aventura-naturaleza-y-bodas","title":{"rendered":"Javier Abad: entre la fotograf\u00eda de aventura, naturaleza y bodas"},"content":{"rendered":"<h3>Javier Abad: entre la fotograf\u00eda de aventura, naturaleza y bodas<\/h3>\n<p><strong>Por Nacho Izquierdo<\/strong><\/p>\n<p><strong>&#8211; Llevas m\u00e1s de dos d\u00e9cadas vinculado a la imagen. Si miras atr\u00e1s, \u00bfQu\u00e9 recuerdos de tus primeros a\u00f1os con la c\u00e1mara siguen influyendo hoy en tu forma de fotografiar?<\/strong><br \/>\nPues hay muchas cosas que me siguen influyendo. Empec\u00e9 a hacer fotos para documentar y recordar todos los viajes que hac\u00eda con mis amigos para patinar y hacer snowboard.<br \/>\nA d\u00eda de hoy b\u00e1sicamente sigo haciendo lo mismo, tanto a nivel profesional como a nivel personal: hacer fotos para no olvidar lo que hago o que mis clientes tengan un recuerdo para toda su vida de su boda.<br \/>\nTambi\u00e9n sigue presente la forma de relacionarme con las personas, durante mis primero a\u00f1os aprend\u00ed que la curiosidad y la cercan\u00eda por ellas es lo que te hace conseguir esas fotos que de otra manera nunca har\u00edas y eso lo sigo aplicando a d\u00eda de hoy.<\/p>\n<p><strong>&#8211; Tu trayectoria transita entre la fotograf\u00eda de aventura, naturaleza y bodas. \u00bfC\u00f3mo dialogan estos territorios visuales en tu trabajo y qu\u00e9 elementos narrativos comparten bajo tu mirada?<\/strong><br \/>\nPues aunque parezca sorprendente todas tienen una gran relaci\u00f3n. Cuando empec\u00e9 a hacer bodas, tuve claro que quer\u00eda llevar mi parte de fot\u00f3grafo de snowboard en conexi\u00f3n con la naturaleza a las bodas y fotografi\u00e9 muchas parejas en la naturaleza, justo en un tiempo en el que eso se puso de moda. As\u00ed que de una manera natural consegu\u00ed trabajo sin cambiar mi estilo.<br \/>\nY c\u00f3mo puedes leer en mi web, para m\u00ed cada boda es una aventura y eso hace que me tome las bodas aceptando lo que ocurre y fotografiando desde dentro sin cambiar lo que est\u00e1 pasando, simplemente disfrutando y tratando de crear los mejores recuerdos para mis parejas.<br \/>\nLo mismo que hago cuando voy a la monta\u00f1a y fotograf\u00edo un d\u00eda cualquiera, que puede ser una cosa muy normal donde hago 10 fotos o un d\u00eda \u00e9pico que acabe siendo una micro aventura para mi libro<\/p>\n<figure id=\"attachment_24653\" aria-describedby=\"caption-attachment-24653\" style=\"width: 666px\" class=\"wp-caption aligncenter\"><img loading=\"lazy\" decoding=\"async\" class=\"wp-image-24653 size-full\" src=\"https:\/\/www.captionmagazine.org\/wp-content\/uploads\/2026\/03\/Favoritas-04_websize.jpg\" alt=\"\" width=\"666\" height=\"1000\" srcset=\"https:\/\/www.captionmagazine.org\/wp-content\/uploads\/2026\/03\/Favoritas-04_websize.jpg 666w, https:\/\/www.captionmagazine.org\/wp-content\/uploads\/2026\/03\/Favoritas-04_websize-640x961.jpg 640w, https:\/\/www.captionmagazine.org\/wp-content\/uploads\/2026\/03\/Favoritas-04_websize-370x556.jpg 370w, https:\/\/www.captionmagazine.org\/wp-content\/uploads\/2026\/03\/Favoritas-04_websize-20x30.jpg 20w, https:\/\/www.captionmagazine.org\/wp-content\/uploads\/2026\/03\/Favoritas-04_websize-300x450.jpg 300w, https:\/\/www.captionmagazine.org\/wp-content\/uploads\/2026\/03\/Favoritas-04_websize-600x901.jpg 600w, https:\/\/www.captionmagazine.org\/wp-content\/uploads\/2026\/03\/Favoritas-04_websize-32x48.jpg 32w\" sizes=\"auto, (max-width: 666px) 100vw, 666px\" \/><figcaption id=\"caption-attachment-24653\" class=\"wp-caption-text\">\u00a9 Javier Abad<\/figcaption><\/figure>\n<p><strong>&#8211; Has vivido una transici\u00f3n tecnol\u00f3gica profunda dentro del medio. \u00bfC\u00f3mo ha evolucionado tu relaci\u00f3n con el encuadre y la toma de decisiones desde tus inicios hasta hoy?<\/strong><br \/>\nSin duda ya me considero casi un dinosaurio en esto de la fotograf\u00eda. Yo empec\u00e9 trabajando en film, sobre todo en diapositiva, donde equivocarte en medio paso de exposici\u00f3n hac\u00eda que la foto no valiera\u2026era una gran escuela. Tambi\u00e9n tener s\u00f3lo 36 fotos por carrete te hac\u00eda pensar muy bien que fotografiabas y como.<br \/>\nEl cambio al digital tuvo muchas cosas buenas, nos abri\u00f3 nuevas puertas t\u00e9cnicas, a la inmediatez, a los ISOS altos, a no estar limitado en n\u00famero de fotos, al aprendizaje r\u00e1pido.<br \/>\nHoy en d\u00eda con una c\u00e1mara digital, YouTube y tiempo, puedes aprender en muy poco tiempo y llegar a un nivel muy alto<br \/>\nEn mis tiempos todo era mas lento, aprender leyendo libros, tener que esperar por el revelado, acordarte de los ajustes que hab\u00edas utilizado\u2026<\/p>\n<p><strong>&#8211; En tu pr\u00e1ctica conviven la planificaci\u00f3n y la intuici\u00f3n. \u00bfC\u00f3mo gestionas ese equilibrio cuando trabajas en contextos imprevisibles como una boda o una expedici\u00f3n en la naturaleza?<\/strong><br \/>\nPues m\u00e1s o menos de la misma manera. Cuando haces una boda, sabes lo que que todo sigue un guion: preparativos, ceremonia, aperitivo banquete, baile y cuando vas a la naturaleza, saber que vas a ir de un punto a otro punto por este camino.<br \/>\nLo que pasa por el medio, es lo que hace que cada boda o d\u00eda en la monta\u00f1a sea diferente. Que tiempo har\u00e1, que gente me encontrar\u00e9 y como se comportar\u00e1, que luz tendr\u00e9\u2026Lo que trato siempre es de tener una buena actitud frente a todo y sobre todo curiosidad y mente abierta para fotografiar.<\/p>\n<figure id=\"attachment_24655\" aria-describedby=\"caption-attachment-24655\" style=\"width: 800px\" class=\"wp-caption aligncenter\"><img loading=\"lazy\" decoding=\"async\" class=\"wp-image-24655 size-full\" src=\"https:\/\/www.captionmagazine.org\/wp-content\/uploads\/2026\/03\/J9-copia.jpg\" alt=\"\" width=\"800\" height=\"1000\" srcset=\"https:\/\/www.captionmagazine.org\/wp-content\/uploads\/2026\/03\/J9-copia.jpg 800w, https:\/\/www.captionmagazine.org\/wp-content\/uploads\/2026\/03\/J9-copia-640x800.jpg 640w, https:\/\/www.captionmagazine.org\/wp-content\/uploads\/2026\/03\/J9-copia-768x960.jpg 768w, https:\/\/www.captionmagazine.org\/wp-content\/uploads\/2026\/03\/J9-copia-370x463.jpg 370w, https:\/\/www.captionmagazine.org\/wp-content\/uploads\/2026\/03\/J9-copia-740x925.jpg 740w, https:\/\/www.captionmagazine.org\/wp-content\/uploads\/2026\/03\/J9-copia-20x25.jpg 20w, https:\/\/www.captionmagazine.org\/wp-content\/uploads\/2026\/03\/J9-copia-300x375.jpg 300w, https:\/\/www.captionmagazine.org\/wp-content\/uploads\/2026\/03\/J9-copia-600x750.jpg 600w, https:\/\/www.captionmagazine.org\/wp-content\/uploads\/2026\/03\/J9-copia-38x48.jpg 38w\" sizes=\"auto, (max-width: 800px) 100vw, 800px\" \/><figcaption id=\"caption-attachment-24655\" class=\"wp-caption-text\">\u00a9 Javier Abad<\/figcaption><\/figure>\n<p><strong>&#8211; Trabajas habitualmente con el sistema Fujifilm. M\u00e1s all\u00e1 de la especificaci\u00f3n t\u00e9cnica, \u00bfQu\u00e9 encuentras en ese equipo que conecta con tu manera de mirar y narrar? \u00bfHay alguna caracter\u00edstica que haya influido directamente en tu flujo de trabajo o en tus decisiones est\u00e9ticas?<\/strong><br \/>\nPrincipalmente peso y discreci\u00f3n. En 2015 cuando realic\u00e9 el cambio a la X-T1 era lo que iba buscando y ponto tuve claro que Fujifilm era el equipo perfecto para m\u00ed\u2026.11 a\u00f1os despu\u00e9s sigo convencido de ello.<br \/>\nSin duda al principio el visor electr\u00f3nico cambio mucho mi forma de trabajar por que poder ver la exposici\u00f3n correcta en pantalla marco un antes y un despu\u00e9s para m\u00ed. Eso me hizo empezar a mirar por la pantalla tambi\u00e9n y darme cuenta que pod\u00eda adelantarme mucho m\u00e1s a lo que estaba ocurriendo.<br \/>\nTambi\u00e9n para mi ambici\u00f3n de pasar desapercibido y parecer un invitado mas lo de tener un equipo peque\u00f1o y discreto me ayud\u00f3 mucho.<\/p>\n<figure id=\"attachment_24649\" aria-describedby=\"caption-attachment-24649\" style=\"width: 666px\" class=\"wp-caption aligncenter\"><img loading=\"lazy\" decoding=\"async\" class=\"size-full wp-image-24649\" src=\"https:\/\/www.captionmagazine.org\/wp-content\/uploads\/2026\/03\/Caro-y-Edu-574-copia.jpg\" alt=\"\" width=\"666\" height=\"1000\" srcset=\"https:\/\/www.captionmagazine.org\/wp-content\/uploads\/2026\/03\/Caro-y-Edu-574-copia.jpg 666w, https:\/\/www.captionmagazine.org\/wp-content\/uploads\/2026\/03\/Caro-y-Edu-574-copia-640x961.jpg 640w, https:\/\/www.captionmagazine.org\/wp-content\/uploads\/2026\/03\/Caro-y-Edu-574-copia-370x556.jpg 370w, https:\/\/www.captionmagazine.org\/wp-content\/uploads\/2026\/03\/Caro-y-Edu-574-copia-20x30.jpg 20w, https:\/\/www.captionmagazine.org\/wp-content\/uploads\/2026\/03\/Caro-y-Edu-574-copia-300x450.jpg 300w, https:\/\/www.captionmagazine.org\/wp-content\/uploads\/2026\/03\/Caro-y-Edu-574-copia-600x901.jpg 600w, https:\/\/www.captionmagazine.org\/wp-content\/uploads\/2026\/03\/Caro-y-Edu-574-copia-32x48.jpg 32w\" sizes=\"auto, (max-width: 666px) 100vw, 666px\" \/><figcaption id=\"caption-attachment-24649\" class=\"wp-caption-text\">\u00a9 Javier Abad<\/figcaption><\/figure>\n<p><strong>&#8211; En tus bodas se percibe una intenci\u00f3n claramente narrativa. \u00bfQu\u00e9 buscas capturar que vaya m\u00e1s all\u00e1 de la imagen ic\u00f3nica o del momento esperado?<\/strong><br \/>\nMe alegra que mi trabajo te transmita eso porque esa es mi intenci\u00f3n.<br \/>\nPara m\u00ed la prioridad es capturar los recuerdos que quedaran para siempre de esa boda. Trato de cuidar la est\u00e9tica lo m\u00e1s posible, pero sin alterar mucho lo que est\u00e1 pasando ni hacer actuar a la gente para la c\u00e1mara.<br \/>\nQuiero capturar las emociones, lo momentos, la gente, el ambiente y que cuando la pareja vea las fotos vuelvan a sentir lo que pas\u00f3 ese d\u00eda.<\/p>\n<figure id=\"attachment_24651\" aria-describedby=\"caption-attachment-24651\" style=\"width: 1000px\" class=\"wp-caption aligncenter\"><img loading=\"lazy\" decoding=\"async\" class=\"wp-image-24651 size-full\" src=\"https:\/\/www.captionmagazine.org\/wp-content\/uploads\/2026\/03\/Favoritas-03_websize.jpg\" alt=\"\" width=\"1000\" height=\"666\" srcset=\"https:\/\/www.captionmagazine.org\/wp-content\/uploads\/2026\/03\/Favoritas-03_websize.jpg 1000w, https:\/\/www.captionmagazine.org\/wp-content\/uploads\/2026\/03\/Favoritas-03_websize-640x426.jpg 640w, https:\/\/www.captionmagazine.org\/wp-content\/uploads\/2026\/03\/Favoritas-03_websize-768x511.jpg 768w, https:\/\/www.captionmagazine.org\/wp-content\/uploads\/2026\/03\/Favoritas-03_websize-370x246.jpg 370w, https:\/\/www.captionmagazine.org\/wp-content\/uploads\/2026\/03\/Favoritas-03_websize-800x533.jpg 800w, https:\/\/www.captionmagazine.org\/wp-content\/uploads\/2026\/03\/Favoritas-03_websize-20x13.jpg 20w, https:\/\/www.captionmagazine.org\/wp-content\/uploads\/2026\/03\/Favoritas-03_websize-740x493.jpg 740w, https:\/\/www.captionmagazine.org\/wp-content\/uploads\/2026\/03\/Favoritas-03_websize-300x200.jpg 300w, https:\/\/www.captionmagazine.org\/wp-content\/uploads\/2026\/03\/Favoritas-03_websize-600x400.jpg 600w, https:\/\/www.captionmagazine.org\/wp-content\/uploads\/2026\/03\/Favoritas-03_websize-72x48.jpg 72w\" sizes=\"auto, (max-width: 1000px) 100vw, 1000px\" \/><figcaption id=\"caption-attachment-24651\" class=\"wp-caption-text\">\u00a9 Javier Abad<\/figcaption><\/figure>\n<p><strong>&#8211; Has formado a otros fot\u00f3grafos y participado en talleres. \u00bfQu\u00e9 te ha ense\u00f1ado la docencia sobre tu propio proceso creativo?<\/strong><br \/>\nMe lo ha ense\u00f1ado todo. Hablar sobre tu trabajo te obliga a analizarlo y encontrar por qu\u00e9 haces las cosas.<br \/>\nSiempre le digo a todo el mundo que, para m\u00ed, la docencia s\u00f3lo me ha tra\u00eddo cosas positivas, me ha ayudado a evolucionar y tambi\u00e9n a aprender mucho de otros fot\u00f3grafos.<\/p>\n<figure id=\"attachment_24659\" aria-describedby=\"caption-attachment-24659\" style=\"width: 1000px\" class=\"wp-caption aligncenter\"><img loading=\"lazy\" decoding=\"async\" class=\"size-full wp-image-24659\" src=\"https:\/\/www.captionmagazine.org\/wp-content\/uploads\/2026\/03\/L10-copia.jpg\" alt=\"\" width=\"1000\" height=\"666\" srcset=\"https:\/\/www.captionmagazine.org\/wp-content\/uploads\/2026\/03\/L10-copia.jpg 1000w, https:\/\/www.captionmagazine.org\/wp-content\/uploads\/2026\/03\/L10-copia-640x426.jpg 640w, https:\/\/www.captionmagazine.org\/wp-content\/uploads\/2026\/03\/L10-copia-768x511.jpg 768w, https:\/\/www.captionmagazine.org\/wp-content\/uploads\/2026\/03\/L10-copia-370x246.jpg 370w, https:\/\/www.captionmagazine.org\/wp-content\/uploads\/2026\/03\/L10-copia-800x533.jpg 800w, https:\/\/www.captionmagazine.org\/wp-content\/uploads\/2026\/03\/L10-copia-20x13.jpg 20w, https:\/\/www.captionmagazine.org\/wp-content\/uploads\/2026\/03\/L10-copia-740x493.jpg 740w, https:\/\/www.captionmagazine.org\/wp-content\/uploads\/2026\/03\/L10-copia-300x200.jpg 300w, https:\/\/www.captionmagazine.org\/wp-content\/uploads\/2026\/03\/L10-copia-600x400.jpg 600w, https:\/\/www.captionmagazine.org\/wp-content\/uploads\/2026\/03\/L10-copia-72x48.jpg 72w\" sizes=\"auto, (max-width: 1000px) 100vw, 1000px\" \/><figcaption id=\"caption-attachment-24659\" class=\"wp-caption-text\">\u00a9 Javier Abad<\/figcaption><\/figure>\n<p><strong>&#8211; Mirando hacia adelante, \u00bfQu\u00e9 inquietudes visuales te movilizan hoy y qu\u00e9 historias sientes que a\u00fan necesitas contar?<\/strong><br \/>\nPues a d\u00eda de hoy tengo un mont\u00f3n de cosas que me gustar\u00eda hacer. En los \u00faltimos a\u00f1os me he dado cuenta de que fotografiar gente me llama mucho la atenci\u00f3n. Ahor estoy intentando darle forma a un proyecto fotografiando gente que me encuentro por casualidad en Menorca y las cosas que me cuentan. No se si saldr\u00e1 algo de ah\u00ed, pero es lo que ahora mismo es en lo que estoy.<\/p>\n","protected":false},"excerpt":{"rendered":"<p>Javier Abad: entre la fotograf\u00eda de aventura, naturaleza y bodas Por Nacho Izquierdo &#8211; Llevas m\u00e1s de dos d\u00e9cadas vinculado a la imagen. Si miras atr\u00e1s, \u00bfQu\u00e9 recuerdos de tus primeros a\u00f1os con la c\u00e1mara siguen influyendo hoy en tu forma de fotografiar? Pues hay muchas cosas que me siguen influyendo. Empec\u00e9 a hacer fotos&hellip;<\/p>\n","protected":false},"author":1,"featured_media":24657,"comment_status":"closed","ping_status":"closed","sticky":false,"template":"","format":"standard","meta":{"footnotes":""},"categories":[79],"tags":[1457,341],"thb-sponsors":[],"class_list":["post-24648","post","type-post","status-publish","format-standard","has-post-thumbnail","hentry","category-entrevistas","tag-bodas","tag-fujifilm"],"_links":{"self":[{"href":"https:\/\/www.captionmagazine.org\/en\/wp-json\/wp\/v2\/posts\/24648","targetHints":{"allow":["GET"]}}],"collection":[{"href":"https:\/\/www.captionmagazine.org\/en\/wp-json\/wp\/v2\/posts"}],"about":[{"href":"https:\/\/www.captionmagazine.org\/en\/wp-json\/wp\/v2\/types\/post"}],"author":[{"embeddable":true,"href":"https:\/\/www.captionmagazine.org\/en\/wp-json\/wp\/v2\/users\/1"}],"replies":[{"embeddable":true,"href":"https:\/\/www.captionmagazine.org\/en\/wp-json\/wp\/v2\/comments?post=24648"}],"version-history":[{"count":1,"href":"https:\/\/www.captionmagazine.org\/en\/wp-json\/wp\/v2\/posts\/24648\/revisions"}],"predecessor-version":[{"id":24661,"href":"https:\/\/www.captionmagazine.org\/en\/wp-json\/wp\/v2\/posts\/24648\/revisions\/24661"}],"wp:featuredmedia":[{"embeddable":true,"href":"https:\/\/www.captionmagazine.org\/en\/wp-json\/wp\/v2\/media\/24657"}],"wp:attachment":[{"href":"https:\/\/www.captionmagazine.org\/en\/wp-json\/wp\/v2\/media?parent=24648"}],"wp:term":[{"taxonomy":"category","embeddable":true,"href":"https:\/\/www.captionmagazine.org\/en\/wp-json\/wp\/v2\/categories?post=24648"},{"taxonomy":"post_tag","embeddable":true,"href":"https:\/\/www.captionmagazine.org\/en\/wp-json\/wp\/v2\/tags?post=24648"},{"taxonomy":"thb-sponsors","embeddable":true,"href":"https:\/\/www.captionmagazine.org\/en\/wp-json\/wp\/v2\/thb-sponsors?post=24648"}],"curies":[{"name":"wp","href":"https:\/\/api.w.org\/{rel}","templated":true}]}}