{"id":24562,"date":"2026-01-20T13:04:42","date_gmt":"2026-01-20T16:04:42","guid":{"rendered":"https:\/\/www.captionmagazine.org\/?p=24562"},"modified":"2026-01-20T13:04:42","modified_gmt":"2026-01-20T16:04:42","slug":"felipe-munoz-busco-un-espacio-de-calma-dentro-de-tanto-caos","status":"publish","type":"post","link":"https:\/\/www.captionmagazine.org\/en\/entrevistas\/felipe-munoz-busco-un-espacio-de-calma-dentro-de-tanto-caos","title":{"rendered":"Felipe Mu\u00f1oz: &#8220;Busco un espacio de calma dentro de tanto caos&#8221;"},"content":{"rendered":"<h3>Felipe Mu\u00f1oz: &#8220;Busco un espacio de calma dentro de tanto caos&#8221;<\/h3>\n<p><strong>Claudio Soto<\/strong><br \/>\n<strong>Editor CAPTION Magazine<\/strong><\/p>\n<p><strong>El 2025 fue un a\u00f1o redondo para este joven fot\u00f3grafo chileno, fundador de la editorial LETARGO. Junto con recibir el premio &#8220;Rodrigo Rojas de Negri&#8221; -uno de los m\u00e1s reputados del pa\u00eds- su trabajo traspas\u00f3 las fronteras para capturar tambi\u00e9n el &#8220;Shannon Michael Cane&#8221; en el MoMA de Nueva York (EE.UU.). Constancia, perseverancia y libertad creativa son los pilares de un trabajo que comenz\u00f3 de manera autodidacta y del que no hay certeza hasta d\u00f3nde llegar\u00e1.<\/strong><\/p>\n<blockquote><p>&#8220;Mi familia ha sido clave para empujar mis proyectos&#8221; nos se\u00f1ala a la distancia el fot\u00f3grafo Felipe Mu\u00f1oz (29). Con la convicci\u00f3n del trabajo bien hecho y el reconocimiento p\u00fablico derivado de la misma, atiende a CAPTION <em>Magazine<\/em> para desvelar lo que busca en la producci\u00f3n de cada trabajo que emprende. No hay puntos intermedios. Es una tarea silenciosa, colectiva y con un alto sentido cr\u00edtico, porque en su opini\u00f3n &#8220;Una obra de arte , si no est\u00e1 asociada al contexto social en que se encuentra, termina siendo est\u00e9ril&#8221;.<\/p>\n<p>&nbsp;<\/p><\/blockquote>\n<figure id=\"attachment_24581\" aria-describedby=\"caption-attachment-24581\" style=\"width: 1104px\" class=\"wp-caption aligncenter\"><img loading=\"lazy\" decoding=\"async\" class=\"wp-image-24581 size-full\" src=\"https:\/\/www.captionmagazine.org\/wp-content\/uploads\/2026\/01\/Image5-2.jpg\" alt=\"\" width=\"1104\" height=\"1500\" srcset=\"https:\/\/www.captionmagazine.org\/wp-content\/uploads\/2026\/01\/Image5-2.jpg 1104w, https:\/\/www.captionmagazine.org\/wp-content\/uploads\/2026\/01\/Image5-2-300x408.jpg 300w, https:\/\/www.captionmagazine.org\/wp-content\/uploads\/2026\/01\/Image5-2-600x815.jpg 600w, https:\/\/www.captionmagazine.org\/wp-content\/uploads\/2026\/01\/Image5-2-640x870.jpg 640w, https:\/\/www.captionmagazine.org\/wp-content\/uploads\/2026\/01\/Image5-2-768x1043.jpg 768w, https:\/\/www.captionmagazine.org\/wp-content\/uploads\/2026\/01\/Image5-2-370x503.jpg 370w, https:\/\/www.captionmagazine.org\/wp-content\/uploads\/2026\/01\/Image5-2-800x1087.jpg 800w, https:\/\/www.captionmagazine.org\/wp-content\/uploads\/2026\/01\/Image5-2-740x1005.jpg 740w, https:\/\/www.captionmagazine.org\/wp-content\/uploads\/2026\/01\/Image5-2-20x27.jpg 20w, https:\/\/www.captionmagazine.org\/wp-content\/uploads\/2026\/01\/Image5-2-35x48.jpg 35w\" sizes=\"auto, (max-width: 1104px) 100vw, 1104px\" \/><figcaption id=\"caption-attachment-24581\" class=\"wp-caption-text\">\u00a9 Felipe Mu\u00f1oz<\/figcaption><\/figure>\n<p><strong>-Felipe, empezaste estudiando\u00a0Periodismo y desde ese punto pasaste a la fotograf\u00eda \u00bfPor qu\u00e9?<\/strong><br \/>\n-Mi relaci\u00f3n con la fotograf\u00eda es anterior al periodismo. Comenc\u00e9 en la adolescencia y cuando sal\u00ed del colegio vi en el periodismo una posibilidad para desarrollarme en esto que me interesaba. Logr\u00e9 adquirir otras herramientas con el objetivo de fortalecer esto que ven\u00eda haciendo. Cuando decid\u00ed estudiar periodismo, lo hice con el objeto de focalizar todo este aprendizaje y formaci\u00f3n universitaria para la cultura y las artes.<\/p>\n<p><strong>-\u00bfPero qu\u00e9\u00a0te\u00a0llev\u00f3 finalmente a est\u00e1 \u00e1rea de las artes visuales?<\/strong><br \/>\n-Mi formaci\u00f3n en paralelo fue autodidacta porque no tengo estudios formales. Todo lo aprend\u00ed participando, por ejemplo, en festivales. Desde muy chico me invitaron a participar de un colectivo de fot\u00f3grafos independientes de la Regi\u00f3n de Coquimbo (Chile). Era el m\u00e1s joven y en \u00e9l\u00a0 hab\u00eda muchos profesionales m\u00e1s experimentados. Fueron ellos los que me abrieron las puertas a lo que estaban haciendo. En el \u00faltimo a\u00f1o de universidad dije &#8220;Ok, esto hay que llevarlo a la pr\u00e1ctica&#8221;. Desde ah\u00ed nace LETARGO como revista, que es una plataforma que ten\u00eda como principal objeto dar cabida a fot\u00f3grafos j\u00f3venes que estuviesen trabajando desde regiones.<\/p>\n<div id='gallery-1' class='gallery galleryid-24562 gallery-columns-4 gallery-size-thumbnail'><figure class='gallery-item'>\n\t\t\t<div class='gallery-icon portrait'>\n\t\t\t\t<a href='https:\/\/www.captionmagazine.org\/wp-content\/uploads\/2026\/01\/Image1.jpg'><img loading=\"lazy\" decoding=\"async\" width=\"160\" height=\"160\" src=\"https:\/\/www.captionmagazine.org\/wp-content\/uploads\/2026\/01\/Image1-160x160.jpg\" class=\"attachment-thumbnail size-thumbnail\" alt=\"\" aria-describedby=\"gallery-1-24580\" srcset=\"https:\/\/www.captionmagazine.org\/wp-content\/uploads\/2026\/01\/Image1-160x160.jpg 160w, https:\/\/www.captionmagazine.org\/wp-content\/uploads\/2026\/01\/Image1-100x100.jpg 100w, https:\/\/www.captionmagazine.org\/wp-content\/uploads\/2026\/01\/Image1-90x90.jpg 90w, https:\/\/www.captionmagazine.org\/wp-content\/uploads\/2026\/01\/Image1-20x19.jpg 20w\" sizes=\"auto, (max-width: 160px) 100vw, 160px\" \/><\/a>\n\t\t\t<\/div>\n\t\t\t\t<figcaption class='wp-caption-text gallery-caption' id='gallery-1-24580'>\n\t\t\t\t\u00a9 Felipe Mu\u00f1oz\n\t\t\t\t<\/figcaption><\/figure><figure class='gallery-item'>\n\t\t\t<div class='gallery-icon portrait'>\n\t\t\t\t<a href='https:\/\/www.captionmagazine.org\/wp-content\/uploads\/2026\/01\/Image-81.jpg'><img loading=\"lazy\" decoding=\"async\" width=\"160\" height=\"160\" src=\"https:\/\/www.captionmagazine.org\/wp-content\/uploads\/2026\/01\/Image-81-160x160.jpg\" class=\"attachment-thumbnail size-thumbnail\" alt=\"\" aria-describedby=\"gallery-1-24576\" srcset=\"https:\/\/www.captionmagazine.org\/wp-content\/uploads\/2026\/01\/Image-81-160x160.jpg 160w, https:\/\/www.captionmagazine.org\/wp-content\/uploads\/2026\/01\/Image-81-100x100.jpg 100w, https:\/\/www.captionmagazine.org\/wp-content\/uploads\/2026\/01\/Image-81-90x90.jpg 90w, https:\/\/www.captionmagazine.org\/wp-content\/uploads\/2026\/01\/Image-81-20x19.jpg 20w\" sizes=\"auto, (max-width: 160px) 100vw, 160px\" \/><\/a>\n\t\t\t<\/div>\n\t\t\t\t<figcaption class='wp-caption-text gallery-caption' id='gallery-1-24576'>\n\t\t\t\t\u00a9 Felipe Mu\u00f1oz\n\t\t\t\t<\/figcaption><\/figure><figure class='gallery-item'>\n\t\t\t<div class='gallery-icon portrait'>\n\t\t\t\t<a href='https:\/\/www.captionmagazine.org\/wp-content\/uploads\/2026\/01\/Image-23_1.jpg'><img loading=\"lazy\" decoding=\"async\" width=\"160\" height=\"160\" src=\"https:\/\/www.captionmagazine.org\/wp-content\/uploads\/2026\/01\/Image-23_1-160x160.jpg\" class=\"attachment-thumbnail size-thumbnail\" alt=\"\" aria-describedby=\"gallery-1-24574\" srcset=\"https:\/\/www.captionmagazine.org\/wp-content\/uploads\/2026\/01\/Image-23_1-160x160.jpg 160w, https:\/\/www.captionmagazine.org\/wp-content\/uploads\/2026\/01\/Image-23_1-100x100.jpg 100w, https:\/\/www.captionmagazine.org\/wp-content\/uploads\/2026\/01\/Image-23_1-90x90.jpg 90w, https:\/\/www.captionmagazine.org\/wp-content\/uploads\/2026\/01\/Image-23_1-20x19.jpg 20w\" sizes=\"auto, (max-width: 160px) 100vw, 160px\" \/><\/a>\n\t\t\t<\/div>\n\t\t\t\t<figcaption class='wp-caption-text gallery-caption' id='gallery-1-24574'>\n\t\t\t\t\u00a9 Felipe Mu\u00f1oz\n\t\t\t\t<\/figcaption><\/figure><figure class='gallery-item'>\n\t\t\t<div class='gallery-icon portrait'>\n\t\t\t\t<a href='https:\/\/www.captionmagazine.org\/wp-content\/uploads\/2026\/01\/Image-17.jpg'><img loading=\"lazy\" decoding=\"async\" width=\"160\" height=\"160\" src=\"https:\/\/www.captionmagazine.org\/wp-content\/uploads\/2026\/01\/Image-17-160x160.jpg\" class=\"attachment-thumbnail size-thumbnail\" alt=\"\" aria-describedby=\"gallery-1-24572\" srcset=\"https:\/\/www.captionmagazine.org\/wp-content\/uploads\/2026\/01\/Image-17-160x160.jpg 160w, https:\/\/www.captionmagazine.org\/wp-content\/uploads\/2026\/01\/Image-17-100x100.jpg 100w, https:\/\/www.captionmagazine.org\/wp-content\/uploads\/2026\/01\/Image-17-90x90.jpg 90w, https:\/\/www.captionmagazine.org\/wp-content\/uploads\/2026\/01\/Image-17-20x19.jpg 20w\" sizes=\"auto, (max-width: 160px) 100vw, 160px\" \/><\/a>\n\t\t\t<\/div>\n\t\t\t\t<figcaption class='wp-caption-text gallery-caption' id='gallery-1-24572'>\n\t\t\t\t\u00a9 Felipe Mu\u00f1oz\n\t\t\t\t<\/figcaption><\/figure><figure class='gallery-item'>\n\t\t\t<div class='gallery-icon portrait'>\n\t\t\t\t<a href='https:\/\/www.captionmagazine.org\/wp-content\/uploads\/2026\/01\/Image-14_1.jpg'><img loading=\"lazy\" decoding=\"async\" width=\"160\" height=\"160\" src=\"https:\/\/www.captionmagazine.org\/wp-content\/uploads\/2026\/01\/Image-14_1-160x160.jpg\" class=\"attachment-thumbnail size-thumbnail\" alt=\"\" aria-describedby=\"gallery-1-24570\" srcset=\"https:\/\/www.captionmagazine.org\/wp-content\/uploads\/2026\/01\/Image-14_1-160x160.jpg 160w, https:\/\/www.captionmagazine.org\/wp-content\/uploads\/2026\/01\/Image-14_1-100x100.jpg 100w, https:\/\/www.captionmagazine.org\/wp-content\/uploads\/2026\/01\/Image-14_1-90x90.jpg 90w, https:\/\/www.captionmagazine.org\/wp-content\/uploads\/2026\/01\/Image-14_1-20x19.jpg 20w\" sizes=\"auto, (max-width: 160px) 100vw, 160px\" \/><\/a>\n\t\t\t<\/div>\n\t\t\t\t<figcaption class='wp-caption-text gallery-caption' id='gallery-1-24570'>\n\t\t\t\t\u00a9 Felipe Mu\u00f1oz\n\t\t\t\t<\/figcaption><\/figure><figure class='gallery-item'>\n\t\t\t<div class='gallery-icon portrait'>\n\t\t\t\t<a href='https:\/\/www.captionmagazine.org\/wp-content\/uploads\/2026\/01\/Image-2_1-copy.jpg'><img loading=\"lazy\" decoding=\"async\" width=\"160\" height=\"160\" src=\"https:\/\/www.captionmagazine.org\/wp-content\/uploads\/2026\/01\/Image-2_1-copy-160x160.jpg\" class=\"attachment-thumbnail size-thumbnail\" alt=\"\" aria-describedby=\"gallery-1-24568\" srcset=\"https:\/\/www.captionmagazine.org\/wp-content\/uploads\/2026\/01\/Image-2_1-copy-160x160.jpg 160w, https:\/\/www.captionmagazine.org\/wp-content\/uploads\/2026\/01\/Image-2_1-copy-100x100.jpg 100w, https:\/\/www.captionmagazine.org\/wp-content\/uploads\/2026\/01\/Image-2_1-copy-90x90.jpg 90w, https:\/\/www.captionmagazine.org\/wp-content\/uploads\/2026\/01\/Image-2_1-copy-20x19.jpg 20w\" sizes=\"auto, (max-width: 160px) 100vw, 160px\" \/><\/a>\n\t\t\t<\/div>\n\t\t\t\t<figcaption class='wp-caption-text gallery-caption' id='gallery-1-24568'>\n\t\t\t\t\u00a9 Felipe Mu\u00f1oz\n\t\t\t\t<\/figcaption><\/figure><figure class='gallery-item'>\n\t\t\t<div class='gallery-icon portrait'>\n\t\t\t\t<a href='https:\/\/www.captionmagazine.org\/wp-content\/uploads\/2026\/01\/Image-1-5_1.jpg'><img loading=\"lazy\" decoding=\"async\" width=\"160\" height=\"160\" src=\"https:\/\/www.captionmagazine.org\/wp-content\/uploads\/2026\/01\/Image-1-5_1-160x160.jpg\" class=\"attachment-thumbnail size-thumbnail\" alt=\"\" aria-describedby=\"gallery-1-24566\" srcset=\"https:\/\/www.captionmagazine.org\/wp-content\/uploads\/2026\/01\/Image-1-5_1-160x160.jpg 160w, https:\/\/www.captionmagazine.org\/wp-content\/uploads\/2026\/01\/Image-1-5_1-100x100.jpg 100w, https:\/\/www.captionmagazine.org\/wp-content\/uploads\/2026\/01\/Image-1-5_1-90x90.jpg 90w, https:\/\/www.captionmagazine.org\/wp-content\/uploads\/2026\/01\/Image-1-5_1-20x19.jpg 20w\" sizes=\"auto, (max-width: 160px) 100vw, 160px\" \/><\/a>\n\t\t\t<\/div>\n\t\t\t\t<figcaption class='wp-caption-text gallery-caption' id='gallery-1-24566'>\n\t\t\t\t\u00a9 Felipe Mu\u00f1oz\n\t\t\t\t<\/figcaption><\/figure><figure class='gallery-item'>\n\t\t\t<div class='gallery-icon portrait'>\n\t\t\t\t<a href='https:\/\/www.captionmagazine.org\/wp-content\/uploads\/2026\/01\/4.jpg'><img loading=\"lazy\" decoding=\"async\" width=\"160\" height=\"160\" src=\"https:\/\/www.captionmagazine.org\/wp-content\/uploads\/2026\/01\/4-160x160.jpg\" class=\"attachment-thumbnail size-thumbnail\" alt=\"\" aria-describedby=\"gallery-1-24564\" srcset=\"https:\/\/www.captionmagazine.org\/wp-content\/uploads\/2026\/01\/4-160x160.jpg 160w, https:\/\/www.captionmagazine.org\/wp-content\/uploads\/2026\/01\/4-100x100.jpg 100w, https:\/\/www.captionmagazine.org\/wp-content\/uploads\/2026\/01\/4-90x90.jpg 90w, https:\/\/www.captionmagazine.org\/wp-content\/uploads\/2026\/01\/4-20x19.jpg 20w\" sizes=\"auto, (max-width: 160px) 100vw, 160px\" \/><\/a>\n\t\t\t<\/div>\n\t\t\t\t<figcaption class='wp-caption-text gallery-caption' id='gallery-1-24564'>\n\t\t\t\t\u00a9 Felipe Mu\u00f1oz\n\t\t\t\t<\/figcaption><\/figure>\n\t\t<\/div>\n\n<p><strong>-Y en ese transitar \u00bfhay alg\u00fan fot\u00f3grafo nacional o extranjero que haya sido un referente?<\/strong><br \/>\n-Hay dos fot\u00f3grafos que fueron importantes en mi carrera temprana. La primera vez que particip\u00e9 en un festival de fotograf\u00eda ten\u00eda s\u00f3lo 18 a\u00f1os, y por lo mismo para mi fueron elementales en temas autorales y creativos. En cuanto a consejos, destaco a Mauricio Toro Goya (Vallenar, Chile) que es un fot\u00f3grafo de la Regi\u00f3n de Coquimbo que es el gestor del Festival de Fotograf\u00eda Contempor\u00e1nea de la zona (FOCCO) y que fue el primer festival al que asist\u00ed. En temas editoriales, la referencia es Miguel \u00c1ngel Felipe (Avil\u00e9s, Espa\u00f1a), quien me entreg\u00f3 muchos conocimientos de lo que era la edici\u00f3n, el publicar, etc.<\/p>\n<p><strong>-En diciembre del 2025 recibiste por parte del Ministerio de las Culturas, las Artes y el Patrimonio (Chile) el premio Rojas de Negri \u00bfQu\u00e9 significa en tu carrera?<\/strong><br \/>\n-Este premio tiene varias capas. La primera de ellas, por todo lo que significa este reconocimiento en s\u00ed, y que ha alcanzado a grandes fot\u00f3grafos, como los hermanos Crist\u00f3bal y Alejandro Olivares, o Tom\u00e1s Munita, entre otros. Inevitablemente, uno los va estudiando. Para ser sincero, este premio lleg\u00f3 de manera inesperada. No cre\u00ed que lo iba a ganar porque mi trabajo de los \u00faltimos dos a\u00f1os ha estado entre la teor\u00eda y la pr\u00e1ctica y en donde me he dedicado b\u00e1sicamente a hacer investigaci\u00f3n de fotograf\u00eda. En este inevitable camino, mi trabajo en t\u00e9rminos p\u00fablicos hab\u00eda quedado en segundo plano porque estaba imbuido en mi tarea como editor.<\/p>\n<p><strong>-Pero, primero recibiste un premio en Nueva York, el premio Shannon Michael Cane, entregado por Printed Matter en el contexto de la NY Art Book Fair realizada en el MoMA&#8230;<\/strong><br \/>\n-Recibimos un premio que destaca editoriales independientes en el \u00e1mbito internacional por lo que ha sido un a\u00f1o bastante premiado. Hace dos semanas recibimos tambi\u00e9n el premio de las Artes y las Culturas de la Regi\u00f3n de Coquimbo. Ha sido un a\u00f1o muy lindo, pues viene a reconocer un trabajo bastante persistente.<\/p>\n<p><strong>&#8211; \u00bfY qu\u00e9 persigues con la fotograf\u00eda en lo profundo?<\/strong><br \/>\n-Hay dos cosas importantes que hay que separar. Una, mi trabajo como editor, como actor; y luego mi pensamiento, es decir, lo que yo entiendo de mi trabajo fotogr\u00e1fico. Son cosas que funcionan en planos diferentes. En mi aspecto como editor de LETARGO es muy relevante pensar desde el \u00e1mbito de la descentralizaci\u00f3n de la fotograf\u00eda y poder buscar espacios fuera de la capital de Chile (Santiago). Una de las grandes razones por las que fund\u00e9 LETARGO era porque costaba mucho encontrar un espacio para mostrar mis fotograf\u00edas y para la gente de regiones. Publicar, mostrar, circular era muy complicado.<\/p>\n<figure id=\"attachment_24577\" aria-describedby=\"caption-attachment-24577\" style=\"width: 1188px\" class=\"wp-caption aligncenter\"><img loading=\"lazy\" decoding=\"async\" class=\"size-full wp-image-24577\" src=\"https:\/\/www.captionmagazine.org\/wp-content\/uploads\/2026\/01\/Image-84.jpg\" alt=\"\" width=\"1188\" height=\"1500\" srcset=\"https:\/\/www.captionmagazine.org\/wp-content\/uploads\/2026\/01\/Image-84.jpg 1188w, https:\/\/www.captionmagazine.org\/wp-content\/uploads\/2026\/01\/Image-84-300x379.jpg 300w, https:\/\/www.captionmagazine.org\/wp-content\/uploads\/2026\/01\/Image-84-600x758.jpg 600w, https:\/\/www.captionmagazine.org\/wp-content\/uploads\/2026\/01\/Image-84-640x808.jpg 640w, https:\/\/www.captionmagazine.org\/wp-content\/uploads\/2026\/01\/Image-84-768x970.jpg 768w, https:\/\/www.captionmagazine.org\/wp-content\/uploads\/2026\/01\/Image-84-370x467.jpg 370w, https:\/\/www.captionmagazine.org\/wp-content\/uploads\/2026\/01\/Image-84-800x1010.jpg 800w, https:\/\/www.captionmagazine.org\/wp-content\/uploads\/2026\/01\/Image-84-740x934.jpg 740w, https:\/\/www.captionmagazine.org\/wp-content\/uploads\/2026\/01\/Image-84-20x25.jpg 20w, https:\/\/www.captionmagazine.org\/wp-content\/uploads\/2026\/01\/Image-84-38x48.jpg 38w\" sizes=\"auto, (max-width: 1188px) 100vw, 1188px\" \/><figcaption id=\"caption-attachment-24577\" class=\"wp-caption-text\">\u00a9 Felipe Mu\u00f1oz<\/figcaption><\/figure>\n<p><strong>-\u00bfExiste elitismo en\u00a0la\u00a0fotograf\u00eda de tu pa\u00eds?<\/strong><br \/>\n-No creo que haya elitismo. Creo que la fotograf\u00eda chilena es un nicho bastante peque\u00f1o. Creo que hay formas diferentes de verla, lo que es absolutamente entendible. Con LETARGO no queremos imponer nada, sino simplemente, poner en evidencia que hay otras formas de trabajar.<\/p>\n<p><strong>-T\u00fa eres un fot\u00f3grafo joven, ya de la \u00e9poca digital&#8230;<\/strong><br \/>\n-En t\u00e9rminos t\u00e9cnicos no soy muy purista. La verdad no me complica trabajar con lo digital y lo an\u00e1logo. Sin embargo, por el tipo de fotograf\u00eda que me interesa hacer y por la que se me premia con el Rojas de Negri, parte de una fotograf\u00eda que critica la inmediatez de nuestras vidas y es la raz\u00f3n porque publicamos libros. Mi trabajo personal es anal\u00f3gico. Me interesa pensar la fotograf\u00eda desde algo m\u00e1s lento, m\u00e1s pausado, dentro de un contexto en donde todo pasa extremadamente r\u00e1pido. Entonces, cuando estoy trabajando en mi fotograf\u00eda me gusta entenderla como un espacio personal, hago una pausa, invitando al lector a hacerla tambi\u00e9n. Busco un espacio de calma dentro de tanto caos visual.<\/p>\n<p><strong>-\u00bfY qu\u00e9\u00a0te parece el\u00a0uso de la Inteligencia Artificial (IA) en la profesi\u00f3n?<\/strong><br \/>\n-Es un tema interesante. No soy purista. No la entiendo ni como medio, ni como fin, sino que como una herramienta para presentar una cr\u00edtica. Es tan herramienta como lo es el traductor de <em>Google<\/em>. Si hay personas que quieran ocupar la IA como meta o fin, no me surge ning\u00fan problema. La idea en la actualidad en las universidades chilenas es integrar en los\u00a0procesos creativos de los estudiantes la IA como herramienta. Querer cerrarla o evitarla, es taparnos\u00a0los ojos.<\/p>\n<p><strong>-\u00bfQu\u00e9 quieres transmitir a tus alumnos en el plano acad\u00e9mico?<\/strong><br \/>\n-Mi inter\u00e9s es transmitir que las posibilidades creativas tienen que estar ineludiblemente abordadas desde un aspecto cr\u00edtico. Una obra de arte o un producto creativo, si no est\u00e1 asociado al contexto social en que se encuentra, termina siendo est\u00e9ril.<\/p>\n","protected":false},"excerpt":{"rendered":"<p>Felipe Mu\u00f1oz: &#8220;Busco un espacio de calma dentro de tanto caos&#8221; Claudio Soto Editor CAPTION Magazine El 2025 fue un a\u00f1o redondo para este joven fot\u00f3grafo chileno, fundador de la editorial LETARGO. Junto con recibir el premio &#8220;Rodrigo Rojas de Negri&#8221; -uno de los m\u00e1s reputados del pa\u00eds- su trabajo traspas\u00f3 las fronteras para capturar&hellip;<\/p>\n","protected":false},"author":1,"featured_media":24577,"comment_status":"closed","ping_status":"closed","sticky":false,"template":"","format":"standard","meta":{"footnotes":""},"categories":[79],"tags":[],"thb-sponsors":[],"class_list":["post-24562","post","type-post","status-publish","format-standard","has-post-thumbnail","hentry","category-entrevistas"],"_links":{"self":[{"href":"https:\/\/www.captionmagazine.org\/en\/wp-json\/wp\/v2\/posts\/24562","targetHints":{"allow":["GET"]}}],"collection":[{"href":"https:\/\/www.captionmagazine.org\/en\/wp-json\/wp\/v2\/posts"}],"about":[{"href":"https:\/\/www.captionmagazine.org\/en\/wp-json\/wp\/v2\/types\/post"}],"author":[{"embeddable":true,"href":"https:\/\/www.captionmagazine.org\/en\/wp-json\/wp\/v2\/users\/1"}],"replies":[{"embeddable":true,"href":"https:\/\/www.captionmagazine.org\/en\/wp-json\/wp\/v2\/comments?post=24562"}],"version-history":[{"count":6,"href":"https:\/\/www.captionmagazine.org\/en\/wp-json\/wp\/v2\/posts\/24562\/revisions"}],"predecessor-version":[{"id":24589,"href":"https:\/\/www.captionmagazine.org\/en\/wp-json\/wp\/v2\/posts\/24562\/revisions\/24589"}],"wp:featuredmedia":[{"embeddable":true,"href":"https:\/\/www.captionmagazine.org\/en\/wp-json\/wp\/v2\/media\/24577"}],"wp:attachment":[{"href":"https:\/\/www.captionmagazine.org\/en\/wp-json\/wp\/v2\/media?parent=24562"}],"wp:term":[{"taxonomy":"category","embeddable":true,"href":"https:\/\/www.captionmagazine.org\/en\/wp-json\/wp\/v2\/categories?post=24562"},{"taxonomy":"post_tag","embeddable":true,"href":"https:\/\/www.captionmagazine.org\/en\/wp-json\/wp\/v2\/tags?post=24562"},{"taxonomy":"thb-sponsors","embeddable":true,"href":"https:\/\/www.captionmagazine.org\/en\/wp-json\/wp\/v2\/thb-sponsors?post=24562"}],"curies":[{"name":"wp","href":"https:\/\/api.w.org\/{rel}","templated":true}]}}