{"id":24522,"date":"2026-01-15T19:36:19","date_gmt":"2026-01-15T22:36:19","guid":{"rendered":"https:\/\/www.captionmagazine.org\/?p=24522"},"modified":"2026-01-15T19:42:54","modified_gmt":"2026-01-15T22:42:54","slug":"fujifilm-instax-mini-evo-cinema-una-camara-hibrida-para-viajar-en-el-tiempo","status":"publish","type":"post","link":"https:\/\/www.captionmagazine.org\/en\/noticias\/fujifilm-instax-mini-evo-cinema-una-camara-hibrida-para-viajar-en-el-tiempo","title":{"rendered":"Fujifilm instax mini Evo Cinema: una c\u00e1mara h\u00edbrida para viajar en el tiempo"},"content":{"rendered":"<h3 dir=\"auto\"><strong>Fujifilm presenta en Espa\u00f1a la instax mini Evo Cinema: la c\u00e1mara h\u00edbrida que te hace viajar en el tiempo<\/strong><\/h3>\n<p dir=\"auto\">Madrid, 15 de enero de 2026 \u2013 Fujifilm ha presentado hoy en Espa\u00f1a la nueva <strong>instax mini Evo Cinema<\/strong>, una c\u00e1mara instant\u00e1nea h\u00edbrida 3-en-1 que combina fotograf\u00eda, v\u00eddeo corto e impresi\u00f3n instant\u00e1nea en un solo dispositivo. Nuestro editor <strong>Nacho Izquierdo<\/strong> asisti\u00f3 al evento de lanzamiento, donde pudo probar en primera persona esta innovadora propuesta que fusiona el encanto retro con herramientas creativas modernas.<\/p>\n<figure id=\"attachment_24552\" aria-describedby=\"caption-attachment-24552\" style=\"width: 640px\" class=\"wp-caption alignnone\"><img loading=\"lazy\" decoding=\"async\" class=\"wp-image-24552 size-medium\" src=\"https:\/\/www.captionmagazine.org\/wp-content\/uploads\/2026\/01\/instax3-640x411.jpeg\" alt=\"\" width=\"640\" height=\"411\" srcset=\"https:\/\/www.captionmagazine.org\/wp-content\/uploads\/2026\/01\/instax3-640x411.jpeg 640w, https:\/\/www.captionmagazine.org\/wp-content\/uploads\/2026\/01\/instax3-300x193.jpeg 300w, https:\/\/www.captionmagazine.org\/wp-content\/uploads\/2026\/01\/instax3-600x385.jpeg 600w, https:\/\/www.captionmagazine.org\/wp-content\/uploads\/2026\/01\/instax3-370x238.jpeg 370w, https:\/\/www.captionmagazine.org\/wp-content\/uploads\/2026\/01\/instax3-20x13.jpeg 20w, https:\/\/www.captionmagazine.org\/wp-content\/uploads\/2026\/01\/instax3-75x48.jpeg 75w\" sizes=\"auto, (max-width: 640px) 100vw, 640px\" \/><figcaption id=\"caption-attachment-24552\" class=\"wp-caption-text\">\u00a9 Nacho Izquierdo<\/figcaption><\/figure>\n<p><img loading=\"lazy\" decoding=\"async\" class=\"alignnone size-medium wp-image-24544\" src=\"https:\/\/www.captionmagazine.org\/wp-content\/uploads\/2026\/01\/instax7-640x427.jpeg\" alt=\"\" width=\"640\" height=\"427\" srcset=\"https:\/\/www.captionmagazine.org\/wp-content\/uploads\/2026\/01\/instax7-640x427.jpeg 640w, https:\/\/www.captionmagazine.org\/wp-content\/uploads\/2026\/01\/instax7-300x200.jpeg 300w, https:\/\/www.captionmagazine.org\/wp-content\/uploads\/2026\/01\/instax7-600x400.jpeg 600w, https:\/\/www.captionmagazine.org\/wp-content\/uploads\/2026\/01\/instax7-370x247.jpeg 370w, https:\/\/www.captionmagazine.org\/wp-content\/uploads\/2026\/01\/instax7-20x13.jpeg 20w, https:\/\/www.captionmagazine.org\/wp-content\/uploads\/2026\/01\/instax7-72x48.jpeg 72w\" sizes=\"auto, (max-width: 640px) 100vw, 640px\" \/><\/p>\n<p dir=\"auto\">Inspirada en la legendaria c\u00e1mara de cine <strong>FUJICA Single-8<\/strong> de 1965, la mini Evo Cinema adopta un dise\u00f1o vertical elegante en negro mate con empu\u00f1adura ergon\u00f3mica y controles anal\u00f3gicos que evocan la era del Super 8. Pero su verdadero atractivo radica en el <strong>Eras Dial<\/strong>, una ruleta \u00fanica que permite aplicar efectos de 10 \u00e9pocas distintas: desde los tonos granulados y sepia de los a\u00f1os 30, pasando por el look cinematogr\u00e1fico de los 60 inspirado en pel\u00edcula de 8 mm, los colores saturados de los 80, hasta la nitidez contempor\u00e1nea de los 2020.<\/p>\n<p dir=\"auto\"><img loading=\"lazy\" decoding=\"async\" class=\"alignnone size-medium wp-image-24548\" src=\"https:\/\/www.captionmagazine.org\/wp-content\/uploads\/2026\/01\/instax5-640x427.jpeg\" alt=\"\" width=\"640\" height=\"427\" srcset=\"https:\/\/www.captionmagazine.org\/wp-content\/uploads\/2026\/01\/instax5-640x427.jpeg 640w, https:\/\/www.captionmagazine.org\/wp-content\/uploads\/2026\/01\/instax5-300x200.jpeg 300w, https:\/\/www.captionmagazine.org\/wp-content\/uploads\/2026\/01\/instax5-600x400.jpeg 600w, https:\/\/www.captionmagazine.org\/wp-content\/uploads\/2026\/01\/instax5-370x247.jpeg 370w, https:\/\/www.captionmagazine.org\/wp-content\/uploads\/2026\/01\/instax5-20x13.jpeg 20w, https:\/\/www.captionmagazine.org\/wp-content\/uploads\/2026\/01\/instax5-72x48.jpeg 72w\" sizes=\"auto, (max-width: 640px) 100vw, 640px\" \/><\/p>\n<p dir=\"auto\">Cada \u00e9poca se puede ajustar con precisi\u00f3n gracias al dial de control de intensidad, que modifica color, contraste y grano en 10 niveles. A\u00f1ade un marco tem\u00e1tico por \u00e9poca, cambia entre modos <strong>CINE<\/strong> (para clips de hasta 15 segundos que la c\u00e1mara une autom\u00e1ticamente) y <strong>FOTO<\/strong>, y utiliza la palanca de zoom digital para componer con mayor intimidad o amplitud. Todo se conecta v\u00eda Bluetooth a la app gratuita <strong>instax mini Evo<\/strong>, donde puedes extender los v\u00eddeos hasta 30 segundos, reordenar clips, a\u00f1adir t\u00edtulos cinematogr\u00e1ficos y organizar tu galer\u00eda en categor\u00edas como Favoritos, Impresos o Proyectos.<\/p>\n<p dir=\"auto\"><img loading=\"lazy\" decoding=\"async\" class=\"alignnone size-full wp-image-24532\" src=\"https:\/\/www.captionmagazine.org\/wp-content\/uploads\/2026\/01\/Screenshot-2026-01-15-at-7.20.59\u202fPM.png\" alt=\"\" width=\"568\" height=\"731\" srcset=\"https:\/\/www.captionmagazine.org\/wp-content\/uploads\/2026\/01\/Screenshot-2026-01-15-at-7.20.59\u202fPM.png 568w, https:\/\/www.captionmagazine.org\/wp-content\/uploads\/2026\/01\/Screenshot-2026-01-15-at-7.20.59\u202fPM-300x386.png 300w, https:\/\/www.captionmagazine.org\/wp-content\/uploads\/2026\/01\/Screenshot-2026-01-15-at-7.20.59\u202fPM-370x476.png 370w, https:\/\/www.captionmagazine.org\/wp-content\/uploads\/2026\/01\/Screenshot-2026-01-15-at-7.20.59\u202fPM-20x26.png 20w, https:\/\/www.captionmagazine.org\/wp-content\/uploads\/2026\/01\/Screenshot-2026-01-15-at-7.20.59\u202fPM-37x48.png 37w\" sizes=\"auto, (max-width: 568px) 100vw, 568px\" \/><\/p>\n<p dir=\"auto\">Una de las funciones m\u00e1s curiosas es la <strong>impresi\u00f3n de v\u00eddeo<\/strong>: selecciona un fotograma clave, genera un c\u00f3digo QR en la foto instax mini impresa y cualquiera podr\u00e1 escanearlo con su smartphone para reproducir el clip original (en resoluci\u00f3n hasta 1080 x 1440 en la Era 2020). Es una forma tangible y nost\u00e1lgica de \u201centregar\u201d un v\u00eddeo.<\/p>\n<p dir=\"auto\"><img loading=\"lazy\" decoding=\"async\" class=\"alignnone size-full wp-image-24530\" src=\"https:\/\/www.captionmagazine.org\/wp-content\/uploads\/2026\/01\/Screenshot-2026-01-15-at-7.21.23\u202fPM.png\" alt=\"\" width=\"539\" height=\"881\" srcset=\"https:\/\/www.captionmagazine.org\/wp-content\/uploads\/2026\/01\/Screenshot-2026-01-15-at-7.21.23\u202fPM.png 539w, https:\/\/www.captionmagazine.org\/wp-content\/uploads\/2026\/01\/Screenshot-2026-01-15-at-7.21.23\u202fPM-300x490.png 300w, https:\/\/www.captionmagazine.org\/wp-content\/uploads\/2026\/01\/Screenshot-2026-01-15-at-7.21.23\u202fPM-370x605.png 370w, https:\/\/www.captionmagazine.org\/wp-content\/uploads\/2026\/01\/Screenshot-2026-01-15-at-7.21.23\u202fPM-20x33.png 20w, https:\/\/www.captionmagazine.org\/wp-content\/uploads\/2026\/01\/Screenshot-2026-01-15-at-7.21.23\u202fPM-29x48.png 29w\" sizes=\"auto, (max-width: 539px) 100vw, 539px\" \/><\/p>\n<p dir=\"auto\">Nacho Izquierdo, tras manejarla durante la presentaci\u00f3n, destac\u00f3: \u201cEs fascinante c\u00f3mo Fujifilm logra que un gadget tan juguet\u00f3n se sienta tan premium y t\u00e1ctil. El Eras Dial realmente te transporta a otra d\u00e9cada; es perfecto para creadores que buscan un estilo cinematogr\u00e1fico instant\u00e1neo sin complicaciones\u201d.<\/p>\n<figure id=\"attachment_24546\" aria-describedby=\"caption-attachment-24546\" style=\"width: 640px\" class=\"wp-caption alignnone\"><img loading=\"lazy\" decoding=\"async\" class=\"size-medium wp-image-24546\" src=\"https:\/\/www.captionmagazine.org\/wp-content\/uploads\/2026\/01\/instax6-640x427.jpeg\" alt=\"\" width=\"640\" height=\"427\" srcset=\"https:\/\/www.captionmagazine.org\/wp-content\/uploads\/2026\/01\/instax6-640x427.jpeg 640w, https:\/\/www.captionmagazine.org\/wp-content\/uploads\/2026\/01\/instax6-300x200.jpeg 300w, https:\/\/www.captionmagazine.org\/wp-content\/uploads\/2026\/01\/instax6-600x400.jpeg 600w, https:\/\/www.captionmagazine.org\/wp-content\/uploads\/2026\/01\/instax6-370x247.jpeg 370w, https:\/\/www.captionmagazine.org\/wp-content\/uploads\/2026\/01\/instax6-20x13.jpeg 20w, https:\/\/www.captionmagazine.org\/wp-content\/uploads\/2026\/01\/instax6-72x48.jpeg 72w\" sizes=\"auto, (max-width: 640px) 100vw, 640px\" \/><figcaption id=\"caption-attachment-24546\" class=\"wp-caption-text\">Nacho Izquierdo, editor de CAPTION Magazine, revisando las funciones de la nueva Fujifilm mini Evo Cinema.<\/figcaption><\/figure>\n<figure id=\"attachment_24534\" aria-describedby=\"caption-attachment-24534\" style=\"width: 640px\" class=\"wp-caption alignnone\"><img loading=\"lazy\" decoding=\"async\" class=\"wp-image-24534 size-medium\" src=\"https:\/\/www.captionmagazine.org\/wp-content\/uploads\/2026\/01\/instax2-640x427.jpeg\" alt=\"\" width=\"640\" height=\"427\" srcset=\"https:\/\/www.captionmagazine.org\/wp-content\/uploads\/2026\/01\/instax2-640x427.jpeg 640w, https:\/\/www.captionmagazine.org\/wp-content\/uploads\/2026\/01\/instax2-300x200.jpeg 300w, https:\/\/www.captionmagazine.org\/wp-content\/uploads\/2026\/01\/instax2-600x400.jpeg 600w, https:\/\/www.captionmagazine.org\/wp-content\/uploads\/2026\/01\/instax2-370x247.jpeg 370w, https:\/\/www.captionmagazine.org\/wp-content\/uploads\/2026\/01\/instax2-20x13.jpeg 20w, https:\/\/www.captionmagazine.org\/wp-content\/uploads\/2026\/01\/instax2-72x48.jpeg 72w\" sizes=\"auto, (max-width: 640px) 100vw, 640px\" \/><figcaption id=\"caption-attachment-24534\" class=\"wp-caption-text\">\u00a9 Nacho Izquierdo<\/figcaption><\/figure>\n<figure id=\"attachment_24550\" aria-describedby=\"caption-attachment-24550\" style=\"width: 640px\" class=\"wp-caption alignnone\"><img loading=\"lazy\" decoding=\"async\" class=\"size-medium wp-image-24550\" src=\"https:\/\/www.captionmagazine.org\/wp-content\/uploads\/2026\/01\/instax4-640x427.jpeg\" alt=\"\" width=\"640\" height=\"427\" srcset=\"https:\/\/www.captionmagazine.org\/wp-content\/uploads\/2026\/01\/instax4-640x427.jpeg 640w, https:\/\/www.captionmagazine.org\/wp-content\/uploads\/2026\/01\/instax4-300x200.jpeg 300w, https:\/\/www.captionmagazine.org\/wp-content\/uploads\/2026\/01\/instax4-600x400.jpeg 600w, https:\/\/www.captionmagazine.org\/wp-content\/uploads\/2026\/01\/instax4-370x247.jpeg 370w, https:\/\/www.captionmagazine.org\/wp-content\/uploads\/2026\/01\/instax4-20x13.jpeg 20w, https:\/\/www.captionmagazine.org\/wp-content\/uploads\/2026\/01\/instax4-72x48.jpeg 72w\" sizes=\"auto, (max-width: 640px) 100vw, 640px\" \/><figcaption id=\"caption-attachment-24550\" class=\"wp-caption-text\">\u00a9 Nacho Izquierdo<\/figcaption><\/figure>\n<p dir=\"auto\">La c\u00e1mara incluye visor accesorio, espejo para selfies, temporizador, flash\/LED continua, ranura para Micro SD y USB-C, y palanca de impresi\u00f3n anal\u00f3gica. Viene con correa premium y accesorios para la empu\u00f1adura.<\/p>\n<p dir=\"auto\"><img loading=\"lazy\" decoding=\"async\" class=\"alignnone size-medium wp-image-24542\" src=\"https:\/\/www.captionmagazine.org\/wp-content\/uploads\/2026\/01\/instax8-640x427.jpeg\" alt=\"\" width=\"640\" height=\"427\" srcset=\"https:\/\/www.captionmagazine.org\/wp-content\/uploads\/2026\/01\/instax8-640x427.jpeg 640w, https:\/\/www.captionmagazine.org\/wp-content\/uploads\/2026\/01\/instax8-300x200.jpeg 300w, https:\/\/www.captionmagazine.org\/wp-content\/uploads\/2026\/01\/instax8-600x400.jpeg 600w, https:\/\/www.captionmagazine.org\/wp-content\/uploads\/2026\/01\/instax8-370x247.jpeg 370w, https:\/\/www.captionmagazine.org\/wp-content\/uploads\/2026\/01\/instax8-20x13.jpeg 20w, https:\/\/www.captionmagazine.org\/wp-content\/uploads\/2026\/01\/instax8-72x48.jpeg 72w\" sizes=\"auto, (max-width: 640px) 100vw, 640px\" \/><\/p>\n<p dir=\"auto\"><img loading=\"lazy\" decoding=\"async\" class=\"alignnone size-medium wp-image-24540\" src=\"https:\/\/www.captionmagazine.org\/wp-content\/uploads\/2026\/01\/instax9-640x427.jpeg\" alt=\"\" width=\"640\" height=\"427\" srcset=\"https:\/\/www.captionmagazine.org\/wp-content\/uploads\/2026\/01\/instax9-640x427.jpeg 640w, https:\/\/www.captionmagazine.org\/wp-content\/uploads\/2026\/01\/instax9-300x200.jpeg 300w, https:\/\/www.captionmagazine.org\/wp-content\/uploads\/2026\/01\/instax9-600x400.jpeg 600w, https:\/\/www.captionmagazine.org\/wp-content\/uploads\/2026\/01\/instax9-370x247.jpeg 370w, https:\/\/www.captionmagazine.org\/wp-content\/uploads\/2026\/01\/instax9-20x13.jpeg 20w, https:\/\/www.captionmagazine.org\/wp-content\/uploads\/2026\/01\/instax9-72x48.jpeg 72w\" sizes=\"auto, (max-width: 640px) 100vw, 640px\" \/><\/p>\n<hr \/>\n<p dir=\"auto\"><strong>Disponibilidad:<\/strong><\/p>\n<p dir=\"auto\">Estar\u00e1 disponible en Espa\u00f1a a partir del <strong>28 de enero de 2026<\/strong> por un precio recomendado de <strong>380 \u20ac.<\/strong>\u00a0Junto a ella, Fujifilm tambi\u00e9n actualiza su l\u00ednea con la impresora <strong>instax mini Link+<\/strong> (150 \u20ac), que potencia la creatividad m\u00f3vil.<\/p>\n<p dir=\"auto\">Desde CAPTION Magazine seguiremos de cerca las primeras impresiones y proyectos creados con esta mini Evo Cinema. Si te apasiona la fotograf\u00eda instant\u00e1nea con un toque cinematogr\u00e1fico y retro, esta podr\u00eda ser la c\u00e1mara que estabas esperando para darle personalidad \u00fanica a tus momentos cotidianos.<\/p>\n","protected":false},"excerpt":{"rendered":"<p>Fujifilm presenta en Espa\u00f1a la instax mini Evo Cinema: la c\u00e1mara h\u00edbrida que te hace viajar en el tiempo Madrid, 15 de enero de 2026 \u2013 Fujifilm ha presentado hoy en Espa\u00f1a la nueva instax mini Evo Cinema, una c\u00e1mara instant\u00e1nea h\u00edbrida 3-en-1 que combina fotograf\u00eda, v\u00eddeo corto e impresi\u00f3n instant\u00e1nea en un solo dispositivo.&hellip;<\/p>\n","protected":false},"author":4,"featured_media":24538,"comment_status":"closed","ping_status":"closed","sticky":false,"template":"","format":"standard","meta":{"footnotes":""},"categories":[246],"tags":[341,1079,1453],"thb-sponsors":[],"class_list":["post-24522","post","type-post","status-publish","format-standard","has-post-thumbnail","hentry","category-noticias","tag-fujifilm","tag-instax","tag-mini-evo"],"_links":{"self":[{"href":"https:\/\/www.captionmagazine.org\/en\/wp-json\/wp\/v2\/posts\/24522","targetHints":{"allow":["GET"]}}],"collection":[{"href":"https:\/\/www.captionmagazine.org\/en\/wp-json\/wp\/v2\/posts"}],"about":[{"href":"https:\/\/www.captionmagazine.org\/en\/wp-json\/wp\/v2\/types\/post"}],"author":[{"embeddable":true,"href":"https:\/\/www.captionmagazine.org\/en\/wp-json\/wp\/v2\/users\/4"}],"replies":[{"embeddable":true,"href":"https:\/\/www.captionmagazine.org\/en\/wp-json\/wp\/v2\/comments?post=24522"}],"version-history":[{"count":8,"href":"https:\/\/www.captionmagazine.org\/en\/wp-json\/wp\/v2\/posts\/24522\/revisions"}],"predecessor-version":[{"id":24560,"href":"https:\/\/www.captionmagazine.org\/en\/wp-json\/wp\/v2\/posts\/24522\/revisions\/24560"}],"wp:featuredmedia":[{"embeddable":true,"href":"https:\/\/www.captionmagazine.org\/en\/wp-json\/wp\/v2\/media\/24538"}],"wp:attachment":[{"href":"https:\/\/www.captionmagazine.org\/en\/wp-json\/wp\/v2\/media?parent=24522"}],"wp:term":[{"taxonomy":"category","embeddable":true,"href":"https:\/\/www.captionmagazine.org\/en\/wp-json\/wp\/v2\/categories?post=24522"},{"taxonomy":"post_tag","embeddable":true,"href":"https:\/\/www.captionmagazine.org\/en\/wp-json\/wp\/v2\/tags?post=24522"},{"taxonomy":"thb-sponsors","embeddable":true,"href":"https:\/\/www.captionmagazine.org\/en\/wp-json\/wp\/v2\/thb-sponsors?post=24522"}],"curies":[{"name":"wp","href":"https:\/\/api.w.org\/{rel}","templated":true}]}}