{"id":24105,"date":"2025-10-23T10:54:57","date_gmt":"2025-10-23T13:54:57","guid":{"rendered":"https:\/\/www.captionmagazine.org\/?p=24105"},"modified":"2025-10-23T10:57:03","modified_gmt":"2025-10-23T13:57:03","slug":"x-t30-iii-y-xc13-33mm-el-combo-que-fujifilm-no-quiere-que-te-pierdas","status":"publish","type":"post","link":"https:\/\/www.captionmagazine.org\/en\/noticias\/x-t30-iii-y-xc13-33mm-el-combo-que-fujifilm-no-quiere-que-te-pierdas","title":{"rendered":"X-T30 III y XC13-33mm, el Combo que Fujifilm No Quiere que Te Pierdas"},"content":{"rendered":"<h3 dir=\"auto\">Fujifilm Desvela X-T30 III y su Zoom Ultraligero M\u00e1gico<\/h3>\n<p dir=\"auto\"><strong>Madrid, 23 de octubre de 2025, lanzamiento de la X-T30 III y el Objetivo XC13-33mm OIS <\/strong><\/p>\n<p dir=\"auto\">&#8212; por Nacho Izquierdo y el equipo editorial de CAPTION Magazine<\/p>\n<p dir=\"auto\">Fujifilm Corporation ha anunciado el debut mundial de dos novedades que fusionan portabilidad, potencia y creatividad en la Serie X: la c\u00e1mara digital sin espejo FUJIFILM X-T30 III y el objetivo FUJINON XC13-33mm F3.5-6.3 OIS. Estos lanzamientos, ideales para fot\u00f3grafos aficionados y profesionales, elevan la experiencia de captura con un dise\u00f1o compacto que no sacrifica calidad ni versatilidad.<\/p>\n<p dir=\"auto\"><img loading=\"lazy\" decoding=\"async\" class=\"alignnone size-medium wp-image-24110\" src=\"https:\/\/www.captionmagazine.org\/wp-content\/uploads\/2025\/10\/X-T30-III_black-back_25-640x427.jpg\" alt=\"\" width=\"640\" height=\"427\" srcset=\"https:\/\/www.captionmagazine.org\/wp-content\/uploads\/2025\/10\/X-T30-III_black-back_25-640x427.jpg 640w, https:\/\/www.captionmagazine.org\/wp-content\/uploads\/2025\/10\/X-T30-III_black-back_25-300x200.jpg 300w, https:\/\/www.captionmagazine.org\/wp-content\/uploads\/2025\/10\/X-T30-III_black-back_25-600x400.jpg 600w, https:\/\/www.captionmagazine.org\/wp-content\/uploads\/2025\/10\/X-T30-III_black-back_25-370x247.jpg 370w, https:\/\/www.captionmagazine.org\/wp-content\/uploads\/2025\/10\/X-T30-III_black-back_25-20x13.jpg 20w, https:\/\/www.captionmagazine.org\/wp-content\/uploads\/2025\/10\/X-T30-III_black-back_25-72x48.jpg 72w\" sizes=\"auto, (max-width: 640px) 100vw, 640px\" \/><\/p>\n<p dir=\"auto\">La X-T30 III hereda el encanto cl\u00e1sico de su predecesora, la X-T30 II, pero incorpora avances como el procesador X-Processor 5 \u2013que duplica la velocidad de procesamiento\u2013 y un sensor X-Trans CMOS 4 de 26,1 megap\u00edxeles retroiluminado.<\/p>\n<p dir=\"auto\">Con un peso de solo 378 g y un visor central ic\u00f3nico, esta c\u00e1mara invita a llevarla a todas partes, mientras su nuevo dial de simulaci\u00f3n de pel\u00edcula \u2013inspirado en modelos como la X-T50\u2013 permite alternar intuitivamente entre 20 modos, incluyendo el vibrante REALA ACE y el nost\u00e1lgico NOSTALGIC Neg. Tres posiciones personalizables (FS1 a FS3) guardan &#8220;recetas&#8221; \u00fanicas, facilitando estilos creativos al instante.<\/p>\n<p dir=\"auto\"><img loading=\"lazy\" decoding=\"async\" class=\"alignnone size-medium wp-image-24114\" src=\"https:\/\/www.captionmagazine.org\/wp-content\/uploads\/2025\/10\/KV_X-T30-III_Lifestyle_Outside_49-640x427.jpg\" alt=\"\" width=\"640\" height=\"427\" srcset=\"https:\/\/www.captionmagazine.org\/wp-content\/uploads\/2025\/10\/KV_X-T30-III_Lifestyle_Outside_49-640x427.jpg 640w, https:\/\/www.captionmagazine.org\/wp-content\/uploads\/2025\/10\/KV_X-T30-III_Lifestyle_Outside_49-300x200.jpg 300w, https:\/\/www.captionmagazine.org\/wp-content\/uploads\/2025\/10\/KV_X-T30-III_Lifestyle_Outside_49-600x400.jpg 600w, https:\/\/www.captionmagazine.org\/wp-content\/uploads\/2025\/10\/KV_X-T30-III_Lifestyle_Outside_49-370x247.jpg 370w, https:\/\/www.captionmagazine.org\/wp-content\/uploads\/2025\/10\/KV_X-T30-III_Lifestyle_Outside_49-20x13.jpg 20w, https:\/\/www.captionmagazine.org\/wp-content\/uploads\/2025\/10\/KV_X-T30-III_Lifestyle_Outside_49-72x48.jpg 72w\" sizes=\"auto, (max-width: 640px) 100vw, 640px\" \/><\/p>\n<p dir=\"auto\">Complementando esta evoluci\u00f3n, el XC13-33mm F3.5-6.3 OIS se erige como el zoom intercambiable m\u00e1s compacto y ligero de Fujifilm (125 g y 37,5 mm retra\u00eddo), cubriendo desde gran angular (13 mm, equivalente a 20 mm) hasta est\u00e1ndar (33 mm, equivalente a 50 mm).<\/p>\n<p dir=\"auto\">Su estructura de 10 elementos en 9 grupos, con 4 asf\u00e9ricos y 3 ED, minimiza aberraciones y distorsiones, logrando un enfoque m\u00ednimo de 20 cm y un aumento m\u00e1ximo de 0,25x. Equipado con estabilizaci\u00f3n \u00f3ptica de 4 pasos y un AF ultrarr\u00e1pido (0,025 segundos), este objetivo brilla en paisajes, retratos y fotograf\u00eda callejera, con un bokeh circular gracias a su apertura de 9 hojas.<\/p>\n<p dir=\"auto\"><img loading=\"lazy\" decoding=\"async\" class=\"alignnone size-medium wp-image-24112\" src=\"https:\/\/www.captionmagazine.org\/wp-content\/uploads\/2025\/10\/XC13-33_front_TATE_13mm-640x640.jpg\" alt=\"\" width=\"640\" height=\"640\" srcset=\"https:\/\/www.captionmagazine.org\/wp-content\/uploads\/2025\/10\/XC13-33_front_TATE_13mm-640x640.jpg 640w, https:\/\/www.captionmagazine.org\/wp-content\/uploads\/2025\/10\/XC13-33_front_TATE_13mm-300x300.jpg 300w, https:\/\/www.captionmagazine.org\/wp-content\/uploads\/2025\/10\/XC13-33_front_TATE_13mm-100x100.jpg 100w, https:\/\/www.captionmagazine.org\/wp-content\/uploads\/2025\/10\/XC13-33_front_TATE_13mm-600x600.jpg 600w, https:\/\/www.captionmagazine.org\/wp-content\/uploads\/2025\/10\/XC13-33_front_TATE_13mm-160x160.jpg 160w, https:\/\/www.captionmagazine.org\/wp-content\/uploads\/2025\/10\/XC13-33_front_TATE_13mm-180x180.jpg 180w, https:\/\/www.captionmagazine.org\/wp-content\/uploads\/2025\/10\/XC13-33_front_TATE_13mm-90x90.jpg 90w, https:\/\/www.captionmagazine.org\/wp-content\/uploads\/2025\/10\/XC13-33_front_TATE_13mm-370x370.jpg 370w, https:\/\/www.captionmagazine.org\/wp-content\/uploads\/2025\/10\/XC13-33_front_TATE_13mm-20x20.jpg 20w, https:\/\/www.captionmagazine.org\/wp-content\/uploads\/2025\/10\/XC13-33_front_TATE_13mm-500x500.jpg 500w, https:\/\/www.captionmagazine.org\/wp-content\/uploads\/2025\/10\/XC13-33_front_TATE_13mm-48x48.jpg 48w\" sizes=\"auto, (max-width: 640px) 100vw, 640px\" \/><\/p>\n<p dir=\"auto\">Ambos productos se unen en un kit accesible, perfecto para iniciarse en la Serie X: la combinaci\u00f3n de la X-T30 III con el XC13-33mm ofrece una soluci\u00f3n ligera y vers\u00e1til para capturas espont\u00e1neas.<\/p>\n<p dir=\"auto\"><img loading=\"lazy\" decoding=\"async\" class=\"alignnone size-medium wp-image-24108\" src=\"https:\/\/www.captionmagazine.org\/wp-content\/uploads\/2025\/10\/XC13-33mmF3.5-6.3_black-back_4-640x427.jpg\" alt=\"\" width=\"640\" height=\"427\" srcset=\"https:\/\/www.captionmagazine.org\/wp-content\/uploads\/2025\/10\/XC13-33mmF3.5-6.3_black-back_4-640x427.jpg 640w, https:\/\/www.captionmagazine.org\/wp-content\/uploads\/2025\/10\/XC13-33mmF3.5-6.3_black-back_4-300x200.jpg 300w, https:\/\/www.captionmagazine.org\/wp-content\/uploads\/2025\/10\/XC13-33mmF3.5-6.3_black-back_4-600x400.jpg 600w, https:\/\/www.captionmagazine.org\/wp-content\/uploads\/2025\/10\/XC13-33mmF3.5-6.3_black-back_4-370x247.jpg 370w, https:\/\/www.captionmagazine.org\/wp-content\/uploads\/2025\/10\/XC13-33mmF3.5-6.3_black-back_4-20x13.jpg 20w, https:\/\/www.captionmagazine.org\/wp-content\/uploads\/2025\/10\/XC13-33mmF3.5-6.3_black-back_4-72x48.jpg 72w\" sizes=\"auto, (max-width: 640px) 100vw, 640px\" \/><\/p>\n<h4 dir=\"auto\">Avances T\u00e9cnicos<\/h4>\n<p dir=\"auto\">La X-T30 III no solo acelera el flujo de trabajo con su AF impulsado por IA \u2013que detecta sujetos como aves, veh\u00edculos o insectos\u2013, sino que extiende sus horizontes al v\u00eddeo con grabaci\u00f3n interna 6,2K\/30P (10 bits 4:2:2) y estabilizaci\u00f3n digital para tomas fluidas en movimiento.<\/p>\n<p dir=\"auto\">Funciones como la palanca AUTO para modos autom\u00e1ticos, flash emergente y monitor LCD inclinable de 1,62 millones de puntos aseguran comodidad, mientras la bater\u00eda rinde hasta 425 disparos en modo econ\u00f3mico.<\/p>\n<p dir=\"auto\"><img loading=\"lazy\" decoding=\"async\" class=\"alignnone size-medium wp-image-24118\" src=\"https:\/\/www.captionmagazine.org\/wp-content\/uploads\/2025\/10\/KV_X-T30-III_Lifestyle_Outside_24-640x427.jpg\" alt=\"\" width=\"640\" height=\"427\" srcset=\"https:\/\/www.captionmagazine.org\/wp-content\/uploads\/2025\/10\/KV_X-T30-III_Lifestyle_Outside_24-640x427.jpg 640w, https:\/\/www.captionmagazine.org\/wp-content\/uploads\/2025\/10\/KV_X-T30-III_Lifestyle_Outside_24-300x200.jpg 300w, https:\/\/www.captionmagazine.org\/wp-content\/uploads\/2025\/10\/KV_X-T30-III_Lifestyle_Outside_24-600x400.jpg 600w, https:\/\/www.captionmagazine.org\/wp-content\/uploads\/2025\/10\/KV_X-T30-III_Lifestyle_Outside_24-370x247.jpg 370w, https:\/\/www.captionmagazine.org\/wp-content\/uploads\/2025\/10\/KV_X-T30-III_Lifestyle_Outside_24-20x13.jpg 20w, https:\/\/www.captionmagazine.org\/wp-content\/uploads\/2025\/10\/KV_X-T30-III_Lifestyle_Outside_24-72x48.jpg 72w\" sizes=\"auto, (max-width: 640px) 100vw, 640px\" \/><\/p>\n<p dir=\"auto\">El XC13-33mm, por su parte, equilibra portabilidad y rendimiento: su dise\u00f1o retr\u00e1ctil lo hace discreto en el bolsillo, y su rango focal diario \u2013ideal para interiores amplios o retratos cercanos\u2013 se ve potenciado por la estabilizaci\u00f3n OIS, que habilita disparos nocturnos a mano alzada o exposiciones creativas lentas.<\/p>\n<p dir=\"auto\">Adem\u00e1s, la X-T30 III se integra inal\u00e1mbricamente con impresoras instax de la Serie Link (mini, SQUARE y WIDE), permitiendo impresiones directas sin apps, para un flujo seamless desde la captura hasta el impreso tangible.<\/p>\n<h4 dir=\"auto\">Un Impulso a la Creatividad Accesible<\/h4>\n<p dir=\"auto\">Dise\u00f1ados para novatos y expertos, estos lanzamientos reafirman el compromiso de Fujifilm con la fotograf\u00eda intuitiva y expresiva. La X-T30 III estar\u00e1 disponible en plata y negro, y el kit con el XC13-33mm potenciar\u00e1 el ecosistema X para viajes, street photography y m\u00e1s.<\/p>\n<hr \/>\n<p dir=\"auto\"><strong>Para detalles t\u00e9cnicos y disponibilidad:<\/strong><\/p>\n<p>Consulta <a href=\"https:\/\/www.fujifilm.com\/es\" target=\"_blank\" rel=\"noopener noreferrer nofollow\">fujifilm.com\/es<\/a>.<\/p>\n","protected":false},"excerpt":{"rendered":"<p>Fujifilm Desvela X-T30 III y su Zoom Ultraligero M\u00e1gico Madrid, 23 de octubre de 2025, lanzamiento de la X-T30 III y el Objetivo XC13-33mm OIS &#8212; por Nacho Izquierdo y el equipo editorial de CAPTION Magazine Fujifilm Corporation ha anunciado el debut mundial de dos novedades que fusionan portabilidad, potencia y creatividad en la Serie&hellip;<\/p>\n","protected":false},"author":4,"featured_media":24116,"comment_status":"closed","ping_status":"closed","sticky":false,"template":"","format":"standard","meta":{"footnotes":""},"categories":[246],"tags":[341,1427,1426],"thb-sponsors":[],"class_list":["post-24105","post","type-post","status-publish","format-standard","has-post-thumbnail","hentry","category-noticias","tag-fujifilm","tag-lanzamiento","tag-x-t30"],"_links":{"self":[{"href":"https:\/\/www.captionmagazine.org\/en\/wp-json\/wp\/v2\/posts\/24105","targetHints":{"allow":["GET"]}}],"collection":[{"href":"https:\/\/www.captionmagazine.org\/en\/wp-json\/wp\/v2\/posts"}],"about":[{"href":"https:\/\/www.captionmagazine.org\/en\/wp-json\/wp\/v2\/types\/post"}],"author":[{"embeddable":true,"href":"https:\/\/www.captionmagazine.org\/en\/wp-json\/wp\/v2\/users\/4"}],"replies":[{"embeddable":true,"href":"https:\/\/www.captionmagazine.org\/en\/wp-json\/wp\/v2\/comments?post=24105"}],"version-history":[{"count":5,"href":"https:\/\/www.captionmagazine.org\/en\/wp-json\/wp\/v2\/posts\/24105\/revisions"}],"predecessor-version":[{"id":24122,"href":"https:\/\/www.captionmagazine.org\/en\/wp-json\/wp\/v2\/posts\/24105\/revisions\/24122"}],"wp:featuredmedia":[{"embeddable":true,"href":"https:\/\/www.captionmagazine.org\/en\/wp-json\/wp\/v2\/media\/24116"}],"wp:attachment":[{"href":"https:\/\/www.captionmagazine.org\/en\/wp-json\/wp\/v2\/media?parent=24105"}],"wp:term":[{"taxonomy":"category","embeddable":true,"href":"https:\/\/www.captionmagazine.org\/en\/wp-json\/wp\/v2\/categories?post=24105"},{"taxonomy":"post_tag","embeddable":true,"href":"https:\/\/www.captionmagazine.org\/en\/wp-json\/wp\/v2\/tags?post=24105"},{"taxonomy":"thb-sponsors","embeddable":true,"href":"https:\/\/www.captionmagazine.org\/en\/wp-json\/wp\/v2\/thb-sponsors?post=24105"}],"curies":[{"name":"wp","href":"https:\/\/api.w.org\/{rel}","templated":true}]}}