{"id":24047,"date":"2025-10-12T21:15:04","date_gmt":"2025-10-13T00:15:04","guid":{"rendered":"https:\/\/www.captionmagazine.org\/?p=24047"},"modified":"2025-10-12T21:16:00","modified_gmt":"2025-10-13T00:16:00","slug":"photowalk-cervantino-miradas-creativas-en-alcala","status":"publish","type":"post","link":"https:\/\/www.captionmagazine.org\/en\/noticias\/photowalk-cervantino-miradas-creativas-en-alcala","title":{"rendered":"Photowalk Cervantino: Miradas Creativas en Alcal\u00e1"},"content":{"rendered":"<h3 dir=\"auto\"><strong>Photowalk Cervantino: Miradas Creativas en Alcal\u00e1<\/strong><\/h3>\n<p dir=\"auto\">12 de octubre de 2025 | Alcal\u00e1 de Henares, por CAPTION Magazine<\/p>\n<p dir=\"auto\"><strong>M\u00e1s de 40 fot\u00f3grafos exploraron el Mercado Cervantino en un photowalk guiado por Natalia Garc\u00e9s, organizado por Fujifilm, reinterpretando el mayor mercado medieval de Europa mediante cuatro retos visuales que desafiaron sus miradas creativas.<\/strong><\/p>\n<p dir=\"auto\">El s\u00e1bado 11 de octubre, una cuarentena de entusiastas de la imagen se congreg\u00f3 en este emblem\u00e1tico evento cultural para un recorrido de tres horas por el bullicioso ambiente barroco.<\/p>\n<p dir=\"auto\">Bajo la tutela de Garc\u00e9s, los participantes abordaron desaf\u00edos como \u201cficci\u00f3n hist\u00f3rica\u201d, inspirado en Caravaggio para capturar escenas teatrales con luz y encuadre magistrales; \u201cel detalle y lo especial como met\u00e1fora\u201d, centrado en texturas y fragmentos po\u00e9ticos; \u201ccortejo y caos\u201d, al estilo de Alex Webb, documentando movimientos y superposiciones crom\u00e1ticas; y \u201csin rostros\u201d, evocando a Saul Leiter con siluetas y reflejos que narran sin identidades directas.<\/p>\n<figure id=\"attachment_24055\" aria-describedby=\"caption-attachment-24055\" style=\"width: 640px\" class=\"wp-caption alignnone\"><img loading=\"lazy\" decoding=\"async\" class=\"size-medium wp-image-24055\" src=\"https:\/\/www.captionmagazine.org\/wp-content\/uploads\/2025\/10\/DSF1040-640x427.jpg\" alt=\"\" width=\"640\" height=\"427\" srcset=\"https:\/\/www.captionmagazine.org\/wp-content\/uploads\/2025\/10\/DSF1040-640x427.jpg 640w, https:\/\/www.captionmagazine.org\/wp-content\/uploads\/2025\/10\/DSF1040-370x247.jpg 370w, https:\/\/www.captionmagazine.org\/wp-content\/uploads\/2025\/10\/DSF1040-20x13.jpg 20w, https:\/\/www.captionmagazine.org\/wp-content\/uploads\/2025\/10\/DSF1040-600x400.jpg 600w, https:\/\/www.captionmagazine.org\/wp-content\/uploads\/2025\/10\/DSF1040-72x48.jpg 72w\" sizes=\"auto, (max-width: 640px) 100vw, 640px\" \/><figcaption id=\"caption-attachment-24055\" class=\"wp-caption-text\">Mercado Cervantino 2025<\/figcaption><\/figure>\n<p><img loading=\"lazy\" decoding=\"async\" class=\"alignnone size-medium wp-image-24053\" src=\"https:\/\/www.captionmagazine.org\/wp-content\/uploads\/2025\/10\/DSCF9523-640x427.jpg\" alt=\"\" width=\"640\" height=\"427\" srcset=\"https:\/\/www.captionmagazine.org\/wp-content\/uploads\/2025\/10\/DSCF9523-640x427.jpg 640w, https:\/\/www.captionmagazine.org\/wp-content\/uploads\/2025\/10\/DSCF9523-370x247.jpg 370w, https:\/\/www.captionmagazine.org\/wp-content\/uploads\/2025\/10\/DSCF9523-20x13.jpg 20w, https:\/\/www.captionmagazine.org\/wp-content\/uploads\/2025\/10\/DSCF9523-600x400.jpg 600w, https:\/\/www.captionmagazine.org\/wp-content\/uploads\/2025\/10\/DSCF9523-72x48.jpg 72w\" sizes=\"auto, (max-width: 640px) 100vw, 640px\" \/><\/p>\n<p>&nbsp;<\/p>\n<p dir=\"auto\">Esta iniciativa, que sirvi\u00f3 de \u00f3ibice para fomentar el intercambio t\u00e9cnico y art\u00edstico, no solo agudiz\u00f3 habilidades fotogr\u00e1ficas, sino que sumergi\u00f3 a los asistentes en la riqueza hist\u00f3rica de Alcal\u00e1. Como colof\u00f3n, una revisi\u00f3n en l\u00ednea el 14 de octubre analizar\u00e1 las obras, compartiendo lecciones y mejoras.<\/p>\n<p>&nbsp;<\/p>\n<figure id=\"attachment_24051\" aria-describedby=\"caption-attachment-24051\" style=\"width: 640px\" class=\"wp-caption alignnone\"><img loading=\"lazy\" decoding=\"async\" class=\"size-medium wp-image-24051\" src=\"https:\/\/www.captionmagazine.org\/wp-content\/uploads\/2025\/10\/DSF0817-640x427.jpg\" alt=\"\" width=\"640\" height=\"427\" srcset=\"https:\/\/www.captionmagazine.org\/wp-content\/uploads\/2025\/10\/DSF0817-640x427.jpg 640w, https:\/\/www.captionmagazine.org\/wp-content\/uploads\/2025\/10\/DSF0817-370x247.jpg 370w, https:\/\/www.captionmagazine.org\/wp-content\/uploads\/2025\/10\/DSF0817-20x13.jpg 20w, https:\/\/www.captionmagazine.org\/wp-content\/uploads\/2025\/10\/DSF0817-600x400.jpg 600w, https:\/\/www.captionmagazine.org\/wp-content\/uploads\/2025\/10\/DSF0817-72x48.jpg 72w\" sizes=\"auto, (max-width: 640px) 100vw, 640px\" \/><figcaption id=\"caption-attachment-24051\" class=\"wp-caption-text\">Mercado Cervantino 2025<\/figcaption><\/figure>\n<figure id=\"attachment_24049\" aria-describedby=\"caption-attachment-24049\" style=\"width: 640px\" class=\"wp-caption alignnone\"><img loading=\"lazy\" decoding=\"async\" class=\"size-medium wp-image-24049\" src=\"https:\/\/www.captionmagazine.org\/wp-content\/uploads\/2025\/10\/DSF0206-640x427.jpg\" alt=\"\" width=\"640\" height=\"427\" srcset=\"https:\/\/www.captionmagazine.org\/wp-content\/uploads\/2025\/10\/DSF0206-640x427.jpg 640w, https:\/\/www.captionmagazine.org\/wp-content\/uploads\/2025\/10\/DSF0206-370x247.jpg 370w, https:\/\/www.captionmagazine.org\/wp-content\/uploads\/2025\/10\/DSF0206-20x13.jpg 20w, https:\/\/www.captionmagazine.org\/wp-content\/uploads\/2025\/10\/DSF0206-600x400.jpg 600w, https:\/\/www.captionmagazine.org\/wp-content\/uploads\/2025\/10\/DSF0206-72x48.jpg 72w\" sizes=\"auto, (max-width: 640px) 100vw, 640px\" \/><figcaption id=\"caption-attachment-24049\" class=\"wp-caption-text\">Mercado Cervantino 2025<\/figcaption><\/figure>\n<p dir=\"auto\">Con inscripci\u00f3n limitada y alta valoraci\u00f3n por su calidad formativa, el photowalk se consolida en el calendario cultural local como una experiencia inmersiva y transformadora.<\/p>\n","protected":false},"excerpt":{"rendered":"<p>Photowalk Cervantino: Miradas Creativas en Alcal\u00e1 12 de octubre de 2025 | Alcal\u00e1 de Henares, por CAPTION Magazine M\u00e1s de 40 fot\u00f3grafos exploraron el Mercado Cervantino en un photowalk guiado por Natalia Garc\u00e9s, organizado por Fujifilm, reinterpretando el mayor mercado medieval de Europa mediante cuatro retos visuales que desafiaron sus miradas creativas. El s\u00e1bado 11&hellip;<\/p>\n","protected":false},"author":4,"featured_media":24057,"comment_status":"closed","ping_status":"closed","sticky":false,"template":"","format":"standard","meta":{"footnotes":""},"categories":[246],"tags":[1009,1423,341],"thb-sponsors":[],"class_list":["post-24047","post","type-post","status-publish","format-standard","has-post-thumbnail","hentry","category-noticias","tag-alcala","tag-cervantino","tag-fujifilm"],"_links":{"self":[{"href":"https:\/\/www.captionmagazine.org\/en\/wp-json\/wp\/v2\/posts\/24047","targetHints":{"allow":["GET"]}}],"collection":[{"href":"https:\/\/www.captionmagazine.org\/en\/wp-json\/wp\/v2\/posts"}],"about":[{"href":"https:\/\/www.captionmagazine.org\/en\/wp-json\/wp\/v2\/types\/post"}],"author":[{"embeddable":true,"href":"https:\/\/www.captionmagazine.org\/en\/wp-json\/wp\/v2\/users\/4"}],"replies":[{"embeddable":true,"href":"https:\/\/www.captionmagazine.org\/en\/wp-json\/wp\/v2\/comments?post=24047"}],"version-history":[{"count":3,"href":"https:\/\/www.captionmagazine.org\/en\/wp-json\/wp\/v2\/posts\/24047\/revisions"}],"predecessor-version":[{"id":24060,"href":"https:\/\/www.captionmagazine.org\/en\/wp-json\/wp\/v2\/posts\/24047\/revisions\/24060"}],"wp:featuredmedia":[{"embeddable":true,"href":"https:\/\/www.captionmagazine.org\/en\/wp-json\/wp\/v2\/media\/24057"}],"wp:attachment":[{"href":"https:\/\/www.captionmagazine.org\/en\/wp-json\/wp\/v2\/media?parent=24047"}],"wp:term":[{"taxonomy":"category","embeddable":true,"href":"https:\/\/www.captionmagazine.org\/en\/wp-json\/wp\/v2\/categories?post=24047"},{"taxonomy":"post_tag","embeddable":true,"href":"https:\/\/www.captionmagazine.org\/en\/wp-json\/wp\/v2\/tags?post=24047"},{"taxonomy":"thb-sponsors","embeddable":true,"href":"https:\/\/www.captionmagazine.org\/en\/wp-json\/wp\/v2\/thb-sponsors?post=24047"}],"curies":[{"name":"wp","href":"https:\/\/api.w.org\/{rel}","templated":true}]}}