{"id":23953,"date":"2025-09-13T20:46:50","date_gmt":"2025-09-13T23:46:50","guid":{"rendered":"https:\/\/www.captionmagazine.org\/?p=23953"},"modified":"2025-09-13T20:46:50","modified_gmt":"2025-09-13T23:46:50","slug":"foto-y-barrio-conversatorio","status":"publish","type":"post","link":"https:\/\/www.captionmagazine.org\/en\/eventos\/foto-y-barrio-conversatorio","title":{"rendered":"Foto y Barrio Conversatorio"},"content":{"rendered":"<div id=\"metaslider-id-23942\" style=\"width: 100%;\" class=\"ml-slider-3-99-0 metaslider metaslider-flex metaslider-23942 ml-slider has-dots-onhover-navigation ml-slider-lightbox-1-13-4 firelight-lightbox-2-3-17 ms-theme-default-base\" role=\"region\" aria-label=\"N35 Foto y Barrio Conversatorio\" data-width=\"700\">\n    <div id=\"metaslider_container_23942\">\n        <div id=\"metaslider_23942\">\n            <ul class='slides'>\n                <li style=\"display: block; width: 100%;\" class=\"slide-23943 ms-image \" aria-roledescription=\"slide\" data-date=\"2025-09-13 20:09:14\"><a href=\"https:\/\/www.captionmagazine.org\/wp-content\/uploads\/2019\/11\/CAPTION_35-34.jpg\" target=\"_self\" aria-label=\"View Slide Details\" class=\"metaslider_image_link\" rel=\"lightbox[23942]\"><img loading=\"lazy\" decoding=\"async\" width=\"1191\" height=\"842\" src=\"https:\/\/www.captionmagazine.org\/wp-content\/uploads\/2019\/11\/CAPTION_35-34.jpg\" class=\"slider-23942 slide-23943 msDefaultImage\" alt=\"\" rel=\"\" title=\"CAPTION_35-34\" srcset=\"https:\/\/www.captionmagazine.org\/wp-content\/uploads\/2019\/11\/CAPTION_35-34.jpg 1191w, https:\/\/www.captionmagazine.org\/wp-content\/uploads\/2019\/11\/CAPTION_35-34-640x452.jpg 640w, https:\/\/www.captionmagazine.org\/wp-content\/uploads\/2019\/11\/CAPTION_35-34-768x543.jpg 768w, https:\/\/www.captionmagazine.org\/wp-content\/uploads\/2019\/11\/CAPTION_35-34-370x262.jpg 370w, https:\/\/www.captionmagazine.org\/wp-content\/uploads\/2019\/11\/CAPTION_35-34-800x566.jpg 800w, https:\/\/www.captionmagazine.org\/wp-content\/uploads\/2019\/11\/CAPTION_35-34-740x523.jpg 740w, https:\/\/www.captionmagazine.org\/wp-content\/uploads\/2019\/11\/CAPTION_35-34-20x14.jpg 20w, https:\/\/www.captionmagazine.org\/wp-content\/uploads\/2019\/11\/CAPTION_35-34-600x424.jpg 600w, https:\/\/www.captionmagazine.org\/wp-content\/uploads\/2019\/11\/CAPTION_35-34-68x48.jpg 68w\" sizes=\"auto, (max-width: 1191px) 100vw, 1191px\" \/><\/a><\/li>\n            <\/ul>\n        <\/div>\n        \n    <\/div>\n<\/div>\n<h3>Foto y Barrio Conversatorio<\/h3>\n<p>El pasado 30 de Julio estuvimos presentando la revista a la comunidad de fot\u00f3grafos y entusiastas de la fotograf\u00eda en la Galer\u00eda Foto y Barrio en Providencia, Santiago. En la ocasi\u00f3n nuestro Director Alejandro Sotomayor en compa\u00f1\u00eda de Jos\u00e9 Luis Rissetti, Editor para Latinoam\u00e9rica junto a Patricio Baeza, Encargado de Log\u00edstica y Producci\u00f3n, tuvieron una distendida charla abordando los or\u00edgenes de la revista, las motivaciones y el proceso de producci\u00f3n de CAPTION Magazine.<\/p>\n<p>Agradecemos la cordial invitaci\u00f3n y la fant\u00e1stica hospitalidad de los due\u00f1os de casa: Miguel \u00c1ngel Larrea, Cote Baeza y Alfonso Yunge.<\/p>\n<p>&nbsp;<\/p>\n","protected":false},"excerpt":{"rendered":"<p>Foto y Barrio Conversatorio El pasado 30 de Julio estuvimos presentando la revista a la comunidad de fot\u00f3grafos y entusiastas de la fotograf\u00eda en la Galer\u00eda Foto y Barrio en Providencia, Santiago. En la ocasi\u00f3n nuestro Director Alejandro Sotomayor en compa\u00f1\u00eda de Jos\u00e9 Luis Rissetti, Editor para Latinoam\u00e9rica junto a Patricio Baeza, Encargado de Log\u00edstica&hellip;<\/p>\n","protected":false},"author":1,"featured_media":23954,"comment_status":"closed","ping_status":"closed","sticky":false,"template":"","format":"standard","meta":{"footnotes":""},"categories":[1133],"tags":[1410],"thb-sponsors":[],"class_list":["post-23953","post","type-post","status-publish","format-standard","has-post-thumbnail","hentry","category-eventos","tag-n35"],"_links":{"self":[{"href":"https:\/\/www.captionmagazine.org\/en\/wp-json\/wp\/v2\/posts\/23953","targetHints":{"allow":["GET"]}}],"collection":[{"href":"https:\/\/www.captionmagazine.org\/en\/wp-json\/wp\/v2\/posts"}],"about":[{"href":"https:\/\/www.captionmagazine.org\/en\/wp-json\/wp\/v2\/types\/post"}],"author":[{"embeddable":true,"href":"https:\/\/www.captionmagazine.org\/en\/wp-json\/wp\/v2\/users\/1"}],"replies":[{"embeddable":true,"href":"https:\/\/www.captionmagazine.org\/en\/wp-json\/wp\/v2\/comments?post=23953"}],"version-history":[{"count":1,"href":"https:\/\/www.captionmagazine.org\/en\/wp-json\/wp\/v2\/posts\/23953\/revisions"}],"predecessor-version":[{"id":23956,"href":"https:\/\/www.captionmagazine.org\/en\/wp-json\/wp\/v2\/posts\/23953\/revisions\/23956"}],"wp:featuredmedia":[{"embeddable":true,"href":"https:\/\/www.captionmagazine.org\/en\/wp-json\/wp\/v2\/media\/23954"}],"wp:attachment":[{"href":"https:\/\/www.captionmagazine.org\/en\/wp-json\/wp\/v2\/media?parent=23953"}],"wp:term":[{"taxonomy":"category","embeddable":true,"href":"https:\/\/www.captionmagazine.org\/en\/wp-json\/wp\/v2\/categories?post=23953"},{"taxonomy":"post_tag","embeddable":true,"href":"https:\/\/www.captionmagazine.org\/en\/wp-json\/wp\/v2\/tags?post=23953"},{"taxonomy":"thb-sponsors","embeddable":true,"href":"https:\/\/www.captionmagazine.org\/en\/wp-json\/wp\/v2\/thb-sponsors?post=23953"}],"curies":[{"name":"wp","href":"https:\/\/api.w.org\/{rel}","templated":true}]}}