{"id":23822,"date":"2025-09-13T20:47:33","date_gmt":"2025-09-13T23:47:33","guid":{"rendered":"https:\/\/www.captionmagazine.org\/?p=23822"},"modified":"2025-09-13T21:05:13","modified_gmt":"2025-09-14T00:05:13","slug":"pedro-marinello-k-lemebel-fotografias","status":"publish","type":"post","link":"https:\/\/www.captionmagazine.org\/en\/libros\/pedro-marinello-k-lemebel-fotografias","title":{"rendered":"Pedro Marinello K.  Lemebel-Fotograf\u00edas"},"content":{"rendered":"<div id=\"metaslider-id-23824\" style=\"width: 100%;\" class=\"ml-slider-3-99-0 metaslider metaslider-flex metaslider-23824 ml-slider has-dots-onhover-navigation ml-slider-lightbox-1-13-4 firelight-lightbox-2-3-17 ms-theme-default-base\" role=\"region\" aria-label=\"N35 Pedro Marinello K.\" data-width=\"700\">\n    <div id=\"metaslider_container_23824\">\n        <div id=\"metaslider_23824\">\n            <ul class='slides'>\n                <li style=\"display: block; width: 100%;\" class=\"slide-23825 ms-image \" aria-roledescription=\"slide\" data-date=\"2025-09-13 18:56:02\"><a href=\"https:\/\/www.captionmagazine.org\/wp-content\/uploads\/2019\/11\/CAPTION_35-10.jpg\" target=\"_self\" aria-label=\"View Slide Details\" class=\"metaslider_image_link\" rel=\"lightbox[23824]\"><img loading=\"lazy\" decoding=\"async\" width=\"1191\" height=\"842\" src=\"https:\/\/www.captionmagazine.org\/wp-content\/uploads\/2019\/11\/CAPTION_35-10.jpg\" class=\"slider-23824 slide-23825 msDefaultImage\" alt=\"\" rel=\"\" title=\"CAPTION_35-10\" srcset=\"https:\/\/www.captionmagazine.org\/wp-content\/uploads\/2019\/11\/CAPTION_35-10.jpg 1191w, https:\/\/www.captionmagazine.org\/wp-content\/uploads\/2019\/11\/CAPTION_35-10-640x452.jpg 640w, https:\/\/www.captionmagazine.org\/wp-content\/uploads\/2019\/11\/CAPTION_35-10-768x543.jpg 768w, https:\/\/www.captionmagazine.org\/wp-content\/uploads\/2019\/11\/CAPTION_35-10-370x262.jpg 370w, https:\/\/www.captionmagazine.org\/wp-content\/uploads\/2019\/11\/CAPTION_35-10-800x566.jpg 800w, https:\/\/www.captionmagazine.org\/wp-content\/uploads\/2019\/11\/CAPTION_35-10-740x523.jpg 740w, https:\/\/www.captionmagazine.org\/wp-content\/uploads\/2019\/11\/CAPTION_35-10-20x14.jpg 20w, https:\/\/www.captionmagazine.org\/wp-content\/uploads\/2019\/11\/CAPTION_35-10-600x424.jpg 600w, https:\/\/www.captionmagazine.org\/wp-content\/uploads\/2019\/11\/CAPTION_35-10-68x48.jpg 68w\" sizes=\"auto, (max-width: 1191px) 100vw, 1191px\" \/><\/a><\/li>\n                <li style=\"display: none; width: 100%;\" class=\"slide-23826 ms-image \" aria-roledescription=\"slide\" data-date=\"2025-09-13 18:56:02\"><a href=\"https:\/\/www.captionmagazine.org\/wp-content\/uploads\/2019\/11\/CAPTION_35-11.jpg\" target=\"_self\" aria-label=\"View Slide Details\" class=\"metaslider_image_link\" rel=\"lightbox[23824]\"><img loading=\"lazy\" decoding=\"async\" width=\"1191\" height=\"842\" src=\"https:\/\/www.captionmagazine.org\/wp-content\/uploads\/2019\/11\/CAPTION_35-11.jpg\" class=\"slider-23824 slide-23826 msDefaultImage\" alt=\"\" rel=\"\" title=\"CAPTION_35-11\" srcset=\"https:\/\/www.captionmagazine.org\/wp-content\/uploads\/2019\/11\/CAPTION_35-11.jpg 1191w, https:\/\/www.captionmagazine.org\/wp-content\/uploads\/2019\/11\/CAPTION_35-11-640x452.jpg 640w, https:\/\/www.captionmagazine.org\/wp-content\/uploads\/2019\/11\/CAPTION_35-11-768x543.jpg 768w, https:\/\/www.captionmagazine.org\/wp-content\/uploads\/2019\/11\/CAPTION_35-11-370x262.jpg 370w, https:\/\/www.captionmagazine.org\/wp-content\/uploads\/2019\/11\/CAPTION_35-11-800x566.jpg 800w, https:\/\/www.captionmagazine.org\/wp-content\/uploads\/2019\/11\/CAPTION_35-11-740x523.jpg 740w, https:\/\/www.captionmagazine.org\/wp-content\/uploads\/2019\/11\/CAPTION_35-11-20x14.jpg 20w, https:\/\/www.captionmagazine.org\/wp-content\/uploads\/2019\/11\/CAPTION_35-11-600x424.jpg 600w, https:\/\/www.captionmagazine.org\/wp-content\/uploads\/2019\/11\/CAPTION_35-11-68x48.jpg 68w\" sizes=\"auto, (max-width: 1191px) 100vw, 1191px\" \/><\/a><\/li>\n                <li style=\"display: none; width: 100%;\" class=\"slide-23827 ms-image \" aria-roledescription=\"slide\" data-date=\"2025-09-13 18:56:02\"><a href=\"https:\/\/www.captionmagazine.org\/wp-content\/uploads\/2019\/11\/CAPTION_35-12.jpg\" target=\"_self\" aria-label=\"View Slide Details\" class=\"metaslider_image_link\" rel=\"lightbox[23824]\"><img loading=\"lazy\" decoding=\"async\" width=\"1191\" height=\"842\" src=\"https:\/\/www.captionmagazine.org\/wp-content\/uploads\/2019\/11\/CAPTION_35-12.jpg\" class=\"slider-23824 slide-23827 msDefaultImage\" alt=\"\" rel=\"\" title=\"CAPTION_35-12\" srcset=\"https:\/\/www.captionmagazine.org\/wp-content\/uploads\/2019\/11\/CAPTION_35-12.jpg 1191w, https:\/\/www.captionmagazine.org\/wp-content\/uploads\/2019\/11\/CAPTION_35-12-640x452.jpg 640w, https:\/\/www.captionmagazine.org\/wp-content\/uploads\/2019\/11\/CAPTION_35-12-768x543.jpg 768w, https:\/\/www.captionmagazine.org\/wp-content\/uploads\/2019\/11\/CAPTION_35-12-370x262.jpg 370w, https:\/\/www.captionmagazine.org\/wp-content\/uploads\/2019\/11\/CAPTION_35-12-800x566.jpg 800w, https:\/\/www.captionmagazine.org\/wp-content\/uploads\/2019\/11\/CAPTION_35-12-740x523.jpg 740w, https:\/\/www.captionmagazine.org\/wp-content\/uploads\/2019\/11\/CAPTION_35-12-20x14.jpg 20w, https:\/\/www.captionmagazine.org\/wp-content\/uploads\/2019\/11\/CAPTION_35-12-600x424.jpg 600w, https:\/\/www.captionmagazine.org\/wp-content\/uploads\/2019\/11\/CAPTION_35-12-68x48.jpg 68w\" sizes=\"auto, (max-width: 1191px) 100vw, 1191px\" \/><\/a><\/li>\n            <\/ul>\n        <\/div>\n        \n    <\/div>\n<\/div>\n<h3>Pedro Marinello K.: Lemebel-Fotograf\u00edas<\/h3>\n<p>El presente trabajo titulado: Lemebel-Fotograf\u00edas es consecuencia de una larga amistad con el autor. Por casualidad y una vez m\u00e1s, la fotograf\u00eda me otorg\u00f3 la oportunidad de realizar una cantidad importante de retratos a Pedro Lemebel desde sus inicios, all\u00e1 por la d\u00e9cada de los \u00b480, hasta las \u00faltimas marchas por la dignidad de g\u00e9nero.<\/p>\n<p>Lo acompa\u00f1\u00e9 muchas veces; visit\u00f3 mi casa-laboratorio otra infinidad de oportunidades; fue divertido, alegre, suspicaz e interesante. Esas sesiones de trabajo, a lo largo de los a\u00f1os, han significado algo muy trascendente para mi carrera. Por ello y como un tributo a Lemebel este libro re\u00fane algunas de sus fotograf\u00edas a\u00fan in\u00e9ditas y que, por vez primera, se publican en este libro de la Editorial Vicio Impune.<\/p>\n<p>Agradezco la colaboraci\u00f3n del escritor y editor Max Vald\u00e9s Avil\u00e9s y de la curadora y gestora Andrea Serrano, ellos me potenciaron a abrir mis viejos archivos y \u201cdesempolvar\u201d aquellos negativos de Pedro Lemebel que se negaban al olvido y \u201cpateaban la cerradura\u201d por dejarse ver.<\/p>\n<p>Espero aportar a que Pedro Lemebel persista en la memoria de los artistas pl\u00e1sticos y escritores chilenos, como bien todos sabremos siempre: bien merecido se lo tiene y enhorabuena.<\/p>\n<p>\u00bfC\u00f3mo fueron mis comienzos en la fotograf\u00eda? un poco de intruso y sensaciones m\u00e1gicas que me suced\u00edan al ver a mi hermano mayor, Juan Domingo, revelar y copiar en un laboratorio que \u00e9l arm\u00f3 en nuestra casa paterna; ese proceso de pasar un papel por distintas soluciones y ver aparecer en medio de ese l\u00edquido una imagen en blanco y negro no ten\u00eda precio en mi mente infantil; un arte de hechizo se plasmaba a mi vista y siempre qued\u00f3 dando vueltas en mi imaginario.<\/p>\n<p>Ya en la adolescencia y algo perdido en la vida, estudi\u00e9 Comercio Exterior en el instituto DUOC, pero desde el primer mes me di cuenta que no era lo m\u00edo y, al a\u00f1o siguiente, 1981 entr\u00e9 a estudiar al Instituto Fotoforum donde curs\u00e9 dos a\u00f1os. Comenc\u00e9 entonces a ser asistente de fotograf\u00eda de mi hermano, en aquel taller m\u00e1gico que se resist\u00eda a ser borrado de mi memoria; posteriormente entr\u00e9 a trabajar al primer Banco Fotogr\u00e1fico Nacional que se llamaba FOTOBANCO. All\u00ed ejerc\u00ed como jefe del archivo y pude ver y seleccionar los mejores trabajos de los m\u00e1s grandes fot\u00f3grafos chilenos de ese momento. Fue una gran escuela donde mas reafirm\u00e9 mi gusto por este arte. Siempre he pensado que tengo un camino ya trazado porque todo se ha dado en forma, no s\u00e9 si casual o ya fue escrita en forma natural por alg\u00fan hechicero de las im\u00e1genes; este oficio de luz y oscuridad al interior del cuarto oscuro me ha permitido conocer gente incre\u00edble: artistas, escritores, modelos, ex alumnos que se convirtieron en el tiempo en otros fot\u00f3grafos y grandes amigos (lo mas importante en este arte son los afectos que se forman y los lazos que persisten al tiempo y al olvido) te hacen perseverar en seguir adelante.<\/p>\n<p>El curriculum como artista fotogr\u00e1fo es una casualidad que marca alg\u00fan hito en tu labor, pero lo m\u00e1s importante es y seguir\u00e1 siendo el amor que le tengo a cada creaci\u00f3n, a cada imagen surgida desde la nada del laboratorio, la aparici\u00f3n del sujeto, la visibilidad -como si naciera desde otro mundo u otra dimensi\u00f3n- de un retrato o un paisaje monta\u00f1oso que conmueve, alegra y permanece.<\/p>\n<hr \/>\n<p><strong>Acerca del autor:<\/strong><\/p>\n<p>Fot\u00f3grafo profesional desde el a\u00f1o 1983. Estudi\u00f3 en la desaparecida escuela fotogr\u00e1fica Fotoforum. Ha ejercido distintas funciones dentro de su profesi\u00f3n, entre las cuales destaca como: Jefe del departamento fotogr\u00e1fico del primer banco fotogr\u00e1fico nacional: FOTOBANCO: 1984-1991; Fot\u00f3grafo responsable del Departamento Fotogr\u00e1fico del Museo Hist\u00f3rico Nacional: 1991 al 2006; Docente de los laboratorios fotogr\u00e1ficos de la escuela periodismo y publicidad de la Universidad Diego Portales: 1992 al 2007; Fotografo publicitario para distintas empresas, corporaciones, fundaciones, holdings y tiendas. Sus trabajos han sido exhibidos y permanentes en: Museo Malba, Reina Sof\u00eda, Museo de Arte Contempor\u00e1neo en M\u00e9xico, Exhibici\u00f3n Arder en la Galer\u00eda D21 y Metales Pesados, Museo de la Memoria. Fot\u00f3grafo de las publicaciones, dossier, memorias y libros: Libro \u201cMuseo de la Moda\u201d editado por Kate Moss en colaboraci\u00f3n fotogr\u00e1fica; Ojo Latino\u201d colecci\u00f3n Luciano Benetton sobre arte latinoamericano; Matilde P\u00e9rez \u201cLa conversaci\u00f3n del Jard\u00edn\u201d; \u201cBaile y Fantas\u00eda\u201d Palacio Concha Cazotte 1912 (fotos del vestuario Museo Hist\u00f3rico Nacional); Andr\u00e9 Racz \u201cL\u00ednea de Horizonte\u201d; \u201cPatrimonio\u201d del Museo Mar\u00edtimo Nacional; Historias de G\u00e9nero\u201d 100 a\u00f1os de moda femenina; \u201cCaleuche 80 a\u00f1os\u201d. Actualmente colabora como fot\u00f3grafo responsable en el Museo de la Moda en la ciudad de Vi\u00f1a del Mar.<\/p>\n<p><strong>Links:<\/strong><\/p>\n<p><a href=\"https:\/\/www.instagram.com\/pedromarinello\" target=\"_blank\" rel=\"noopener\">@pedromarinello<\/a><\/p>\n<p>&nbsp;<\/p>\n","protected":false},"excerpt":{"rendered":"<p>Pedro Marinello K.: Lemebel-Fotograf\u00edas El presente trabajo titulado: Lemebel-Fotograf\u00edas es consecuencia de una larga amistad con el autor. Por casualidad y una vez m\u00e1s, la fotograf\u00eda me otorg\u00f3 la oportunidad de realizar una cantidad importante de retratos a Pedro Lemebel desde sus inicios, all\u00e1 por la d\u00e9cada de los \u00b480, hasta las \u00faltimas marchas por&hellip;<\/p>\n","protected":false},"author":1,"featured_media":23835,"comment_status":"closed","ping_status":"closed","sticky":false,"template":"","format":"standard","meta":{"footnotes":""},"categories":[238],"tags":[1410,245],"thb-sponsors":[],"class_list":["post-23822","post","type-post","status-publish","format-standard","has-post-thumbnail","hentry","category-libros","tag-n35","tag-portada"],"_links":{"self":[{"href":"https:\/\/www.captionmagazine.org\/en\/wp-json\/wp\/v2\/posts\/23822","targetHints":{"allow":["GET"]}}],"collection":[{"href":"https:\/\/www.captionmagazine.org\/en\/wp-json\/wp\/v2\/posts"}],"about":[{"href":"https:\/\/www.captionmagazine.org\/en\/wp-json\/wp\/v2\/types\/post"}],"author":[{"embeddable":true,"href":"https:\/\/www.captionmagazine.org\/en\/wp-json\/wp\/v2\/users\/1"}],"replies":[{"embeddable":true,"href":"https:\/\/www.captionmagazine.org\/en\/wp-json\/wp\/v2\/comments?post=23822"}],"version-history":[{"count":1,"href":"https:\/\/www.captionmagazine.org\/en\/wp-json\/wp\/v2\/posts\/23822\/revisions"}],"predecessor-version":[{"id":23837,"href":"https:\/\/www.captionmagazine.org\/en\/wp-json\/wp\/v2\/posts\/23822\/revisions\/23837"}],"wp:featuredmedia":[{"embeddable":true,"href":"https:\/\/www.captionmagazine.org\/en\/wp-json\/wp\/v2\/media\/23835"}],"wp:attachment":[{"href":"https:\/\/www.captionmagazine.org\/en\/wp-json\/wp\/v2\/media?parent=23822"}],"wp:term":[{"taxonomy":"category","embeddable":true,"href":"https:\/\/www.captionmagazine.org\/en\/wp-json\/wp\/v2\/categories?post=23822"},{"taxonomy":"post_tag","embeddable":true,"href":"https:\/\/www.captionmagazine.org\/en\/wp-json\/wp\/v2\/tags?post=23822"},{"taxonomy":"thb-sponsors","embeddable":true,"href":"https:\/\/www.captionmagazine.org\/en\/wp-json\/wp\/v2\/thb-sponsors?post=23822"}],"curies":[{"name":"wp","href":"https:\/\/api.w.org\/{rel}","templated":true}]}}