{"id":23112,"date":"2025-06-06T08:55:02","date_gmt":"2025-06-06T12:55:02","guid":{"rendered":"https:\/\/www.captionmagazine.org\/?p=23112"},"modified":"2025-06-06T09:14:31","modified_gmt":"2025-06-06T13:14:31","slug":"un-descubrimiento-inesperado-arturo-rodriguez-revela-secretos-incas-en-madrid","status":"publish","type":"post","link":"https:\/\/www.captionmagazine.org\/en\/noticias\/un-descubrimiento-inesperado-arturo-rodriguez-revela-secretos-incas-en-madrid","title":{"rendered":"Un descubrimiento inesperado: Arturo Rodr\u00edguez revela secretos incas en Madrid"},"content":{"rendered":"<h3><strong>Un descubrimiento inesperado: Arturo Rodr\u00edguez revela secretos incas en Madrid<\/strong><\/h3>\n<p>Madrid, 6 de junio de 2025 &#8211; por el equipo CAPTION Magazine<\/p>\n<p><strong>El pasado 4 de junio, el Museo Nacional de Ciencias Naturales de Madrid acogi\u00f3 la conferencia \u201cUn descubrimiento inesperado\u201d del reconocido fot\u00f3grafo documental Arturo Rodr\u00edguez, en un evento organizado en colaboraci\u00f3n con Fujifilm. La charla, que llen\u00f3 el aforo del museo, transport\u00f3 a los asistentes a los Andes peruanos, donde Rodr\u00edguez document\u00f3 un hallazgo arqueol\u00f3gico que desvel\u00f3 nuevas huellas del Imperio Inca.<\/strong><\/p>\n<p>&nbsp;<\/p>\n<figure id=\"attachment_23123\" aria-describedby=\"caption-attachment-23123\" style=\"width: 640px\" class=\"wp-caption alignnone\"><img loading=\"lazy\" decoding=\"async\" class=\"wp-image-23123 size-medium\" src=\"https:\/\/www.captionmagazine.org\/wp-content\/uploads\/2025\/06\/1-640x480.jpg\" alt=\"\" width=\"640\" height=\"480\" srcset=\"https:\/\/www.captionmagazine.org\/wp-content\/uploads\/2025\/06\/1-640x480.jpg 640w, https:\/\/www.captionmagazine.org\/wp-content\/uploads\/2025\/06\/1-370x278.jpg 370w, https:\/\/www.captionmagazine.org\/wp-content\/uploads\/2025\/06\/1-20x15.jpg 20w, https:\/\/www.captionmagazine.org\/wp-content\/uploads\/2025\/06\/1-600x450.jpg 600w, https:\/\/www.captionmagazine.org\/wp-content\/uploads\/2025\/06\/1-64x48.jpg 64w\" sizes=\"auto, (max-width: 640px) 100vw, 640px\" \/><figcaption id=\"caption-attachment-23123\" class=\"wp-caption-text\">Arturo Rodr\u00edguez y el equipo investigador durante la expedici\u00f3n en los Andes peruanos. (Imagen: Fujifilm)<\/figcaption><\/figure>\n<p>La conferencia narr\u00f3 la expedici\u00f3n de Rodr\u00edguez hacia Vilcabamba, la m\u00edtica ciudad refugio inca tras la ca\u00edda de Cusco. Sin embargo, una conversaci\u00f3n junto a una hoguera en Quisuarpampa con el arque\u00f3logo Rolando Pizarro marc\u00f3 un punto de inflexi\u00f3n.<\/p>\n<figure id=\"attachment_23125\" aria-describedby=\"caption-attachment-23125\" style=\"width: 640px\" class=\"wp-caption alignnone\"><img loading=\"lazy\" decoding=\"async\" class=\"wp-image-23125 size-medium\" src=\"https:\/\/www.captionmagazine.org\/wp-content\/uploads\/2025\/06\/2-640x480.jpg\" alt=\"\" width=\"640\" height=\"480\" srcset=\"https:\/\/www.captionmagazine.org\/wp-content\/uploads\/2025\/06\/2-640x480.jpg 640w, https:\/\/www.captionmagazine.org\/wp-content\/uploads\/2025\/06\/2-370x277.jpg 370w, https:\/\/www.captionmagazine.org\/wp-content\/uploads\/2025\/06\/2-20x15.jpg 20w, https:\/\/www.captionmagazine.org\/wp-content\/uploads\/2025\/06\/2-600x450.jpg 600w, https:\/\/www.captionmagazine.org\/wp-content\/uploads\/2025\/06\/2-64x48.jpg 64w\" sizes=\"auto, (max-width: 640px) 100vw, 640px\" \/><figcaption id=\"caption-attachment-23125\" class=\"wp-caption-text\">\u00a9 Arturo Rodr\u00edguez<\/figcaption><\/figure>\n<p>Esta charla llev\u00f3 al equipo a T\u2019aqrachullo, un enclave poco explorado en el coraz\u00f3n de los Andes, donde se revelaron secretos olvidados del Imperio Inca. Acompa\u00f1ado por un equipo multidisciplinar de cient\u00edficos, Rodr\u00edguez captur\u00f3 este descubrimiento en im\u00e1genes, dando vida al proyecto \u201cUn descubrimiento inesperado\u201d.<\/p>\n<figure id=\"attachment_23116\" aria-describedby=\"caption-attachment-23116\" style=\"width: 640px\" class=\"wp-caption alignnone\"><img loading=\"lazy\" decoding=\"async\" class=\"size-medium wp-image-23116\" src=\"https:\/\/www.captionmagazine.org\/wp-content\/uploads\/2025\/06\/DSF9050-Mejorado-NR-640x427.jpg\" alt=\"\" width=\"640\" height=\"427\" srcset=\"https:\/\/www.captionmagazine.org\/wp-content\/uploads\/2025\/06\/DSF9050-Mejorado-NR-640x427.jpg 640w, https:\/\/www.captionmagazine.org\/wp-content\/uploads\/2025\/06\/DSF9050-Mejorado-NR-370x247.jpg 370w, https:\/\/www.captionmagazine.org\/wp-content\/uploads\/2025\/06\/DSF9050-Mejorado-NR-20x13.jpg 20w, https:\/\/www.captionmagazine.org\/wp-content\/uploads\/2025\/06\/DSF9050-Mejorado-NR-600x400.jpg 600w, https:\/\/www.captionmagazine.org\/wp-content\/uploads\/2025\/06\/DSF9050-Mejorado-NR-72x48.jpg 72w\" sizes=\"auto, (max-width: 640px) 100vw, 640px\" \/><figcaption id=\"caption-attachment-23116\" class=\"wp-caption-text\">\u00a9Nacho Izquierdo<\/figcaption><\/figure>\n<p>\u201cLa fotograf\u00eda no solo documenta, sino que tambi\u00e9n conecta el pasado con el presente, permiti\u00e9ndonos redescubrir historias que cre\u00edamos perdidas\u201d, afirm\u00f3 Rodr\u00edguez durante la conferencia.<\/p>\n<figure id=\"attachment_23114\" aria-describedby=\"caption-attachment-23114\" style=\"width: 640px\" class=\"wp-caption alignnone\"><img loading=\"lazy\" decoding=\"async\" class=\"size-medium wp-image-23114\" src=\"https:\/\/www.captionmagazine.org\/wp-content\/uploads\/2025\/06\/DSF9010-Mejorado-NR-640x427.jpg\" alt=\"\" width=\"640\" height=\"427\" srcset=\"https:\/\/www.captionmagazine.org\/wp-content\/uploads\/2025\/06\/DSF9010-Mejorado-NR-640x427.jpg 640w, https:\/\/www.captionmagazine.org\/wp-content\/uploads\/2025\/06\/DSF9010-Mejorado-NR-370x247.jpg 370w, https:\/\/www.captionmagazine.org\/wp-content\/uploads\/2025\/06\/DSF9010-Mejorado-NR-20x13.jpg 20w, https:\/\/www.captionmagazine.org\/wp-content\/uploads\/2025\/06\/DSF9010-Mejorado-NR-600x400.jpg 600w, https:\/\/www.captionmagazine.org\/wp-content\/uploads\/2025\/06\/DSF9010-Mejorado-NR-72x48.jpg 72w\" sizes=\"auto, (max-width: 640px) 100vw, 640px\" \/><figcaption id=\"caption-attachment-23114\" class=\"wp-caption-text\">\u00a9Nacho Izquierdo<\/figcaption><\/figure>\n<p>Arturo Rodr\u00edguez, conocido por sus colaboraciones con medios como <em>National Geographic<\/em>, <em>El Pa\u00eds<\/em> y <em>Paris Match<\/em>, combin\u00f3 en su presentaci\u00f3n historia, naturaleza y una perspectiva documental \u00fanica. Su trabajo, apoyado por Fujifilm, destac\u00f3 por su capacidad para capturar la esencia de los paisajes andinos y la relevancia cultural de los hallazgos en T\u2019aqrachullo.<\/p>\n<figure id=\"attachment_23118\" aria-describedby=\"caption-attachment-23118\" style=\"width: 640px\" class=\"wp-caption alignnone\"><img loading=\"lazy\" decoding=\"async\" class=\"size-medium wp-image-23118\" src=\"https:\/\/www.captionmagazine.org\/wp-content\/uploads\/2025\/06\/DSF9073-Mejorado-NR-640x427.jpg\" alt=\"\" width=\"640\" height=\"427\" srcset=\"https:\/\/www.captionmagazine.org\/wp-content\/uploads\/2025\/06\/DSF9073-Mejorado-NR-640x427.jpg 640w, https:\/\/www.captionmagazine.org\/wp-content\/uploads\/2025\/06\/DSF9073-Mejorado-NR-370x247.jpg 370w, https:\/\/www.captionmagazine.org\/wp-content\/uploads\/2025\/06\/DSF9073-Mejorado-NR-20x13.jpg 20w, https:\/\/www.captionmagazine.org\/wp-content\/uploads\/2025\/06\/DSF9073-Mejorado-NR-600x400.jpg 600w, https:\/\/www.captionmagazine.org\/wp-content\/uploads\/2025\/06\/DSF9073-Mejorado-NR-72x48.jpg 72w\" sizes=\"auto, (max-width: 640px) 100vw, 640px\" \/><figcaption id=\"caption-attachment-23118\" class=\"wp-caption-text\">El autor sostiene un ejemplar con la entrevista publicada en CAPTION Magazine \u00a9Nacho Izquierdo<\/figcaption><\/figure>\n<hr \/>\n<p><strong>Sobre Arturo Rodr\u00edguez<\/strong><\/p>\n<p>Con base en las Islas Canarias, Arturo Rodr\u00edguez ha construido una carrera de m\u00e1s de dos d\u00e9cadas como fot\u00f3grafo documental y retratista. Su trayectoria incluye colaboraciones con agencias como Reuters, The Associated Press y Agence France-Presse, as\u00ed como coberturas de conflictos y crisis humanitarias en lugares como Kosovo (1999), Palestina (2000) y Hait\u00ed (2010). Su trabajo en los campos de refugiados saharauis (1995, 2006, 2011) refleja su compromiso con historias humanas de gran profundidad.<\/p>\n<p>CAPTION Magazine public\u00f3 en forma exclusiva <a href=\"https:\/\/www.captionmagazine.org\/entrevistas\/arturo-rodriguez-y-el-ultimo-bastion-inca\">una entrevista al autor<\/a> acerca de la expedici\u00f3n al Vilcabamba.<\/p>\n<p>La conferencia form\u00f3 parte de una exposici\u00f3n en el Museo Nacional de Ciencias Naturales, desarrollada en colaboraci\u00f3n con Fujifilm, que continuar\u00e1 abierta al p\u00fablico en las pr\u00f3ximas semanas.<\/p>\n","protected":false},"excerpt":{"rendered":"<p>Un descubrimiento inesperado: Arturo Rodr\u00edguez revela secretos incas en Madrid Madrid, 6 de junio de 2025 &#8211; por el equipo CAPTION Magazine El pasado 4 de junio, el Museo Nacional de Ciencias Naturales de Madrid acogi\u00f3 la conferencia \u201cUn descubrimiento inesperado\u201d del reconocido fot\u00f3grafo documental Arturo Rodr\u00edguez, en un evento organizado en colaboraci\u00f3n con Fujifilm.&hellip;<\/p>\n","protected":false},"author":4,"featured_media":23127,"comment_status":"closed","ping_status":"closed","sticky":false,"template":"","format":"standard","meta":{"footnotes":""},"categories":[246],"tags":[1158,207],"thb-sponsors":[],"class_list":["post-23112","post","type-post","status-publish","format-standard","has-post-thumbnail","hentry","category-noticias","tag-expedicion","tag-peru"],"_links":{"self":[{"href":"https:\/\/www.captionmagazine.org\/en\/wp-json\/wp\/v2\/posts\/23112","targetHints":{"allow":["GET"]}}],"collection":[{"href":"https:\/\/www.captionmagazine.org\/en\/wp-json\/wp\/v2\/posts"}],"about":[{"href":"https:\/\/www.captionmagazine.org\/en\/wp-json\/wp\/v2\/types\/post"}],"author":[{"embeddable":true,"href":"https:\/\/www.captionmagazine.org\/en\/wp-json\/wp\/v2\/users\/4"}],"replies":[{"embeddable":true,"href":"https:\/\/www.captionmagazine.org\/en\/wp-json\/wp\/v2\/comments?post=23112"}],"version-history":[{"count":7,"href":"https:\/\/www.captionmagazine.org\/en\/wp-json\/wp\/v2\/posts\/23112\/revisions"}],"predecessor-version":[{"id":23133,"href":"https:\/\/www.captionmagazine.org\/en\/wp-json\/wp\/v2\/posts\/23112\/revisions\/23133"}],"wp:featuredmedia":[{"embeddable":true,"href":"https:\/\/www.captionmagazine.org\/en\/wp-json\/wp\/v2\/media\/23127"}],"wp:attachment":[{"href":"https:\/\/www.captionmagazine.org\/en\/wp-json\/wp\/v2\/media?parent=23112"}],"wp:term":[{"taxonomy":"category","embeddable":true,"href":"https:\/\/www.captionmagazine.org\/en\/wp-json\/wp\/v2\/categories?post=23112"},{"taxonomy":"post_tag","embeddable":true,"href":"https:\/\/www.captionmagazine.org\/en\/wp-json\/wp\/v2\/tags?post=23112"},{"taxonomy":"thb-sponsors","embeddable":true,"href":"https:\/\/www.captionmagazine.org\/en\/wp-json\/wp\/v2\/thb-sponsors?post=23112"}],"curies":[{"name":"wp","href":"https:\/\/api.w.org\/{rel}","templated":true}]}}