{"id":22616,"date":"2025-04-07T22:50:20","date_gmt":"2025-04-08T02:50:20","guid":{"rendered":"https:\/\/www.captionmagazine.org\/?p=22616"},"modified":"2025-04-07T22:53:22","modified_gmt":"2025-04-08T02:53:22","slug":"fujifilm-presenta-el-fujinon-la30x7-8brm-xb2-en-nab-show-2025","status":"publish","type":"post","link":"https:\/\/www.captionmagazine.org\/en\/noticias\/fujifilm-presenta-el-fujinon-la30x7-8brm-xb2-en-nab-show-2025","title":{"rendered":"Fujifilm presenta el FUJINON LA30x7.8BRM-XB2 en NAB Show 2025"},"content":{"rendered":"<h3><strong>Fujifilm presenta el FUJINON LA30x7.8BRM-XB2 en NAB Show 2025<\/strong><\/h3>\n<p><strong>\u00a0Fujifilm deslumbra en NAB Show 2025, el evento l\u00edder de las industrias de broadcasting y tecnolog\u00eda audiovisual, que se celebra del 6 al 9 de abril en el Centro de Convenciones de Las Vegas. En el booth N1239 (North Hall), la compa\u00f1\u00eda japonesa exhibe sus \u00faltimas innovaciones, destacando el objetivo \u201cFUJINON LA30x7.8BRM-XB2\u201d.<\/strong><\/p>\n<p>Este nuevo lente port\u00e1til, dise\u00f1ado para c\u00e1maras de emisi\u00f3n con sensor de 2\/3 pulgadas, ofrece el zoom 30x m\u00e1s alto de su categor\u00eda, cubriendo un rango focal de 7,8 mm a 234 mm.<\/p>\n<p>Con un dise\u00f1o compacto de 190 mm y un peso de solo 1,8 kg, es ideal para producciones que requieren movilidad sin sacrificar calidad. Incorpora una unidad de accionamiento avanzada con codificadores de 16 bits, optimizando la precisi\u00f3n en producciones virtuales y remotas.<\/p>\n<p><img loading=\"lazy\" decoding=\"async\" class=\"alignnone size-medium wp-image-22618\" src=\"https:\/\/www.captionmagazine.org\/wp-content\/uploads\/2025\/04\/fuji2-640x480.jpg\" alt=\"\" width=\"640\" height=\"480\" srcset=\"https:\/\/www.captionmagazine.org\/wp-content\/uploads\/2025\/04\/fuji2-640x480.jpg 640w, https:\/\/www.captionmagazine.org\/wp-content\/uploads\/2025\/04\/fuji2-370x278.jpg 370w, https:\/\/www.captionmagazine.org\/wp-content\/uploads\/2025\/04\/fuji2-20x15.jpg 20w, https:\/\/www.captionmagazine.org\/wp-content\/uploads\/2025\/04\/fuji2-600x450.jpg 600w, https:\/\/www.captionmagazine.org\/wp-content\/uploads\/2025\/04\/fuji2-64x48.jpg 64w\" sizes=\"auto, (max-width: 640px) 100vw, 640px\" \/><\/p>\n<p>El LA30x7.8 responde a la creciente demanda de equipos vers\u00e1tiles y eficientes en un contexto de expansi\u00f3n de plataformas de video. Su rendimiento \u00f3ptico 4K, respaldado por la tecnolog\u00eda HT-EBC de Fujifilm, asegura im\u00e1genes n\u00edtidas y colores precisos en todo el rango de zoom. Adem\u00e1s, incluye funciones como ajuste de back focus con un solo bot\u00f3n y modo macro para primeros planos extremos, facilitando el trabajo de los profesionales.<\/p>\n<p><img loading=\"lazy\" decoding=\"async\" class=\"alignnone size-medium wp-image-22625\" src=\"https:\/\/www.captionmagazine.org\/wp-content\/uploads\/2025\/04\/fuji3-640x480.jpg\" alt=\"\" width=\"640\" height=\"480\" srcset=\"https:\/\/www.captionmagazine.org\/wp-content\/uploads\/2025\/04\/fuji3-640x480.jpg 640w, https:\/\/www.captionmagazine.org\/wp-content\/uploads\/2025\/04\/fuji3-370x278.jpg 370w, https:\/\/www.captionmagazine.org\/wp-content\/uploads\/2025\/04\/fuji3-20x15.jpg 20w, https:\/\/www.captionmagazine.org\/wp-content\/uploads\/2025\/04\/fuji3-600x450.jpg 600w, https:\/\/www.captionmagazine.org\/wp-content\/uploads\/2025\/04\/fuji3-64x48.jpg 64w\" sizes=\"auto, (max-width: 640px) 100vw, 640px\" \/><\/p>\n<p>Fujifilm, con d\u00e9cadas de experiencia en tecnolog\u00eda \u00f3ptica, reafirma su compromiso con los creadores audiovisuales, ofreciendo herramientas que combinan innovaci\u00f3n, portabilidad y alto desempe\u00f1o. No te pierdas esta novedad en NAB Show 2025, un escaparate imprescindible para el futuro del broadcasting.<\/p>\n<hr \/>\n<p><strong>Lee m\u00e1s sobre este evento:<\/strong><\/p>\n<p><a href=\"https:\/\/www.nabshow.com\/\" target=\"_blank\" rel=\"noopener\">nabshow.com<\/a><\/p>\n","protected":false},"excerpt":{"rendered":"<p>Fujifilm presenta el FUJINON LA30x7.8BRM-XB2 en NAB Show 2025 \u00a0Fujifilm deslumbra en NAB Show 2025, el evento l\u00edder de las industrias de broadcasting y tecnolog\u00eda audiovisual, que se celebra del 6 al 9 de abril en el Centro de Convenciones de Las Vegas. En el booth N1239 (North Hall), la compa\u00f1\u00eda japonesa exhibe sus \u00faltimas&hellip;<\/p>\n","protected":false},"author":4,"featured_media":22620,"comment_status":"closed","ping_status":"closed","sticky":false,"template":"","format":"standard","meta":{"footnotes":""},"categories":[1133,246],"tags":[],"thb-sponsors":[830,1147],"class_list":["post-22616","post","type-post","status-publish","format-standard","has-post-thumbnail","hentry","category-eventos","category-noticias"],"_links":{"self":[{"href":"https:\/\/www.captionmagazine.org\/en\/wp-json\/wp\/v2\/posts\/22616","targetHints":{"allow":["GET"]}}],"collection":[{"href":"https:\/\/www.captionmagazine.org\/en\/wp-json\/wp\/v2\/posts"}],"about":[{"href":"https:\/\/www.captionmagazine.org\/en\/wp-json\/wp\/v2\/types\/post"}],"author":[{"embeddable":true,"href":"https:\/\/www.captionmagazine.org\/en\/wp-json\/wp\/v2\/users\/4"}],"replies":[{"embeddable":true,"href":"https:\/\/www.captionmagazine.org\/en\/wp-json\/wp\/v2\/comments?post=22616"}],"version-history":[{"count":5,"href":"https:\/\/www.captionmagazine.org\/en\/wp-json\/wp\/v2\/posts\/22616\/revisions"}],"predecessor-version":[{"id":22627,"href":"https:\/\/www.captionmagazine.org\/en\/wp-json\/wp\/v2\/posts\/22616\/revisions\/22627"}],"wp:featuredmedia":[{"embeddable":true,"href":"https:\/\/www.captionmagazine.org\/en\/wp-json\/wp\/v2\/media\/22620"}],"wp:attachment":[{"href":"https:\/\/www.captionmagazine.org\/en\/wp-json\/wp\/v2\/media?parent=22616"}],"wp:term":[{"taxonomy":"category","embeddable":true,"href":"https:\/\/www.captionmagazine.org\/en\/wp-json\/wp\/v2\/categories?post=22616"},{"taxonomy":"post_tag","embeddable":true,"href":"https:\/\/www.captionmagazine.org\/en\/wp-json\/wp\/v2\/tags?post=22616"},{"taxonomy":"thb-sponsors","embeddable":true,"href":"https:\/\/www.captionmagazine.org\/en\/wp-json\/wp\/v2\/thb-sponsors?post=22616"}],"curies":[{"name":"wp","href":"https:\/\/api.w.org\/{rel}","templated":true}]}}