{"id":22115,"date":"2025-02-18T10:43:39","date_gmt":"2025-02-18T13:43:39","guid":{"rendered":"https:\/\/www.captionmagazine.org\/?p=22115"},"modified":"2025-02-18T11:09:04","modified_gmt":"2025-02-18T14:09:04","slug":"basque-dok-festival-presenta-el-premio-bbk-para-proyectos-con-impacto-social","status":"publish","type":"post","link":"https:\/\/www.captionmagazine.org\/en\/noticias\/basque-dok-festival-presenta-el-premio-bbk-para-proyectos-con-impacto-social","title":{"rendered":"Basque Dok Festival presenta el Premio BBK"},"content":{"rendered":"<h3 data-start=\"0\" data-end=\"406\"><strong>Basque Dok Festival presenta el Premio BBK<\/strong><\/h3>\n<p data-start=\"0\" data-end=\"406\">El Basque Dok Festival ha anunciado la convocatoria del <strong data-start=\"60\" data-end=\"74\">Premio BBK<\/strong>, una iniciativa que busca reconocer proyectos de imagen contempor\u00e1nea que aborden problem\u00e1ticas sociales como la exclusi\u00f3n, la desigualdad o la vulnerabilidad. Organizado por la cooperativa <strong data-start=\"265\" data-end=\"279\">Kulturbegi<\/strong>, el premio tiene como objetivo reforzar el compromiso con la cultura y el arte como herramientas de reflexi\u00f3n y cambio social.<\/p>\n<p data-start=\"408\" data-end=\"998\">La convocatoria estar\u00e1 abierta desde el <strong data-start=\"448\" data-end=\"492\">4 de febrero hasta el 4 de marzo de 2025<\/strong>, y se aceptar\u00e1n propuestas en diversos formatos, incluyendo fotograf\u00eda, videoarte, instalaciones audiovisuales y otros medios expositivos relacionados con la imagen contempor\u00e1nea. El proyecto ganador ser\u00e1 expuesto en junio de 2025 en la <strong data-start=\"730\" data-end=\"752\">Sala BBK de Bilbao<\/strong> o en otro espacio seleccionado por la fundaci\u00f3n bancaria. Adem\u00e1s, recibir\u00e1 una financiaci\u00f3n total de <strong data-start=\"854\" data-end=\"870\">10.000 euros<\/strong> para su producci\u00f3n y difusi\u00f3n, de los cuales <strong data-start=\"916\" data-end=\"931\">3.000 euros<\/strong> se otorgar\u00e1n al autor en reconocimiento a su trabajo y dedicaci\u00f3n.<\/p>\n<p data-start=\"1000\" data-end=\"1408\">El Basque Dok Festival, reconocido por su enfoque en la fotograf\u00eda documental y la imagen contempor\u00e1nea, refuerza con esta iniciativa su compromiso con la imagen como herramienta de transformaci\u00f3n social. Por su parte, <strong data-start=\"1223\" data-end=\"1230\">BBK<\/strong>, como colaborador y patrocinador, apoya esta propuesta con el fin de promover el arte con impacto social y contribuir a la difusi\u00f3n de proyectos que generen conciencia y cambio.<\/p>\n<p data-start=\"1410\" data-end=\"1659\">Adem\u00e1s del premio, el festival organizar\u00e1 conferencias y foros de debate sobre el papel de la imagen contempor\u00e1nea en la lucha contra la desigualdad y la exclusi\u00f3n social, creando espacios de di\u00e1logo entre artistas, expertos y el p\u00fablico en general.<\/p>\n<hr \/>\n<p data-start=\"1661\" data-end=\"1820\"><strong>M\u00e1s detalles sobre la convocatoria:<\/strong><\/p>\n<p data-start=\"1661\" data-end=\"1820\">Los interesados en participar pueden consultar las bases del premio y presentar sus proyectos a trav\u00e9s de la web oficial del Basque Dok Festival y BBK en el enlace siguiente:<\/p>\n<div class=\"wpb_text_column wpb_content_element vc_custom_1738668699378\">\n<div class=\"wpb_wrapper\">\n<p><a href=\"https:\/\/basquedokfestival.com\/blog\/basque-dok-festival-presenta-el-premio-bbk-para-proyectos-con-impacto-social\/?utm_source=Suscriptores+de+Blackkamera&amp;utm_campaign=3166f33538-EMAIL_CAMPAIGN_2019_04_22_05_38_COPY_01&amp;utm_medium=email&amp;utm_term=0_07db6bdea5-3166f33538-302123009\" target=\"_blank\" rel=\"noopener\">Basque Dok Festival<\/a><\/p>\n<\/div>\n<\/div>\n","protected":false},"excerpt":{"rendered":"<p>Basque Dok Festival presenta el Premio BBK El Basque Dok Festival ha anunciado la convocatoria del Premio BBK, una iniciativa que busca reconocer proyectos de imagen contempor\u00e1nea que aborden problem\u00e1ticas sociales como la exclusi\u00f3n, la desigualdad o la vulnerabilidad. Organizado por la cooperativa Kulturbegi, el premio tiene como objetivo reforzar el compromiso con la cultura&hellip;<\/p>\n","protected":false},"author":1,"featured_media":22116,"comment_status":"closed","ping_status":"closed","sticky":false,"template":"","format":"standard","meta":{"footnotes":""},"categories":[1133,246],"tags":[1136,1125,1137,186],"thb-sponsors":[],"class_list":["post-22115","post","type-post","status-publish","format-standard","has-post-thumbnail","hentry","category-eventos","category-noticias","tag-basque","tag-bilbao","tag-dok","tag-festival"],"_links":{"self":[{"href":"https:\/\/www.captionmagazine.org\/en\/wp-json\/wp\/v2\/posts\/22115","targetHints":{"allow":["GET"]}}],"collection":[{"href":"https:\/\/www.captionmagazine.org\/en\/wp-json\/wp\/v2\/posts"}],"about":[{"href":"https:\/\/www.captionmagazine.org\/en\/wp-json\/wp\/v2\/types\/post"}],"author":[{"embeddable":true,"href":"https:\/\/www.captionmagazine.org\/en\/wp-json\/wp\/v2\/users\/1"}],"replies":[{"embeddable":true,"href":"https:\/\/www.captionmagazine.org\/en\/wp-json\/wp\/v2\/comments?post=22115"}],"version-history":[{"count":9,"href":"https:\/\/www.captionmagazine.org\/en\/wp-json\/wp\/v2\/posts\/22115\/revisions"}],"predecessor-version":[{"id":22133,"href":"https:\/\/www.captionmagazine.org\/en\/wp-json\/wp\/v2\/posts\/22115\/revisions\/22133"}],"wp:featuredmedia":[{"embeddable":true,"href":"https:\/\/www.captionmagazine.org\/en\/wp-json\/wp\/v2\/media\/22116"}],"wp:attachment":[{"href":"https:\/\/www.captionmagazine.org\/en\/wp-json\/wp\/v2\/media?parent=22115"}],"wp:term":[{"taxonomy":"category","embeddable":true,"href":"https:\/\/www.captionmagazine.org\/en\/wp-json\/wp\/v2\/categories?post=22115"},{"taxonomy":"post_tag","embeddable":true,"href":"https:\/\/www.captionmagazine.org\/en\/wp-json\/wp\/v2\/tags?post=22115"},{"taxonomy":"thb-sponsors","embeddable":true,"href":"https:\/\/www.captionmagazine.org\/en\/wp-json\/wp\/v2\/thb-sponsors?post=22115"}],"curies":[{"name":"wp","href":"https:\/\/api.w.org\/{rel}","templated":true}]}}