{"id":22003,"date":"2025-01-21T09:11:20","date_gmt":"2025-01-21T12:11:20","guid":{"rendered":"https:\/\/www.captionmagazine.org\/?p=22003"},"modified":"2025-01-21T09:11:20","modified_gmt":"2025-01-21T12:11:20","slug":"libro-exiliadas","status":"publish","type":"post","link":"https:\/\/www.captionmagazine.org\/en\/noticias\/libro-exiliadas","title":{"rendered":"Libro Exiliadas"},"content":{"rendered":"<h3 class=\"a_st\">El libro \u2018Exiliadas\u2019, de la periodista y antrop\u00f3loga Carolina Espinoza Cartes, repasa las historia de resistencia de 60 mujeres que tuvieron que abandonar su pa\u00eds tras el golpe de Estado de 1973 y echar ra\u00edces de nuevo.<\/h3>\n<p><em>Por Silvia Laboreo Long\u00e1s, Diario El Pa\u00eds<\/em><\/p>\n<p>Mientras la periodista y antrop\u00f3loga Carolina Espinoza Cartes (Concepci\u00f3n, Chile, 50 a\u00f1os) investigaba para su tesis doctoral sobre exiliados chilenos en Espa\u00f1a tras el golpe de Estado del 1973, se dio cuenta de que los testimonios masculinos y femeninos que recog\u00eda eran diferentes entre s\u00ed. \u201cEl relato del hombre era m\u00e1s heroico, ten\u00eda relaci\u00f3n con su experiencia previa a la represi\u00f3n y, sobre todo, siempre hab\u00eda un componente \u00e9pico. Sin embargo, el de las mujeres era un testimonio completamente transversal, muy horizontal, que ten\u00eda que ver con aspectos m\u00e1s all\u00e1 de la situaci\u00f3n pol\u00edtica, que en algunos casos se hab\u00eda vivido entusiastamente y en otros un poco m\u00e1s de lejos\u201d, cuenta. Ellas hablaban de la situaci\u00f3n laboral al llegar, de sus familias, de c\u00f3mo fue empezar de cero en el pa\u00eds de acogida. De las trabas del d\u00eda a d\u00eda y de las redes que tejieron en sus nuevas ciudades. Tambi\u00e9n del activismo pol\u00edtico y la resistencia a la dictadura desde el extranjero y de c\u00f3mo manejaron la posibilidad del no retorno a Chile.<\/p>\n<figure id=\"attachment_22008\" aria-describedby=\"caption-attachment-22008\" style=\"width: 1605px\" class=\"wp-caption aligncenter\"><img loading=\"lazy\" decoding=\"async\" class=\"size-full wp-image-22008\" src=\"https:\/\/www.captionmagazine.org\/wp-content\/uploads\/2025\/01\/Captura-de-pantalla-2025-01-21-090631.png\" alt=\"\" width=\"1605\" height=\"1065\" srcset=\"https:\/\/www.captionmagazine.org\/wp-content\/uploads\/2025\/01\/Captura-de-pantalla-2025-01-21-090631.png 1605w, https:\/\/www.captionmagazine.org\/wp-content\/uploads\/2025\/01\/Captura-de-pantalla-2025-01-21-090631-640x425.png 640w, https:\/\/www.captionmagazine.org\/wp-content\/uploads\/2025\/01\/Captura-de-pantalla-2025-01-21-090631-1280x849.png 1280w, https:\/\/www.captionmagazine.org\/wp-content\/uploads\/2025\/01\/Captura-de-pantalla-2025-01-21-090631-768x510.png 768w, https:\/\/www.captionmagazine.org\/wp-content\/uploads\/2025\/01\/Captura-de-pantalla-2025-01-21-090631-1536x1019.png 1536w, https:\/\/www.captionmagazine.org\/wp-content\/uploads\/2025\/01\/Captura-de-pantalla-2025-01-21-090631-370x246.png 370w, https:\/\/www.captionmagazine.org\/wp-content\/uploads\/2025\/01\/Captura-de-pantalla-2025-01-21-090631-800x531.png 800w, https:\/\/www.captionmagazine.org\/wp-content\/uploads\/2025\/01\/Captura-de-pantalla-2025-01-21-090631-20x13.png 20w, https:\/\/www.captionmagazine.org\/wp-content\/uploads\/2025\/01\/Captura-de-pantalla-2025-01-21-090631-740x491.png 740w, https:\/\/www.captionmagazine.org\/wp-content\/uploads\/2025\/01\/Captura-de-pantalla-2025-01-21-090631-1600x1062.png 1600w, https:\/\/www.captionmagazine.org\/wp-content\/uploads\/2025\/01\/Captura-de-pantalla-2025-01-21-090631-600x398.png 600w, https:\/\/www.captionmagazine.org\/wp-content\/uploads\/2025\/01\/Captura-de-pantalla-2025-01-21-090631-72x48.png 72w\" sizes=\"auto, (max-width: 1605px) 100vw, 1605px\" \/><figcaption id=\"caption-attachment-22008\" class=\"wp-caption-text\">\u00a9 Nacho Izquierdo<\/figcaption><\/figure>\n<p>Esos relatos del exilio desde el punto de vista de las mujeres fueron el germen de una investigaci\u00f3n que, de 2018 a 2023, llev\u00f3 a Espinoza y al <strong>fot\u00f3grafo chileno Ignacio Izquierdo<\/strong> a viajar por distintos pa\u00edses para entrevistar a m\u00e1s mujeres en la di\u00e1spora. En total, 60 testimonios de chilenas que se fueron tras el golpe de Estado de Pinochet y nunca regresaron. Esas historias cristalizaron en una exposici\u00f3n fotogr\u00e1fica, que se transform\u00f3 en 2024 en el libro Exiliadas (Editorial Cuarto Propio), que ahora ha sido publicado en Espa\u00f1a dentro de la Colecci\u00f3n Historia Memoria de La Parcer\u00eda Edita, con pr\u00f3logo de la arque\u00f3loga e historiadora Esther L\u00f3pez Barcel\u00f3. Adem\u00e1s, la muestra podr\u00e1 verse en el centro cultural La Parcer\u00eda a partir del 13 de febrero.<\/p>\n<blockquote><p>Mi email est\u00e1 plagado de mujeres, no solamente chilenas, espa\u00f1olas tambi\u00e9n, que han descubierto el pasado exiliar de sus abuelas o bisabuelas y quieren hablar de ello, preguntar y aprovechar que todav\u00eda tienen a sus abuelas vivas<br \/>\n<strong>Carolina Espinoza Cartes, periodista, antrop\u00f3loga y autora de &#8216;Exiliadas&#8217;<\/strong><\/p><\/blockquote>\n<p>La publicaci\u00f3n ordena los testimonios de las mujeres alrededor de seis ejes: la llegada al pa\u00eds de acogida, la familia, las relaciones afectivas, trabajo y estudio, militancias y activismo pol\u00edtico y la posibilidad \u2014o no\u2014 del retorno. Detr\u00e1s de cada fragmento, explica la autora, hay horas de conversaciones, \u201cmucha observaci\u00f3n y escucha\u201d. \u201cEn alg\u00fan momento tienes que preguntar por cosas de las que sabes que va a haber silencios. Pero, a lo mejor, existe una remota posibilidad de que como han pasado 40 o 50 a\u00f1os de esa situaci\u00f3n de violencia pol\u00edtica, quiz\u00e1 este sea el momento de hablar\u201d, cuenta Espinoza, que aclara que no quer\u00eda que el tono del libro fuera \u201cvictimista\u201d pero tampoco \u201cbuenista\u201d, en el sentido de \u201cpresentar al migrante como una persona que supera su destino y se sobrepone\u201d.<\/p>\n<p><a href=\"https:\/\/elpais.com\/planeta-futuro\/2025-01-18\/mas-alla-del-relato-masculino-las-chilenas-que-narraron-su-exilio-durante-la-dictadura-de-pinochet.html\" target=\"_blank\" rel=\"noopener\">Lea la nota completa en diario El Pais<\/a><\/p>\n","protected":false},"excerpt":{"rendered":"<p>El libro \u2018Exiliadas\u2019, de la periodista y antrop\u00f3loga Carolina Espinoza Cartes, repasa las historia de resistencia de 60 mujeres que tuvieron que abandonar su pa\u00eds tras el golpe de Estado de 1973 y echar ra\u00edces de nuevo. Por Silvia Laboreo Long\u00e1s, Diario El Pa\u00eds Mientras la periodista y antrop\u00f3loga Carolina Espinoza Cartes (Concepci\u00f3n, Chile, 50&hellip;<\/p>\n","protected":false},"author":1,"featured_media":22004,"comment_status":"closed","ping_status":"closed","sticky":false,"template":"","format":"standard","meta":{"footnotes":""},"categories":[246],"tags":[],"thb-sponsors":[],"class_list":["post-22003","post","type-post","status-publish","format-standard","has-post-thumbnail","hentry","category-noticias"],"_links":{"self":[{"href":"https:\/\/www.captionmagazine.org\/en\/wp-json\/wp\/v2\/posts\/22003","targetHints":{"allow":["GET"]}}],"collection":[{"href":"https:\/\/www.captionmagazine.org\/en\/wp-json\/wp\/v2\/posts"}],"about":[{"href":"https:\/\/www.captionmagazine.org\/en\/wp-json\/wp\/v2\/types\/post"}],"author":[{"embeddable":true,"href":"https:\/\/www.captionmagazine.org\/en\/wp-json\/wp\/v2\/users\/1"}],"replies":[{"embeddable":true,"href":"https:\/\/www.captionmagazine.org\/en\/wp-json\/wp\/v2\/comments?post=22003"}],"version-history":[{"count":1,"href":"https:\/\/www.captionmagazine.org\/en\/wp-json\/wp\/v2\/posts\/22003\/revisions"}],"predecessor-version":[{"id":22010,"href":"https:\/\/www.captionmagazine.org\/en\/wp-json\/wp\/v2\/posts\/22003\/revisions\/22010"}],"wp:featuredmedia":[{"embeddable":true,"href":"https:\/\/www.captionmagazine.org\/en\/wp-json\/wp\/v2\/media\/22004"}],"wp:attachment":[{"href":"https:\/\/www.captionmagazine.org\/en\/wp-json\/wp\/v2\/media?parent=22003"}],"wp:term":[{"taxonomy":"category","embeddable":true,"href":"https:\/\/www.captionmagazine.org\/en\/wp-json\/wp\/v2\/categories?post=22003"},{"taxonomy":"post_tag","embeddable":true,"href":"https:\/\/www.captionmagazine.org\/en\/wp-json\/wp\/v2\/tags?post=22003"},{"taxonomy":"thb-sponsors","embeddable":true,"href":"https:\/\/www.captionmagazine.org\/en\/wp-json\/wp\/v2\/thb-sponsors?post=22003"}],"curies":[{"name":"wp","href":"https:\/\/api.w.org\/{rel}","templated":true}]}}