{"id":20881,"date":"2024-11-03T18:58:35","date_gmt":"2024-11-03T21:58:35","guid":{"rendered":"https:\/\/www.captionmagazine.org\/?p=20881"},"modified":"2024-11-04T11:21:52","modified_gmt":"2024-11-04T14:21:52","slug":"carles-palacio-trabajadores-de-la-mar","status":"publish","type":"post","link":"https:\/\/www.captionmagazine.org\/en\/ensayos\/carles-palacio-trabajadores-de-la-mar","title":{"rendered":"Carles Palacio: Trabajadores de la mar"},"content":{"rendered":"<h3>Trabajadores de la mar<\/h3>\n<p class=\"p1\"><b>Por Carles Palacio, <\/b><b>Ganador QUIJOTE PHOTOFEST 2024<\/b><\/p>\n<p class=\"p1\"><strong>Esta serie de Carles Palacio acerca del trabajo de los pescadores del Mediterr\u00e1neo result\u00f3 ganadora de la quinta edici\u00f3n de QUIJOTE PHOTOFEST organizada por el Aula de Fotograf\u00eda de la Universidad de Alcal\u00e1.<\/strong><\/p>\n<p class=\"p1\"><strong>El ganador se llev\u00f3 una c\u00e1mara FUJIFILM X-T50 y una \u00f3ptica FUJINON XF18-55mmF2.8-4 R LM OIS, una beca del 50% en uno de los programas de desarrollo especializado en la escuela de emprendimiento fotogr\u00e1fico TOO MANY FLASH, la publicaci\u00f3n de la serie en la revista CAPTION MAGAZINE y una inscripci\u00f3n anual al Aula de Fotograf\u00eda de la Fundaci\u00f3n General de la Universidad de Alcal\u00e1.<\/strong><\/p>\n<p>&nbsp;<\/p>\n<div class=\"wp-block-button is-style-outline\"><a class=\"wp-block-button__link\" style=\"border-radius: 10px;\" href=\"https:\/\/www.captionmagazine.org\/papel-digital-n30#page86\" rel=\"noreferrer noopener\">Lee este art\u00edculo en papel digital<\/a><\/div>\n<p>&nbsp;<\/p>\n<p class=\"p1\">La crisis clim\u00e1tica empieza a ocupar todas las agendas. El trabajo de los pescadores del Mediterr\u00e1neo, sin embargo, lleva d\u00e9cadas sufriendo sus estragos.<\/p>\n<figure id=\"attachment_20896\" aria-describedby=\"caption-attachment-20896\" style=\"width: 1500px\" class=\"wp-caption aligncenter\"><img loading=\"lazy\" decoding=\"async\" class=\"size-full wp-image-20896\" src=\"https:\/\/www.captionmagazine.org\/wp-content\/uploads\/2024\/11\/CPALACIOB-10-TrabajadoresDeLaMar.jpg\" alt=\"\" width=\"1500\" height=\"1000\" srcset=\"https:\/\/www.captionmagazine.org\/wp-content\/uploads\/2024\/11\/CPALACIOB-10-TrabajadoresDeLaMar.jpg 1500w, https:\/\/www.captionmagazine.org\/wp-content\/uploads\/2024\/11\/CPALACIOB-10-TrabajadoresDeLaMar-640x427.jpg 640w, https:\/\/www.captionmagazine.org\/wp-content\/uploads\/2024\/11\/CPALACIOB-10-TrabajadoresDeLaMar-1280x853.jpg 1280w, https:\/\/www.captionmagazine.org\/wp-content\/uploads\/2024\/11\/CPALACIOB-10-TrabajadoresDeLaMar-768x512.jpg 768w, https:\/\/www.captionmagazine.org\/wp-content\/uploads\/2024\/11\/CPALACIOB-10-TrabajadoresDeLaMar-370x247.jpg 370w, https:\/\/www.captionmagazine.org\/wp-content\/uploads\/2024\/11\/CPALACIOB-10-TrabajadoresDeLaMar-800x533.jpg 800w, https:\/\/www.captionmagazine.org\/wp-content\/uploads\/2024\/11\/CPALACIOB-10-TrabajadoresDeLaMar-20x13.jpg 20w, https:\/\/www.captionmagazine.org\/wp-content\/uploads\/2024\/11\/CPALACIOB-10-TrabajadoresDeLaMar-740x493.jpg 740w, https:\/\/www.captionmagazine.org\/wp-content\/uploads\/2024\/11\/CPALACIOB-10-TrabajadoresDeLaMar-600x400.jpg 600w, https:\/\/www.captionmagazine.org\/wp-content\/uploads\/2024\/11\/CPALACIOB-10-TrabajadoresDeLaMar-72x48.jpg 72w\" sizes=\"auto, (max-width: 1500px) 100vw, 1500px\" \/><figcaption id=\"caption-attachment-20896\" class=\"wp-caption-text\">Trabajadores de la mar. \u00a9 Carles Palacio<\/figcaption><\/figure>\n<p class=\"p2\">El poco relevo generacional debido a las duras condiciones de trabajo, y unos precios de mercado muy bajos ligados a unas capturas cada vez m\u00e1s escasas, son algunas de las razones de la precarizaci\u00f3n del sector. En este punto, mantener el delicado equilibrio entre tradici\u00f3n, trabajo y respeto por el entorno es clave para la supervivencia de este oficio.<\/p>\n<figure id=\"attachment_20900\" aria-describedby=\"caption-attachment-20900\" style=\"width: 1500px\" class=\"wp-caption aligncenter\"><img loading=\"lazy\" decoding=\"async\" class=\"size-full wp-image-20900\" src=\"https:\/\/www.captionmagazine.org\/wp-content\/uploads\/2024\/11\/CPALACIOB-12-TrabajadoresDeLaMar.jpg\" alt=\"\" width=\"1500\" height=\"1000\" srcset=\"https:\/\/www.captionmagazine.org\/wp-content\/uploads\/2024\/11\/CPALACIOB-12-TrabajadoresDeLaMar.jpg 1500w, https:\/\/www.captionmagazine.org\/wp-content\/uploads\/2024\/11\/CPALACIOB-12-TrabajadoresDeLaMar-640x427.jpg 640w, https:\/\/www.captionmagazine.org\/wp-content\/uploads\/2024\/11\/CPALACIOB-12-TrabajadoresDeLaMar-1280x853.jpg 1280w, https:\/\/www.captionmagazine.org\/wp-content\/uploads\/2024\/11\/CPALACIOB-12-TrabajadoresDeLaMar-768x512.jpg 768w, https:\/\/www.captionmagazine.org\/wp-content\/uploads\/2024\/11\/CPALACIOB-12-TrabajadoresDeLaMar-370x247.jpg 370w, https:\/\/www.captionmagazine.org\/wp-content\/uploads\/2024\/11\/CPALACIOB-12-TrabajadoresDeLaMar-800x533.jpg 800w, https:\/\/www.captionmagazine.org\/wp-content\/uploads\/2024\/11\/CPALACIOB-12-TrabajadoresDeLaMar-20x13.jpg 20w, https:\/\/www.captionmagazine.org\/wp-content\/uploads\/2024\/11\/CPALACIOB-12-TrabajadoresDeLaMar-740x493.jpg 740w, https:\/\/www.captionmagazine.org\/wp-content\/uploads\/2024\/11\/CPALACIOB-12-TrabajadoresDeLaMar-600x400.jpg 600w, https:\/\/www.captionmagazine.org\/wp-content\/uploads\/2024\/11\/CPALACIOB-12-TrabajadoresDeLaMar-72x48.jpg 72w\" sizes=\"auto, (max-width: 1500px) 100vw, 1500px\" \/><figcaption id=\"caption-attachment-20900\" class=\"wp-caption-text\">Trabajadores de la mar. \u00a9 Carles Palacio<\/figcaption><\/figure>\n<p class=\"p2\">Esta es una muestra documental de diferentes trabajadores del mar en la Costa Brava (norte de Catalu\u00f1a), realizada entre 2018 y 2022. Una mirada fotogr\u00e1fica cercana, \u00edntima, que pone en valor la figura de la persona en uno de los oficios y modos de vida m\u00e1s importantes y menos documentados de nuestro territorio.<\/p>\n<hr \/>\n<p><strong>Acerca del Autor:<\/strong><\/p>\n<p class=\"p1\">Fot\u00f3grafo freelance nacido en Catalu\u00f1a que actualmente vive en Girona y Barcelona \u2014Espa\u00f1a\u2014. Su trabajo ha sido publicado en varios medios como The New Yorker, Financial Times, Internazionale, Diari Ara, Revista Panenka y The Guardian entre otros.<\/p>\n<p class=\"p1\">Actualmemte esta desarrollando varios proyectos tanto en Catalu\u00f1a como en Europa del Este, desde conflictos sociales hasta temas \u00e9tnicos.<\/p>\n<p class=\"p1\">Ha trabajado para prensa as\u00ed como para estudios de dise\u00f1o gr\u00e1fico y agencias de publicidad. Algunos de sus clientes son Gassiot&amp;Llobet, Quartz o Pepsi Co.<\/p>\n<p><strong>Links:\u00a0<\/strong><\/p>\n<p><a href=\"http:\/\/carlespalacio.com\/portfolio-project\/treballadors-de-la-mar\/\" target=\"_blank\" rel=\"noopener\">carlespalacio.com\/portfolio-project\/treballadors-de-la-mar<\/a><\/p>\n<p><a href=\"https:\/\/www.instagram.com\/carlespalacio\" target=\"_blank\" rel=\"noopener\">@carlespalacio<\/a><\/p>\n","protected":false},"excerpt":{"rendered":"<p>Trabajadores de la mar Por Carles Palacio, Ganador QUIJOTE PHOTOFEST 2024 Esta serie de Carles Palacio acerca del trabajo de los pescadores del Mediterr\u00e1neo result\u00f3 ganadora de la quinta edici\u00f3n de QUIJOTE PHOTOFEST organizada por el Aula de Fotograf\u00eda de la Universidad de Alcal\u00e1. El ganador se llev\u00f3 una c\u00e1mara FUJIFILM X-T50 y una \u00f3ptica&hellip;<\/p>\n","protected":false},"author":1,"featured_media":20886,"comment_status":"closed","ping_status":"closed","sticky":false,"template":"","format":"gallery","meta":{"footnotes":""},"categories":[1],"tags":[1124,782,1007],"thb-sponsors":[],"class_list":["post-20881","post","type-post","status-publish","format-gallery","has-post-thumbnail","hentry","category-ensayos","tag-n30","tag-pescadores","tag-quijote-photofest","post_format-post-format-gallery"],"_links":{"self":[{"href":"https:\/\/www.captionmagazine.org\/en\/wp-json\/wp\/v2\/posts\/20881","targetHints":{"allow":["GET"]}}],"collection":[{"href":"https:\/\/www.captionmagazine.org\/en\/wp-json\/wp\/v2\/posts"}],"about":[{"href":"https:\/\/www.captionmagazine.org\/en\/wp-json\/wp\/v2\/types\/post"}],"author":[{"embeddable":true,"href":"https:\/\/www.captionmagazine.org\/en\/wp-json\/wp\/v2\/users\/1"}],"replies":[{"embeddable":true,"href":"https:\/\/www.captionmagazine.org\/en\/wp-json\/wp\/v2\/comments?post=20881"}],"version-history":[{"count":9,"href":"https:\/\/www.captionmagazine.org\/en\/wp-json\/wp\/v2\/posts\/20881\/revisions"}],"predecessor-version":[{"id":21306,"href":"https:\/\/www.captionmagazine.org\/en\/wp-json\/wp\/v2\/posts\/20881\/revisions\/21306"}],"wp:featuredmedia":[{"embeddable":true,"href":"https:\/\/www.captionmagazine.org\/en\/wp-json\/wp\/v2\/media\/20886"}],"wp:attachment":[{"href":"https:\/\/www.captionmagazine.org\/en\/wp-json\/wp\/v2\/media?parent=20881"}],"wp:term":[{"taxonomy":"category","embeddable":true,"href":"https:\/\/www.captionmagazine.org\/en\/wp-json\/wp\/v2\/categories?post=20881"},{"taxonomy":"post_tag","embeddable":true,"href":"https:\/\/www.captionmagazine.org\/en\/wp-json\/wp\/v2\/tags?post=20881"},{"taxonomy":"thb-sponsors","embeddable":true,"href":"https:\/\/www.captionmagazine.org\/en\/wp-json\/wp\/v2\/thb-sponsors?post=20881"}],"curies":[{"name":"wp","href":"https:\/\/api.w.org\/{rel}","templated":true}]}}