{"id":20798,"date":"2024-11-03T13:57:54","date_gmt":"2024-11-03T16:57:54","guid":{"rendered":"https:\/\/www.captionmagazine.org\/?p=20798"},"modified":"2024-11-04T11:16:12","modified_gmt":"2024-11-04T14:16:12","slug":"fujikina-barcelona-un-encuentro-imperdible-detalles-del-programa","status":"publish","type":"post","link":"https:\/\/www.captionmagazine.org\/en\/noticias\/fujikina-barcelona-un-encuentro-imperdible-detalles-del-programa","title":{"rendered":"FUJIKINA Barcelona: Detalles del programa"},"content":{"rendered":"<h3><strong>FUJIKINA Barcelona 2024: Un Encuentro Imperdible para los Amantes de la Fotograf\u00eda<\/strong><\/h3>\n<h4>Descubre el Programa Completo de FUJIKINA Barcelona 2024: Charlas, Talleres y Actividades para Fot\u00f3grafos Apasionados<\/h4>\n<p>&nbsp;<\/p>\n<p>Este noviembre, Barcelona se convertir\u00e1 en el epicentro de la fotograf\u00eda europea con la celebraci\u00f3n del festival FUJIKINA los d\u00edas 16 y 17 en el Teatre Nacional de Catalunya.<\/p>\n<p>Organizado por Fujifilm, este evento promete un programa repleto de charlas magistrales, conferencias, talleres, paseos fotogr\u00e1ficos y la oportunidad de probar las \u00faltimas novedades en equipos de fotograf\u00eda y video.<\/p>\n<p><img loading=\"lazy\" decoding=\"async\" class=\"alignnone size-medium wp-image-20800\" src=\"https:\/\/www.captionmagazine.org\/wp-content\/uploads\/2024\/11\/fujikina_banner_2000x1200_spanish-640x384.jpg\" alt=\"\" width=\"640\" height=\"384\" srcset=\"https:\/\/www.captionmagazine.org\/wp-content\/uploads\/2024\/11\/fujikina_banner_2000x1200_spanish-640x384.jpg 640w, https:\/\/www.captionmagazine.org\/wp-content\/uploads\/2024\/11\/fujikina_banner_2000x1200_spanish-370x222.jpg 370w, https:\/\/www.captionmagazine.org\/wp-content\/uploads\/2024\/11\/fujikina_banner_2000x1200_spanish-20x12.jpg 20w, https:\/\/www.captionmagazine.org\/wp-content\/uploads\/2024\/11\/fujikina_banner_2000x1200_spanish-600x360.jpg 600w, https:\/\/www.captionmagazine.org\/wp-content\/uploads\/2024\/11\/fujikina_banner_2000x1200_spanish-80x48.jpg 80w\" sizes=\"auto, (max-width: 640px) 100vw, 640px\" \/><\/p>\n<div><\/div>\n<div><\/div>\n<h4>Programa Destacado<\/h4>\n<div><\/div>\n<div>\n<p><strong>S\u00e1bado 16 de noviembre (9:00 &#8211; 23:00h):<\/strong><\/p>\n<ul>\n<li>Conferencias y coloquios: Martin Parr, Cristina de Middel, Eugenio Recuenco y \u00c1lvaro Sanz liderar\u00e1n sesiones de 1.5 horas.<\/li>\n<li>Keynotes de 45 minutos: Destacados como Rita Puig-Serra, Joan Vendrell, Pilar Silvestre, entre otros, abordar\u00e1n diversas perspectivas del arte fotogr\u00e1fico.<\/li>\n<li>Paseos Fotogr\u00e1ficos: Guiados por Rafa P\u00e9rez, Nicanor Garc\u00eda, y otros expertos, estos paseos permitir\u00e1n a los asistentes probar c\u00e1maras de las series X y GFX.<\/li>\n<li>Talleres de fotograf\u00eda: Incluir\u00e1n temas como video y retrato familiar, con la participaci\u00f3n de Estela de Castro, Alberto G. Puras, Joan Tom\u00e1s, y Lurdes R. Basol\u00ed.<\/li>\n<li>Firmas de libros: Martin Parr y Cristina de Middel estar\u00e1n presentes para interactuar con sus seguidores.<\/li>\n<\/ul>\n<p><strong>Domingo 17 de noviembre (9:30 &#8211; 15:00h):<\/strong><\/p>\n<ul>\n<li>Conferencias y coloquios: Salva L\u00f3pez y Estela de Castro.<\/li>\n<li>Keynotes: Con Laura N\u00fa\u00f1ez Ba\u00f1uls y Eduardo Nave, explorando nuevas fronteras creativas.<\/li>\n<li>Paseos fotogr\u00e1ficos y talleres: Nuevamente se realizar\u00e1n actividades guiadas en la ciudad para experimentar con equipos de alta gama.<\/li>\n<\/ul>\n<p>&nbsp;<\/p>\n<\/div>\n<div><\/div>\n<div><\/div>\n<div>\n<figure id=\"attachment_20804\" aria-describedby=\"caption-attachment-20804\" style=\"width: 640px\" class=\"wp-caption alignnone\"><img loading=\"lazy\" decoding=\"async\" class=\"size-medium wp-image-20804\" src=\"https:\/\/www.captionmagazine.org\/wp-content\/uploads\/2024\/11\/\u00a9Pilar-Silvestre-blues-2-1-640x427.jpg\" alt=\"\" width=\"640\" height=\"427\" srcset=\"https:\/\/www.captionmagazine.org\/wp-content\/uploads\/2024\/11\/\u00a9Pilar-Silvestre-blues-2-1-640x427.jpg 640w, https:\/\/www.captionmagazine.org\/wp-content\/uploads\/2024\/11\/\u00a9Pilar-Silvestre-blues-2-1-370x247.jpg 370w, https:\/\/www.captionmagazine.org\/wp-content\/uploads\/2024\/11\/\u00a9Pilar-Silvestre-blues-2-1-20x13.jpg 20w, https:\/\/www.captionmagazine.org\/wp-content\/uploads\/2024\/11\/\u00a9Pilar-Silvestre-blues-2-1-600x400.jpg 600w, https:\/\/www.captionmagazine.org\/wp-content\/uploads\/2024\/11\/\u00a9Pilar-Silvestre-blues-2-1-72x48.jpg 72w\" sizes=\"auto, (max-width: 640px) 100vw, 640px\" \/><figcaption id=\"caption-attachment-20804\" class=\"wp-caption-text\">\u00a9Pilar Silvestre<\/figcaption><\/figure>\n<\/div>\n<div><\/div>\n<h4>Experiencia Interactiva y Servicios de Fujifilm<\/h4>\n<p>Durante el festival, los asistentes podr\u00e1n disfrutar de exposiciones fotogr\u00e1ficas de reconocidos artistas como \u00c1lvaro Sanz, Estela de Castro, y Martin Parr. Adem\u00e1s, habr\u00e1 un servicio de pr\u00e9stamo de equipos de Fujifilm, desde c\u00e1maras compactas hasta la gama GFX de gran formato, y un servicio de limpieza y mantenimiento gratuito para los dispositivos de la marca.<\/p>\n<p>FUJIKINA Barcelona ofrece una experiencia \u00fanica para fot\u00f3grafos y amantes de la imagen. No pierdas la oportunidad de sumergirte en dos d\u00edas de inspiraci\u00f3n y aprendizaje en uno de los eventos fotogr\u00e1ficos m\u00e1s importantes de Europa. Para m\u00e1s detalles e inscripciones, visita <a href=\"http:\/\/fujifilm-x.com\/es-es\/special\/fujikina-barcelona\/\" target=\"_blank\" rel=\"noopener\">Fujifilm-X<\/a>.<\/p>\n<div><\/div>\n<div>\n<figure id=\"attachment_20806\" aria-describedby=\"caption-attachment-20806\" style=\"width: 640px\" class=\"wp-caption alignnone\"><img loading=\"lazy\" decoding=\"async\" class=\"wp-image-20806 size-medium\" src=\"https:\/\/www.captionmagazine.org\/wp-content\/uploads\/2024\/11\/Cristina-de-Middle-2-baja-1-640x480.jpg\" alt=\"\" width=\"640\" height=\"480\" srcset=\"https:\/\/www.captionmagazine.org\/wp-content\/uploads\/2024\/11\/Cristina-de-Middle-2-baja-1-640x480.jpg 640w, https:\/\/www.captionmagazine.org\/wp-content\/uploads\/2024\/11\/Cristina-de-Middle-2-baja-1-370x278.jpg 370w, https:\/\/www.captionmagazine.org\/wp-content\/uploads\/2024\/11\/Cristina-de-Middle-2-baja-1-20x15.jpg 20w\" sizes=\"auto, (max-width: 640px) 100vw, 640px\" \/><figcaption id=\"caption-attachment-20806\" class=\"wp-caption-text\">\u00a9 Cristina de Middel<\/figcaption><\/figure>\n<\/div>\n<div><\/div>\n<div>\n<p>Para nosotros, fot\u00f3grafos apasionados, FUJIKINA Barcelona es una cita imperdible. La calidad y diversidad del programa representa una oportunidad excepcional para sumergiros en el mundo de la imagen junto a figuras ic\u00f3nicas del sector.<\/p>\n<p>La posibilidad de interactuar directamente con expertos y probar las \u00faltimas tecnolog\u00edas en fotograf\u00eda es un privilegio que pocos festivales ofrecen. \u201cEs un espacio de primer nivel, que combina aprendizaje, inspiraci\u00f3n y acceso a tecnolog\u00eda de punta en un ambiente \u00fanico\u201d, comentan algunos asistentes.<\/p>\n<p>En este evento, tendremos la oportunidad de ampliar vuestra visi\u00f3n art\u00edstica y perfeccionar nuestras t\u00e9cnicas en un entorno que respira creatividad y excelencia.<\/p>\n<\/div>\n<div><\/div>\n<hr \/>\n<p><strong>Para m\u00e1s informaci\u00f3n y detalles sobre la inscripci\u00f3n, visita:<\/strong><\/p>\n<p><a href=\"http:\/\/fujifilm-x.com\/es-es\/special\/fujikina-barcelona\/\" target=\"_blank\" rel=\"noopener\">fujifilm-x.com\/es-es\/special\/fujikina-barcelona\/<\/a><\/p>\n","protected":false},"excerpt":{"rendered":"<p>FUJIKINA Barcelona 2024: Un Encuentro Imperdible para los Amantes de la Fotograf\u00eda Descubre el Programa Completo de FUJIKINA Barcelona 2024: Charlas, Talleres y Actividades para Fot\u00f3grafos Apasionados &nbsp; Este noviembre, Barcelona se convertir\u00e1 en el epicentro de la fotograf\u00eda europea con la celebraci\u00f3n del festival FUJIKINA los d\u00edas 16 y 17 en el Teatre Nacional&hellip;<\/p>\n","protected":false},"author":4,"featured_media":20802,"comment_status":"closed","ping_status":"closed","sticky":false,"template":"","format":"standard","meta":{"footnotes":""},"categories":[246],"tags":[922,341,1122],"thb-sponsors":[],"class_list":["post-20798","post","type-post","status-publish","format-standard","has-post-thumbnail","hentry","category-noticias","tag-barcelona","tag-fujifilm","tag-fujikina"],"_links":{"self":[{"href":"https:\/\/www.captionmagazine.org\/en\/wp-json\/wp\/v2\/posts\/20798","targetHints":{"allow":["GET"]}}],"collection":[{"href":"https:\/\/www.captionmagazine.org\/en\/wp-json\/wp\/v2\/posts"}],"about":[{"href":"https:\/\/www.captionmagazine.org\/en\/wp-json\/wp\/v2\/types\/post"}],"author":[{"embeddable":true,"href":"https:\/\/www.captionmagazine.org\/en\/wp-json\/wp\/v2\/users\/4"}],"replies":[{"embeddable":true,"href":"https:\/\/www.captionmagazine.org\/en\/wp-json\/wp\/v2\/comments?post=20798"}],"version-history":[{"count":33,"href":"https:\/\/www.captionmagazine.org\/en\/wp-json\/wp\/v2\/posts\/20798\/revisions"}],"predecessor-version":[{"id":20817,"href":"https:\/\/www.captionmagazine.org\/en\/wp-json\/wp\/v2\/posts\/20798\/revisions\/20817"}],"wp:featuredmedia":[{"embeddable":true,"href":"https:\/\/www.captionmagazine.org\/en\/wp-json\/wp\/v2\/media\/20802"}],"wp:attachment":[{"href":"https:\/\/www.captionmagazine.org\/en\/wp-json\/wp\/v2\/media?parent=20798"}],"wp:term":[{"taxonomy":"category","embeddable":true,"href":"https:\/\/www.captionmagazine.org\/en\/wp-json\/wp\/v2\/categories?post=20798"},{"taxonomy":"post_tag","embeddable":true,"href":"https:\/\/www.captionmagazine.org\/en\/wp-json\/wp\/v2\/tags?post=20798"},{"taxonomy":"thb-sponsors","embeddable":true,"href":"https:\/\/www.captionmagazine.org\/en\/wp-json\/wp\/v2\/thb-sponsors?post=20798"}],"curies":[{"name":"wp","href":"https:\/\/api.w.org\/{rel}","templated":true}]}}