{"id":20717,"date":"2024-10-14T18:28:15","date_gmt":"2024-10-14T21:28:15","guid":{"rendered":"https:\/\/www.captionmagazine.org\/?p=20717"},"modified":"2024-10-21T16:30:54","modified_gmt":"2024-10-21T19:30:54","slug":"fujinon-xf500mm-f5-6-r-lm-ois-wr-un-superteleobjetivo-de-gran-potencial","status":"publish","type":"post","link":"https:\/\/www.captionmagazine.org\/en\/noticias\/fujinon-xf500mm-f5-6-r-lm-ois-wr-un-superteleobjetivo-de-gran-potencial","title":{"rendered":"FUJINON XF500mmF5.6 R LM OIS WR: Un superteleobjetivo de gran potencial"},"content":{"rendered":"<h3><strong>FUJINON XF500mmF5.6 R LM OIS WR: Un superteleobjetivo de gran potencial<\/strong><\/h3>\n<blockquote><p>La reciente presentaci\u00f3n a la prensa del FUJINON XF500mmF5.6 R LM OIS WR, oganizada por Fujifilm Espa\u00f1a, dej\u00f3 claro que Fujifilm est\u00e1 dispuesta a redefinir las expectativas en el mercado de los s\u00faper teleobjetivos.<\/p><\/blockquote>\n<p><strong>por Nacho Izquierdo, editor fotogr\u00e1fico.<\/strong><br \/>\n<strong>desde Barcelona (Espa\u00f1a)<\/strong><\/p>\n<p>Tuve la oportunidad de asistir al evento y sostener este nuevo objetivo en mis manos, lo que me permiti\u00f3 apreciar su dise\u00f1o y ligereza, evaluando las situaciones en las que brilla. Sin duda, es una herramienta poderosa para fot\u00f3grafos de naturaleza y deportes, pero tambi\u00e9n encontr\u00e9 algunos peque\u00f1os desaf\u00edos que es importante mencionar para mantener una visi\u00f3n equilibrada.<\/p>\n<figure id=\"attachment_20760\" aria-describedby=\"caption-attachment-20760\" style=\"width: 640px\" class=\"wp-caption alignnone\"><img loading=\"lazy\" decoding=\"async\" class=\"size-medium wp-image-20760\" src=\"https:\/\/www.captionmagazine.org\/wp-content\/uploads\/2024\/10\/tele3-640x426.jpeg\" alt=\"\" width=\"640\" height=\"426\" srcset=\"https:\/\/www.captionmagazine.org\/wp-content\/uploads\/2024\/10\/tele3-640x426.jpeg 640w, https:\/\/www.captionmagazine.org\/wp-content\/uploads\/2024\/10\/tele3-370x247.jpeg 370w, https:\/\/www.captionmagazine.org\/wp-content\/uploads\/2024\/10\/tele3-20x13.jpeg 20w, https:\/\/www.captionmagazine.org\/wp-content\/uploads\/2024\/10\/tele3-600x400.jpeg 600w, https:\/\/www.captionmagazine.org\/wp-content\/uploads\/2024\/10\/tele3-72x48.jpeg 72w\" sizes=\"auto, (max-width: 640px) 100vw, 640px\" \/><figcaption id=\"caption-attachment-20760\" class=\"wp-caption-text\">\u00a9 Nacho Izquierdo<\/figcaption><\/figure>\n<figure id=\"attachment_20764\" aria-describedby=\"caption-attachment-20764\" style=\"width: 640px\" class=\"wp-caption alignnone\"><img loading=\"lazy\" decoding=\"async\" class=\"size-medium wp-image-20764\" src=\"https:\/\/www.captionmagazine.org\/wp-content\/uploads\/2024\/10\/tele1-640x426.jpeg\" alt=\"\" width=\"640\" height=\"426\" srcset=\"https:\/\/www.captionmagazine.org\/wp-content\/uploads\/2024\/10\/tele1-640x426.jpeg 640w, https:\/\/www.captionmagazine.org\/wp-content\/uploads\/2024\/10\/tele1-370x247.jpeg 370w, https:\/\/www.captionmagazine.org\/wp-content\/uploads\/2024\/10\/tele1-20x13.jpeg 20w, https:\/\/www.captionmagazine.org\/wp-content\/uploads\/2024\/10\/tele1-600x400.jpeg 600w, https:\/\/www.captionmagazine.org\/wp-content\/uploads\/2024\/10\/tele1-72x48.jpeg 72w\" sizes=\"auto, (max-width: 640px) 100vw, 640px\" \/><figcaption id=\"caption-attachment-20764\" class=\"wp-caption-text\">\u00a9 Nacho Izquierdo<\/figcaption><\/figure>\n<h4>Compacto y poderoso, sin renunciar a la resoluci\u00f3n<\/h4>\n<p>Lo primero que sorprende del XF500mm es su peso de 1,3 kg, una cifra notablemente baja para un superteleobjetivo de esta clase. La casa japonesa ha logrado as\u00ed un equilibrio excelente entre portabilidad y rendimiento \u00f3ptico. Este objetivo ofrece una distancia focal de 500 mm (equivalente a 762 mm en formato de 35 mm) con una apertura constante de f\/5.6, ideal para capturar escenas detalladas a gran distancia.<\/p>\n<p>La calidad de imagen es definitivamente impresionante. Durante las pruebas en el evento, pude fotografiar aves a gran distancia, apreciando c\u00f3mo los elementos ED y Super ED eliminan eficazmente las aberraciones crom\u00e1ticas. Los detalles eran n\u00edtidos desde el centro hasta los bordes, lo que lo convierte en una opci\u00f3n destacada para fotograf\u00eda de fauna salvaje.<\/p>\n<figure id=\"attachment_20731\" aria-describedby=\"caption-attachment-20731\" style=\"width: 640px\" class=\"wp-caption alignnone\"><img loading=\"lazy\" decoding=\"async\" class=\"size-medium wp-image-20731\" src=\"https:\/\/www.captionmagazine.org\/wp-content\/uploads\/2024\/10\/WhatsApp-Image-2024-10-14-at-16.10.54-640x426.jpeg\" alt=\"\" width=\"640\" height=\"426\" srcset=\"https:\/\/www.captionmagazine.org\/wp-content\/uploads\/2024\/10\/WhatsApp-Image-2024-10-14-at-16.10.54-640x426.jpeg 640w, https:\/\/www.captionmagazine.org\/wp-content\/uploads\/2024\/10\/WhatsApp-Image-2024-10-14-at-16.10.54-370x247.jpeg 370w, https:\/\/www.captionmagazine.org\/wp-content\/uploads\/2024\/10\/WhatsApp-Image-2024-10-14-at-16.10.54-20x13.jpeg 20w, https:\/\/www.captionmagazine.org\/wp-content\/uploads\/2024\/10\/WhatsApp-Image-2024-10-14-at-16.10.54-600x400.jpeg 600w, https:\/\/www.captionmagazine.org\/wp-content\/uploads\/2024\/10\/WhatsApp-Image-2024-10-14-at-16.10.54-72x48.jpeg 72w\" sizes=\"auto, (max-width: 640px) 100vw, 640px\" \/><figcaption id=\"caption-attachment-20731\" class=\"wp-caption-text\">\u00a9 Nacho Izquierdo<\/figcaption><\/figure>\n<figure id=\"attachment_20762\" aria-describedby=\"caption-attachment-20762\" style=\"width: 640px\" class=\"wp-caption alignnone\"><img loading=\"lazy\" decoding=\"async\" class=\"size-medium wp-image-20762\" src=\"https:\/\/www.captionmagazine.org\/wp-content\/uploads\/2024\/10\/tele2-640x426.jpeg\" alt=\"\" width=\"640\" height=\"426\" srcset=\"https:\/\/www.captionmagazine.org\/wp-content\/uploads\/2024\/10\/tele2-640x426.jpeg 640w, https:\/\/www.captionmagazine.org\/wp-content\/uploads\/2024\/10\/tele2-370x247.jpeg 370w, https:\/\/www.captionmagazine.org\/wp-content\/uploads\/2024\/10\/tele2-20x13.jpeg 20w, https:\/\/www.captionmagazine.org\/wp-content\/uploads\/2024\/10\/tele2-600x400.jpeg 600w, https:\/\/www.captionmagazine.org\/wp-content\/uploads\/2024\/10\/tele2-72x48.jpeg 72w\" sizes=\"auto, (max-width: 640px) 100vw, 640px\" \/><figcaption id=\"caption-attachment-20762\" class=\"wp-caption-text\">\u00a9 Nacho Izquierdo<\/figcaption><\/figure>\n<h4>Estabilizaci\u00f3n \u00f3ptica y enfoque preciso<\/h4>\n<p>Otro aspecto sobresaliente es su sistema de estabilizaci\u00f3n de imagen de 5.5 pasos, que permite trabajar sin tr\u00edpode en condiciones que normalmente lo requerir\u00edan. En combinaci\u00f3n con su enfoque autom\u00e1tico r\u00e1pido y silencioso, el objetivo responde con gran eficacia incluso en situaciones din\u00e1micas, como el seguimiento de aves en vuelo.<\/p>\n<p>El limitador de enfoque integrado es un toque pr\u00e1ctico, permitiendo acortar los tiempos del mismo cuando se trabaja a distancias espec\u00edficas. Tambi\u00e9n se incluye una funci\u00f3n de preajuste que facilita volver r\u00e1pidamente a un punto de enfoque predefinido con solo presionar un bot\u00f3n.<\/p>\n<figure id=\"attachment_20733\" aria-describedby=\"caption-attachment-20733\" style=\"width: 640px\" class=\"wp-caption alignnone\"><img loading=\"lazy\" decoding=\"async\" class=\"size-medium wp-image-20733\" src=\"https:\/\/www.captionmagazine.org\/wp-content\/uploads\/2024\/10\/Fujinon-XF-500-640x426.jpg\" alt=\"\" width=\"640\" height=\"426\" srcset=\"https:\/\/www.captionmagazine.org\/wp-content\/uploads\/2024\/10\/Fujinon-XF-500-640x426.jpg 640w, https:\/\/www.captionmagazine.org\/wp-content\/uploads\/2024\/10\/Fujinon-XF-500-370x246.jpg 370w, https:\/\/www.captionmagazine.org\/wp-content\/uploads\/2024\/10\/Fujinon-XF-500-20x13.jpg 20w, https:\/\/www.captionmagazine.org\/wp-content\/uploads\/2024\/10\/Fujinon-XF-500-600x400.jpg 600w, https:\/\/www.captionmagazine.org\/wp-content\/uploads\/2024\/10\/Fujinon-XF-500-72x48.jpg 72w\" sizes=\"auto, (max-width: 640px) 100vw, 640px\" \/><figcaption id=\"caption-attachment-20733\" class=\"wp-caption-text\">Fujif\u00a9 Nacho Izquierdoilm<\/figcaption><\/figure>\n<h4>\u00bfUna herramienta para todo?<\/h4>\n<p>Si bien la versatilidad del XF500mm es indiscutible, encontr\u00e9 que no es un objetivo para todas las situaciones. La apertura m\u00e1xima de f\/5.6 puede resultar una limitaci\u00f3n en condiciones de luz baja, lo que lo hace menos adecuado para eventos deportivos en interiores o al atardecer. Tambi\u00e9n es posible ampliar la distancia focal con los teleconvertidores 1.4x y 2x, aumentando su alcance hasta 1000 mm (equivalente a 1524 mm en 35 mm).<\/p>\n<p>En conclusi\u00f3n es un teleobjetivo que deja huella e impresiona. Es evidente que Fujifilm ha dise\u00f1ado esta herramienta pensando en fot\u00f3grafos especializados en naturaleza y deportes, donde el alcance y la nitidez son esenciales. Para quienes trabajamos en estos g\u00e9neros, este objetivo ofrece una combinaci\u00f3n \u00fanica de portabilidad, rendimiento y precisi\u00f3n, que pocos competidores en su categor\u00eda pueden igualar. Definitivamente, despu\u00e9s de tener este objetivo en las manos qued\u00e9 con ganas de probarlo en alg\u00fan partido de f\u00fatbol. Creo que ah\u00ed sacar\u00e1 todo su esplendor.<\/p>\n<hr \/>\n<p><strong>Leer m\u00e1s:<\/strong><\/p>\n<p><a href=\"https:\/\/fujifilm-x.com\/es-es\/products\/lenses\/xf500mmf56-r-lm-ois-wr\/\" target=\"_blank\" rel=\"noopener\">\/fujifilm-x.com\/es-es\/products\/lenses\/xf500mmf56-r-lm-ois-wr\/<\/a><\/p>\n","protected":false},"excerpt":{"rendered":"<p>FUJINON XF500mmF5.6 R LM OIS WR: Un superteleobjetivo de gran potencial La reciente presentaci\u00f3n a la prensa del FUJINON XF500mmF5.6 R LM OIS WR, oganizada por Fujifilm Espa\u00f1a, dej\u00f3 claro que Fujifilm est\u00e1 dispuesta a redefinir las expectativas en el mercado de los s\u00faper teleobjetivos. por Nacho Izquierdo, editor fotogr\u00e1fico. desde Barcelona (Espa\u00f1a) Tuve la&hellip;<\/p>\n","protected":false},"author":4,"featured_media":20729,"comment_status":"closed","ping_status":"closed","sticky":false,"template":"","format":"standard","meta":{"footnotes":""},"categories":[246],"tags":[341],"thb-sponsors":[],"class_list":["post-20717","post","type-post","status-publish","format-standard","has-post-thumbnail","hentry","category-noticias","tag-fujifilm"],"_links":{"self":[{"href":"https:\/\/www.captionmagazine.org\/en\/wp-json\/wp\/v2\/posts\/20717","targetHints":{"allow":["GET"]}}],"collection":[{"href":"https:\/\/www.captionmagazine.org\/en\/wp-json\/wp\/v2\/posts"}],"about":[{"href":"https:\/\/www.captionmagazine.org\/en\/wp-json\/wp\/v2\/types\/post"}],"author":[{"embeddable":true,"href":"https:\/\/www.captionmagazine.org\/en\/wp-json\/wp\/v2\/users\/4"}],"replies":[{"embeddable":true,"href":"https:\/\/www.captionmagazine.org\/en\/wp-json\/wp\/v2\/comments?post=20717"}],"version-history":[{"count":15,"href":"https:\/\/www.captionmagazine.org\/en\/wp-json\/wp\/v2\/posts\/20717\/revisions"}],"predecessor-version":[{"id":20769,"href":"https:\/\/www.captionmagazine.org\/en\/wp-json\/wp\/v2\/posts\/20717\/revisions\/20769"}],"wp:featuredmedia":[{"embeddable":true,"href":"https:\/\/www.captionmagazine.org\/en\/wp-json\/wp\/v2\/media\/20729"}],"wp:attachment":[{"href":"https:\/\/www.captionmagazine.org\/en\/wp-json\/wp\/v2\/media?parent=20717"}],"wp:term":[{"taxonomy":"category","embeddable":true,"href":"https:\/\/www.captionmagazine.org\/en\/wp-json\/wp\/v2\/categories?post=20717"},{"taxonomy":"post_tag","embeddable":true,"href":"https:\/\/www.captionmagazine.org\/en\/wp-json\/wp\/v2\/tags?post=20717"},{"taxonomy":"thb-sponsors","embeddable":true,"href":"https:\/\/www.captionmagazine.org\/en\/wp-json\/wp\/v2\/thb-sponsors?post=20717"}],"curies":[{"name":"wp","href":"https:\/\/api.w.org\/{rel}","templated":true}]}}