{"id":20698,"date":"2024-10-14T15:56:26","date_gmt":"2024-10-14T18:56:26","guid":{"rendered":"https:\/\/www.captionmagazine.org\/?p=20698"},"modified":"2024-10-21T16:26:43","modified_gmt":"2024-10-21T19:26:43","slug":"la-fujifilm-x-m5-una-nueva-era-para-fotografos-en-movimiento","status":"publish","type":"post","link":"https:\/\/www.captionmagazine.org\/en\/noticias\/la-fujifilm-x-m5-una-nueva-era-para-fotografos-en-movimiento","title":{"rendered":"Fujifilm X-M5: Cuando la fotograf\u00eda no se detiene"},"content":{"rendered":"<h3 dir=\"ltr\"><strong>Fujifilm X-M5: Cuando la fotograf\u00eda no se detiene<\/strong><\/h3>\n<p><strong>Por Nacho Izquierdo, Editor de Fotograf\u00eda<br \/>\nDesde Barcelona (Espa\u00f1a)<\/strong><\/p>\n<blockquote><p>Como fot\u00f3grafo que ha explorado diversas marcas y sistemas a lo largo de los a\u00f1os, y tengo que admitir que pocas veces una c\u00e1mara me genera tanto entusiasmo como la reci\u00e9n anunciada Fujifilm X-M5. No puedo dejar de sentir que \u00e9sta marca un nuevo est\u00e1ndar en la fotograf\u00eda.<\/p><\/blockquote>\n<p>Con s\u00f3lo 355 gramos, la\u00a0<i>X-M5<\/i>\u00a0se presenta como la m\u00e1s ligera de su serie. Cuando la tuve en mis manos por primera vez en el evento desarrollado en la ciudad condal, su ligereza y ergonom\u00eda me sorprendieron. Es una c\u00e1mara que invita a llevarla a todas partes. Su est\u00e9tica sigue siendo fiel a la identidad de Fujifilm, con diales sim\u00e9tricamente colocados que combinan funcionalidad y elegancia. Para los que disfrutamos de la fotograf\u00eda de calle y de viajes, este dise\u00f1o es un plus. Se trata de un equipo potente y port\u00e1til sin comprometer rendimiento ni estilo.<\/p>\n<p><b>Tecnolog\u00eda de vanguardia<\/b><\/p>\n<p>El coraz\u00f3n de la\u00a0<i>X-M5<\/i>\u00a0est\u00e1 en su sensor\u00a0<i>X-Trans CMOS 4<\/i>\u00a0de 26.1 megap\u00edxeles y su motor de procesamiento X-Processor 5. Esta combinaci\u00f3n garantiza no solo im\u00e1genes n\u00edtidas y detalladas, sino tambi\u00e9n una capacidad de respuesta impresionante. En el evento se mostr\u00f3 c\u00f3mo el sistema de autofoco asistido por inteligencia artificial (IA) detecta desde animales hasta drones en movimiento con una precisi\u00f3n sobresaliente.<\/p>\n<p><img loading=\"lazy\" decoding=\"async\" class=\"size-medium wp-image-20706\" src=\"https:\/\/www.captionmagazine.org\/wp-content\/uploads\/2024\/10\/XF16-55mm-II_in-the-woods_06-640x480.jpg\" alt=\"\" width=\"640\" height=\"480\" srcset=\"https:\/\/www.captionmagazine.org\/wp-content\/uploads\/2024\/10\/XF16-55mm-II_in-the-woods_06-640x480.jpg 640w, https:\/\/www.captionmagazine.org\/wp-content\/uploads\/2024\/10\/XF16-55mm-II_in-the-woods_06-370x278.jpg 370w, https:\/\/www.captionmagazine.org\/wp-content\/uploads\/2024\/10\/XF16-55mm-II_in-the-woods_06-20x15.jpg 20w, https:\/\/www.captionmagazine.org\/wp-content\/uploads\/2024\/10\/XF16-55mm-II_in-the-woods_06-600x450.jpg 600w, https:\/\/www.captionmagazine.org\/wp-content\/uploads\/2024\/10\/XF16-55mm-II_in-the-woods_06-64x48.jpg 64w\" sizes=\"auto, (max-width: 640px) 100vw, 640px\" \/><\/p>\n<div>\n<p>Otra novedad destacable es la posibilidad de grabar v\u00eddeo en\u00a0<i>6.2K\/30P<\/i>\u00a0con 10\u00a0<i>bits<\/i>, una capacidad que, como fot\u00f3grafo, me abre nuevas posibilidades. Durante la presentaci\u00f3n, tambi\u00e9n se hizo hincapi\u00e9 en el modo Vlog y la opci\u00f3n de v\u00eddeo vertical en formato 9:16, ideal para redes sociales.Todo un acierto.<\/p>\n<p><b>El disparo<\/b><\/p>\n<\/div>\n<div>\n<p>Disparar con una c\u00e1mara Fujifilm siempre ha sido una experiencia \u00fanica gracias a los modos de simulaci\u00f3n de pel\u00edcula. La <i>X-M5<\/i>\u00a0incluye 20 opciones diferentes, perfectas para quienes disfrutamos explorando distintos estilos de color, tal como si cambi\u00e1ramos a una pel\u00edcula anal\u00f3gica.<\/p>\n<\/div>\n<p><img loading=\"lazy\" decoding=\"async\" class=\"alignnone wp-image-20702 size-medium\" src=\"https:\/\/www.captionmagazine.org\/wp-content\/uploads\/2024\/10\/X-M5_black-and-silver-640x426.jpg\" alt=\"\" width=\"640\" height=\"426\" srcset=\"https:\/\/www.captionmagazine.org\/wp-content\/uploads\/2024\/10\/X-M5_black-and-silver-640x426.jpg 640w, https:\/\/www.captionmagazine.org\/wp-content\/uploads\/2024\/10\/X-M5_black-and-silver-370x246.jpg 370w, https:\/\/www.captionmagazine.org\/wp-content\/uploads\/2024\/10\/X-M5_black-and-silver-20x13.jpg 20w, https:\/\/www.captionmagazine.org\/wp-content\/uploads\/2024\/10\/X-M5_black-and-silver-600x400.jpg 600w, https:\/\/www.captionmagazine.org\/wp-content\/uploads\/2024\/10\/X-M5_black-and-silver-72x48.jpg 72w\" sizes=\"auto, (max-width: 640px) 100vw, 640px\" \/><\/p>\n<p>Tambi\u00e9n, como CAPTION\u00a0<i>Magazine<\/i>\u00a0pudimos probar el funcionamiento de su sistema de estabilizaci\u00f3n digital, y el resultado fue impresionante. Incluso grabando en movimiento, las tomas permanecieron fluidas y estables.<\/p>\n<p>La incorporaci\u00f3n de tres micr\u00f3fonos con opciones de directividad es otra caracter\u00edstica en la que hay que\u00a0poner atenci\u00f3n, puesto que es posible capturar sonido envolvente o enfocarlo hacia la parte frontal o trasera seg\u00fan lo que quieras destacar.<\/p>\n<figure id=\"attachment_20700\" aria-describedby=\"caption-attachment-20700\" style=\"width: 640px\" class=\"wp-caption alignnone\"><img loading=\"lazy\" decoding=\"async\" class=\"size-medium wp-image-20700\" src=\"https:\/\/www.captionmagazine.org\/wp-content\/uploads\/2024\/10\/X-M5_presentacion-640x426.jpg\" alt=\"\" width=\"640\" height=\"426\" srcset=\"https:\/\/www.captionmagazine.org\/wp-content\/uploads\/2024\/10\/X-M5_presentacion-640x426.jpg 640w, https:\/\/www.captionmagazine.org\/wp-content\/uploads\/2024\/10\/X-M5_presentacion-370x246.jpg 370w, https:\/\/www.captionmagazine.org\/wp-content\/uploads\/2024\/10\/X-M5_presentacion-20x13.jpg 20w, https:\/\/www.captionmagazine.org\/wp-content\/uploads\/2024\/10\/X-M5_presentacion-600x400.jpg 600w, https:\/\/www.captionmagazine.org\/wp-content\/uploads\/2024\/10\/X-M5_presentacion-72x48.jpg 72w\" sizes=\"auto, (max-width: 640px) 100vw, 640px\" \/><figcaption id=\"caption-attachment-20700\" class=\"wp-caption-text\">\u00a9 Nacho Izquierdo<\/figcaption><\/figure>\n<p>&nbsp;<\/p>\n<div dir=\"ltr\">\n<div>\n<p><b>Compa\u00f1era para la fotograf\u00eda cotidiana<\/b><\/p>\n<p>A nuestro entender t\u00e9cnico, la Fujifilm\u00a0<i>X-M5<\/i>\u00a0tiene todo para convertirse en la nueva compa\u00f1era de aventuras fotogr\u00e1ficas, sobre todo para los creadores de contenidos. Desde la calle hasta el estudio, desde la fotograf\u00eda fija hasta la creaci\u00f3n de material multimedia, su adaptaci\u00f3n a cualquier escenario es suficiente.<\/p>\n<p>Al terminar el evento en Barcelona confirmamos una vez m\u00e1s\u00a0que Fujifilm est\u00e1 atendiendo las necesidades de los fot\u00f3grafos modernos: portabilidad, potencia y creatividad sin l\u00edmites. Esta es una c\u00e1mara dise\u00f1ada para inspirar, es decir, para hacer que la fotograf\u00eda vuelva a ser un placer cotidiano. Si eres un entusiasta de la fotograf\u00eda, esta c\u00e1mara es, sin duda, una de las que debes tener en tu radar.<\/p>\n<\/div>\n<\/div>\n<hr \/>\n<p><strong>Leer m\u00e1s:<\/strong><\/p>\n<p><a href=\"https:\/\/fujifilm-x.com\/es-es\/products\/cameras\/x-m5\/\" target=\"_blank\" rel=\"noopener\">fujifilm-x.com\/es-es\/products\/cameras\/x-m5\/<\/a><\/p>\n","protected":false},"excerpt":{"rendered":"<p>Fujifilm X-M5: Cuando la fotograf\u00eda no se detiene Por Nacho Izquierdo, Editor de Fotograf\u00eda Desde Barcelona (Espa\u00f1a) Como fot\u00f3grafo que ha explorado diversas marcas y sistemas a lo largo de los a\u00f1os, y tengo que admitir que pocas veces una c\u00e1mara me genera tanto entusiasmo como la reci\u00e9n anunciada Fujifilm X-M5. No puedo dejar de&hellip;<\/p>\n","protected":false},"author":4,"featured_media":20704,"comment_status":"closed","ping_status":"closed","sticky":false,"template":"","format":"standard","meta":{"footnotes":""},"categories":[246],"tags":[341],"thb-sponsors":[],"class_list":["post-20698","post","type-post","status-publish","format-standard","has-post-thumbnail","hentry","category-noticias","tag-fujifilm"],"_links":{"self":[{"href":"https:\/\/www.captionmagazine.org\/en\/wp-json\/wp\/v2\/posts\/20698","targetHints":{"allow":["GET"]}}],"collection":[{"href":"https:\/\/www.captionmagazine.org\/en\/wp-json\/wp\/v2\/posts"}],"about":[{"href":"https:\/\/www.captionmagazine.org\/en\/wp-json\/wp\/v2\/types\/post"}],"author":[{"embeddable":true,"href":"https:\/\/www.captionmagazine.org\/en\/wp-json\/wp\/v2\/users\/4"}],"replies":[{"embeddable":true,"href":"https:\/\/www.captionmagazine.org\/en\/wp-json\/wp\/v2\/comments?post=20698"}],"version-history":[{"count":16,"href":"https:\/\/www.captionmagazine.org\/en\/wp-json\/wp\/v2\/posts\/20698\/revisions"}],"predecessor-version":[{"id":20755,"href":"https:\/\/www.captionmagazine.org\/en\/wp-json\/wp\/v2\/posts\/20698\/revisions\/20755"}],"wp:featuredmedia":[{"embeddable":true,"href":"https:\/\/www.captionmagazine.org\/en\/wp-json\/wp\/v2\/media\/20704"}],"wp:attachment":[{"href":"https:\/\/www.captionmagazine.org\/en\/wp-json\/wp\/v2\/media?parent=20698"}],"wp:term":[{"taxonomy":"category","embeddable":true,"href":"https:\/\/www.captionmagazine.org\/en\/wp-json\/wp\/v2\/categories?post=20698"},{"taxonomy":"post_tag","embeddable":true,"href":"https:\/\/www.captionmagazine.org\/en\/wp-json\/wp\/v2\/tags?post=20698"},{"taxonomy":"thb-sponsors","embeddable":true,"href":"https:\/\/www.captionmagazine.org\/en\/wp-json\/wp\/v2\/thb-sponsors?post=20698"}],"curies":[{"name":"wp","href":"https:\/\/api.w.org\/{rel}","templated":true}]}}