{"id":19550,"date":"2024-07-22T21:30:27","date_gmt":"2024-07-23T01:30:27","guid":{"rendered":"https:\/\/www.captionmagazine.org\/?p=19550"},"modified":"2024-07-29T10:16:10","modified_gmt":"2024-07-29T14:16:10","slug":"la-inagotable-creatividad-de-nando-esteva","status":"publish","type":"post","link":"https:\/\/www.captionmagazine.org\/en\/entrevistas\/la-inagotable-creatividad-de-nando-esteva","title":{"rendered":"LA INAGOTABLE CREATIVIDAD DE NANDO ESTEVA"},"content":{"rendered":"<h3><strong>La Inagotable Creatividad de Nando Esteva<\/strong><\/h3>\n<p><strong>Por Claudio Soto<\/strong><\/p>\n<p><strong>En esta entrevista con CAPTION Magazine, el reputado fot\u00f3grafo mallorqu\u00edn repasa sus pasiones y de c\u00f3mo lleg\u00f3 a convertirse en un referente para la publicidad, arquitectura y hosteler\u00eda. Hoy -aclara- no acepta cualquier encargo, sino que s\u00f3lo lo que se complemente con su idea de la imagen, una m\u00e1s culta, pensada y trabajada.<\/strong><\/p>\n<p>&nbsp;<\/p>\n<div class=\"wp-block-button is-style-outline\"><a class=\"wp-block-button__link\" style=\"border-radius: 10px;\" href=\"https:\/\/www.captionmagazine.org\/papel-digital-n28#page34\" rel=\"noreferrer noopener\">Lee este art\u00edculo en papel digital<\/a><\/div>\n<p>&nbsp;<\/p>\n<p class=\"p1\">La pasi\u00f3n y la inquietud siempre estuvo rondando en su cabeza. Ten\u00eda pensado estudiar publicidad, algo de prensa o cualquier carrera vinculada a la comunicaci\u00f3n visual. Sin embargo, a los 16 a\u00f1os conoci\u00f3 y trabaj\u00f3 como asistente para un fot\u00f3grafo norteamericano en Haw\u00e1i y desde ese entonces no par\u00f3 nunca m\u00e1s.<\/p>\n<p class=\"p2\">Era una \u00e9poca en donde mov\u00eda cajas, hac\u00eda maletas, pintaba o sacaba la basura, pero no le permit\u00edan tocar una c\u00e1mara. Toda una contradicci\u00f3n que le dio fuerza para formarse como autodidacta y llegar hoy a los 45 a\u00f1os a ser reconocido por su trabajo de inagotable creatividad y uno de los grandes referentes de las series X y GFX de FUJI.<\/p>\n<p class=\"p3\"><b>\u00bfC\u00f3mo derivaste a la fotograf\u00eda en un \u00e1rea como la gastronom\u00eda?<\/b><\/p>\n<p class=\"p2\">Cuando cumpl\u00ed 22 a\u00f1os decido dar un paso m\u00e1s, pues ten\u00eda como una de mis pasiones la gastronom\u00eda. Uno de mis sue\u00f1os era poder tener un estudio con cocina y poder retocar en esa la cocina. No por cocinar, sino por capturar, por fotografiar. Entonces, decido independizarme y comprar un estudio de dos plantas de una empresa que vend\u00eda salmones de Noruega y en donde la de abajo era una c\u00e1mara frigor\u00edfica grande. Esto fue como una se\u00f1al.<\/p>\n<p class=\"p2\">Hoy en d\u00eda sigo retocando en la cocina, sigo trabajando en el estudio y tambi\u00e9n fuera. Eso me abri\u00f3 puertas a trabajar con el primer cocinero con dos estrellas Michel\u00edn, Gerhard Schwaiger, que estaba aqu\u00ed en Mallorca, en el restaurante Trist\u00e1n. Fui un poco el tr\u00e1nsito hacia ese galard\u00f3n. Eso me enamor\u00f3 y no paraba de hacer cocineros, entre otras modalidades. El mundo de la cocina me apasiona.<\/p>\n<figure id=\"attachment_19659\" aria-describedby=\"caption-attachment-19659\" style=\"width: 600px\" class=\"wp-caption alignnone\"><img loading=\"lazy\" decoding=\"async\" class=\"size-full wp-image-19659\" src=\"https:\/\/www.captionmagazine.org\/wp-content\/uploads\/2024\/07\/RS11783_manifiesto-3-scr.jpg\" alt=\"\" width=\"600\" height=\"800\" srcset=\"https:\/\/www.captionmagazine.org\/wp-content\/uploads\/2024\/07\/RS11783_manifiesto-3-scr.jpg 600w, https:\/\/www.captionmagazine.org\/wp-content\/uploads\/2024\/07\/RS11783_manifiesto-3-scr-370x493.jpg 370w, https:\/\/www.captionmagazine.org\/wp-content\/uploads\/2024\/07\/RS11783_manifiesto-3-scr-20x27.jpg 20w, https:\/\/www.captionmagazine.org\/wp-content\/uploads\/2024\/07\/RS11783_manifiesto-3-scr-36x48.jpg 36w\" sizes=\"auto, (max-width: 600px) 100vw, 600px\" \/><figcaption id=\"caption-attachment-19659\" class=\"wp-caption-text\">FUJIFILM GFX100 | FUJINON GF 120mm | 1\/125 | f8 | ISO 200 \u00a9 Nando Esteva<\/figcaption><\/figure>\n<p class=\"p3\"><b>Y despu\u00e9s diste un paso hacia la arquitectura \u00bfPor qu\u00e9?<\/b><\/p>\n<p class=\"p2\">La arquitectura tiene un v\u00ednculo que es mi padre. \u00c9l era delineante y se pasaba los d\u00edas en despachos de arquitectos. Yo sal\u00eda del colegio y me apasionaba ir a esos lugares. Jugaba con los instrumentos, las reglas. Nada m\u00e1s empezar la fotograf\u00eda, empec\u00e9 a mirar la arquitectura m\u00e1s all\u00e1 de los simples despachos. Empec\u00e9 a practicarla y trabajarla, y sigo haciendo proyectos para arquitectos de renombre que es una de mis pasiones. Siempre he tenido base en Mallorca, pero casi el 50 por ciento de este trabajo lo he hecho en Centroam\u00e9rica y Sudam\u00e9rica, en pa\u00edses como Rep\u00fablica Dominicana, M\u00e9xico o Miami. As\u00ed he transitado durante 20 a\u00f1os.<\/p>\n<p class=\"p3\"><b>Uno de los premios importantes que has recibido es el Lux Oro (2023), por tu obra Calatrava \u00bfQu\u00e9 lograste con ello?<\/b><\/p>\n<p class=\"p2\">Ten\u00edamos que hacer un reportaje para el estudio Bastidas. Era una casa que se iba a entregar y a la cual no se pod\u00eda volver. Se escogi\u00f3 para ello un d\u00eda super luminoso y nada m\u00e1s llegar a ese lugar me impact\u00f3. Vi una escalera, pero al rev\u00e9s, hacia arriba. Dej\u00e9 de lado el encargo para centrarme en un reportaje privado de esa escalera para empezar. Eso no suele pasar porque tienes muy poco tiempo y s\u00f3lo ejecutas. Apost\u00e9 por ese proyecto porque me enamor\u00f3 visualmente.<\/p>\n<p class=\"p2\">A nivel personal fue una hora de disfrute y luego me puse a trabajar en lo cotidiano. Sin pensarlo, luego llegaron las convocatorias de los premios Lux y dije \u00bfPor qu\u00e9 no me voy a presentar?<\/p>\n<figure id=\"attachment_19669\" aria-describedby=\"caption-attachment-19669\" style=\"width: 533px\" class=\"wp-caption alignnone\"><img loading=\"lazy\" decoding=\"async\" class=\"size-full wp-image-19669\" src=\"https:\/\/www.captionmagazine.org\/wp-content\/uploads\/2024\/07\/RS11793_semillas-3-scr.jpg\" alt=\"\" width=\"533\" height=\"800\" srcset=\"https:\/\/www.captionmagazine.org\/wp-content\/uploads\/2024\/07\/RS11793_semillas-3-scr.jpg 533w, https:\/\/www.captionmagazine.org\/wp-content\/uploads\/2024\/07\/RS11793_semillas-3-scr-370x555.jpg 370w, https:\/\/www.captionmagazine.org\/wp-content\/uploads\/2024\/07\/RS11793_semillas-3-scr-20x30.jpg 20w, https:\/\/www.captionmagazine.org\/wp-content\/uploads\/2024\/07\/RS11793_semillas-3-scr-32x48.jpg 32w\" sizes=\"auto, (max-width: 533px) 100vw, 533px\" \/><figcaption id=\"caption-attachment-19669\" class=\"wp-caption-text\">FUJIFILM GFX100 | FUJINON GF 63mm | 1\/125 | f8 | ISO 100 \u00a9 Nando Esteva<\/figcaption><\/figure>\n<p>&nbsp;<\/p>\n<p class=\"p3\"><b>Tu eres un reconocido fot\u00f3grafo que utiliza la serie GFX de FUJI\u2026<\/b><\/p>\n<p class=\"p2\">As\u00ed es, tengo la GFX, y de ah\u00ed paso a la serie X. Tengo ahora la edici\u00f3n limitada de Jap\u00f3n de la X100 por el aniversario de FUJI. Tengo todas las m\u00e1quinas de la X y la GFX como buque insignia porque en el estudio hacemos productos especializados en metales.<\/p>\n<p class=\"p3\"><b>\u00bfy c\u00f3mo inicias tu relaci\u00f3n con FUJI?<\/b><\/p>\n<p class=\"p2\">Ha sido un inicio s\u00faper honesto. Esta marca me la introdujo mi proveedor, porque gran parte de mi material lo adquiero aqu\u00ed en Mallorca. Yo no trabajaba con FUJI. Vengo de la marca Hasselblad anal\u00f3gica, y desde all\u00ed paso al respaldo digital. Es en esa transici\u00f3n que me encuentro con la FUJI GFX. Me presentaron con los ejecutivos de la compa\u00f1\u00eda y tuvieron mucho entendimiento de mi trabajo. El contacto con ellos era totalmente desinteresado y eso me cautiv\u00f3, porque la parte comercial es vital.<\/p>\n<p class=\"p2\">Ha sido una transici\u00f3n super lenta de cambio de equipo, ya que primero decid\u00ed pasar todo mi equipamiento de video a FUJI, pero la fotograf\u00eda no.<\/p>\n<p class=\"p2\">De repente, hace un a\u00f1o, decid\u00ed pasar todo a FUJI. En esa transici\u00f3n he ido probando c\u00e1maras y en ning\u00fan momento se me ha presionado. Esto me ha facilitado mucho mi trabajo, pues puedes ir actualizando el software, y est\u00e1 todo muy encasillado a lo que necesito. Gracias a esa relaci\u00f3n me han hecho mejor fot\u00f3grafo.<\/p>\n<p class=\"p3\"><b>\u00bfTienes algunas c\u00e1maras fetiches?<\/b><\/p>\n<p class=\"p2\">La X-H2S de FUJI me pod\u00eda acompa\u00f1ar hace dos meses, pero ahora he encontrado la c\u00e1mara perfecta con la X100VI para foto. Para video prefiero la X-H2S. Ahora tendr\u00e9 un dilema. Para lo que es callejero y retrato elijo la X100VI que es una c\u00e1mara super potente, con las prestaciones de la X-H2S, por su lente fija. Y, como lente me encanta el 23 mm no s\u00f3lo por su luminosidad y su poco peso. Me gustan las lentes fijas, muy luminosas, porque el propio desenfoque crea belleza en la imagen. Para mi cuanto m\u00e1s luminosa la fotograf\u00eda, mejor.<\/p>\n<figure id=\"attachment_19655\" aria-describedby=\"caption-attachment-19655\" style=\"width: 533px\" class=\"wp-caption alignnone\"><img loading=\"lazy\" decoding=\"async\" class=\"size-full wp-image-19655\" src=\"https:\/\/www.captionmagazine.org\/wp-content\/uploads\/2024\/07\/RS11781_inflorescencia-2-scr.jpg\" alt=\"\" width=\"533\" height=\"800\" srcset=\"https:\/\/www.captionmagazine.org\/wp-content\/uploads\/2024\/07\/RS11781_inflorescencia-2-scr.jpg 533w, https:\/\/www.captionmagazine.org\/wp-content\/uploads\/2024\/07\/RS11781_inflorescencia-2-scr-370x555.jpg 370w, https:\/\/www.captionmagazine.org\/wp-content\/uploads\/2024\/07\/RS11781_inflorescencia-2-scr-20x30.jpg 20w, https:\/\/www.captionmagazine.org\/wp-content\/uploads\/2024\/07\/RS11781_inflorescencia-2-scr-32x48.jpg 32w\" sizes=\"auto, (max-width: 533px) 100vw, 533px\" \/><figcaption id=\"caption-attachment-19655\" class=\"wp-caption-text\">FUJIFILM GFX100 | FUJINON GF 120mm | 1\/125 | f8 | ISO 100 \u00a9 Nando Esteva<\/figcaption><\/figure>\n<p class=\"p3\"><b>\u00bfTienes proyectos en mente?<\/b><\/p>\n<p class=\"p2\">Sigo muy mentalizado en una transici\u00f3n a nivel de madurez fotogr\u00e1fica. No quiero ir acaparando todo, sobre todo en la parte en donde el arte se fusiona con la publicidad. No quiero aceptar cualquier encargo, sino que s\u00f3lo aquellos buscar que casen con mi idea de la imagen para hacer proyectos m\u00e1s cultos, trabajados y pensados.<\/p>\n<figure id=\"attachment_19651\" aria-describedby=\"caption-attachment-19651\" style=\"width: 533px\" class=\"wp-caption alignnone\"><img loading=\"lazy\" decoding=\"async\" class=\"size-full wp-image-19651\" src=\"https:\/\/www.captionmagazine.org\/wp-content\/uploads\/2024\/07\/RS11777_exquisito-equilibrio-2-scr.jpg\" alt=\"\" width=\"533\" height=\"800\" srcset=\"https:\/\/www.captionmagazine.org\/wp-content\/uploads\/2024\/07\/RS11777_exquisito-equilibrio-2-scr.jpg 533w, https:\/\/www.captionmagazine.org\/wp-content\/uploads\/2024\/07\/RS11777_exquisito-equilibrio-2-scr-370x555.jpg 370w, https:\/\/www.captionmagazine.org\/wp-content\/uploads\/2024\/07\/RS11777_exquisito-equilibrio-2-scr-20x30.jpg 20w, https:\/\/www.captionmagazine.org\/wp-content\/uploads\/2024\/07\/RS11777_exquisito-equilibrio-2-scr-32x48.jpg 32w\" sizes=\"auto, (max-width: 533px) 100vw, 533px\" \/><figcaption id=\"caption-attachment-19651\" class=\"wp-caption-text\">FUJIFILM GFX100 | FUJINON GF 63mm | 1\/125 | f11 | ISO 100 \u00a9 Nando Esteva<\/figcaption><\/figure>\n<hr \/>\n<p><strong>Enlace:<\/strong><\/p>\n<p><a href=\"https:\/\/www.instagram.com\/nandoesteva\" target=\"_blank\" rel=\"noopener\">@nandoesteva<\/a><\/p>\n<hr \/>\n<p>&nbsp;<\/p>\n","protected":false},"excerpt":{"rendered":"<p>La Inagotable Creatividad de Nando Esteva Por Claudio Soto En esta entrevista con CAPTION Magazine, el reputado fot\u00f3grafo mallorqu\u00edn repasa sus pasiones y de c\u00f3mo lleg\u00f3 a convertirse en un referente para la publicidad, arquitectura y hosteler\u00eda. Hoy -aclara- no acepta cualquier encargo, sino que s\u00f3lo lo que se complemente con su idea de la&hellip;<\/p>\n","protected":false},"author":4,"featured_media":19844,"comment_status":"closed","ping_status":"closed","sticky":false,"template":"","format":"gallery","meta":{"footnotes":""},"categories":[79],"tags":[341,1104],"thb-sponsors":[],"class_list":["post-19550","post","type-post","status-publish","format-gallery","has-post-thumbnail","hentry","category-entrevistas","tag-fujifilm","tag-n28","post_format-post-format-gallery"],"_links":{"self":[{"href":"https:\/\/www.captionmagazine.org\/en\/wp-json\/wp\/v2\/posts\/19550","targetHints":{"allow":["GET"]}}],"collection":[{"href":"https:\/\/www.captionmagazine.org\/en\/wp-json\/wp\/v2\/posts"}],"about":[{"href":"https:\/\/www.captionmagazine.org\/en\/wp-json\/wp\/v2\/types\/post"}],"author":[{"embeddable":true,"href":"https:\/\/www.captionmagazine.org\/en\/wp-json\/wp\/v2\/users\/4"}],"replies":[{"embeddable":true,"href":"https:\/\/www.captionmagazine.org\/en\/wp-json\/wp\/v2\/comments?post=19550"}],"version-history":[{"count":11,"href":"https:\/\/www.captionmagazine.org\/en\/wp-json\/wp\/v2\/posts\/19550\/revisions"}],"predecessor-version":[{"id":20034,"href":"https:\/\/www.captionmagazine.org\/en\/wp-json\/wp\/v2\/posts\/19550\/revisions\/20034"}],"wp:featuredmedia":[{"embeddable":true,"href":"https:\/\/www.captionmagazine.org\/en\/wp-json\/wp\/v2\/media\/19844"}],"wp:attachment":[{"href":"https:\/\/www.captionmagazine.org\/en\/wp-json\/wp\/v2\/media?parent=19550"}],"wp:term":[{"taxonomy":"category","embeddable":true,"href":"https:\/\/www.captionmagazine.org\/en\/wp-json\/wp\/v2\/categories?post=19550"},{"taxonomy":"post_tag","embeddable":true,"href":"https:\/\/www.captionmagazine.org\/en\/wp-json\/wp\/v2\/tags?post=19550"},{"taxonomy":"thb-sponsors","embeddable":true,"href":"https:\/\/www.captionmagazine.org\/en\/wp-json\/wp\/v2\/thb-sponsors?post=19550"}],"curies":[{"name":"wp","href":"https:\/\/api.w.org\/{rel}","templated":true}]}}