{"id":1947,"date":"2020-07-09T17:44:47","date_gmt":"2020-07-09T21:44:47","guid":{"rendered":"https:\/\/www.captionmagazine.org\/?p=1947"},"modified":"2022-01-19T11:48:39","modified_gmt":"2022-01-19T14:48:39","slug":"gran-mar","status":"publish","type":"post","link":"https:\/\/www.captionmagazine.org\/en\/ensayos\/gran-mar","title":{"rendered":"Gran Mar"},"content":{"rendered":"\n<h3 class=\"wp-block-heading\">Isabel Fern\u00e1ndez<\/h3>\n\n\n\n<p><strong>Esta  selecci\u00f3n es parte de una exhibici\u00f3n  de 30 tomas con c\u00e1mara  estenopeica y pel\u00edcula blanco y negro positivadas en  Papel  Salado, emulsi\u00f3n fotosensible de  plata y agua salada. La autora  recorri\u00f3 durante siete a\u00f1os la costa del Pac\u00edfico fotografiando  diferentes pa\u00edses ribere\u00f1os.<\/strong><\/p>\n\n\n\n<p><em>So\u00f1ando lo que el Gran Mar pueda revelarme<br>Recorro la orilla atrapando la luz en un min\u00fasculo agujero perforado en mi c\u00e1mara<\/em><\/p>\n\n\n\n<p>En los comienzos, hab\u00eda que cruzar un conchal para llegar hasta la playa brillante de gruesa arena blanca, tambi\u00e9n una peque\u00f1a aguada que ol\u00eda a musgo y rocas, a plantas resinosas del cerro. Yo ten\u00eda una edad tan breve a\u00fan, que recuerdo el filo de las conchas en mis pies y el agua helada, el aroma de la sal caliente, nada sab\u00eda de Changos ni Chinchorros, ni menos que habitaran mi pulso. Sin embargo, el recuerdo vibra intenso en el coraz\u00f3n, la voz interior de la que habla Garc\u00eda-Alix, esa que entre mil pensamientos puja por hacerse escuchar.<\/p>\n\n\n\n<p>La luz era la del sol sobre las conchas, sab\u00edamos que terminaba el invierno cuando comenzaban a brillar entre los huilles que brotaban ti\u00f1endo el cerro de azul. La sombra era una casucha oscura que habitaba el centro del conchal. La \u201cQueda\u201d -aunque la tem\u00eda- espiar entre sus tablas e imaginar qu\u00e9 ocultaban, me hac\u00eda saltar el coraz\u00f3n.<\/p>\n\n\n\n<figure class=\"wp-block-image size-large\"><img loading=\"lazy\" decoding=\"async\" width=\"1009\" height=\"800\" src=\"https:\/\/www.captionmagazine.org\/wp-content\/uploads\/2020\/07\/RS303_14_08_Pacifico_Olon_064-scr.jpg\" alt=\"\" class=\"wp-image-2241\" srcset=\"https:\/\/www.captionmagazine.org\/wp-content\/uploads\/2020\/07\/RS303_14_08_Pacifico_Olon_064-scr.jpg 1009w, https:\/\/www.captionmagazine.org\/wp-content\/uploads\/2020\/07\/RS303_14_08_Pacifico_Olon_064-scr-600x476.jpg 600w, https:\/\/www.captionmagazine.org\/wp-content\/uploads\/2020\/07\/RS303_14_08_Pacifico_Olon_064-scr-300x238.jpg 300w, https:\/\/www.captionmagazine.org\/wp-content\/uploads\/2020\/07\/RS303_14_08_Pacifico_Olon_064-scr-768x609.jpg 768w, https:\/\/www.captionmagazine.org\/wp-content\/uploads\/2020\/07\/RS303_14_08_Pacifico_Olon_064-scr-370x293.jpg 370w, https:\/\/www.captionmagazine.org\/wp-content\/uploads\/2020\/07\/RS303_14_08_Pacifico_Olon_064-scr-800x634.jpg 800w, https:\/\/www.captionmagazine.org\/wp-content\/uploads\/2020\/07\/RS303_14_08_Pacifico_Olon_064-scr-20x16.jpg 20w, https:\/\/www.captionmagazine.org\/wp-content\/uploads\/2020\/07\/RS303_14_08_Pacifico_Olon_064-scr-185x147.jpg 185w, https:\/\/www.captionmagazine.org\/wp-content\/uploads\/2020\/07\/RS303_14_08_Pacifico_Olon_064-scr-740x587.jpg 740w, https:\/\/www.captionmagazine.org\/wp-content\/uploads\/2020\/07\/RS303_14_08_Pacifico_Olon_064-scr-400x317.jpg 400w, https:\/\/www.captionmagazine.org\/wp-content\/uploads\/2020\/07\/RS303_14_08_Pacifico_Olon_064-scr-61x48.jpg 61w\" sizes=\"auto, (max-width: 1009px) 100vw, 1009px\" \/><figcaption>Ecuador \u00a9 Isabel Fern\u00e1ndez<\/figcaption><\/figure>\n\n\n\n<p>Si me daba hambre com\u00eda huiros secos de la playa, sentada sobre las conchas de loco, todos los d\u00edas com\u00edamos locos, el pollo era demasiado caro. Locos y callampas del cerro que vend\u00edan unos ni\u00f1os no mayores que yo. Mi mam\u00e1 les compraba con total confianza, dec\u00eda que ellos sab\u00edan, que lo hab\u00edan sabido desde siempre, desde sus ancestros. Los mismos que desde tiempos remotos han construido las Quedas para refugiarse durante los d\u00edas de pesca lejos de sus clanes. Precarios techos n\u00f3mades rodeados de conchas, rastros de aquellos que, colecta tras colecta, han vivido ah\u00ed algunas noches con sus d\u00edas.<\/p>\n\n\n\n<p>Hoy, sin embargo, las rodean botellas, pa\u00f1ales, colchones o neum\u00e1ticos. \u00bfQu\u00e9 fue de ese sol y esa ma\u00f1ana h\u00fameda sobre el conchal? \u00bfCu\u00e1ntas caletas m\u00e1s habr\u00e1n desaparecido en el transcurso de mi generaci\u00f3n que naci\u00f3 sin basurales y ahora reina entre ellos?<\/p>\n\n\n\n<figure class=\"wp-block-image size-large\"><img loading=\"lazy\" decoding=\"async\" width=\"1009\" height=\"800\" src=\"https:\/\/www.captionmagazine.org\/wp-content\/uploads\/2020\/07\/RS307_15_09_Pacifico_M\u00e9xico_167-scr.jpg\" alt=\"\" class=\"wp-image-2245\" srcset=\"https:\/\/www.captionmagazine.org\/wp-content\/uploads\/2020\/07\/RS307_15_09_Pacifico_M\u00e9xico_167-scr.jpg 1009w, https:\/\/www.captionmagazine.org\/wp-content\/uploads\/2020\/07\/RS307_15_09_Pacifico_M\u00e9xico_167-scr-600x476.jpg 600w, https:\/\/www.captionmagazine.org\/wp-content\/uploads\/2020\/07\/RS307_15_09_Pacifico_M\u00e9xico_167-scr-300x238.jpg 300w, https:\/\/www.captionmagazine.org\/wp-content\/uploads\/2020\/07\/RS307_15_09_Pacifico_M\u00e9xico_167-scr-768x609.jpg 768w, https:\/\/www.captionmagazine.org\/wp-content\/uploads\/2020\/07\/RS307_15_09_Pacifico_M\u00e9xico_167-scr-370x293.jpg 370w, https:\/\/www.captionmagazine.org\/wp-content\/uploads\/2020\/07\/RS307_15_09_Pacifico_M\u00e9xico_167-scr-800x634.jpg 800w, https:\/\/www.captionmagazine.org\/wp-content\/uploads\/2020\/07\/RS307_15_09_Pacifico_M\u00e9xico_167-scr-20x16.jpg 20w, https:\/\/www.captionmagazine.org\/wp-content\/uploads\/2020\/07\/RS307_15_09_Pacifico_M\u00e9xico_167-scr-185x147.jpg 185w, https:\/\/www.captionmagazine.org\/wp-content\/uploads\/2020\/07\/RS307_15_09_Pacifico_M\u00e9xico_167-scr-740x587.jpg 740w, https:\/\/www.captionmagazine.org\/wp-content\/uploads\/2020\/07\/RS307_15_09_Pacifico_M\u00e9xico_167-scr-400x317.jpg 400w, https:\/\/www.captionmagazine.org\/wp-content\/uploads\/2020\/07\/RS307_15_09_Pacifico_M\u00e9xico_167-scr-61x48.jpg 61w\" sizes=\"auto, (max-width: 1009px) 100vw, 1009px\" \/><figcaption>Estacion Terminal \u00a9Isabel Fern\u00e1ndez<\/figcaption><\/figure>\n\n\n\n<p>Registrando la costa atestiguo el cambio: rocas sembradas de desechos industriales y dom\u00e9sticos, la basura me ha ido encontrando \u2026 \u00bfC\u00f3mo convierto mi viaje en un documento que d\u00e9 cuenta de este paisaje que hemos constru\u00eddo? \u00bfC\u00f3mo hacerlo visible? \u00bfC\u00f3mo plantear acciones de reparaci\u00f3n?<\/p>\n\n\n\n<p>Si al mar le damos basura, con ella dibuja sus cotas la marea. Yo quiero volver a encontrar huiros, flores y conchas en su huella.<\/p>\n\n\n\n<figure class=\"wp-block-image size-large\"><img loading=\"lazy\" decoding=\"async\" width=\"1005\" height=\"800\" src=\"https:\/\/www.captionmagazine.org\/wp-content\/uploads\/2020\/07\/RS315_1801_Pacifico_PeruSur_398-scr.jpg\" alt=\"\" class=\"wp-image-2253\" srcset=\"https:\/\/www.captionmagazine.org\/wp-content\/uploads\/2020\/07\/RS315_1801_Pacifico_PeruSur_398-scr.jpg 1005w, https:\/\/www.captionmagazine.org\/wp-content\/uploads\/2020\/07\/RS315_1801_Pacifico_PeruSur_398-scr-600x478.jpg 600w, https:\/\/www.captionmagazine.org\/wp-content\/uploads\/2020\/07\/RS315_1801_Pacifico_PeruSur_398-scr-300x239.jpg 300w, https:\/\/www.captionmagazine.org\/wp-content\/uploads\/2020\/07\/RS315_1801_Pacifico_PeruSur_398-scr-768x611.jpg 768w, https:\/\/www.captionmagazine.org\/wp-content\/uploads\/2020\/07\/RS315_1801_Pacifico_PeruSur_398-scr-370x295.jpg 370w, https:\/\/www.captionmagazine.org\/wp-content\/uploads\/2020\/07\/RS315_1801_Pacifico_PeruSur_398-scr-800x637.jpg 800w, https:\/\/www.captionmagazine.org\/wp-content\/uploads\/2020\/07\/RS315_1801_Pacifico_PeruSur_398-scr-20x16.jpg 20w, https:\/\/www.captionmagazine.org\/wp-content\/uploads\/2020\/07\/RS315_1801_Pacifico_PeruSur_398-scr-185x147.jpg 185w, https:\/\/www.captionmagazine.org\/wp-content\/uploads\/2020\/07\/RS315_1801_Pacifico_PeruSur_398-scr-740x589.jpg 740w, https:\/\/www.captionmagazine.org\/wp-content\/uploads\/2020\/07\/RS315_1801_Pacifico_PeruSur_398-scr-400x318.jpg 400w, https:\/\/www.captionmagazine.org\/wp-content\/uploads\/2020\/07\/RS315_1801_Pacifico_PeruSur_398-scr-60x48.jpg 60w\" sizes=\"auto, (max-width: 1005px) 100vw, 1005px\" \/><figcaption>Per\u00fa I \u00a9Isabel Fern\u00e1ndez<\/figcaption><\/figure>\n\n\n\n<p>Escucho voces antiguas en mis latidos. Como los Camanchacos navegando en sus cueros de lobo, recorro la orilla y me pregunto c\u00f3mo ser\u00eda el oc\u00e9ano cuando era oc\u00e9ana, c\u00f3mo ser\u00eda el Pac\u00edfico antes del Pac\u00edfico y s\u00e9 que quiero ver limpio otra vez el rostro de Mamacocha.<\/p>\n\n\n\n<figure class=\"wp-block-image size-large\"><img loading=\"lazy\" decoding=\"async\" width=\"1001\" height=\"800\" src=\"https:\/\/www.captionmagazine.org\/wp-content\/uploads\/2020\/07\/RS312_1708_Pacifico_Matanzas_322-scr.jpg\" alt=\"\" class=\"wp-image-2250\" srcset=\"https:\/\/www.captionmagazine.org\/wp-content\/uploads\/2020\/07\/RS312_1708_Pacifico_Matanzas_322-scr.jpg 1001w, https:\/\/www.captionmagazine.org\/wp-content\/uploads\/2020\/07\/RS312_1708_Pacifico_Matanzas_322-scr-600x480.jpg 600w, https:\/\/www.captionmagazine.org\/wp-content\/uploads\/2020\/07\/RS312_1708_Pacifico_Matanzas_322-scr-300x240.jpg 300w, https:\/\/www.captionmagazine.org\/wp-content\/uploads\/2020\/07\/RS312_1708_Pacifico_Matanzas_322-scr-768x614.jpg 768w, https:\/\/www.captionmagazine.org\/wp-content\/uploads\/2020\/07\/RS312_1708_Pacifico_Matanzas_322-scr-370x296.jpg 370w, https:\/\/www.captionmagazine.org\/wp-content\/uploads\/2020\/07\/RS312_1708_Pacifico_Matanzas_322-scr-800x639.jpg 800w, https:\/\/www.captionmagazine.org\/wp-content\/uploads\/2020\/07\/RS312_1708_Pacifico_Matanzas_322-scr-20x16.jpg 20w, https:\/\/www.captionmagazine.org\/wp-content\/uploads\/2020\/07\/RS312_1708_Pacifico_Matanzas_322-scr-185x148.jpg 185w, https:\/\/www.captionmagazine.org\/wp-content\/uploads\/2020\/07\/RS312_1708_Pacifico_Matanzas_322-scr-740x591.jpg 740w, https:\/\/www.captionmagazine.org\/wp-content\/uploads\/2020\/07\/RS312_1708_Pacifico_Matanzas_322-scr-400x320.jpg 400w, https:\/\/www.captionmagazine.org\/wp-content\/uploads\/2020\/07\/RS312_1708_Pacifico_Matanzas_322-scr-60x48.jpg 60w\" sizes=\"auto, (max-width: 1001px) 100vw, 1001px\" \/><figcaption>Matanzas \u00a9Isabel Fern\u00e1ndez<\/figcaption><\/figure>\n\n\n\n<figure class=\"wp-block-image size-large\"><img loading=\"lazy\" decoding=\"async\" width=\"1008\" height=\"800\" src=\"https:\/\/www.captionmagazine.org\/wp-content\/uploads\/2020\/07\/RS317_1803_Pacifico_Per\u00fa_509-scr.jpg\" alt=\"\" class=\"wp-image-2255\" srcset=\"https:\/\/www.captionmagazine.org\/wp-content\/uploads\/2020\/07\/RS317_1803_Pacifico_Per\u00fa_509-scr.jpg 1008w, https:\/\/www.captionmagazine.org\/wp-content\/uploads\/2020\/07\/RS317_1803_Pacifico_Per\u00fa_509-scr-600x476.jpg 600w, https:\/\/www.captionmagazine.org\/wp-content\/uploads\/2020\/07\/RS317_1803_Pacifico_Per\u00fa_509-scr-300x238.jpg 300w, https:\/\/www.captionmagazine.org\/wp-content\/uploads\/2020\/07\/RS317_1803_Pacifico_Per\u00fa_509-scr-768x610.jpg 768w, https:\/\/www.captionmagazine.org\/wp-content\/uploads\/2020\/07\/RS317_1803_Pacifico_Per\u00fa_509-scr-370x294.jpg 370w, https:\/\/www.captionmagazine.org\/wp-content\/uploads\/2020\/07\/RS317_1803_Pacifico_Per\u00fa_509-scr-800x635.jpg 800w, https:\/\/www.captionmagazine.org\/wp-content\/uploads\/2020\/07\/RS317_1803_Pacifico_Per\u00fa_509-scr-20x16.jpg 20w, https:\/\/www.captionmagazine.org\/wp-content\/uploads\/2020\/07\/RS317_1803_Pacifico_Per\u00fa_509-scr-185x147.jpg 185w, https:\/\/www.captionmagazine.org\/wp-content\/uploads\/2020\/07\/RS317_1803_Pacifico_Per\u00fa_509-scr-740x587.jpg 740w, https:\/\/www.captionmagazine.org\/wp-content\/uploads\/2020\/07\/RS317_1803_Pacifico_Per\u00fa_509-scr-400x317.jpg 400w, https:\/\/www.captionmagazine.org\/wp-content\/uploads\/2020\/07\/RS317_1803_Pacifico_Per\u00fa_509-scr-60x48.jpg 60w\" sizes=\"auto, (max-width: 1008px) 100vw, 1008px\" \/><figcaption>Per\u00fa II \u00a9Isabel Fern\u00e1ndez<\/figcaption><\/figure>\n\n\n\n<hr class=\"wp-block-separator\"\/>\n\n\n\n<p><strong>Biograf\u00eda:<\/strong><br>Trabajo  en  Santiago  de  Chile. Mi obra  cruza diferentes  medios  que involucran papel  y matrices, como el  grabado, la  fotograf\u00eda  y  libros  de artista,  especialmente  peque\u00f1as ediciones  hechas  a  mano. He expuesto e  impartido  talleres  en Baja  California  Sur, M\u00e9xico; Miami Ironside,  EE  UU,  Santiago  de Chile y  Rapa  Nui.  <\/p>\n\n\n\n<p>Desde  el  2012  trabajo  en  la  orilla  del  Oc\u00e9ano Pac\u00edfico,  con  c\u00e1mara  estenopeica 4&#215;5  de  gran  formato  y  pel\u00edcula blanco &amp; negro;  positivando mis fotograf\u00edas sobre papel con emulsiones  fotosensibles  artesanales,  especialmente transferencias  de  carb\u00f3n, heliograbado, platino  paladio  y sales  de  plata. Abordo  lo  que me  rodea  desde  la  convicci\u00f3n de  que la  separaci\u00f3n  no  existe,  que todo participa  de  un  alma com\u00fan  que se  expresa  individualmente  con su propia fuerza y vibraci\u00f3n. Esa  expresi\u00f3n  es  reforzada en  mi obra  por medio del  trabajo  manual: desde  su  concepci\u00f3n hasta  el  plasmado, cada parte  del  proceso pasa  por  mis manos. Asimismo, la  c\u00e1mara  estenopeica  traduce  gr\u00e1ficamente  ese  pulso, conjurando  desde  sus  prolongados  tiempos  de  exposici\u00f3n,  el alma de los objetos, los lugares y la m\u00eda propia.<\/p>\n\n\n\n<figure class=\"wp-block-image size-large\"><img loading=\"lazy\" decoding=\"async\" width=\"589\" height=\"589\" src=\"https:\/\/www.captionmagazine.org\/wp-content\/uploads\/2020\/07\/RS505_wK_U47n2.jpeg\" alt=\"\" class=\"wp-image-1973\" srcset=\"https:\/\/www.captionmagazine.org\/wp-content\/uploads\/2020\/07\/RS505_wK_U47n2.jpeg 589w, https:\/\/www.captionmagazine.org\/wp-content\/uploads\/2020\/07\/RS505_wK_U47n2-300x300.jpeg 300w, https:\/\/www.captionmagazine.org\/wp-content\/uploads\/2020\/07\/RS505_wK_U47n2-100x100.jpeg 100w, https:\/\/www.captionmagazine.org\/wp-content\/uploads\/2020\/07\/RS505_wK_U47n2-150x150.jpeg 150w, https:\/\/www.captionmagazine.org\/wp-content\/uploads\/2020\/07\/RS505_wK_U47n2-180x180.jpeg 180w, https:\/\/www.captionmagazine.org\/wp-content\/uploads\/2020\/07\/RS505_wK_U47n2-90x90.jpeg 90w, https:\/\/www.captionmagazine.org\/wp-content\/uploads\/2020\/07\/RS505_wK_U47n2-370x370.jpeg 370w, https:\/\/www.captionmagazine.org\/wp-content\/uploads\/2020\/07\/RS505_wK_U47n2-270x270.jpeg 270w, https:\/\/www.captionmagazine.org\/wp-content\/uploads\/2020\/07\/RS505_wK_U47n2-20x20.jpeg 20w, https:\/\/www.captionmagazine.org\/wp-content\/uploads\/2020\/07\/RS505_wK_U47n2-185x185.jpeg 185w, https:\/\/www.captionmagazine.org\/wp-content\/uploads\/2020\/07\/RS505_wK_U47n2-400x400.jpeg 400w, https:\/\/www.captionmagazine.org\/wp-content\/uploads\/2020\/07\/RS505_wK_U47n2-500x500.jpeg 500w, https:\/\/www.captionmagazine.org\/wp-content\/uploads\/2020\/07\/RS505_wK_U47n2-48x48.jpeg 48w\" sizes=\"auto, (max-width: 589px) 100vw, 589px\" \/><figcaption>Isabel Fern\u00e1ndez \u00a9Bel\u00e9n Muguiro<\/figcaption><\/figure>\n\n\n\n<hr class=\"wp-block-separator\"\/>\n\n\n\n<p><strong>Equipo Fotogr\u00e1fico<\/strong>:<br>&#8211; C\u00e1mara estenopeica 4&#215;5  de  gran  formato con pel\u00edcula blanco &amp; negro<br>&#8211; Fotograf\u00edas positivadas sobre papel con emulsiones  fotosensibles  artesanales,  especialmente transferencias  de  carb\u00f3n, heliograbado, platino  paladio  y sales  de  plata.<\/p>\n\n\n\n<p><strong>Sitio Web<\/strong>: <br><a rel=\"noreferrer noopener\" aria-label=\"isabelfernandez.art (abrir en una nueva pesta\u00f1a)\" href=\"http:\/\/isabelfernandez.art\" target=\"_blank\">isabelfernandez.art<\/a><br><a href=\"https:\/\/www.instagram.com\/ojosnegros_impress\/\" target=\"_blank\" rel=\"noreferrer noopener\" aria-label=\" (abrir en una nueva pesta\u00f1a)\">https:\/\/www.instagram.com\/ojosnegros_impress\/<\/a><\/p>\n","protected":false},"excerpt":{"rendered":"<p>Isabel Fern\u00e1ndez Esta selecci\u00f3n es parte de una exhibici\u00f3n de 30 tomas con c\u00e1mara estenopeica y pel\u00edcula blanco y negro positivadas en Papel Salado, emulsi\u00f3n fotosensible de plata y agua salada. La autora recorri\u00f3 durante siete a\u00f1os la costa del Pac\u00edfico fotografiando diferentes pa\u00edses ribere\u00f1os. So\u00f1ando lo que el Gran Mar pueda revelarmeRecorro la orilla&hellip;<\/p>\n","protected":false},"author":4,"featured_media":2256,"comment_status":"closed","ping_status":"closed","sticky":false,"template":"","format":"gallery","meta":{"footnotes":""},"categories":[1],"tags":[204,707],"thb-sponsors":[],"class_list":["post-1947","post","type-post","status-publish","format-gallery","has-post-thumbnail","hentry","category-ensayos","tag-isabel-fernandez","tag-n4","post_format-post-format-gallery"],"_links":{"self":[{"href":"https:\/\/www.captionmagazine.org\/en\/wp-json\/wp\/v2\/posts\/1947","targetHints":{"allow":["GET"]}}],"collection":[{"href":"https:\/\/www.captionmagazine.org\/en\/wp-json\/wp\/v2\/posts"}],"about":[{"href":"https:\/\/www.captionmagazine.org\/en\/wp-json\/wp\/v2\/types\/post"}],"author":[{"embeddable":true,"href":"https:\/\/www.captionmagazine.org\/en\/wp-json\/wp\/v2\/users\/4"}],"replies":[{"embeddable":true,"href":"https:\/\/www.captionmagazine.org\/en\/wp-json\/wp\/v2\/comments?post=1947"}],"version-history":[{"count":14,"href":"https:\/\/www.captionmagazine.org\/en\/wp-json\/wp\/v2\/posts\/1947\/revisions"}],"predecessor-version":[{"id":2261,"href":"https:\/\/www.captionmagazine.org\/en\/wp-json\/wp\/v2\/posts\/1947\/revisions\/2261"}],"wp:featuredmedia":[{"embeddable":true,"href":"https:\/\/www.captionmagazine.org\/en\/wp-json\/wp\/v2\/media\/2256"}],"wp:attachment":[{"href":"https:\/\/www.captionmagazine.org\/en\/wp-json\/wp\/v2\/media?parent=1947"}],"wp:term":[{"taxonomy":"category","embeddable":true,"href":"https:\/\/www.captionmagazine.org\/en\/wp-json\/wp\/v2\/categories?post=1947"},{"taxonomy":"post_tag","embeddable":true,"href":"https:\/\/www.captionmagazine.org\/en\/wp-json\/wp\/v2\/tags?post=1947"},{"taxonomy":"thb-sponsors","embeddable":true,"href":"https:\/\/www.captionmagazine.org\/en\/wp-json\/wp\/v2\/thb-sponsors?post=1947"}],"curies":[{"name":"wp","href":"https:\/\/api.w.org\/{rel}","templated":true}]}}