{"id":18614,"date":"2024-04-30T18:49:34","date_gmt":"2024-04-30T22:49:34","guid":{"rendered":"https:\/\/www.captionmagazine.org\/?p=18614"},"modified":"2024-04-30T18:52:27","modified_gmt":"2024-04-30T22:52:27","slug":"exposicion-de-pablo-valenzuela-vaillant","status":"publish","type":"post","link":"https:\/\/www.captionmagazine.org\/en\/noticias\/exposicion-de-pablo-valenzuela-vaillant","title":{"rendered":"Exposici\u00f3n de Pablo Valenzuela Vaillant"},"content":{"rendered":"<h3><strong>Exposici\u00f3n CIUDADES 1.0 de Pablo Valenzuela Vaillant<\/strong><\/h3>\n<p>El d\u00eda <strong>s\u00e1bado 4 de MAYO de 2024 a las 12:30 horas<\/strong> se llevar\u00e1 a cabo la inauguraci\u00f3n de la Exposici\u00f3n CIUDADES 1.0, del fot\u00f3grafo chileno Pablo Valenzuela Vaillant.<\/p>\n<p>Lugar: <strong>Centro Cultural Las Condes<\/strong>, Nuestra Se\u00f1ora del Rosario 30, Santiago de Chile.<\/p>\n<p>El trabajo de Valenzuela Vaillat ha sido ampliamente difundido tanto en sus numerosos proyectos editoriales como en exposiciones, las que incluyen Rapa Nui en Ekho Gallery; Habitar la Inmensidad en Centro de Arte Molino Machmar de Puerto Varas, Museo Arte Moderno de Chilo\u00e9, Museo Baburizza de Valpara\u00edso y Ekho Gallery; Chile Blanco en Bogot\u00e1; Geometr\u00eda del Instante en CLAC y Cultura Unab, entre otras.<\/p>\n<p>La muestra estar\u00e1 en exhibici\u00f3n hasta el d\u00eda 2 de junio.<\/p>\n<p><img loading=\"lazy\" decoding=\"async\" class=\"alignnone size-medium wp-image-18615\" src=\"https:\/\/www.captionmagazine.org\/wp-content\/uploads\/2024\/04\/INVITACION-Inauguracion-Expo-CIUDADES-1.0-640x550.png\" alt=\"\" width=\"640\" height=\"550\" srcset=\"https:\/\/www.captionmagazine.org\/wp-content\/uploads\/2024\/04\/INVITACION-Inauguracion-Expo-CIUDADES-1.0-640x550.png 640w, https:\/\/www.captionmagazine.org\/wp-content\/uploads\/2024\/04\/INVITACION-Inauguracion-Expo-CIUDADES-1.0-370x318.png 370w, https:\/\/www.captionmagazine.org\/wp-content\/uploads\/2024\/04\/INVITACION-Inauguracion-Expo-CIUDADES-1.0-20x17.png 20w, https:\/\/www.captionmagazine.org\/wp-content\/uploads\/2024\/04\/INVITACION-Inauguracion-Expo-CIUDADES-1.0-600x516.png 600w, https:\/\/www.captionmagazine.org\/wp-content\/uploads\/2024\/04\/INVITACION-Inauguracion-Expo-CIUDADES-1.0-56x48.png 56w\" sizes=\"auto, (max-width: 640px) 100vw, 640px\" \/><\/p>\n<p>&nbsp;<\/p>\n<hr \/>\n<p><strong>Enlaces:<\/strong><\/p>\n<p><a href=\"http:\/\/pablovalenzuela.cl\" target=\"_blank\" rel=\"noopener\">https:\/\/pablovalenzuela.cl\/<\/a><\/p>\n<p><a href=\"http:\/\/instagram.com\/pablovalenzuelavaillant\" target=\"_blank\" rel=\"noopener\">@pablovalenzuelavaillant<\/a><\/p>\n","protected":false},"excerpt":{"rendered":"<p>Exposici\u00f3n CIUDADES 1.0 de Pablo Valenzuela Vaillant El d\u00eda s\u00e1bado 4 de MAYO de 2024 a las 12:30 horas se llevar\u00e1 a cabo la inauguraci\u00f3n de la Exposici\u00f3n CIUDADES 1.0, del fot\u00f3grafo chileno Pablo Valenzuela Vaillant. Lugar: Centro Cultural Las Condes, Nuestra Se\u00f1ora del Rosario 30, Santiago de Chile. El trabajo de Valenzuela Vaillat ha&hellip;<\/p>\n","protected":false},"author":4,"featured_media":18615,"comment_status":"closed","ping_status":"closed","sticky":false,"template":"","format":"standard","meta":{"footnotes":""},"categories":[246],"tags":[1083,795,1082],"thb-sponsors":[],"class_list":["post-18614","post","type-post","status-publish","format-standard","has-post-thumbnail","hentry","category-noticias","tag-ciudades","tag-exposicion","tag-pablo-valenzuela"],"_links":{"self":[{"href":"https:\/\/www.captionmagazine.org\/en\/wp-json\/wp\/v2\/posts\/18614","targetHints":{"allow":["GET"]}}],"collection":[{"href":"https:\/\/www.captionmagazine.org\/en\/wp-json\/wp\/v2\/posts"}],"about":[{"href":"https:\/\/www.captionmagazine.org\/en\/wp-json\/wp\/v2\/types\/post"}],"author":[{"embeddable":true,"href":"https:\/\/www.captionmagazine.org\/en\/wp-json\/wp\/v2\/users\/4"}],"replies":[{"embeddable":true,"href":"https:\/\/www.captionmagazine.org\/en\/wp-json\/wp\/v2\/comments?post=18614"}],"version-history":[{"count":4,"href":"https:\/\/www.captionmagazine.org\/en\/wp-json\/wp\/v2\/posts\/18614\/revisions"}],"predecessor-version":[{"id":18620,"href":"https:\/\/www.captionmagazine.org\/en\/wp-json\/wp\/v2\/posts\/18614\/revisions\/18620"}],"wp:featuredmedia":[{"embeddable":true,"href":"https:\/\/www.captionmagazine.org\/en\/wp-json\/wp\/v2\/media\/18615"}],"wp:attachment":[{"href":"https:\/\/www.captionmagazine.org\/en\/wp-json\/wp\/v2\/media?parent=18614"}],"wp:term":[{"taxonomy":"category","embeddable":true,"href":"https:\/\/www.captionmagazine.org\/en\/wp-json\/wp\/v2\/categories?post=18614"},{"taxonomy":"post_tag","embeddable":true,"href":"https:\/\/www.captionmagazine.org\/en\/wp-json\/wp\/v2\/tags?post=18614"},{"taxonomy":"thb-sponsors","embeddable":true,"href":"https:\/\/www.captionmagazine.org\/en\/wp-json\/wp\/v2\/thb-sponsors?post=18614"}],"curies":[{"name":"wp","href":"https:\/\/api.w.org\/{rel}","templated":true}]}}