{"id":18593,"date":"2024-04-19T11:36:37","date_gmt":"2024-04-19T15:36:37","guid":{"rendered":"https:\/\/www.captionmagazine.org\/?p=18593"},"modified":"2024-04-20T16:26:58","modified_gmt":"2024-04-20T20:26:58","slug":"photoespana-2024","status":"publish","type":"post","link":"https:\/\/www.captionmagazine.org\/en\/noticias\/photoespana-2024","title":{"rendered":"PHotoESPA\u00d1A 2024"},"content":{"rendered":"<h3><strong>PHotoESPA\u00d1A 2024 se celebrar\u00e1 entre el 10 de mayo y el 29 de septiembre y contar\u00e1 con 84 exposiciones y la participaci\u00f3n 293 artistas visuales.<\/strong><\/h3>\n<p>El Festival afronta una nueva etapa con Mar\u00eda Santoyo como directora, quien asume tres retos principales: diversificar las pr\u00e1cticas art\u00edsticas incluidas en el espectro del festival; tender<br \/>\npuentes con nuevos p\u00fablicos, dentro y fuera de nuestras fronteras y convertirse en un foro de debate abierto a todos en el que analizar los futuros posibles de la fotograf\u00eda, consolidada como<br \/>\nlenguaje fundamental de la cultura contempor\u00e1nea.<\/p>\n<p>Bajo el t\u00edtulo <strong>Perpetuum mobile<\/strong>, PHotoESPA\u00d1A 2024 tendr\u00e1 el movimiento como eje central: el dinamismo del medio fotogr\u00e1fico, as\u00ed como el de los creadores en el desarrollo de su trabajo; la representaci\u00f3n del movimiento, pero tambi\u00e9n de los cambios colectivos, hist\u00f3ricos o sociales, o la adopci\u00f3n de nuevas tecnolog\u00edas que liberan a la fotograf\u00eda de su estatismo , son<br \/>\nalgunos de los elementos que estar\u00e1n presentes en la edici\u00f3n.<\/p>\n<figure id=\"attachment_18594\" aria-describedby=\"caption-attachment-18594\" style=\"width: 640px\" class=\"wp-caption alignnone\"><img loading=\"lazy\" decoding=\"async\" class=\"size-medium wp-image-18594\" src=\"https:\/\/www.captionmagazine.org\/wp-content\/uploads\/2024\/04\/QUE-MIRAS-BUENA-640x640.png\" alt=\"\" width=\"640\" height=\"640\" srcset=\"https:\/\/www.captionmagazine.org\/wp-content\/uploads\/2024\/04\/QUE-MIRAS-BUENA-640x640.png 640w, https:\/\/www.captionmagazine.org\/wp-content\/uploads\/2024\/04\/QUE-MIRAS-BUENA-160x160.png 160w, https:\/\/www.captionmagazine.org\/wp-content\/uploads\/2024\/04\/QUE-MIRAS-BUENA-180x180.png 180w, https:\/\/www.captionmagazine.org\/wp-content\/uploads\/2024\/04\/QUE-MIRAS-BUENA-90x90.png 90w, https:\/\/www.captionmagazine.org\/wp-content\/uploads\/2024\/04\/QUE-MIRAS-BUENA-370x370.png 370w, https:\/\/www.captionmagazine.org\/wp-content\/uploads\/2024\/04\/QUE-MIRAS-BUENA-20x20.png 20w, https:\/\/www.captionmagazine.org\/wp-content\/uploads\/2024\/04\/QUE-MIRAS-BUENA-500x500.png 500w, https:\/\/www.captionmagazine.org\/wp-content\/uploads\/2024\/04\/QUE-MIRAS-BUENA-300x300.png 300w, https:\/\/www.captionmagazine.org\/wp-content\/uploads\/2024\/04\/QUE-MIRAS-BUENA-600x600.png 600w, https:\/\/www.captionmagazine.org\/wp-content\/uploads\/2024\/04\/QUE-MIRAS-BUENA-100x100.png 100w, https:\/\/www.captionmagazine.org\/wp-content\/uploads\/2024\/04\/QUE-MIRAS-BUENA-48x48.png 48w\" sizes=\"auto, (max-width: 640px) 100vw, 640px\" \/><figcaption id=\"caption-attachment-18594\" class=\"wp-caption-text\">PhotoEspa\u00f1a, serie Alfabetizaci\u00f3n Visual<\/figcaption><\/figure>\n<p><strong>Perpetuum mobile<\/strong> es tambi\u00e9n el t\u00edtulo de una exposici\u00f3n colectiva que acoger\u00e1 el C\u00edrculo de Bellas Artes. Resultado de una colaboraci\u00f3n entre el comisario Alejandro Castellote, primer director art\u00edstico de PHotoESPA\u00d1A y la actual directora; la muestra reunir\u00e1 el trabajo de 27 fot\u00f3grafos de una generaci\u00f3n nacida en democracia, formada en el cambio de paradigma anal\u00f3gico\/digital y consagrada en las primeras d\u00e9cadas del siglo XXI gracias a su madurez y su creatividad desbordantes.<\/p>\n<p>La exposici\u00f3n contar\u00e1 con obras de Aitor Ortiz, Alejandro Marote, Alfredo C\u00e1liz, \u00c1lvaro Laiz, Antonio Guerra, Bego Ant\u00f3n, Elena de la R\u00faa, Gerardo Custance, Germ\u00e1n G\u00f3mez, Ira Lombard\u00eda, Irene Zottola, Ixone S\u00e1bada, Jon Cazenave, Jon Gorospe, Juanan Requena, Linarejos Moreno, Lola Guerra, Mar S\u00e1enz, Mar\u00eda Ca\u00f1as, Marina N\u00fa\u00f1ez, Miguel \u00c1ngel Tornero, Nicol\u00e1s Combarro, Patricia Bofill, Paula Anta, Ricardo Cases, Roberto Aguirrezabala y Soledad C\u00f3rdoba.<\/p>\n<p>La fotograf\u00eda espa\u00f1ola estar\u00e1 tambi\u00e9n representada por grandes figuras como Gonzalo Juanes, Javier Campano o dos autoras fundamentales: Pilar Aymerich y Paloma Navar\u00e9s. PHotoESPA\u00d1A ofrecer\u00e1 grandes retrospectivas de tres autores internacionales: el holand\u00e9s <strong>Erwin Olaf<\/strong> (1959-2023), en la primera gran muestra dedicada a su obra tras su fallecimiento; el ucraniano <strong>Boris Savelev<\/strong> (1947), extraordinario fot\u00f3grafo de calle y artista del color, cuyo trabajo podr\u00e1 verse por primera vez en Espa\u00f1a, y la fot\u00f3grafa suizo-venezolana <strong>Barbara Br\u00e4ndli<\/strong> (1932-2011), con una amplia exposici\u00f3n de su archivo, mayormente in\u00e9dito y custodiado por la Colecci\u00f3n C&amp;FE en Caracas.<\/p>\n<p>Otros grandes nombres de la fotograf\u00eda internacional estar\u00e1n presentes con muestras del japon\u00e9s <strong>Masahisa Fukase<\/strong>, los estadounidenses <strong>Elliott Erwitt<\/strong> y <strong>Consuelo Kanaga<\/strong>, el<br \/>\nsudafricano <strong>David Goldblatt<\/strong> y el holand\u00e9s<strong> Iwan Baan<\/strong>, entre otros.<\/p>\n<p><iframe loading=\"lazy\" title=\"YouTube video player\" src=\"https:\/\/www.youtube.com\/embed\/1HE6VNzVm6I?si=6LR-czxomSnO_6Pi\" width=\"560\" height=\"315\" frameborder=\"0\" allowfullscreen=\"allowfullscreen\"><\/iframe><\/p>\n<p>El Teatro Real se suma por primera vez como sede de PHotoESPA\u00d1A con una exposici\u00f3n \u00fanica que explora la desconocida faceta como fot\u00f3grafo del gran compositor <strong>Giacomo Puccini<\/strong><br \/>\ncoincidiendo con la programaci\u00f3n de Madama Butterfly y la celebraci\u00f3n de la Semana de la \u00d3pera.<\/p>\n<p>PHotoESPA\u00d1A recupera su alianza con Patrimonio Nacional con el proyecto Cuaderno de Campo que plantea un programa de tres a\u00f1os que dirige la mirada a los espacios naturales de los Reales Sitios del Patrimonio Nacional y que se realiza en colaboraci\u00f3n con ACCIONA y PHotoESPA\u00d1A, tres instituciones que comparten el compromiso con el medio ambiente y su protecci\u00f3n. Para ello, se contar\u00e1 con la colaboraci\u00f3n de fot\u00f3grafos consagrados del panorama espa\u00f1ol cuya pr\u00e1ctica y sensibilidad art\u00edstica est\u00e9 relacionadas con la naturaleza y el territorio.<\/p>\n<p>El Cuaderno de Campo N\u00ba1. Los ingenios del agua, se desarrolla con <strong>Javier Vallhonrat<\/strong>, Premio Nacional de Fotograf\u00eda 1995, y est\u00e1 dedicado a La Granja de San Ildefonso, que en 2024 conmemora los 300 a\u00f1os de su creaci\u00f3n por Felipe V.<\/p>\n<p>Los museos estatales apuestan por establecer di\u00e1logos creativos entre figuras emergentes de la creaci\u00f3n visual contempor\u00e1nea y las colecciones hist\u00f3ricas que albergan. Laura San Segundo y Alejandr\u00eda Cinque, filip custic y Sofia Crespo (una de las figuras m\u00e1s destacadas del arte generativo del panorama internacional actual) han desarrollado proyectos de investigaci\u00f3n que<br \/>\ndesembocar\u00e1n en propuestas instalativas en el Museo del Romanticismo, el Museo Cerralbo y el Museo Nacional y Centro de Investigaci\u00f3n de Altamira.<\/p>\n<p>La fotograf\u00eda emergente estar\u00e1 tambi\u00e9n representada por autores como las gallegas Catara Rego y L\u00faa Ribeira &#8211; reci\u00e9n incorporada a la agencia Magnum-; la haitiana Widline Cadet,<br \/>\nen una muestra realizada en colaboraci\u00f3n con el Huis Marseille de \u00c1msterdam; el argentino Sebasti\u00e1n Bruno y los j\u00f3venes artistas participantes en la exposici\u00f3n colectiva de la convocatoria NUR en Casa \u00c1rabe.<\/p>\n<figure id=\"attachment_18607\" aria-describedby=\"caption-attachment-18607\" style=\"width: 640px\" class=\"wp-caption alignnone\"><img loading=\"lazy\" decoding=\"async\" class=\"size-medium wp-image-18607\" src=\"https:\/\/www.captionmagazine.org\/wp-content\/uploads\/2024\/04\/PHE24_RGB-640x310.jpg\" alt=\"\" width=\"640\" height=\"310\" srcset=\"https:\/\/www.captionmagazine.org\/wp-content\/uploads\/2024\/04\/PHE24_RGB-640x310.jpg 640w, https:\/\/www.captionmagazine.org\/wp-content\/uploads\/2024\/04\/PHE24_RGB-370x179.jpg 370w, https:\/\/www.captionmagazine.org\/wp-content\/uploads\/2024\/04\/PHE24_RGB-20x10.jpg 20w, https:\/\/www.captionmagazine.org\/wp-content\/uploads\/2024\/04\/PHE24_RGB-600x291.jpg 600w, https:\/\/www.captionmagazine.org\/wp-content\/uploads\/2024\/04\/PHE24_RGB-99x48.jpg 99w\" sizes=\"auto, (max-width: 640px) 100vw, 640px\" \/><figcaption id=\"caption-attachment-18607\" class=\"wp-caption-text\">Logo oficial PHotoESPA\u00d1A 2024<\/figcaption><\/figure>\n<p>La experimentaci\u00f3n con nuevos formatos expositivos tambi\u00e9n incluye una innovadora propuesta de colaboraci\u00f3n con Palibex, gracias a la cual las fotograf\u00edas de Manuela Lorente, Bubi Canal,<br \/>\nAna Palacios y Tanit Plana se mostrar\u00e1n en camiones de la compa\u00f1\u00eda y ser\u00e1n por tanto visibles en carretera a lo largo de sus rutas comerciales.<\/p>\n<p>Como siempre, el festival se extiende en la ciudad gracias a las m\u00e1s de treinta galer\u00edas de Madrid que participar\u00e1n en el Festival OFF, algunas de ellas por primera vez.<\/p>\n<p>PHotoESPA\u00d1A extender\u00e1 su programaci\u00f3n a otras ciudades como Alcal\u00e1 de Henares, Alcobendas, Almer\u00eda, Barcelona, Valladolid o Zaragoza.<\/p>\n<p>Como en ediciones anteriores, Santander presentar\u00e1 una extensa programaci\u00f3n a partir de septiembre y ser\u00e1 este a\u00f1o sede oficial del programa de apoyo a la joven creaci\u00f3n.<\/p>\n<p>El Festival se adentra por primera vez en el audiovisual con la serie documental <em>\u00bfQu\u00e9 miras?<\/em>, un proyecto de alfabetizaci\u00f3n visual para todos los p\u00fablicos ideado por el equipo del festival bajo la direcci\u00f3n de Mar\u00eda Santoyo. Producido por La F\u00e1brica y CaixaForum+ cuenta con la colaboraci\u00f3n de Magnum Photos. La serie estar\u00e1 protagonizada en su primera temporada por autores de primer orden como Joan Fontcuberta o Cabello\/Carceller, adem\u00e1s de otros expertos que nos ense\u00f1ar\u00e1n a leer im\u00e1genes.<\/p>\n<p>Dentro de esta edici\u00f3n, PHotoESPA\u00d1A ha propuesto a Fundaci\u00f3n Telef\u00f3nica un ciclo de tres encuentros en su sede Espacio Fundaci\u00f3n Telef\u00f3nica Madrid que reflexionar\u00e1n sobre el impacto de la Inteligencia Artificial (IA) en el campo de las artes visuales, junto a creadores y profesionales clave en este \u00e1mbito como Filip Custic, Sof\u00eda Crespo o Albertine Meunier.<\/p>\n<figure id=\"attachment_18596\" aria-describedby=\"caption-attachment-18596\" style=\"width: 640px\" class=\"wp-caption alignnone\"><img loading=\"lazy\" decoding=\"async\" class=\"size-medium wp-image-18596\" src=\"https:\/\/www.captionmagazine.org\/wp-content\/uploads\/2024\/04\/1._Miss-Piggy-1-Santiago-de-Chile1984-640x433.jpg\" alt=\"\" width=\"640\" height=\"433\" srcset=\"https:\/\/www.captionmagazine.org\/wp-content\/uploads\/2024\/04\/1._Miss-Piggy-1-Santiago-de-Chile1984-640x433.jpg 640w, https:\/\/www.captionmagazine.org\/wp-content\/uploads\/2024\/04\/1._Miss-Piggy-1-Santiago-de-Chile1984-370x250.jpg 370w, https:\/\/www.captionmagazine.org\/wp-content\/uploads\/2024\/04\/1._Miss-Piggy-1-Santiago-de-Chile1984-20x14.jpg 20w, https:\/\/www.captionmagazine.org\/wp-content\/uploads\/2024\/04\/1._Miss-Piggy-1-Santiago-de-Chile1984-600x406.jpg 600w, https:\/\/www.captionmagazine.org\/wp-content\/uploads\/2024\/04\/1._Miss-Piggy-1-Santiago-de-Chile1984-71x48.jpg 71w\" sizes=\"auto, (max-width: 640px) 100vw, 640px\" \/><figcaption id=\"caption-attachment-18596\" class=\"wp-caption-text\">Miss Piggy, Santiago de Chile, 1984. \u00a9 Paz Err\u00e1zuriz.<\/figcaption><\/figure>\n<p>Este a\u00f1o, PHotoESPA\u00d1A se une al programa Transcultura de la UNESCO para facilitar que una delegaci\u00f3n de quince fot\u00f3grafos residentes en siete pa\u00edses del Caribe (Cuba, Bahamas, Jamaica, Trinidad y Tobago, Belice, Rep\u00fablica Dominicana y Barbados) puedan visibilizar sus trabajos, establecer contactos con creadores y profesionales del sector cultural fotogr\u00e1fico, formarse gracias a talleres espec\u00edficos conducidos por artistas visuales y en las aulas del Master PHE y disfrutar de los contenidos y la agenda del festival con mentores especializados.<\/p>\n<p>Otra estrategia de internacionalizaci\u00f3n del festival novedosa en esta edici\u00f3n consiste en establecer alianzas con festivales similares en el exterior. Este a\u00f1o y gracias al apoyo de AECID y del Centro Cultural de Espa\u00f1a en M\u00e9xico, PHotoESPA\u00d1A colaborar\u00e1 con Fotoseptiembre, una bienal impulsada por el Centro de la Imagen de Ciudad de M\u00e9xico, organizando tres de las exposiciones de su programaci\u00f3n, siendo la principal la de la Premio Nacional Ana Teresa Ortega, centrada en su investigaci\u00f3n del exilio cient\u00edfico espa\u00f1ol.<\/p>\n<p>Adem\u00e1s, PHotoESPA\u00d1A celebra los 100 a\u00f1os del olimpismo femenino espa\u00f1ol con una muestra centrada en la figura de Lil\u00ed \u00c1lvarez y las pioneras del deporte en la Edad de Plata, incorporando como sede a la Fundaci\u00f3n Ortega Mara\u00f1\u00f3n, la antigua Residencia de Se\u00f1oritas, un lugar fundamental en la historia de la emancipaci\u00f3n de la mujer.<\/p>\n<hr \/>\n<p><strong>Enlaces:<\/strong><\/p>\n<p><a href=\"http:\/\/phe.es\" target=\"_blank\" rel=\"noopener\">phe.es<\/a><\/p>\n<p><a href=\"http:\/\/instagram.com\/photoespana_\" target=\"_blank\" rel=\"noopener\">@photoespana_<\/a><\/p>\n<p><strong>M\u00e1s informaci\u00f3n:<\/strong><\/p>\n<p>Oficina de prensa<br \/>\nT. +34 91 298 55 11<br \/>\nprensa@lafabrica.com<\/p>\n","protected":false},"excerpt":{"rendered":"<p>PHotoESPA\u00d1A 2024 se celebrar\u00e1 entre el 10 de mayo y el 29 de septiembre y contar\u00e1 con 84 exposiciones y la participaci\u00f3n 293 artistas visuales. El Festival afronta una nueva etapa con Mar\u00eda Santoyo como directora, quien asume tres retos principales: diversificar las pr\u00e1cticas art\u00edsticas incluidas en el espectro del festival; tender puentes con nuevos&hellip;<\/p>\n","protected":false},"author":4,"featured_media":18603,"comment_status":"closed","ping_status":"closed","sticky":false,"template":"","format":"standard","meta":{"footnotes":""},"categories":[246],"tags":[1081,1066],"thb-sponsors":[],"class_list":["post-18593","post","type-post","status-publish","format-standard","has-post-thumbnail","hentry","category-noticias","tag-phe24","tag-photoespana"],"_links":{"self":[{"href":"https:\/\/www.captionmagazine.org\/en\/wp-json\/wp\/v2\/posts\/18593","targetHints":{"allow":["GET"]}}],"collection":[{"href":"https:\/\/www.captionmagazine.org\/en\/wp-json\/wp\/v2\/posts"}],"about":[{"href":"https:\/\/www.captionmagazine.org\/en\/wp-json\/wp\/v2\/types\/post"}],"author":[{"embeddable":true,"href":"https:\/\/www.captionmagazine.org\/en\/wp-json\/wp\/v2\/users\/4"}],"replies":[{"embeddable":true,"href":"https:\/\/www.captionmagazine.org\/en\/wp-json\/wp\/v2\/comments?post=18593"}],"version-history":[{"count":8,"href":"https:\/\/www.captionmagazine.org\/en\/wp-json\/wp\/v2\/posts\/18593\/revisions"}],"predecessor-version":[{"id":18611,"href":"https:\/\/www.captionmagazine.org\/en\/wp-json\/wp\/v2\/posts\/18593\/revisions\/18611"}],"wp:featuredmedia":[{"embeddable":true,"href":"https:\/\/www.captionmagazine.org\/en\/wp-json\/wp\/v2\/media\/18603"}],"wp:attachment":[{"href":"https:\/\/www.captionmagazine.org\/en\/wp-json\/wp\/v2\/media?parent=18593"}],"wp:term":[{"taxonomy":"category","embeddable":true,"href":"https:\/\/www.captionmagazine.org\/en\/wp-json\/wp\/v2\/categories?post=18593"},{"taxonomy":"post_tag","embeddable":true,"href":"https:\/\/www.captionmagazine.org\/en\/wp-json\/wp\/v2\/tags?post=18593"},{"taxonomy":"thb-sponsors","embeddable":true,"href":"https:\/\/www.captionmagazine.org\/en\/wp-json\/wp\/v2\/thb-sponsors?post=18593"}],"curies":[{"name":"wp","href":"https:\/\/api.w.org\/{rel}","templated":true}]}}