{"id":18356,"date":"2024-03-13T13:55:15","date_gmt":"2024-03-13T16:55:15","guid":{"rendered":"https:\/\/www.captionmagazine.org\/?p=18356"},"modified":"2024-03-13T16:22:58","modified_gmt":"2024-03-13T19:22:58","slug":"photo-forum-se-consolida-como-el-congreso-mas-importante-de-europa","status":"publish","type":"post","link":"https:\/\/www.captionmagazine.org\/en\/noticias\/photo-forum-se-consolida-como-el-congreso-mas-importante-de-europa","title":{"rendered":"Photo Forum se consolida como el congreso m\u00e1s importante de Europa"},"content":{"rendered":"<h3><strong>Photo Forum se consolida como el congreso m\u00e1s importante de Europa <\/strong><\/h3>\n<p><strong><em>M\u00e1s de 50 expositores de las marcas m\u00e1s prestigiosas de fotograf\u00eda se dan cita esta semana en Barcelona para participar del Photo Forum Fest, el primero de su clase en el viejo continente. <\/em><\/strong><\/p>\n<p><strong><em>Por Claudio Soto y V\u00edctor Ruiz<\/em><\/strong><\/p>\n<p>La muestra internacional -desarrollada el Palacio de los Congresos de la FIRA de la ciudad condal- re\u00fane en un solo lugar a los m\u00e1s destacados profesionales de Europa, Asia y Norteam\u00e9rica, as\u00ed como a las empresas, especialistas e innovaciones que apoyan el arte fotogr\u00e1fico.<\/p>\n<p>Se trata una muestra de m\u00e1s de 3 mil metros cuadrados y en donde los asistentes disfrutar\u00e1n no s\u00f3lo de las \u00faltimas novedades tecnol\u00f3gicas, sino que tambi\u00e9n de charlas TED, a cargo de connotados profesionales, espacios de negocios, exposiciones, el desarrollo de herramientas y <em>softwares<\/em> que apoyan la labor del fot\u00f3grafo en las m\u00e1s diversas \u00e1reas y formatos.<\/p>\n<p>Marcas como Fujifilm, Canon, Nikon, Sony, Hasselblad y Panasonic han aprovechado esta ocasi\u00f3n para presentar nuevos equipos, orientados no s\u00f3lo a los profesionales del \u00e1rea, sino que tambi\u00e9n a cualquier persona apasionada por este mundo, desde lo anal\u00f3gico a lo digital.<\/p>\n<figure id=\"attachment_18383\" aria-describedby=\"caption-attachment-18383\" style=\"width: 640px\" class=\"wp-caption alignnone\"><img loading=\"lazy\" decoding=\"async\" class=\"size-medium wp-image-18383\" src=\"https:\/\/www.captionmagazine.org\/wp-content\/uploads\/2024\/03\/VRC_5970-1-640x427.jpg\" alt=\"\" width=\"640\" height=\"427\" srcset=\"https:\/\/www.captionmagazine.org\/wp-content\/uploads\/2024\/03\/VRC_5970-1-640x427.jpg 640w, https:\/\/www.captionmagazine.org\/wp-content\/uploads\/2024\/03\/VRC_5970-1-370x247.jpg 370w, https:\/\/www.captionmagazine.org\/wp-content\/uploads\/2024\/03\/VRC_5970-1-20x13.jpg 20w, https:\/\/www.captionmagazine.org\/wp-content\/uploads\/2024\/03\/VRC_5970-1-600x400.jpg 600w, https:\/\/www.captionmagazine.org\/wp-content\/uploads\/2024\/03\/VRC_5970-1-72x48.jpg 72w\" sizes=\"auto, (max-width: 640px) 100vw, 640px\" \/><figcaption id=\"caption-attachment-18383\" class=\"wp-caption-text\">Photo Forum Barcelona 2024. \u00a9 V\u00edctor Ruiz<\/figcaption><\/figure>\n<p>Otras empresas como Cromalite, Evoto, Intax-Fujifilm y DJI, en tanto, han mostrado sus novedades en materia de iluminaci\u00f3n para fotograf\u00eda y cine, tratamiento de im\u00e1genes con inteligencia artificial, impresiones de gran y peque\u00f1o formato, y soluciones para la fotograf\u00eda a\u00e9rea mediante el uso de drones.<\/p>\n<p><em>*Todas las fotograf\u00edas son de <a href=\"https:\/\/www.instagram.com\/victorruizcaballero\" target=\"_blank\" rel=\"noopener\">@victorruizcaballero<\/a><\/em><\/p>\n<hr \/>\n<p><strong>M\u00e1s informaci\u00f3n:<\/strong><\/p>\n<p><a href=\"https:\/\/www.photoforumbarcelona.com\/\" target=\"_blank\" rel=\"noopener\">photoforumbarcelona.com<\/a><\/p>\n","protected":false},"excerpt":{"rendered":"<p>Photo Forum se consolida como el congreso m\u00e1s importante de Europa M\u00e1s de 50 expositores de las marcas m\u00e1s prestigiosas de fotograf\u00eda se dan cita esta semana en Barcelona para participar del Photo Forum Fest, el primero de su clase en el viejo continente. Por Claudio Soto y V\u00edctor Ruiz La muestra internacional -desarrollada el&hellip;<\/p>\n","protected":false},"author":1,"featured_media":18371,"comment_status":"closed","ping_status":"closed","sticky":false,"template":"","format":"gallery","meta":{"footnotes":""},"categories":[246],"tags":[922,794,341,1078],"thb-sponsors":[],"class_list":["post-18356","post","type-post","status-publish","format-gallery","has-post-thumbnail","hentry","category-noticias","tag-barcelona","tag-feria","tag-fujifilm","tag-photoforum","post_format-post-format-gallery"],"_links":{"self":[{"href":"https:\/\/www.captionmagazine.org\/en\/wp-json\/wp\/v2\/posts\/18356","targetHints":{"allow":["GET"]}}],"collection":[{"href":"https:\/\/www.captionmagazine.org\/en\/wp-json\/wp\/v2\/posts"}],"about":[{"href":"https:\/\/www.captionmagazine.org\/en\/wp-json\/wp\/v2\/types\/post"}],"author":[{"embeddable":true,"href":"https:\/\/www.captionmagazine.org\/en\/wp-json\/wp\/v2\/users\/1"}],"replies":[{"embeddable":true,"href":"https:\/\/www.captionmagazine.org\/en\/wp-json\/wp\/v2\/comments?post=18356"}],"version-history":[{"count":6,"href":"https:\/\/www.captionmagazine.org\/en\/wp-json\/wp\/v2\/posts\/18356\/revisions"}],"predecessor-version":[{"id":18393,"href":"https:\/\/www.captionmagazine.org\/en\/wp-json\/wp\/v2\/posts\/18356\/revisions\/18393"}],"wp:featuredmedia":[{"embeddable":true,"href":"https:\/\/www.captionmagazine.org\/en\/wp-json\/wp\/v2\/media\/18371"}],"wp:attachment":[{"href":"https:\/\/www.captionmagazine.org\/en\/wp-json\/wp\/v2\/media?parent=18356"}],"wp:term":[{"taxonomy":"category","embeddable":true,"href":"https:\/\/www.captionmagazine.org\/en\/wp-json\/wp\/v2\/categories?post=18356"},{"taxonomy":"post_tag","embeddable":true,"href":"https:\/\/www.captionmagazine.org\/en\/wp-json\/wp\/v2\/tags?post=18356"},{"taxonomy":"thb-sponsors","embeddable":true,"href":"https:\/\/www.captionmagazine.org\/en\/wp-json\/wp\/v2\/thb-sponsors?post=18356"}],"curies":[{"name":"wp","href":"https:\/\/api.w.org\/{rel}","templated":true}]}}