{"id":1827,"date":"2020-07-09T17:50:25","date_gmt":"2020-07-09T21:50:25","guid":{"rendered":"https:\/\/www.captionmagazine.org\/?p=1827"},"modified":"2022-01-19T11:47:58","modified_gmt":"2022-01-19T14:47:58","slug":"la-sal","status":"publish","type":"post","link":"https:\/\/www.captionmagazine.org\/en\/ensayos\/la-sal","title":{"rendered":"La Sal"},"content":{"rendered":"\n<h3 class=\"wp-block-heading\">Fotograf\u00edas: Jos\u00e9 Luis Rissetti<br>Texto: Luis Montes Rojas<\/h3>\n\n\n\n<p><strong>El trabajo de Jos\u00e9 Luis Rissetti nos ha acercado a un lugar, un remanso donde el tiempo hist\u00f3rico  no se ha acelerado hasta llegar a fulminar el presente. Pero toda  construcci\u00f3n  de un idilio requiere de una distancia para que se pueda mantener esa utop\u00eda. Justamente aquello  no respeta porque no mantiene la distancia propia del visitante,  de ese que se instala  a observar  en un viaje  de turismo capturando una imagen donde casualmente se encuentran aquellos que han trabajado la tierra para  transformarla en  territorio. Al  contrario, el trabajo de este fot\u00f3grafo se adentra hasta configurar una mirada  que devela  -junto a lo hermoso del oficio- el esfuerzo y la pobreza, el desarraigo de los j\u00f3venes, el temor a la desaparici\u00f3n.<\/strong><\/p>\n\n\n\n<p>Mirar sobre otros tiempos.<\/p>\n\n\n\n<p>\u00bfC\u00f3mo iniciar un viaje sino para contestar una pregunta? El esfuerzo del desplazamiento debe satisfacer ese vac\u00edo que se presenta como desasosiego, como inquietud. Sin embargo, es muy posible que esa pregunta no encuentre su respuesta. Es m\u00e1s probable que al regreso traiga preguntas a\u00fan mayores. Ese es el riesgo de recorrer territorios de otros, plenos de otras voluntades de habitar, de otras maneras de decir, y una vez que nos hemos adentrado en esos espacios se debe producir, en virtud de ese v\u00ednculo, la transformaci\u00f3n de quien pregunta. Del sujeto que explora, el que constituye un paisaje para s\u00ed mientras camina, pero no desde la distancia -desde la <em>expectaci\u00f3n<\/em>&#8211; sino desde un recorrido en el que se adentra para calmar esa ansia.<\/p>\n\n\n\n<figure class=\"wp-block-image size-large\"><img loading=\"lazy\" decoding=\"async\" width=\"1024\" height=\"683\" src=\"https:\/\/www.captionmagazine.org\/wp-content\/uploads\/2020\/07\/022-ValleGrande-8OKMBB-1024x683.jpg\" alt=\"\" class=\"wp-image-2118\" srcset=\"https:\/\/www.captionmagazine.org\/wp-content\/uploads\/2020\/07\/022-ValleGrande-8OKMBB-1024x683.jpg 1024w, https:\/\/www.captionmagazine.org\/wp-content\/uploads\/2020\/07\/022-ValleGrande-8OKMBB-600x400.jpg 600w, https:\/\/www.captionmagazine.org\/wp-content\/uploads\/2020\/07\/022-ValleGrande-8OKMBB-300x200.jpg 300w, https:\/\/www.captionmagazine.org\/wp-content\/uploads\/2020\/07\/022-ValleGrande-8OKMBB-768x512.jpg 768w, https:\/\/www.captionmagazine.org\/wp-content\/uploads\/2020\/07\/022-ValleGrande-8OKMBB-370x247.jpg 370w, https:\/\/www.captionmagazine.org\/wp-content\/uploads\/2020\/07\/022-ValleGrande-8OKMBB-800x533.jpg 800w, https:\/\/www.captionmagazine.org\/wp-content\/uploads\/2020\/07\/022-ValleGrande-8OKMBB-20x13.jpg 20w, https:\/\/www.captionmagazine.org\/wp-content\/uploads\/2020\/07\/022-ValleGrande-8OKMBB-185x123.jpg 185w, https:\/\/www.captionmagazine.org\/wp-content\/uploads\/2020\/07\/022-ValleGrande-8OKMBB-740x493.jpg 740w, https:\/\/www.captionmagazine.org\/wp-content\/uploads\/2020\/07\/022-ValleGrande-8OKMBB-400x267.jpg 400w, https:\/\/www.captionmagazine.org\/wp-content\/uploads\/2020\/07\/022-ValleGrande-8OKMBB-72x48.jpg 72w\" sizes=\"auto, (max-width: 1024px) 100vw, 1024px\" \/><figcaption>\u00a9Jose Luis Rissetti<\/figcaption><\/figure>\n\n\n\n<p>El trabajo de Jos\u00e9 Luis Rissetti nos ha acercado a un lugar, un remanso donde el tiempo hist\u00f3rico no se ha acelerado hasta llegar a fulminar el presente. Pero toda construcci\u00f3n de un idilio requiere de una distancia para que se pueda mantener esa utop\u00eda. Justamente aquello no respeta porque no mantiene la distancia propia del visitante, de ese que se instala a observar en un viaje de turismo capturando una imagen donde casualmente se encuentran aquellos que han trabajado la tierra para transformarla en territorio. Al contrario, el trabajo de este fot\u00f3grafo se adentra hasta configurar una mirada que devela -junto a lo hermoso del oficio- el esfuerzo y la pobreza, el desarraigo de los j\u00f3venes, el temor a la desaparici\u00f3n.<\/p>\n\n\n\n<figure class=\"wp-block-image size-large\"><img loading=\"lazy\" decoding=\"async\" width=\"1024\" height=\"683\" src=\"https:\/\/www.captionmagazine.org\/wp-content\/uploads\/2020\/07\/MG_5979-1024x683.jpg\" alt=\"\" class=\"wp-image-2112\" srcset=\"https:\/\/www.captionmagazine.org\/wp-content\/uploads\/2020\/07\/MG_5979-1024x683.jpg 1024w, https:\/\/www.captionmagazine.org\/wp-content\/uploads\/2020\/07\/MG_5979-600x400.jpg 600w, https:\/\/www.captionmagazine.org\/wp-content\/uploads\/2020\/07\/MG_5979-300x200.jpg 300w, https:\/\/www.captionmagazine.org\/wp-content\/uploads\/2020\/07\/MG_5979-768x512.jpg 768w, https:\/\/www.captionmagazine.org\/wp-content\/uploads\/2020\/07\/MG_5979-370x247.jpg 370w, https:\/\/www.captionmagazine.org\/wp-content\/uploads\/2020\/07\/MG_5979-800x533.jpg 800w, https:\/\/www.captionmagazine.org\/wp-content\/uploads\/2020\/07\/MG_5979-20x13.jpg 20w, https:\/\/www.captionmagazine.org\/wp-content\/uploads\/2020\/07\/MG_5979-185x123.jpg 185w, https:\/\/www.captionmagazine.org\/wp-content\/uploads\/2020\/07\/MG_5979-740x493.jpg 740w, https:\/\/www.captionmagazine.org\/wp-content\/uploads\/2020\/07\/MG_5979-400x267.jpg 400w, https:\/\/www.captionmagazine.org\/wp-content\/uploads\/2020\/07\/MG_5979-72x48.jpg 72w\" sizes=\"auto, (max-width: 1024px) 100vw, 1024px\" \/><figcaption>Vista general del Valle Grande (lugar en donde centr\u00e9 mi trabajo fotogr\u00e1fico) y en el cual podemos apreciar cuarteles con  diferentes colores que denotan el estado en que se encuentran. El color blanco es el color en el cual se debe extraer la sal. \u00a9Jose Luis Rissetti<\/figcaption><\/figure>\n\n\n\n<figure class=\"wp-block-image size-large\"><img loading=\"lazy\" decoding=\"async\" width=\"1024\" height=\"683\" src=\"https:\/\/www.captionmagazine.org\/wp-content\/uploads\/2020\/07\/MG_0366-1024x683.jpg\" alt=\"\" class=\"wp-image-2110\" srcset=\"https:\/\/www.captionmagazine.org\/wp-content\/uploads\/2020\/07\/MG_0366-1024x683.jpg 1024w, https:\/\/www.captionmagazine.org\/wp-content\/uploads\/2020\/07\/MG_0366-600x400.jpg 600w, https:\/\/www.captionmagazine.org\/wp-content\/uploads\/2020\/07\/MG_0366-300x200.jpg 300w, https:\/\/www.captionmagazine.org\/wp-content\/uploads\/2020\/07\/MG_0366-768x512.jpg 768w, https:\/\/www.captionmagazine.org\/wp-content\/uploads\/2020\/07\/MG_0366-370x247.jpg 370w, https:\/\/www.captionmagazine.org\/wp-content\/uploads\/2020\/07\/MG_0366-800x533.jpg 800w, https:\/\/www.captionmagazine.org\/wp-content\/uploads\/2020\/07\/MG_0366-20x13.jpg 20w, https:\/\/www.captionmagazine.org\/wp-content\/uploads\/2020\/07\/MG_0366-185x123.jpg 185w, https:\/\/www.captionmagazine.org\/wp-content\/uploads\/2020\/07\/MG_0366-740x493.jpg 740w, https:\/\/www.captionmagazine.org\/wp-content\/uploads\/2020\/07\/MG_0366-400x267.jpg 400w, https:\/\/www.captionmagazine.org\/wp-content\/uploads\/2020\/07\/MG_0366-72x48.jpg 72w\" sizes=\"auto, (max-width: 1024px) 100vw, 1024px\" \/><figcaption>La vida de campo es de m\u00faltiples quehaceres y el salinero no escapa a ello, a pesar de estar desde antes del amanecer en labores de la extracci\u00f3n de la sal tambi\u00e9n debe preocuparse de otras actividades como cortar y almacenar el alimento que les dar\u00e1n a sus animales durante el invierno.  \u00a9Jose Luis Rissetti<\/figcaption><\/figure>\n\n\n\n<p>Aprehender todo esto tiene un costo que se inicia al cruzar esa frontera, pero que se edifica al compartir el trabajo de madrugada, el fr\u00edo, la reponedora <em>chupilca<\/em> al&nbsp; mediod\u00eda. Una conversaci\u00f3n con el campesino sobre su nieto que aprende el oficio y que es tentado por el mundo, el escaso salario \u2013nunca mejor dicho- que se recibe por una labor sin reconocimiento para un trabajador sin tierra, el saber propio de un trabajo heredado. Pero tampoco es dif\u00edcil encari\u00f1arse con un proceso que es expresi\u00f3n de un tiempo contra\u00eddo y condensado en sacos, resumiendo cuatro siglos de aprendizaje y labor, y que se nos presenta como un espejo para quienes hemos continuado con el oficio de los padres.<\/p>\n\n\n\n<figure class=\"wp-block-image size-large\"><img loading=\"lazy\" decoding=\"async\" width=\"1024\" height=\"680\" src=\"https:\/\/www.captionmagazine.org\/wp-content\/uploads\/2020\/07\/012-ElRisco-4okMBB-1024x680.jpg\" alt=\"\" class=\"wp-image-2117\" srcset=\"https:\/\/www.captionmagazine.org\/wp-content\/uploads\/2020\/07\/012-ElRisco-4okMBB-1024x680.jpg 1024w, https:\/\/www.captionmagazine.org\/wp-content\/uploads\/2020\/07\/012-ElRisco-4okMBB-600x399.jpg 600w, https:\/\/www.captionmagazine.org\/wp-content\/uploads\/2020\/07\/012-ElRisco-4okMBB-300x199.jpg 300w, https:\/\/www.captionmagazine.org\/wp-content\/uploads\/2020\/07\/012-ElRisco-4okMBB-768x510.jpg 768w, https:\/\/www.captionmagazine.org\/wp-content\/uploads\/2020\/07\/012-ElRisco-4okMBB-370x246.jpg 370w, https:\/\/www.captionmagazine.org\/wp-content\/uploads\/2020\/07\/012-ElRisco-4okMBB-800x531.jpg 800w, https:\/\/www.captionmagazine.org\/wp-content\/uploads\/2020\/07\/012-ElRisco-4okMBB-20x13.jpg 20w, https:\/\/www.captionmagazine.org\/wp-content\/uploads\/2020\/07\/012-ElRisco-4okMBB-185x123.jpg 185w, https:\/\/www.captionmagazine.org\/wp-content\/uploads\/2020\/07\/012-ElRisco-4okMBB-740x491.jpg 740w, https:\/\/www.captionmagazine.org\/wp-content\/uploads\/2020\/07\/012-ElRisco-4okMBB-400x266.jpg 400w, https:\/\/www.captionmagazine.org\/wp-content\/uploads\/2020\/07\/012-ElRisco-4okMBB-72x48.jpg 72w\" sizes=\"auto, (max-width: 1024px) 100vw, 1024px\" \/><figcaption>\u00a9Jose Luis Rissetti<\/figcaption><\/figure>\n\n\n\n<p>Una conexi\u00f3n de esa magnitud siempre pondr\u00e1 en cuesti\u00f3n el lugar de quien observa. En un principio es indudable reconocerse fuera. Saber que no formamos parte de ese <em>hogar otro<\/em>, que no compartimos su habla, pero de seguro emerger\u00e1n empat\u00edas y distancias que desequilibrar\u00e1n una posici\u00f3n que a veces se quiere dibujar como neutral. Y no puede ser neutral cuando se est\u00e1 empapado de afectos que provienen de experiencias propias, como haber crecido en la periferia santiaguina donde los canales de regad\u00edo todav\u00eda humedec\u00edan la tierra en el verano. Toda esta voluntad debe ser empujada por un deseo, un impulso que en el caso de Jos\u00e9 Luis puede encontrarse en su propia experiencia jugando entre los campos sembrados de la zona norte de Santiago.<\/p>\n\n\n\n<figure class=\"wp-block-image size-large\"><img loading=\"lazy\" decoding=\"async\" width=\"1024\" height=\"683\" src=\"https:\/\/www.captionmagazine.org\/wp-content\/uploads\/2020\/07\/MG_4308-1024x683.jpg\" alt=\"\" class=\"wp-image-2111\" srcset=\"https:\/\/www.captionmagazine.org\/wp-content\/uploads\/2020\/07\/MG_4308-1024x683.jpg 1024w, https:\/\/www.captionmagazine.org\/wp-content\/uploads\/2020\/07\/MG_4308-600x400.jpg 600w, https:\/\/www.captionmagazine.org\/wp-content\/uploads\/2020\/07\/MG_4308-300x200.jpg 300w, https:\/\/www.captionmagazine.org\/wp-content\/uploads\/2020\/07\/MG_4308-768x512.jpg 768w, https:\/\/www.captionmagazine.org\/wp-content\/uploads\/2020\/07\/MG_4308-370x247.jpg 370w, https:\/\/www.captionmagazine.org\/wp-content\/uploads\/2020\/07\/MG_4308-800x533.jpg 800w, https:\/\/www.captionmagazine.org\/wp-content\/uploads\/2020\/07\/MG_4308-20x13.jpg 20w, https:\/\/www.captionmagazine.org\/wp-content\/uploads\/2020\/07\/MG_4308-185x123.jpg 185w, https:\/\/www.captionmagazine.org\/wp-content\/uploads\/2020\/07\/MG_4308-740x493.jpg 740w, https:\/\/www.captionmagazine.org\/wp-content\/uploads\/2020\/07\/MG_4308-400x267.jpg 400w, https:\/\/www.captionmagazine.org\/wp-content\/uploads\/2020\/07\/MG_4308-72x48.jpg 72w\" sizes=\"auto, (max-width: 1024px) 100vw, 1024px\" \/><figcaption>Esta bodega est\u00e1 frente al valle grande cruzando la Laguna, es una construcci\u00f3n de grandes dimensiones con rastros de una vasta producci\u00f3n y que hoy est\u00e1 abandonada al igual que sus cuarteles que la prove\u00edan de sal. \u00a9Jose Luis Rissetti <\/figcaption><\/figure>\n\n\n\n<p><\/p>\n\n\n\n<p>A\u00fan as\u00ed, y a pesar de la empat\u00eda, este viaje debe reconfigurar la manera de entender lo que en principio no era m\u00e1s que paisaje. El costo de destituir al turista es fulminar la comodidad de su distancia, y no s\u00f3lo por la emergencia de compromisos emocionales que cargan la mirada, sino por el desencanto de saber que traspasar la frontera no significa ser parte de aquello que se observa. Sabemos que la piel no se curtir\u00e1 con el sol como la del salinero, pero la fotograf\u00eda debe ser la portadora, ahora no de una conversi\u00f3n imposible, sino de un v\u00ednculo que es la pretensi\u00f3n y recompensa -la verdadera utop\u00eda- de quien se acerc\u00f3 buscando algo m\u00e1s que un buen encuadre. En este libro hay un tiempo condensado en im\u00e1genes: estaciones del a\u00f1o, d\u00edas con sol o lluvia, noches donde se necesit\u00f3 el esfuerzo. Las fotograf\u00edas no son el premio al acierto de un par de tiros, en este libro se devela un encuadre sobre un enorme c\u00famulo de im\u00e1genes que son el trabajo dedicado a descubrir \u2013a todos aquellos que no hemos roto esa distancia- aquel trozo del mundo separado del mundo. Para quienes tuvimos la suerte de acompa\u00f1ar al autor en este empe\u00f1o (levemente, s\u00f3lo como turistas) pudimos comprobar que aquello a lo que nos asomamos escond\u00eda un universo de c\u00f3digos que eran las claves que posibilitar\u00edan su labor, y por intermedio de sus im\u00e1genes, \u00edbamos a acercarnos a este mundo antes de que el oficio desaparezca o que las comunidades pasen a convertirse en un museo, una reserva cultural.<\/p>\n\n\n\n<figure class=\"wp-block-image size-large\"><img loading=\"lazy\" decoding=\"async\" width=\"1024\" height=\"683\" src=\"https:\/\/www.captionmagazine.org\/wp-content\/uploads\/2020\/07\/MG_8026-1024x683.jpg\" alt=\"\" class=\"wp-image-2113\" srcset=\"https:\/\/www.captionmagazine.org\/wp-content\/uploads\/2020\/07\/MG_8026-1024x683.jpg 1024w, https:\/\/www.captionmagazine.org\/wp-content\/uploads\/2020\/07\/MG_8026-600x400.jpg 600w, https:\/\/www.captionmagazine.org\/wp-content\/uploads\/2020\/07\/MG_8026-300x200.jpg 300w, https:\/\/www.captionmagazine.org\/wp-content\/uploads\/2020\/07\/MG_8026-768x512.jpg 768w, https:\/\/www.captionmagazine.org\/wp-content\/uploads\/2020\/07\/MG_8026-370x247.jpg 370w, https:\/\/www.captionmagazine.org\/wp-content\/uploads\/2020\/07\/MG_8026-800x533.jpg 800w, https:\/\/www.captionmagazine.org\/wp-content\/uploads\/2020\/07\/MG_8026-20x13.jpg 20w, https:\/\/www.captionmagazine.org\/wp-content\/uploads\/2020\/07\/MG_8026-185x123.jpg 185w, https:\/\/www.captionmagazine.org\/wp-content\/uploads\/2020\/07\/MG_8026-740x493.jpg 740w, https:\/\/www.captionmagazine.org\/wp-content\/uploads\/2020\/07\/MG_8026-400x267.jpg 400w, https:\/\/www.captionmagazine.org\/wp-content\/uploads\/2020\/07\/MG_8026-72x48.jpg 72w\" sizes=\"auto, (max-width: 1024px) 100vw, 1024px\" \/><figcaption>Los salineros palean la sal desde los cuarteles y la colocan afuera o al borde del camino para que bote el exceso de agua previo a ser envasada  en  sacos para su distribuci\u00f3n. \u00a9Jose Luis Rissetti<\/figcaption><\/figure>\n\n\n\n<p>Esta experiencia es un retrato desde dentro, un retrato que termina hablando tambi\u00e9n de nosotros mismos al encontrar -tambi\u00e9n aqu\u00ed- el temor a desaparecer. S\u00f3lo as\u00ed es posible que emerjan im\u00e1genes como la del campesino durmiendo al sol, de una fragilidad que conmueve, o las ojotas descalzadas esperando a su due\u00f1o. Aqu\u00ed hay un esfuerzo de convertir a la fotograf\u00eda en un testimonio que no pretende hablar por una comunidad, como si el esfuerzo heroico del fot\u00f3grafo las hiciera aparecer ante el mundo, sino m\u00e1s bien acompa\u00f1ar a los salineros en un camino que, a pesar de la distancia, compartimos. Un caminar lleno de incertidumbres, de cambios desmedidos, cargado de nostalgia.<\/p>\n\n\n\n<figure class=\"wp-block-image size-large\"><img loading=\"lazy\" decoding=\"async\" width=\"1024\" height=\"683\" src=\"https:\/\/www.captionmagazine.org\/wp-content\/uploads\/2020\/07\/045-_MG_1142okMBB-1024x683.jpg\" alt=\"\" class=\"wp-image-2120\" srcset=\"https:\/\/www.captionmagazine.org\/wp-content\/uploads\/2020\/07\/045-_MG_1142okMBB-1024x683.jpg 1024w, https:\/\/www.captionmagazine.org\/wp-content\/uploads\/2020\/07\/045-_MG_1142okMBB-600x400.jpg 600w, https:\/\/www.captionmagazine.org\/wp-content\/uploads\/2020\/07\/045-_MG_1142okMBB-300x200.jpg 300w, https:\/\/www.captionmagazine.org\/wp-content\/uploads\/2020\/07\/045-_MG_1142okMBB-768x512.jpg 768w, https:\/\/www.captionmagazine.org\/wp-content\/uploads\/2020\/07\/045-_MG_1142okMBB-370x247.jpg 370w, https:\/\/www.captionmagazine.org\/wp-content\/uploads\/2020\/07\/045-_MG_1142okMBB-800x533.jpg 800w, https:\/\/www.captionmagazine.org\/wp-content\/uploads\/2020\/07\/045-_MG_1142okMBB-20x13.jpg 20w, https:\/\/www.captionmagazine.org\/wp-content\/uploads\/2020\/07\/045-_MG_1142okMBB-185x123.jpg 185w, https:\/\/www.captionmagazine.org\/wp-content\/uploads\/2020\/07\/045-_MG_1142okMBB-740x493.jpg 740w, https:\/\/www.captionmagazine.org\/wp-content\/uploads\/2020\/07\/045-_MG_1142okMBB-400x267.jpg 400w, https:\/\/www.captionmagazine.org\/wp-content\/uploads\/2020\/07\/045-_MG_1142okMBB-72x48.jpg 72w\" sizes=\"auto, (max-width: 1024px) 100vw, 1024px\" \/><figcaption>\u00a9Jose Luis Rissetti<\/figcaption><\/figure>\n\n\n\n<p>FOTO ANIM: Las animitas se erigen como recuerdo de aquellos que fueron tempranamente arrebatados de la vida, constituy\u00e9ndose en un testimonio de fe en una vida que trasciende la muerte y cuando ese recuerdo est\u00e1 abandonado es sin\u00f3nimo de una decadencia absoluta. \u00a9Jose Luis Rissetti<\/p>\n\n\n\n<p><\/p>\n\n\n\n<p>Este proyecto fue financiado por FONDART  y editado por el fot\u00f3grafo Fabian Espa\u00f1a<\/p>\n\n\n\n<hr class=\"wp-block-separator\"\/>\n\n\n\n<p><strong>Biograf\u00eda:<\/strong><br>Nac\u00ed en  Santiago  de Chile  en  1973. Estudi\u00e9  fotograf\u00eda en  el  Instituto Superior de  Artes  y  Comunicaci\u00f3n ARCOS, del  cual egres\u00e9  en  1995.  Ese mismo a\u00f1o comenc\u00e9 mi pr\u00e1ctica en el  diario El Mercurio,  donde me he desempe\u00f1ado  hasta  el  d\u00eda de  hoy. Soy fot\u00f3grafo hace m\u00e1s de  15  a\u00f1os, hered\u00e9  este  oficio  de  mi  padre,  quien  ejerci\u00f3  esta  profesi\u00f3n por m\u00e1s de 30. He  realizado  publicaciones  en  diferentes  revistas  y  en todas las  secciones  del  diario y he  participado en  libros de la  Editorial  Mercurio  Aguilar.  En  paralelo  trabaj\u00e9  en  libros  y cat\u00e1logos de  artistas  nacionales  e internacionales  y me he desempe\u00f1ado  tambi\u00e9n  como  especialista  fotogr\u00e1fico  en  el registro visual de procesos art\u00edsticos. Desde  1999  he  tenido  la  posibilidad  de  desarrollar  a  fondo mis  tem\u00e1ticas  en  muestras  colectivas  de  fot\u00f3grafos en  Santiago  y  Valpara\u00edso,  en  exposiciones  individuales, festivales,  Galer\u00edas  de  Santiago  y en  la  primera  Feria  de  Arte Contempor\u00e1neo del pa\u00eds (CHACO). En la  actualidad,  a partir  de  mis  vivencias  personales,  es  que me encuentro explorando la capacidad de ponernos mediante el  arte  en  el  lugar  de  un  otro  que  padece,  se  transforma y olvida qui\u00e9n fue.<\/p>\n\n\n\n<hr class=\"wp-block-separator\"\/>\n\n\n\n<p><strong>Equipo Fotogr\u00e1fico<\/strong>:<br>&#8211; C\u00e1mara:Canon EOS 5D MARK III<br>&#8211; Optica: Canon 35 mm. f2.8<\/p>\n\n\n\n<p><strong>Sitios Web<\/strong>: <br><a rel=\"noreferrer noopener\" aria-label=\"https:\/\/www.instagram.com\/jlrissetti (abrir en una nueva pesta\u00f1a)\" href=\"https:\/\/www.instagram.com\/jlrissetti\" target=\"_blank\">https:\/\/www.instagram.com\/jlrissetti<\/a><br><a rel=\"noreferrer noopener\" aria-label=\" (abrir en una nueva pesta\u00f1a)\" href=\"https:\/\/www.facebook.com\/jlrissetti\" target=\"_blank\">https:\/\/www.facebook.com\/jlrissetti<\/a><\/p>\n","protected":false},"excerpt":{"rendered":"<p>Fotograf\u00edas: Jos\u00e9 Luis RissettiTexto: Luis Montes Rojas El trabajo de Jos\u00e9 Luis Rissetti nos ha acercado a un lugar, un remanso donde el tiempo hist\u00f3rico no se ha acelerado hasta llegar a fulminar el presente. Pero toda construcci\u00f3n de un idilio requiere de una distancia para que se pueda mantener esa utop\u00eda. Justamente aquello no&hellip;<\/p>\n","protected":false},"author":4,"featured_media":2119,"comment_status":"closed","ping_status":"closed","sticky":false,"template":"","format":"gallery","meta":{"footnotes":""},"categories":[1],"tags":[122,707],"thb-sponsors":[],"class_list":["post-1827","post","type-post","status-publish","format-gallery","has-post-thumbnail","hentry","category-ensayos","tag-jose-luis-rissetti","tag-n4","post_format-post-format-gallery"],"_links":{"self":[{"href":"https:\/\/www.captionmagazine.org\/en\/wp-json\/wp\/v2\/posts\/1827","targetHints":{"allow":["GET"]}}],"collection":[{"href":"https:\/\/www.captionmagazine.org\/en\/wp-json\/wp\/v2\/posts"}],"about":[{"href":"https:\/\/www.captionmagazine.org\/en\/wp-json\/wp\/v2\/types\/post"}],"author":[{"embeddable":true,"href":"https:\/\/www.captionmagazine.org\/en\/wp-json\/wp\/v2\/users\/4"}],"replies":[{"embeddable":true,"href":"https:\/\/www.captionmagazine.org\/en\/wp-json\/wp\/v2\/comments?post=1827"}],"version-history":[{"count":13,"href":"https:\/\/www.captionmagazine.org\/en\/wp-json\/wp\/v2\/posts\/1827\/revisions"}],"predecessor-version":[{"id":2123,"href":"https:\/\/www.captionmagazine.org\/en\/wp-json\/wp\/v2\/posts\/1827\/revisions\/2123"}],"wp:featuredmedia":[{"embeddable":true,"href":"https:\/\/www.captionmagazine.org\/en\/wp-json\/wp\/v2\/media\/2119"}],"wp:attachment":[{"href":"https:\/\/www.captionmagazine.org\/en\/wp-json\/wp\/v2\/media?parent=1827"}],"wp:term":[{"taxonomy":"category","embeddable":true,"href":"https:\/\/www.captionmagazine.org\/en\/wp-json\/wp\/v2\/categories?post=1827"},{"taxonomy":"post_tag","embeddable":true,"href":"https:\/\/www.captionmagazine.org\/en\/wp-json\/wp\/v2\/tags?post=1827"},{"taxonomy":"thb-sponsors","embeddable":true,"href":"https:\/\/www.captionmagazine.org\/en\/wp-json\/wp\/v2\/thb-sponsors?post=1827"}],"curies":[{"name":"wp","href":"https:\/\/api.w.org\/{rel}","templated":true}]}}