{"id":1710,"date":"2020-05-07T20:45:06","date_gmt":"2020-05-08T00:45:06","guid":{"rendered":"https:\/\/www.captionmagazine.org\/?p=1710"},"modified":"2022-01-19T11:51:55","modified_gmt":"2022-01-19T14:51:55","slug":"a-duo","status":"publish","type":"post","link":"https:\/\/www.captionmagazine.org\/en\/ensayos\/a-duo","title":{"rendered":"A D\u00fao"},"content":{"rendered":"\n<h3 class=\"wp-block-heading\">Francisco Jooris &amp; V\u00edctor Ruiz<\/h3>\n\n\n\n<p><strong>El producto de esta muestra fue la interacci\u00f3n entre la mirada l\u00fadica y creativa de V\u00edctor Ruiz Santiago y mi experiencia como fot\u00f3grafo en el uso de la iluminaci\u00f3n y equipos de estudio, sum\u00e1ndole la invaluable ayuda de Abel Lagos, otro fot\u00f3grafo quien me ayud\u00f3 a revelar las ampliaciones de los grandes formatos de esta muestra.<\/strong><\/p>\n\n\n\n<p><strong>Francisco Jooris Jacmart<\/strong> : Era el a\u00f1o 1996, decidimos pasar los largos d\u00edas de invierno utilizando mi estudio en Orella, para poner en marcha este proyecto. En un inicio fue un trabajo sin planificaci\u00f3n previa, s\u00f3lo ten\u00edamos una vaga idea y unos cuantos modelos f\u00edsicos. Fue entonces cuando decidimos utilizar el blanco y negro (TMAX ISO 100) en formato 6&#215;7 para darle m\u00e1s posibilidades al tama\u00f1o de las futuras ampliaciones, las cuales a\u00fan no ten\u00edamos claro como ser\u00edan. A\u00f1os atr\u00e1s V\u00edctor me hab\u00eda confeccionado diferentes fondos sin fin, algunos negros y otros de colores para mi trabajo publicitario, al cual yo me dedicada en Valdivia durante esos a\u00f1os. Ese peque\u00f1o taller de mi casa con vista al r\u00edo enso\u00f1aba a cualquiera a crear, el perpetuo movimiento del ir y venir de las mareas fue definitivamente una fuente de inspiraci\u00f3n para m\u00ed.&nbsp;<\/p>\n\n\n\n<p>Este fue el \u00fanico trabajo creativo sin planificaci\u00f3n previa que realic\u00e9 en el estudio alrededor de esos a\u00f1os. Durante el 96, junto a algunas sesiones y horas de maquillaje, nos dimos cuenta con V\u00edctor que lo que hac\u00edamos era volver a despertar en nosotros el ni\u00f1o que ten\u00edamos dentro, jugamos con las luces, el maquillaje, muecas, elementos y s\u00edmbolos olvidados en nuestro subconsciente de nuestra perdida infancia.<\/p>\n\n\n\n<p>A finales del 97 dimos por concluido el proceso creativo, iniciando el proceso de selecci\u00f3n, y en el 98 dimos inicio al arduo trabajo de procesar las grandes copias en papel fotogr\u00e1fico qu\u00edmico. Para as\u00ed finalmente en agosto del 98 exponer una serie de 10 copias en el Centro Cultural El Austral en Valdivia.<\/p>\n\n\n\n<figure class=\"wp-block-image size-large\"><img loading=\"lazy\" decoding=\"async\" width=\"768\" height=\"1024\" src=\"https:\/\/www.captionmagazine.org\/wp-content\/uploads\/2020\/05\/ADUO-6-768x1024.jpg\" alt=\"\" class=\"wp-image-1721\" srcset=\"https:\/\/www.captionmagazine.org\/wp-content\/uploads\/2020\/05\/ADUO-6-768x1024.jpg 768w, https:\/\/www.captionmagazine.org\/wp-content\/uploads\/2020\/05\/ADUO-6-600x800.jpg 600w, https:\/\/www.captionmagazine.org\/wp-content\/uploads\/2020\/05\/ADUO-6-225x300.jpg 225w, https:\/\/www.captionmagazine.org\/wp-content\/uploads\/2020\/05\/ADUO-6-370x493.jpg 370w, https:\/\/www.captionmagazine.org\/wp-content\/uploads\/2020\/05\/ADUO-6-185x247.jpg 185w, https:\/\/www.captionmagazine.org\/wp-content\/uploads\/2020\/05\/ADUO-6-740x987.jpg 740w, https:\/\/www.captionmagazine.org\/wp-content\/uploads\/2020\/05\/ADUO-6-20x27.jpg 20w, https:\/\/www.captionmagazine.org\/wp-content\/uploads\/2020\/05\/ADUO-6-400x533.jpg 400w, https:\/\/www.captionmagazine.org\/wp-content\/uploads\/2020\/05\/ADUO-6-300x400.jpg 300w, https:\/\/www.captionmagazine.org\/wp-content\/uploads\/2020\/05\/ADUO-6-36x48.jpg 36w\" sizes=\"auto, (max-width: 768px) 100vw, 768px\" \/><figcaption>\u00a9 Francisco Jooris &amp; Victor Ruiz<\/figcaption><\/figure>\n\n\n\n<p>Esta propuesta est\u00e9tica a d\u00fao me hizo comprender que todo creador pl\u00e1stico puede ser sacado de su rutina creativa para sumergirse en el subconsciente del mundo de los sue\u00f1os.<\/p>\n\n\n\n<p><\/p>\n\n\n\n<p><strong>V\u00edctor Ruiz<\/strong>: Corr\u00eda el a\u00f1o 1996 y aparece la idea de crear una obra conjunta con Francisco Jooris, desde la \u00e9poca de la antigua Escuela de Artes donde por formaci\u00f3n ya se hablaba de transdisciplina.&nbsp;<\/p>\n\n\n\n<p>Motivado por los profesores de la carrera de Artes Pl\u00e1sticas, que cursaba, especialmente por Ricardo Mendoza y Mario Utreras, maestros que siempre motivaron la participaci\u00f3n de los alumnos en las diferentes actividades art\u00edsticas que se desarrollaban en la ciudad de Valdivia: recitales de poes\u00eda, de m\u00fasica, teatro etc., generando en cada alumno la posibilidad de interactuar e interesarse en otras disciplinas y eventualmente generar alguna obra conjunta. En mi trabajo pl\u00e1stico siempre indagu\u00e9 en lo fotogr\u00e1fico incluso montando un peque\u00f1o laboratorio en compa\u00f1\u00eda de Pablo Garrido, otro alumno de la carrera.<\/p>\n\n\n\n<p>Tomando referentes hist\u00f3ricos como la pintura corporal Kaweshkar, reproducciones en alg\u00fan antiguo n\u00famero de la revista especializada en arte \u201cHUMBOLDT\u201d de la que circulaban unos pocos ejemplares en la ciudad, y en la que se hace referencia a una serie de fotograf\u00edas de Holger Tr\u00fclzsch de una obra conjunta con la modelo y una de las artistas considerada como una de las pioneras de la t\u00e9cnica denominada body-painting, Vera Gr\u00e4fin von Lehndorff-Steinort.<\/p>\n\n\n\n<figure class=\"wp-block-image size-large\"><img loading=\"lazy\" decoding=\"async\" width=\"856\" height=\"1024\" src=\"https:\/\/www.captionmagazine.org\/wp-content\/uploads\/2020\/05\/VIVI-12-6410-856x1024.jpg\" alt=\"\" class=\"wp-image-1722\" srcset=\"https:\/\/www.captionmagazine.org\/wp-content\/uploads\/2020\/05\/VIVI-12-6410-856x1024.jpg 856w, https:\/\/www.captionmagazine.org\/wp-content\/uploads\/2020\/05\/VIVI-12-6410-600x718.jpg 600w, https:\/\/www.captionmagazine.org\/wp-content\/uploads\/2020\/05\/VIVI-12-6410-251x300.jpg 251w, https:\/\/www.captionmagazine.org\/wp-content\/uploads\/2020\/05\/VIVI-12-6410-768x919.jpg 768w, https:\/\/www.captionmagazine.org\/wp-content\/uploads\/2020\/05\/VIVI-12-6410-370x443.jpg 370w, https:\/\/www.captionmagazine.org\/wp-content\/uploads\/2020\/05\/VIVI-12-6410-800x957.jpg 800w, https:\/\/www.captionmagazine.org\/wp-content\/uploads\/2020\/05\/VIVI-12-6410-185x221.jpg 185w, https:\/\/www.captionmagazine.org\/wp-content\/uploads\/2020\/05\/VIVI-12-6410-740x885.jpg 740w, https:\/\/www.captionmagazine.org\/wp-content\/uploads\/2020\/05\/VIVI-12-6410-20x24.jpg 20w, https:\/\/www.captionmagazine.org\/wp-content\/uploads\/2020\/05\/VIVI-12-6410-400x479.jpg 400w, https:\/\/www.captionmagazine.org\/wp-content\/uploads\/2020\/05\/VIVI-12-6410-300x359.jpg 300w, https:\/\/www.captionmagazine.org\/wp-content\/uploads\/2020\/05\/VIVI-12-6410-40x48.jpg 40w\" sizes=\"auto, (max-width: 856px) 100vw, 856px\" \/><figcaption>\u00a9 Francisco Jooris &amp; Victor Ruiz<\/figcaption><\/figure>\n\n\n\n<p>Todo esto sumado a la revisi\u00f3n constante de im\u00e1genes fotogr\u00e1ficas de lo que se ten\u00eda a mano en aquellos tiempos y la discusi\u00f3n acerca de t\u00e9cnicas, ejemplo el \u201chigh key\u201c y tem\u00e1ticas con Francisco Jooris, es que decidimos presentarlo como proyecto Fondart en aquel a\u00f1o. Est\u00e1bamos en plena planificaci\u00f3n cuando nos enteramos que Roberto Edwards se nos hab\u00eda adelantado y ya ten\u00eda un proyecto listo en conjunto con otros artistas y con todos los medios y fondos disponibles. A pesar que nuestro peque\u00f1o proyecto difer\u00eda del de Edwards en, por ejemplo, que trabajar\u00edamos s\u00f3lo blanco y negro y con otro concepto est\u00e9tico fue un momento complejo porque ya estaba realizado por ellos y expuesto en Santiago, pasado este primer impacto, decidimos que lo hac\u00edamos igual y con el esfuerzo de costos propios y con la colaboraci\u00f3n de Abel Lagos en la impresi\u00f3n y como modelos a Eloy, Jordy, Pablo, Viviana y Felipe. Finalmente, se logr\u00f3 una obra personal con una propuesta y discurso, resultado de muchas horas de producci\u00f3n y planificaci\u00f3n de dos artistas, con t\u00e9cnicas y estilos diferentes.<\/p>\n\n\n\n<hr class=\"wp-block-separator\"\/>\n\n\n\n<p><strong>Equipo Fotogr\u00e1fico<\/strong>:<br>&#8211; C\u00e1mara: Mamiya RB 67 Pro<br>&#8211; Optica: 50 mm, 90 mm, 250 mm<\/p>\n","protected":false},"excerpt":{"rendered":"<p>Francisco Jooris &amp; V\u00edctor Ruiz El producto de esta muestra fue la interacci\u00f3n entre la mirada l\u00fadica y creativa de V\u00edctor Ruiz Santiago y mi experiencia como fot\u00f3grafo en el uso de la iluminaci\u00f3n y equipos de estudio, sum\u00e1ndole la invaluable ayuda de Abel Lagos, otro fot\u00f3grafo quien me ayud\u00f3 a revelar las ampliaciones de&hellip;<\/p>\n","protected":false},"author":4,"featured_media":1717,"comment_status":"closed","ping_status":"closed","sticky":false,"template":"","format":"gallery","meta":{"footnotes":""},"categories":[1],"tags":[164,77,708,94],"thb-sponsors":[],"class_list":["post-1710","post","type-post","status-publish","format-gallery","has-post-thumbnail","hentry","category-ensayos","tag-body-paint","tag-francisco-jooris","tag-n3","tag-valdivia","post_format-post-format-gallery"],"_links":{"self":[{"href":"https:\/\/www.captionmagazine.org\/en\/wp-json\/wp\/v2\/posts\/1710","targetHints":{"allow":["GET"]}}],"collection":[{"href":"https:\/\/www.captionmagazine.org\/en\/wp-json\/wp\/v2\/posts"}],"about":[{"href":"https:\/\/www.captionmagazine.org\/en\/wp-json\/wp\/v2\/types\/post"}],"author":[{"embeddable":true,"href":"https:\/\/www.captionmagazine.org\/en\/wp-json\/wp\/v2\/users\/4"}],"replies":[{"embeddable":true,"href":"https:\/\/www.captionmagazine.org\/en\/wp-json\/wp\/v2\/comments?post=1710"}],"version-history":[{"count":8,"href":"https:\/\/www.captionmagazine.org\/en\/wp-json\/wp\/v2\/posts\/1710\/revisions"}],"predecessor-version":[{"id":1753,"href":"https:\/\/www.captionmagazine.org\/en\/wp-json\/wp\/v2\/posts\/1710\/revisions\/1753"}],"wp:featuredmedia":[{"embeddable":true,"href":"https:\/\/www.captionmagazine.org\/en\/wp-json\/wp\/v2\/media\/1717"}],"wp:attachment":[{"href":"https:\/\/www.captionmagazine.org\/en\/wp-json\/wp\/v2\/media?parent=1710"}],"wp:term":[{"taxonomy":"category","embeddable":true,"href":"https:\/\/www.captionmagazine.org\/en\/wp-json\/wp\/v2\/categories?post=1710"},{"taxonomy":"post_tag","embeddable":true,"href":"https:\/\/www.captionmagazine.org\/en\/wp-json\/wp\/v2\/tags?post=1710"},{"taxonomy":"thb-sponsors","embeddable":true,"href":"https:\/\/www.captionmagazine.org\/en\/wp-json\/wp\/v2\/thb-sponsors?post=1710"}],"curies":[{"name":"wp","href":"https:\/\/api.w.org\/{rel}","templated":true}]}}