{"id":1640,"date":"2020-05-07T20:49:17","date_gmt":"2020-05-08T00:49:17","guid":{"rendered":"https:\/\/www.captionmagazine.org\/?p=1640"},"modified":"2022-01-19T11:50:55","modified_gmt":"2022-01-19T14:50:55","slug":"heroes-coronavirus-espana","status":"publish","type":"post","link":"https:\/\/www.captionmagazine.org\/en\/ensayos\/heroes-coronavirus-espana","title":{"rendered":"Los H\u00e9roes del Coronavirus en Espa\u00f1a"},"content":{"rendered":"\n<h3 class=\"wp-block-heading\"><strong>Nacho Izquierdo<\/strong><\/h3>\n\n\n\n<p><strong>Desde nuestras casas no se les ve, hasta que los necesitamos. Luchan contra el coronavirus desde su puesto, para que lo esencial no se pare en esta Espa\u00f1a abatida por la enfermedad y, a veces, la desesperanza. Su ejemplo nos da fuerza y tambi\u00e9n nos confirma en la certeza de que un d\u00eda todo cambiar\u00e1 y volveremos a vernos en la calle, a abrazarnos y a ser todo lo que podemos ser. Sin m\u00e1scaras. A coraz\u00f3n abierto.<\/strong><\/p>\n\n\n\n<p>Cuando empez\u00f3 la cuarentena en Espa\u00f1a ven\u00eda llegando de inaugurar la exposici\u00f3n \u201cExiliadas\u201d, en el Museo de la Memoria de Santiago de Chile.<\/p>\n\n\n\n<p>Sab\u00eda que tendr\u00eda que hacer fotos para la agencia y me sent\u00eda un poco en la obligaci\u00f3n de hacer algo, pero no como lo que hago para EFE, ya hay muchos compa\u00f1eros haciendo fotos incre\u00edbles y con acceso a hospitales y otros lugares donde yo no podr\u00eda conseguir los permisos.<\/p>\n\n\n\n<p>Mi idea era algo m\u00e1s personal,local y cercano. Una serie de retratos con personajes (h\u00e9roes locales) que cuando vieran la publicaci\u00f3n, la gente se sintiera identificada.<\/p>\n\n\n\n<figure class=\"wp-block-image size-large\"><img loading=\"lazy\" decoding=\"async\" width=\"1024\" height=\"682\" src=\"https:\/\/www.captionmagazine.org\/wp-content\/uploads\/2020\/05\/NIZ-14-1024x682.jpg\" alt=\"\" class=\"wp-image-1654\" srcset=\"https:\/\/www.captionmagazine.org\/wp-content\/uploads\/2020\/05\/NIZ-14-1024x682.jpg 1024w, https:\/\/www.captionmagazine.org\/wp-content\/uploads\/2020\/05\/NIZ-14-600x400.jpg 600w, https:\/\/www.captionmagazine.org\/wp-content\/uploads\/2020\/05\/NIZ-14-300x200.jpg 300w, https:\/\/www.captionmagazine.org\/wp-content\/uploads\/2020\/05\/NIZ-14-768x511.jpg 768w, https:\/\/www.captionmagazine.org\/wp-content\/uploads\/2020\/05\/NIZ-14-370x246.jpg 370w, https:\/\/www.captionmagazine.org\/wp-content\/uploads\/2020\/05\/NIZ-14-800x533.jpg 800w, https:\/\/www.captionmagazine.org\/wp-content\/uploads\/2020\/05\/NIZ-14-20x13.jpg 20w, https:\/\/www.captionmagazine.org\/wp-content\/uploads\/2020\/05\/NIZ-14-185x123.jpg 185w, https:\/\/www.captionmagazine.org\/wp-content\/uploads\/2020\/05\/NIZ-14-740x493.jpg 740w, https:\/\/www.captionmagazine.org\/wp-content\/uploads\/2020\/05\/NIZ-14-400x266.jpg 400w, https:\/\/www.captionmagazine.org\/wp-content\/uploads\/2020\/05\/NIZ-14-72x48.jpg 72w\" sizes=\"auto, (max-width: 1024px) 100vw, 1024px\" \/><figcaption>A Mozart, con ser Mozart, lo enterraron en una fosa sin l\u00e1pida ni nombre en la Viena de un lluvioso diciembre de 1791. Para que la muerte no prolongue el drama, en la Guadalajara de 2020 los hay que se afanan, desde el alba, para que el cementerio municipal acoja como Dios y el Consistorio mandan a los que van falleciendo. Los muertos son nuestro fracaso y nuestro m\u00e1s \u00edntimo dolor pero que nadie se olvide de que en estas semanas, entre las cruces y los m\u00e1rmoles, ha habido quienes han cumplido con ellos incluso mucho m\u00e1s all\u00e1 de su obligaci\u00f3n. No cabe un solo nombre para tanto esfuerzo. \u00a9Nacho Izquierdo<\/figcaption><\/figure>\n\n\n\n<p>Ten\u00edan que ser personas que siguieran trabajando para que los dem\u00e1s pudi\u00e9ramos seguir con cierta \u201cnormalidad\u201c nuestras vidas, por ejemplo, un frutero o una polic\u00eda, tambi\u00e9n voluntarios de Cruz Roja, costureras solidarias, etc.<\/p>\n\n\n\n<p>No buscaba composiciones muy elaboradas,solamente planos americanos y una mirada directa a c\u00e1mara, quer\u00eda interactuar lo justo, que la foto saliera lo m\u00e1s fluida y natural posible.<\/p>\n\n\n\n<p>Entonces escrib\u00ed una lista de posibles candidatos, prepar\u00e9 la c\u00e1mara, s\u00f3lo con un objetivo, un 50mm f1.4 y con esto hice todas las fotos sin tener que estar cambiando objetivos, ni cargar con nada m\u00e1s que la c\u00e1mara y los permisos de prensa.<\/p>\n\n\n\n<p>Como medidas de precauci\u00f3n, tengo una m\u00e1scara antigases que compr\u00e9 para cubrir las protestas en Chile y unos guantes que me regal\u00f3 una doctora mientras le hac\u00eda las fotos.<\/p>\n\n\n\n<figure class=\"wp-block-image size-large\"><img loading=\"lazy\" decoding=\"async\" width=\"1024\" height=\"682\" src=\"https:\/\/www.captionmagazine.org\/wp-content\/uploads\/2020\/05\/NIZ-1024x682.jpg\" alt=\"\" class=\"wp-image-1669\" srcset=\"https:\/\/www.captionmagazine.org\/wp-content\/uploads\/2020\/05\/NIZ-1024x682.jpg 1024w, https:\/\/www.captionmagazine.org\/wp-content\/uploads\/2020\/05\/NIZ-600x400.jpg 600w, https:\/\/www.captionmagazine.org\/wp-content\/uploads\/2020\/05\/NIZ-300x200.jpg 300w, https:\/\/www.captionmagazine.org\/wp-content\/uploads\/2020\/05\/NIZ-768x511.jpg 768w, https:\/\/www.captionmagazine.org\/wp-content\/uploads\/2020\/05\/NIZ-370x246.jpg 370w, https:\/\/www.captionmagazine.org\/wp-content\/uploads\/2020\/05\/NIZ-800x533.jpg 800w, https:\/\/www.captionmagazine.org\/wp-content\/uploads\/2020\/05\/NIZ-20x13.jpg 20w, https:\/\/www.captionmagazine.org\/wp-content\/uploads\/2020\/05\/NIZ-185x123.jpg 185w, https:\/\/www.captionmagazine.org\/wp-content\/uploads\/2020\/05\/NIZ-740x493.jpg 740w, https:\/\/www.captionmagazine.org\/wp-content\/uploads\/2020\/05\/NIZ-400x266.jpg 400w, https:\/\/www.captionmagazine.org\/wp-content\/uploads\/2020\/05\/NIZ-72x48.jpg 72w\" sizes=\"auto, (max-width: 1024px) 100vw, 1024px\" \/><figcaption>Para ser m\u00e9dico en Espa\u00f1a hay que tener una vocaci\u00f3n a prueba de obst\u00e1culos. Para serlo en un hospital en tiempo de pandemia hay que acreditar, adem\u00e1s, unos reda\u00f1os s\u00f3lo comparables a los de enfermeras, auxiliares y celadores. Visto en el contraluz terrible del acceso a las Urgencias, el azul destaca tanto que s\u00f3lo puede ser un s\u00edmbolo. Y lo es, aunque nadie repare en ello. Para los griegos, este color no exist\u00eda; tanto lo despreciaban que ni siquiera ten\u00edan una palabra para nombrarlo. En la Italia del siglo XII todo cambi\u00f3: el car\u00edsimo lapisl\u00e1zuli empez\u00f3 a usarse para Dios y para la Virgen, que se envolvi\u00f3 ya para siempre en los azules m\u00e1s preciosos. Algo de divino ha quedado en los pasillos hospitalarios: el color de la fidelidad y de la fe protege (no siempre lo suficiente) a los que mejor encarnan esas virtudes esenciales, como una religi\u00f3n laica que salva vidas hasta casi lo imposible. Laus Deo. \u00a9Nacho Izquierdo<\/figcaption><\/figure>\n\n\n\n<p>Cada vez que volv\u00eda de hacer fotos lavaba toda la ropa, me duchaba y desinfectaba meticulosamente la c\u00e1mara con alcohol.<\/p>\n\n\n\n<p>Este proyecto a\u00fan est\u00e1 en proceso y cuando termine esta pesadilla, espero poder volver a hacer fotos con los protagonistas pero esta vez sin m\u00e1scaras ni guantes y que podamos poner rostro a quienes nos ayudaron a superar esta tragedia.<\/p>\n\n\n\n<hr class=\"wp-block-separator\"\/>\n\n\n\n<p><em>Ignacio Izquierdo Pati\u00f1o es un reconocido fotoperiodista, cuyas se\u00f1as de identidad profesionales se podr\u00edan resumir en una s\u00f3lida formaci\u00f3n te\u00f3rica, probada experiencia a nivel local, nacional e internacional, un compromiso inalienable con el reflejo de la realidad, su gran capacidad de adaptaci\u00f3n a cualquier circunstancia, y el marcado compromiso social que imprime a muchos de los temas que aborda.<\/em><\/p>\n\n\n\n<p><em>Chileno de nacimiento, lleva afincado en Espa\u00f1a y residiendo en Guadalajara desde hace 18 a\u00f1os, y ha desarrollado su labor a caballo entre los dos continentes. As\u00ed se form\u00f3 en el pa\u00eds andino a finales de los 90, donde obtuvo una Diplomatura en Fotograf\u00eda Period\u00edstica y Publicitaria. Sus primeros trabajos remunerados llegaron en Chile, a comienzos de los a\u00f1os 2000. All\u00ed ha trabajado para el diario m\u00e1s importante del pa\u00eds, \u201cEl Mercurio\u201d. Mientras, en Espa\u00f1a ha alternado trabajos estables en peri\u00f3dicos locales y regionales (\u201cNueva Alcarria\u201d, \u201cEl D\u00eda de Castilla-La Mancha\u201d o \u201cLa Calle de Guadalajara\u201d) con colaboraciones habituales como freelance, publicando de manera frecuente en medios nacionales como el deportivo \u201cMarca\u201d, la Agencia EFE, o el diario \u201cEl Pa\u00eds\u201d, entre otros.<\/em><\/p>\n\n\n\n<p><em>Nacho es un muy reputado especialista en el reportaje documental de corte social, tanto en el \u00e1mbito de la fotograf\u00eda como en el del v\u00eddeo. Es precisamente en esta faceta, el uso de la imagen como herramienta de denuncia y concienciaci\u00f3n, en la que sus trabajos han recibido numerosos galardones. Entre ellos cabe destacar el 59\u00ba y el 60\u00ba Premios \u201cAbeja de Oro\u201d de la Agrupaci\u00f3n Fotogr\u00e1fica de Guadalajara; el Premio al Mejor Documental del Festival de Cine de Collado Villalba; el Primer Premio \u201cLuz contra el racismo\u201d de la organizaci\u00f3n SOS Racismo Madrid; el Premio \u201cMundos Invisibles\u201d de la Universidad de Burgos; el Primer Premio del Concurso \u201cParemos la pobreza\u201d de la ONG Pobreza Cero; el Primer Premio del Concurso \u201cTrabajo, ciudadan\u00eda e inmigraci\u00f3n\u201d convocado por Comisiones Obreras; o el premio de la \u201cBeca ESCO Al Andaluz PhtoFest\u201d, entre otros. Tambi\u00e9n ha sido finalista en otros prestigiosos cert\u00e1menes como el \u201cSin fronteras\u201d de la Alliance Fran\u00e7aise de Madrid; la Beca LENS de Fotograf\u00eda, el XII Concurso de Fotograf\u00eda FIAP, o el Concurso Internacional de Fotograf\u00eda \u201cRapa das bestas\u201d.&nbsp;<\/em><\/p>\n\n\n\n<p><em>Entre sus trabajos recientes de fotoperiodismo m\u00e1s laureados y reconocidos destacan proyectos en los que ha participado de modo muy destacado, como el reportaje \u201cLuchando por la dignidad\u201d, que aborda las dificultades de las personas dependientes; el reportaje \u201cEl Gallinero\u201d, sobre el mayor poblado chabolista de Madrid, o el reportaje \u201cRapa das bestas\u201d, sobre la m\u00edtica fiesta gallega. Muchos de estos trabajos han sido objeto tambi\u00e9n de exposiciones al p\u00fablico.<\/em><\/p>\n\n\n\n<p><em>Adem\u00e1s de estos trabajos eminentemente period\u00edsticos, Nacho Izquierdo tambi\u00e9n acumula una probada experiencia en otros \u00e1mbitos de la fotograf\u00eda y la imagen, como la publicidad, la fotograf\u00eda institucional, el documentalismo, o el soporte t\u00e9cnico de imagen y sonido en eventos y espect\u00e1culos. As\u00ed, ha trabajado para instituciones como el Archivo Hist\u00f3rico de la Imagen y la Fotograf\u00eda de Guadalajara, gabinetes de prensa, productoras televisivas y cinematogr\u00e1ficas, agencias de publicidad, o estudios de arquitectura, entre otros.<\/em><\/p>\n\n\n\n<p><strong>Equipo Fotogr\u00e1fico<\/strong>:<br>&#8211; C\u00e1mara: Nikon D4<br>&#8211; Optica: Nikon 50 mm f\/1.4<\/p>\n\n\n\n<p><strong>Sitio web<\/strong>: <a rel=\"noreferrer noopener\" aria-label=\"http:\/\/nachoizquierdo.photoshelter.com (abrir en una nueva pesta\u00f1a)\" href=\"http:\/\/nachoizquierdo.photoshelter.com\" target=\"_blank\">http:\/\/nachoizquierdo.photoshelter.com<\/a><br><strong>Instagram<\/strong>: nachoizquierdo<br><strong>Twitter<\/strong>: @nachofotos<br><strong>Facebook<\/strong>: <a rel=\"noreferrer noopener\" aria-label=\"https:\/\/www.facebook.com\/Nacho-Izquierdo-203881859778935 (abrir en una nueva pesta\u00f1a)\" href=\"https:\/\/www.facebook.com\/Nacho-Izquierdo-203881859778935\" target=\"_blank\">https:\/\/www.facebook.com\/Nacho-Izquierdo-203881859778935<\/a><\/p>\n","protected":false},"excerpt":{"rendered":"<p>Nacho Izquierdo Desde nuestras casas no se les ve, hasta que los necesitamos. Luchan contra el coronavirus desde su puesto, para que lo esencial no se pare en esta Espa\u00f1a abatida por la enfermedad y, a veces, la desesperanza. Su ejemplo nos da fuerza y tambi\u00e9n nos confirma en la certeza de que un d\u00eda&hellip;<\/p>\n","protected":false},"author":4,"featured_media":1660,"comment_status":"closed","ping_status":"closed","sticky":false,"template":"","format":"gallery","meta":{"footnotes":""},"categories":[1],"tags":[158,142,708,159],"thb-sponsors":[],"class_list":["post-1640","post","type-post","status-publish","format-gallery","has-post-thumbnail","hentry","category-ensayos","tag-coronavirus","tag-espana","tag-n3","tag-pandemia","post_format-post-format-gallery"],"_links":{"self":[{"href":"https:\/\/www.captionmagazine.org\/en\/wp-json\/wp\/v2\/posts\/1640","targetHints":{"allow":["GET"]}}],"collection":[{"href":"https:\/\/www.captionmagazine.org\/en\/wp-json\/wp\/v2\/posts"}],"about":[{"href":"https:\/\/www.captionmagazine.org\/en\/wp-json\/wp\/v2\/types\/post"}],"author":[{"embeddable":true,"href":"https:\/\/www.captionmagazine.org\/en\/wp-json\/wp\/v2\/users\/4"}],"replies":[{"embeddable":true,"href":"https:\/\/www.captionmagazine.org\/en\/wp-json\/wp\/v2\/comments?post=1640"}],"version-history":[{"count":4,"href":"https:\/\/www.captionmagazine.org\/en\/wp-json\/wp\/v2\/posts\/1640\/revisions"}],"predecessor-version":[{"id":1778,"href":"https:\/\/www.captionmagazine.org\/en\/wp-json\/wp\/v2\/posts\/1640\/revisions\/1778"}],"wp:featuredmedia":[{"embeddable":true,"href":"https:\/\/www.captionmagazine.org\/en\/wp-json\/wp\/v2\/media\/1660"}],"wp:attachment":[{"href":"https:\/\/www.captionmagazine.org\/en\/wp-json\/wp\/v2\/media?parent=1640"}],"wp:term":[{"taxonomy":"category","embeddable":true,"href":"https:\/\/www.captionmagazine.org\/en\/wp-json\/wp\/v2\/categories?post=1640"},{"taxonomy":"post_tag","embeddable":true,"href":"https:\/\/www.captionmagazine.org\/en\/wp-json\/wp\/v2\/tags?post=1640"},{"taxonomy":"thb-sponsors","embeddable":true,"href":"https:\/\/www.captionmagazine.org\/en\/wp-json\/wp\/v2\/thb-sponsors?post=1640"}],"curies":[{"name":"wp","href":"https:\/\/api.w.org\/{rel}","templated":true}]}}