{"id":16338,"date":"2023-10-05T15:33:03","date_gmt":"2023-10-05T18:33:03","guid":{"rendered":"https:\/\/www.captionmagazine.org\/?p=16338"},"modified":"2023-10-05T15:35:26","modified_gmt":"2023-10-05T18:35:26","slug":"calendario-fujifilm-2024","status":"publish","type":"post","link":"https:\/\/www.captionmagazine.org\/en\/noticias\/calendario-fujifilm-2024","title":{"rendered":"Convocatoria a participar en Calendario FUJIFILM 2024"},"content":{"rendered":"<h3><strong>Concurso calendario 2024<\/strong><\/h3>\n<p><strong>Fechas: 2 al 10 de octubre 2023<\/strong><\/p>\n<p><img loading=\"lazy\" decoding=\"async\" class=\"alignnone size-medium wp-image-16340\" src=\"https:\/\/www.captionmagazine.org\/wp-content\/uploads\/2023\/10\/convocatoria-640x640.jpeg\" alt=\"\" width=\"640\" height=\"640\" srcset=\"https:\/\/www.captionmagazine.org\/wp-content\/uploads\/2023\/10\/convocatoria-640x640.jpeg 640w, https:\/\/www.captionmagazine.org\/wp-content\/uploads\/2023\/10\/convocatoria-160x160.jpeg 160w, https:\/\/www.captionmagazine.org\/wp-content\/uploads\/2023\/10\/convocatoria-180x180.jpeg 180w, https:\/\/www.captionmagazine.org\/wp-content\/uploads\/2023\/10\/convocatoria-90x90.jpeg 90w, https:\/\/www.captionmagazine.org\/wp-content\/uploads\/2023\/10\/convocatoria-370x370.jpeg 370w, https:\/\/www.captionmagazine.org\/wp-content\/uploads\/2023\/10\/convocatoria-20x20.jpeg 20w, https:\/\/www.captionmagazine.org\/wp-content\/uploads\/2023\/10\/convocatoria-500x500.jpeg 500w, https:\/\/www.captionmagazine.org\/wp-content\/uploads\/2023\/10\/convocatoria-300x300.jpeg 300w, https:\/\/www.captionmagazine.org\/wp-content\/uploads\/2023\/10\/convocatoria-600x600.jpeg 600w, https:\/\/www.captionmagazine.org\/wp-content\/uploads\/2023\/10\/convocatoria-100x100.jpeg 100w, https:\/\/www.captionmagazine.org\/wp-content\/uploads\/2023\/10\/convocatoria-48x48.jpeg 48w\" sizes=\"auto, (max-width: 640px) 100vw, 640px\" \/><\/p>\n<p>Fujifilm convoca a todas las personas propietarias de cualquiera de sus c\u00e1maras de la Serie X o el Sistema GFX a una nueva edici\u00f3n del concurso anual para elegir las fotograf\u00edas que formar\u00e1n parte del calendario oficial de Fujifilm Espa\u00f1a y Portugal del a\u00f1o 2024.<\/p>\n<p><strong>Tem\u00e1tica<\/strong><br \/>\n\u2013 Las fotograf\u00edas presentadas a concurso deben tener relaci\u00f3n con el mes en el que participen.<\/p>\n<p><strong>Fechas<\/strong><br \/>\n\u2013 Del 2 al 15 de octubre de 2023.<\/p>\n<p><strong>Participantes<\/strong><br \/>\n\u2013 Mayores de 18 a\u00f1os, residentes legalmente en Espa\u00f1a y Portugal.<\/p>\n<p><strong>Jurado<\/strong><br \/>\n\u2013 El \u00e1rea de fotograf\u00eda digital de Fujifilm Espa\u00f1a y Fujifilm Portugal<br \/>\n\u2013 El fallo del jurado es inapelable.<\/p>\n<p><strong>Mec\u00e1nica<\/strong><br \/>\n\u2013 Publica en Instagram tus fotograf\u00edas realizadas con una c\u00e1mara Fujifilm X o GFX.<br \/>\n\u2013 Sigue y menciona la cuenta de tu pa\u00eds de residencia: @fujifilm.es o @fujifilmxpt.<br \/>\n\u2013 Las fotograf\u00edas deben publicarse entre el 2 y el 15 de octubre de 2023 en un formato vertical 2:3 con un tama\u00f1o de 8x12cm. Fujifilm se reserva el derecho de ajustar el tama\u00f1o de la imagen publicada a la medida indicada.<br \/>\n\u2013 No entrar\u00e1n a concurso las fotograf\u00edas publicadas desde cuentas secundarias.<br \/>\n\u2013 Se admite la edici\u00f3n de las im\u00e1genes presentadas a concurso, pero no se aceptar\u00e1n fotomontajes que supongan la exclusi\u00f3n\/inclusi\u00f3n de objetos\/sujetos superpuestos al instante de la toma fotogr\u00e1fica ni fotograf\u00edas con marcas de agua o con el nombre del autor incrustado en ellas.<br \/>\n\u2013 Ser\u00e1 posible participar en todos los meses con un n\u00famero ilimitado en fotograf\u00edas en cada uno de ellos.<br \/>\n\u2013 Habr\u00e1 un total de 12 ganadores entre los dos pa\u00edses, uno por cada mes del a\u00f1o.<br \/>\n\u2013 A\u00f1ade el hashtag correspondiente seg\u00fan los meses en los que quieras participar:<\/p>\n<p><strong>Residentes en Espa\u00f1a:<\/strong><br \/>\n#fujifilmcalendario2024enero<br \/>\n#fujifilmcalendario2024febrero<br \/>\n#fujifilmcalendario2024marzo<br \/>\n#fujifilmcalendario2024abril<br \/>\n#fujifilmcalendario2024mayo<br \/>\n#fujifilmcalendario2024junio<br \/>\n#fujifilmcalendario2024julio<br \/>\n#fujifilmcalendario2024agosto<br \/>\n#fujifilmcalendario2024septiembre<br \/>\n#fujifilmcalendario2024octubre<br \/>\n#fujifilmcalendario2024noviembre<br \/>\n#fujifilmcalendario2024diciembre<\/p>\n<p><strong>Residentes en Portugal:<\/strong><br \/>\n#fujifilmcalendario2024janeiro<br \/>\n#fujifilmcalendario2024fevereiro<br \/>\n#fujifilmcalendario2024mar\u00e7o<br \/>\n#fujifilmcalendario2024abril<br \/>\n#fujifilmcalendario2024maio<br \/>\n#fujifilmcalendario2024junho<br \/>\n#fujifilmcalendario2024julho<br \/>\n#fujifilmcalendario2024agosto<br \/>\n#fujifilmcalendario2024setembro<br \/>\n#fujifilmcalendario2024outubro<br \/>\n#fujifilmcalendario2024novembro<br \/>\n#fujifilmcalendario2024dezembro<\/p>\n<p><strong>Premios<\/strong><br \/>\n\u2013 Las fotograf\u00edas ganadoras formar\u00e1n parte del calendario oficial de Fujifilm Espa\u00f1a y Portugal 2024.<br \/>\n\u2013 Adem\u00e1s, los 12 ganadores obtendr\u00e1n un descuento por valor de 300\u20ac (IVA incluido) en c\u00e1maras, \u00f3pticas y accesorios Fujifilm Serie X, que podr\u00e1n canjear en Fujifilm Wonder Photo Shop.<br \/>\n\u2013 El descuento deber\u00e1 realizarse efectivo entre el 21 de noviembre de 2023 y el 6 de enero de 2024.<br \/>\n\u2013 Cada una de las fotograf\u00edas publicadas en el calendario ir\u00e1 acreditada con el nombre del autor, la c\u00e1mara y la \u00f3ptica con la que se ha realizado la fotograf\u00eda.<\/p>\n<p><strong>Anuncio de los ganadores<\/strong><br \/>\n\u2013 Fujifilm contactar\u00e1 a trav\u00e9s de Instagram mediante mensaje privado con las 12 personas seleccionadas en un plazo de 10 d\u00edas tras la finalizaci\u00f3n del concurso.<br \/>\n\u2013 Como prueba de autor\u00eda, se les solicitar\u00e1 el archivo original de la imagen que incluya los datos EXIF y a una resoluci\u00f3n de 300ppp, quedando descartadas las copias no autorizadas de fotograf\u00edas previamente publicadas.<br \/>\n\u2013 En el caso de que la persona seleccionada no responda en un plazo de 48 horas, contactaremos con la segunda persona seleccionada de cada mes y as\u00ed sucesivamente hasta que haya un ganador que cumpla estos requisitos.<br \/>\n\u2013 Anunciaremos los ganadores a trav\u00e9s de nuestras redes sociales @fujifilm.es y @fujifilmxpt el 23 de octubre de 2023.<\/p>\n<p><strong>Otras consideraciones:<\/strong><br \/>\n\u2013 Al participar en este concurso, se da consentimiento para la utilizaci\u00f3n de las im\u00e1genes en una exposici\u00f3n f\u00edsica o digital.<br \/>\n\u2013 Fujifilm no realizar\u00e1 un uso comercial de las fotograf\u00edas presentadas a concurso sin previa autorizaci\u00f3n por escrito del fot\u00f3grafo propietario de los derechos de la imagen.<br \/>\n\u2013 La participaci\u00f3n en este concurso conlleva el consentimiento impl\u00edcito por parte del participante a que Fujifilm d\u00e9 a conocer p\u00fablicamente las fotograf\u00edas ganadoras y menciones a los autores.<br \/>\n\u2013 Los participantes deben ser propietarios de los derechos de las fotograf\u00edas que se presenten a concurso, asumiendo cualquier responsabilidad que pudiese derivar el uso de estas.<br \/>\n\u2013 La plataforma Instagram no tiene relaci\u00f3n alguna con la celebraci\u00f3n de este concurso.<br \/>\n\u2013 La participaci\u00f3n en este concurso implica la aceptaci\u00f3n de estas bases.<\/p>\n<p>&nbsp;<\/p>\n<hr \/>\n<p><strong>M\u00e1s Informaci\u00f3n:<\/strong><\/p>\n<p><a href=\"https:\/\/fujifilm-x.com\/es-es\/events\/2023\/1002_25046\/?utm_medium=email&amp;amp;utm_source=sfmc&amp;amp;utm_campaign=ESevent1023Contest\" target=\"_blank\" rel=\"noopener\">Enlace Fujifilm<\/a><\/p>\n","protected":false},"excerpt":{"rendered":"<p>Concurso calendario 2024 Fechas: 2 al 10 de octubre 2023 Fujifilm convoca a todas las personas propietarias de cualquiera de sus c\u00e1maras de la Serie X o el Sistema GFX a una nueva edici\u00f3n del concurso anual para elegir las fotograf\u00edas que formar\u00e1n parte del calendario oficial de Fujifilm Espa\u00f1a y Portugal del a\u00f1o 2024.&hellip;<\/p>\n","protected":false},"author":4,"featured_media":16340,"comment_status":"closed","ping_status":"closed","sticky":false,"template":"","format":"standard","meta":{"footnotes":""},"categories":[246],"tags":[1006,254,341],"thb-sponsors":[],"class_list":["post-16338","post","type-post","status-publish","format-standard","has-post-thumbnail","hentry","category-noticias","tag-calendario","tag-concurso","tag-fujifilm"],"_links":{"self":[{"href":"https:\/\/www.captionmagazine.org\/en\/wp-json\/wp\/v2\/posts\/16338","targetHints":{"allow":["GET"]}}],"collection":[{"href":"https:\/\/www.captionmagazine.org\/en\/wp-json\/wp\/v2\/posts"}],"about":[{"href":"https:\/\/www.captionmagazine.org\/en\/wp-json\/wp\/v2\/types\/post"}],"author":[{"embeddable":true,"href":"https:\/\/www.captionmagazine.org\/en\/wp-json\/wp\/v2\/users\/4"}],"replies":[{"embeddable":true,"href":"https:\/\/www.captionmagazine.org\/en\/wp-json\/wp\/v2\/comments?post=16338"}],"version-history":[{"count":4,"href":"https:\/\/www.captionmagazine.org\/en\/wp-json\/wp\/v2\/posts\/16338\/revisions"}],"predecessor-version":[{"id":16344,"href":"https:\/\/www.captionmagazine.org\/en\/wp-json\/wp\/v2\/posts\/16338\/revisions\/16344"}],"wp:featuredmedia":[{"embeddable":true,"href":"https:\/\/www.captionmagazine.org\/en\/wp-json\/wp\/v2\/media\/16340"}],"wp:attachment":[{"href":"https:\/\/www.captionmagazine.org\/en\/wp-json\/wp\/v2\/media?parent=16338"}],"wp:term":[{"taxonomy":"category","embeddable":true,"href":"https:\/\/www.captionmagazine.org\/en\/wp-json\/wp\/v2\/categories?post=16338"},{"taxonomy":"post_tag","embeddable":true,"href":"https:\/\/www.captionmagazine.org\/en\/wp-json\/wp\/v2\/tags?post=16338"},{"taxonomy":"thb-sponsors","embeddable":true,"href":"https:\/\/www.captionmagazine.org\/en\/wp-json\/wp\/v2\/thb-sponsors?post=16338"}],"curies":[{"name":"wp","href":"https:\/\/api.w.org\/{rel}","templated":true}]}}