{"id":1616,"date":"2020-05-07T20:43:18","date_gmt":"2020-05-08T00:43:18","guid":{"rendered":"https:\/\/www.captionmagazine.org\/?p=1616"},"modified":"2022-01-19T11:52:09","modified_gmt":"2022-01-19T14:52:09","slug":"sensaciones-del-desierto","status":"publish","type":"post","link":"https:\/\/www.captionmagazine.org\/en\/ensayos\/sensaciones-del-desierto","title":{"rendered":"Sensaciones del Desierto, el Todo y la Nada"},"content":{"rendered":"\n<h3 class=\"wp-block-heading\"><strong>Ricardo Carrasco<\/strong><\/h3>\n\n\n\n<p><strong>\u00bfQu\u00e9 busca un fot\u00f3grafo? \u00bfQu\u00e9 lo mueve a ir a un lugar y perderse en selvas, monta\u00f1as y desiertos? \u00bfPor qu\u00e9 es capaz de dejarlo todo y afanarse en un tema determinado?; son preguntas que hasta el d\u00eda de hoy me hago. Tal vez alg\u00fan d\u00eda las pueda dilucidar, la inmensidad es una gran aliada.<\/strong><\/p>\n\n\n\n<p>Liberar la mente de im\u00e1genes preconcebidas, o intentarlo; porque eso es lo que ocurre cuando voy por alguna toma en particular, ya tienes la imagen armada en tu cabeza y solamente la construyes cuando disparas, en parte; y digo en parte porque la fotograf\u00eda es tan personal como motivos hay ah\u00ed afuera.<\/p>\n\n\n\n<p>Un llamado espont\u00e1neo, mirar el bolso fotogr\u00e1fico, pensar en qu\u00e9 lentes llevar y comenzar a armar un viaje en la mente. Tomar en las manos un teleobjetivo corto, o no tan corto, y pensar en su aplicaci\u00f3n en terreno. Qu\u00e9 llevar, llevar demasiado se puede convertir en un problema log\u00edstico, llevar muy poco se puede traducir en una pesadilla y hasta llegar a perder, por falta de equipo, alguna imagen deseada.<\/p>\n\n\n\n<p>Por otro lado, la decisi\u00f3n del formato. \u00bfCuadrado, rectangular, panor\u00e1mico?, \u00bfc\u00f3mo pienso ver lo que ver\u00e9, lo ver\u00e9 en m\u00faltiples colores, lo imaginar\u00e9 en blanco y negro?, son tantos los factores que abruman al fot\u00f3grafo y finalmente, en mi caso, la decisi\u00f3n es llevar mucho equipo y dejar, en el campamento base (en este caso particular hotel) lo que posiblemente no usar\u00e9. De esta manera me aseguro de tener todo a mano o relativamente cerca<\/p>\n\n\n\n<figure class=\"wp-block-image size-large\"><img loading=\"lazy\" decoding=\"async\" width=\"1024\" height=\"683\" src=\"https:\/\/www.captionmagazine.org\/wp-content\/uploads\/2020\/05\/RS237_RCS-Valle-de-la-luna-2-original-1024x683.jpg\" alt=\"\" class=\"wp-image-1633\" srcset=\"https:\/\/www.captionmagazine.org\/wp-content\/uploads\/2020\/05\/RS237_RCS-Valle-de-la-luna-2-original-1024x683.jpg 1024w, https:\/\/www.captionmagazine.org\/wp-content\/uploads\/2020\/05\/RS237_RCS-Valle-de-la-luna-2-original-600x400.jpg 600w, https:\/\/www.captionmagazine.org\/wp-content\/uploads\/2020\/05\/RS237_RCS-Valle-de-la-luna-2-original-300x200.jpg 300w, https:\/\/www.captionmagazine.org\/wp-content\/uploads\/2020\/05\/RS237_RCS-Valle-de-la-luna-2-original-768x512.jpg 768w, https:\/\/www.captionmagazine.org\/wp-content\/uploads\/2020\/05\/RS237_RCS-Valle-de-la-luna-2-original-370x247.jpg 370w, https:\/\/www.captionmagazine.org\/wp-content\/uploads\/2020\/05\/RS237_RCS-Valle-de-la-luna-2-original-800x533.jpg 800w, https:\/\/www.captionmagazine.org\/wp-content\/uploads\/2020\/05\/RS237_RCS-Valle-de-la-luna-2-original-20x13.jpg 20w, https:\/\/www.captionmagazine.org\/wp-content\/uploads\/2020\/05\/RS237_RCS-Valle-de-la-luna-2-original-185x123.jpg 185w, https:\/\/www.captionmagazine.org\/wp-content\/uploads\/2020\/05\/RS237_RCS-Valle-de-la-luna-2-original-740x493.jpg 740w, https:\/\/www.captionmagazine.org\/wp-content\/uploads\/2020\/05\/RS237_RCS-Valle-de-la-luna-2-original-400x267.jpg 400w, https:\/\/www.captionmagazine.org\/wp-content\/uploads\/2020\/05\/RS237_RCS-Valle-de-la-luna-2-original-72x48.jpg 72w\" sizes=\"auto, (max-width: 1024px) 100vw, 1024px\" \/><figcaption>Paisaje extra\u00f1o de un lago que ya no est\u00e1. Valle de la Luna en Cordillera de Domeyko. A pocos kil\u00f3metros, San Pedro de Atacama. \u00a9Ricardo Carrasco<\/figcaption><\/figure>\n\n\n\n<p>Tambi\u00e9n el formato escogido al momento de fotografiar es una m\u00e1xima, intento respetarlo y huyo del cropeado, el recorte de lo que la c\u00e1mara, como objeto ha entregado. Sin embargo, hay fot\u00f3grafos que usan el recorte sin titubear, escogiendo alg\u00fan segmento que les interese de su imagen original. Todo es v\u00e1lido y por el hecho de tener tantas posibles soluciones siempre la ansiedad est\u00e1 a la vuelta de la esquina. El gran Ansel Adams ten\u00eda entre sus predilectas a una Hasselblad, que usaba con un magazine de 6&#215;6 y recortaba sus im\u00e1genes a diestra y siniestra. Por otro lado, Bresson gastaba su Leica y rara vez prismaba o recortaba sus negativos y prefer\u00eda conservar la proporci\u00f3n \u00e1urea.<\/p>\n\n\n\n<p>Pero todo esto es s\u00f3lo el comienzo del proceso creativo y por eso es imprescindible dejar en un apartado las ideas que nos puedan acechar sobre el laboratorio digital y la post, ya que con todos esos factores se har\u00eda pr\u00e1cticamente inviable disfrutar de la toma.<\/p>\n\n\n\n<p>Antes de adentrarme -esta vez en las grandes llanuras- ya estaba un poco harto de ver las famosas postales de Chile y me sent\u00eda guiado, cual ganado a un establo est\u00e9tico y compositivo a fotografiar, indefectiblemente, las cl\u00e1sicas im\u00e1genes de nuestro pa\u00eds. Ya no soportaba ver una imagen m\u00e1s de las Torres del Paine con sus lagos y rocas verticales. Estaba cansado de ver esas fotograf\u00edas saturadas de tonalidades falsas y colores pregnantes, casi iridiscentes. Necesitaba ir a un lugar donde no encontrara nada, o todo, y tal vez por eso esa fascinaci\u00f3n que me atrae del desierto, la abundancia de lo escaso.<\/p>\n\n\n\n<p>Estando en San Pedro -que ha cambiado tanto desde la primera vez que lo visit\u00e9 hace casi veinte a\u00f1os cuando a\u00fan era puro y salvaje- hoy con sus hordas de turistas (que regresar\u00e1n despu\u00e9s de la gran pandemia) y fot\u00f3grafos buscando lo evidente y posiblemente, m\u00e1s de lo mismo, lo primero que pens\u00e9 fue: alejarse de la ciudad es necesario, salir a los salares, a los tierrales, a los muros de piedra apilada, a los cielos grises y cristalinos. Internarse en las quebradas con sus roquer\u00edos interminables, que se pierden en el Altiplano.<\/p>\n\n\n\n<figure class=\"wp-block-image size-large\"><img loading=\"lazy\" decoding=\"async\" width=\"1024\" height=\"683\" src=\"https:\/\/www.captionmagazine.org\/wp-content\/uploads\/2020\/05\/RS227_RCS-Geisers-del-tatio-2-original-1024x683.jpg\" alt=\"\" class=\"wp-image-1623\" srcset=\"https:\/\/www.captionmagazine.org\/wp-content\/uploads\/2020\/05\/RS227_RCS-Geisers-del-tatio-2-original-1024x683.jpg 1024w, https:\/\/www.captionmagazine.org\/wp-content\/uploads\/2020\/05\/RS227_RCS-Geisers-del-tatio-2-original-600x400.jpg 600w, https:\/\/www.captionmagazine.org\/wp-content\/uploads\/2020\/05\/RS227_RCS-Geisers-del-tatio-2-original-300x200.jpg 300w, https:\/\/www.captionmagazine.org\/wp-content\/uploads\/2020\/05\/RS227_RCS-Geisers-del-tatio-2-original-768x512.jpg 768w, https:\/\/www.captionmagazine.org\/wp-content\/uploads\/2020\/05\/RS227_RCS-Geisers-del-tatio-2-original-370x247.jpg 370w, https:\/\/www.captionmagazine.org\/wp-content\/uploads\/2020\/05\/RS227_RCS-Geisers-del-tatio-2-original-800x533.jpg 800w, https:\/\/www.captionmagazine.org\/wp-content\/uploads\/2020\/05\/RS227_RCS-Geisers-del-tatio-2-original-20x13.jpg 20w, https:\/\/www.captionmagazine.org\/wp-content\/uploads\/2020\/05\/RS227_RCS-Geisers-del-tatio-2-original-185x123.jpg 185w, https:\/\/www.captionmagazine.org\/wp-content\/uploads\/2020\/05\/RS227_RCS-Geisers-del-tatio-2-original-740x493.jpg 740w, https:\/\/www.captionmagazine.org\/wp-content\/uploads\/2020\/05\/RS227_RCS-Geisers-del-tatio-2-original-400x267.jpg 400w, https:\/\/www.captionmagazine.org\/wp-content\/uploads\/2020\/05\/RS227_RCS-Geisers-del-tatio-2-original-72x48.jpg 72w\" sizes=\"auto, (max-width: 1024px) 100vw, 1024px\" \/><figcaption>Peque\u00f1as terrazas calc\u00e1reas y costras azufrosas se forman en las alturas del Altiplano. Son aguas densas y cargadas de materiales. \u00a9Ricardo Carrasco<\/figcaption><\/figure>\n\n\n\n<p>Justo para mi buena fortuna, una gran tormenta de tierra y arena asol\u00f3 las pampas, y pude ver la faceta m\u00e1s extraterrenal del Valle de la Luna y del ausente Licancabur, que se escond\u00eda tras una densa cortina de polvo y viento proveniente desde el sur del pa\u00eds. Hice algunas im\u00e1genes panor\u00e1micas con film y en formato 6&#215;6 con la Hasselblad 500cm, tambi\u00e9n en digitales que es el soporte al que le guardo menos cari\u00f1o.<\/p>\n\n\n\n<p>Que agradable es despojarse del polvo luego de un d\u00eda de b\u00fasqueda intensiva. Arriba, m\u00e1s all\u00e1 del peque\u00f1o poblado de Machuca, el que conoc\u00ed fotografiando los cementerios del desierto, ahora yac\u00eda nuevamente despoblado, pero con algo de nieve polvo en sus techumbres y unos vendavales que casi desgarraron de cuajo la puerta de la camioneta y hac\u00edan vibrar el pulso; disparar s\u00f3lo incertezas, con tierra en los ojos. Y luego m\u00e1s arriba a\u00fan, hacia los campos termales, donde la tierra emana vapores t\u00f3xicos y todo es a escala reducida, donde los silicatos calc\u00e1reos forman terrazas, record\u00e1ndome las terrazas de valles sagrados incaicos.<\/p>\n\n\n\n<p>El aire enrarecido de toda esa franja Andina, dominada por n\u00f3mades de lo alto, empapaban mis pinceles* con disparos diversos. Observar y detenerse a mirar y descubrir esas siluetas volc\u00e1nicas cortadas como una gran cartulina contra un cielo azul solitario. Despojarse de lo innecesario, conservar s\u00f3lo el foco en lo esencial. Tal vez por eso la labor del fot\u00f3grafo sea un arte solitario y la compa\u00f1\u00eda sea una distracci\u00f3n m\u00e1s que un real aporte al momento de conectarse con lo fotografiado. Quiz\u00e1s no hay nadie m\u00e1s solo que un fot\u00f3grafo tras su visor, todo lo que ocurre frente a \u00e9l es un universo externo, una realidad aparente que parcela con las cuatro esquinas, que escoge con el objeto. El fot\u00f3grafo en s\u00ed se transforma en el amo de ese mundo que no maneja, pero que s\u00ed escoge.<\/p>\n\n\n\n<p>De regreso a las grandes planicies del Llano de la Paciencia, en las \u201ctierras bajas\u201d, me dedico a entender esos mares interiores que ya no est\u00e1n, esos salares que aparecen a la distancia con sus costras de sal donde la luz excesiva enga\u00f1a a los ojos. Luego de algunos d\u00edas recorriendo las vastedades del desierto y el Altiplano y ya en la comodidad de San Pedro de Atacama, ordeno el material, rollos en formato 120 de Ilford&nbsp; PanF Plus y otros que guardan la incertidumbre de cada toma; las digitales yacen almacenadas en discos digitales esperando materializarse.<\/p>\n\n\n\n<figure class=\"wp-block-image size-large\"><img loading=\"lazy\" decoding=\"async\" width=\"1024\" height=\"683\" src=\"https:\/\/www.captionmagazine.org\/wp-content\/uploads\/2020\/05\/RS239_RCS-Volca\u0301n-Licancabur-original-1024x683.jpg\" alt=\"\" class=\"wp-image-1635\" srcset=\"https:\/\/www.captionmagazine.org\/wp-content\/uploads\/2020\/05\/RS239_RCS-Volca\u0301n-Licancabur-original-1024x683.jpg 1024w, https:\/\/www.captionmagazine.org\/wp-content\/uploads\/2020\/05\/RS239_RCS-Volca\u0301n-Licancabur-original-600x400.jpg 600w, https:\/\/www.captionmagazine.org\/wp-content\/uploads\/2020\/05\/RS239_RCS-Volca\u0301n-Licancabur-original-300x200.jpg 300w, https:\/\/www.captionmagazine.org\/wp-content\/uploads\/2020\/05\/RS239_RCS-Volca\u0301n-Licancabur-original-768x512.jpg 768w, https:\/\/www.captionmagazine.org\/wp-content\/uploads\/2020\/05\/RS239_RCS-Volca\u0301n-Licancabur-original-370x247.jpg 370w, https:\/\/www.captionmagazine.org\/wp-content\/uploads\/2020\/05\/RS239_RCS-Volca\u0301n-Licancabur-original-800x533.jpg 800w, https:\/\/www.captionmagazine.org\/wp-content\/uploads\/2020\/05\/RS239_RCS-Volca\u0301n-Licancabur-original-20x13.jpg 20w, https:\/\/www.captionmagazine.org\/wp-content\/uploads\/2020\/05\/RS239_RCS-Volca\u0301n-Licancabur-original-185x123.jpg 185w, https:\/\/www.captionmagazine.org\/wp-content\/uploads\/2020\/05\/RS239_RCS-Volca\u0301n-Licancabur-original-740x493.jpg 740w, https:\/\/www.captionmagazine.org\/wp-content\/uploads\/2020\/05\/RS239_RCS-Volca\u0301n-Licancabur-original-400x267.jpg 400w, https:\/\/www.captionmagazine.org\/wp-content\/uploads\/2020\/05\/RS239_RCS-Volca\u0301n-Licancabur-original-72x48.jpg 72w\" sizes=\"auto, (max-width: 1024px) 100vw, 1024px\" \/><figcaption>Volc\u00e1n Licancabur. \u00a9Ricardo Carrasco<\/figcaption><\/figure>\n\n\n\n<p>*Pinceles: Nombre con el cual denomino a mis \u00f3pticas. De hecho dispongo de las mismas focales en diferentes marcas, y todos tienen una est\u00e9tica distinta. Siendo los lentes alemanes (Zeiss, Schneider-Kreuznach) m\u00e1s c\u00e1lidos y apastelados. Los Japoneses Nikon y Olympus con predominantes azules, verdes y una cierta inclinaci\u00f3n general a los colores fr\u00edos. Canon se mantiene con una paleta c\u00e1lida y a veces eso es algo inc\u00f3modo. Los lentes rusos son neutros, no son tan n\u00edtidos como los japoneses pero su est\u00e9tica es muy agradable, difuminados y con alguna vi\u00f1eta que se hace presente que jam\u00e1s molesta..<\/p>\n\n\n\n<hr class=\"wp-block-separator\"\/>\n\n\n\n<p><strong>Equipo Fotogr\u00e1fico<\/strong>:<br>C\u00e1mara: Canon 5D Mark II, Hasselblad 500cm, <a href=\"https:\/\/www.captionmagazine.org\/pequeno-vicio\/linhof-technorama-617\" target=\"_blank\" rel=\"noreferrer noopener\" aria-label=\"Linhof Technorama 617 (abrir en una nueva pesta\u00f1a)\">Linhof Technorama 617<\/a>, Nikon FM2, Nikon FE.<br>Optica: Canon, Nikon, Schneider Kreuznach, Carl Zeiss, Olympus, Helios CCCP.<\/p>\n\n\n\n<p><strong>Sitio Web<\/strong>: <a href=\"https:\/\/www.captionmagazine.org\/ensayos\/yurani-lo-que-renace-cementerios-del-desierto\" target=\"_blank\" rel=\"noreferrer noopener\" aria-label=\"rcsphoto.net  (abrir en una nueva pesta\u00f1a)\">rcsphoto.net <\/a><br><br><\/p>\n","protected":false},"excerpt":{"rendered":"<p>Ricardo Carrasco \u00bfQu\u00e9 busca un fot\u00f3grafo? \u00bfQu\u00e9 lo mueve a ir a un lugar y perderse en selvas, monta\u00f1as y desiertos? \u00bfPor qu\u00e9 es capaz de dejarlo todo y afanarse en un tema determinado?; son preguntas que hasta el d\u00eda de hoy me hago. Tal vez alg\u00fan d\u00eda las pueda dilucidar, la inmensidad es una&hellip;<\/p>\n","protected":false},"author":4,"featured_media":1634,"comment_status":"closed","ping_status":"closed","sticky":false,"template":"","format":"gallery","meta":{"footnotes":""},"categories":[1],"tags":[149,126,708,80,156],"thb-sponsors":[],"class_list":["post-1616","post","type-post","status-publish","format-gallery","has-post-thumbnail","hentry","category-ensayos","tag-atacama","tag-desierto","tag-n3","tag-ricardo-carrasco","tag-valle-de-la-luna","post_format-post-format-gallery"],"_links":{"self":[{"href":"https:\/\/www.captionmagazine.org\/en\/wp-json\/wp\/v2\/posts\/1616","targetHints":{"allow":["GET"]}}],"collection":[{"href":"https:\/\/www.captionmagazine.org\/en\/wp-json\/wp\/v2\/posts"}],"about":[{"href":"https:\/\/www.captionmagazine.org\/en\/wp-json\/wp\/v2\/types\/post"}],"author":[{"embeddable":true,"href":"https:\/\/www.captionmagazine.org\/en\/wp-json\/wp\/v2\/users\/4"}],"replies":[{"embeddable":true,"href":"https:\/\/www.captionmagazine.org\/en\/wp-json\/wp\/v2\/comments?post=1616"}],"version-history":[{"count":12,"href":"https:\/\/www.captionmagazine.org\/en\/wp-json\/wp\/v2\/posts\/1616\/revisions"}],"predecessor-version":[{"id":1782,"href":"https:\/\/www.captionmagazine.org\/en\/wp-json\/wp\/v2\/posts\/1616\/revisions\/1782"}],"wp:featuredmedia":[{"embeddable":true,"href":"https:\/\/www.captionmagazine.org\/en\/wp-json\/wp\/v2\/media\/1634"}],"wp:attachment":[{"href":"https:\/\/www.captionmagazine.org\/en\/wp-json\/wp\/v2\/media?parent=1616"}],"wp:term":[{"taxonomy":"category","embeddable":true,"href":"https:\/\/www.captionmagazine.org\/en\/wp-json\/wp\/v2\/categories?post=1616"},{"taxonomy":"post_tag","embeddable":true,"href":"https:\/\/www.captionmagazine.org\/en\/wp-json\/wp\/v2\/tags?post=1616"},{"taxonomy":"thb-sponsors","embeddable":true,"href":"https:\/\/www.captionmagazine.org\/en\/wp-json\/wp\/v2\/thb-sponsors?post=1616"}],"curies":[{"name":"wp","href":"https:\/\/api.w.org\/{rel}","templated":true}]}}