{"id":15898,"date":"2023-09-07T21:06:22","date_gmt":"2023-09-08T00:06:22","guid":{"rendered":"https:\/\/www.captionmagazine.org\/?p=15898"},"modified":"2023-09-07T23:06:46","modified_gmt":"2023-09-08T02:06:46","slug":"colectivo-dialogos-emergentes","status":"publish","type":"post","link":"https:\/\/www.captionmagazine.org\/en\/nuevas-miradas\/colectivo-dialogos-emergentes","title":{"rendered":"Colectivo Di\u00e1logos Emergentes"},"content":{"rendered":"<h3>Colectivo Di\u00e1logos Emergentes<\/h3>\n<p><strong>Los caminos de la intuici\u00f3n son inescrutables, del mismo modo que las conexiones que te llevan de un sitio a otro en este mundo hiperconectado del S.XXI. De esta forma di con el Diplomado de Fotograf\u00eda Emergente en el verano del 2020. El a\u00f1o de la pandemia mundial, ese que fractur\u00f3 profundamente nuestras vidas, comenz\u00f3 su andadura esta formaci\u00f3n. En mi desarrollo profesional ser\u00eda el detonante de todo lo que estaba por venir. Los cambios generan nuevas energ\u00edas y eso fue para m\u00ed el diplomado, y lo sigue siendo, porque supuso el germen de la labor que ahora estoy realizando. La imagen fotogr\u00e1fica es el resultado de una imagen mental, previa a la necesidad de contar. La primera tarea fue aprender a leer esas im\u00e1genes, a conocer otros referentes potenciando nuestra cultura visual, porque para ello es necesario nutrirse y aprender a mirar. Ese educar el ojo y desmembrar una fotograf\u00eda conlleva ver con distancia, ah\u00ed empieza el proceso de la comunicaci\u00f3n visual. Cuestion\u00e1ndote en paralelo qui\u00e9n eres y por qu\u00e9 est\u00e1s aqu\u00ed.<\/strong><\/p>\n<p><em>Texto de sala de la exposici\u00f3n Di\u00e1logos Emergentes, escrito por: MARTA PRADAS, Alumna de la primer generaci\u00f3n 2020, POSICIONAMIENTO PARA LA FOTOGRAF\u00cdA EMERGENTE, DIPLOMADO.<\/em><\/p>\n<p>&nbsp;<\/p>\n<div class=\"wp-block-button is-style-outline\"><a class=\"wp-block-button__link\" style=\"border-radius: 10px;\" href=\"https:\/\/www.captionmagazine.org\/papel-digital-n23#page24\" rel=\"noreferrer noopener\">Lee este art\u00edculo en papel digital<\/a><\/div>\n<p>&nbsp;<\/p>\n<hr \/>\n<p class=\"p1\"><b>Alfredo Quiroz<\/b><\/p>\n<p><a href=\"https:\/\/www.instagram.com\/alfredoquiroz1974\" target=\"_blank\" rel=\"noopener\">@alfredoquiroz1974<\/a><\/p>\n<p class=\"p1\">Mi obra busca abordar cuestiones vinculadas con lo subjetivo y que se abren a lo com\u00fan, expuestos a circunstancias en las que un elemento de amenaza es introducido. En mis obras hay un inter\u00e9s por levantar preguntas en torno a la constituci\u00f3n de perfiles identitarios que dialogan con el otro a partir de la noci\u00f3n de deseo. Asimismo, me interesa la corporalidad, y el modo en que \u00e9sta deviene espacio de interacciones y disputas, y recibe los efectos del ambiente. La idea de lo com\u00fan que me interpela est\u00e1 relacionada con la dimensi\u00f3n \u00edntima de lo dom\u00e9stico y lo familiar, y se abre en direcci\u00f3n a territorios comunitarios compartidos, atravesados por memorias e historia. En mi obra, concibo la amenaza desde un sentido de p\u00e9rdida, que afecta tanto a los sujetos en su intimidad ps\u00edquica o corporal, como a los cuerpos colectivos, expuestos al dolor, a la desaparici\u00f3n y al olvido.<\/p>\n<div id='gallery-1' class='gallery galleryid-15898 gallery-columns-3 gallery-size-thumbnail'><figure class='gallery-item'>\n\t\t\t<div class='gallery-icon landscape'>\n\t\t\t\t<a href='https:\/\/www.captionmagazine.org\/wp-content\/uploads\/2023\/09\/RS9020_ANOCHE-original.jpg'><img loading=\"lazy\" decoding=\"async\" width=\"160\" height=\"160\" src=\"https:\/\/www.captionmagazine.org\/wp-content\/uploads\/2023\/09\/RS9020_ANOCHE-original-160x160.jpg\" class=\"attachment-thumbnail size-thumbnail\" alt=\"\" aria-describedby=\"gallery-1-15900\" srcset=\"https:\/\/www.captionmagazine.org\/wp-content\/uploads\/2023\/09\/RS9020_ANOCHE-original-160x160.jpg 160w, https:\/\/www.captionmagazine.org\/wp-content\/uploads\/2023\/09\/RS9020_ANOCHE-original-90x90.jpg 90w, https:\/\/www.captionmagazine.org\/wp-content\/uploads\/2023\/09\/RS9020_ANOCHE-original-20x20.jpg 20w, https:\/\/www.captionmagazine.org\/wp-content\/uploads\/2023\/09\/RS9020_ANOCHE-original-100x100.jpg 100w, https:\/\/www.captionmagazine.org\/wp-content\/uploads\/2023\/09\/RS9020_ANOCHE-original-48x48.jpg 48w\" sizes=\"auto, (max-width: 160px) 100vw, 160px\" \/><\/a>\n\t\t\t<\/div>\n\t\t\t\t<figcaption class='wp-caption-text gallery-caption' id='gallery-1-15900'>\n\t\t\t\t\u00a9 Alfredo Quiroz\n\t\t\t\t<\/figcaption><\/figure><figure class='gallery-item'>\n\t\t\t<div class='gallery-icon landscape'>\n\t\t\t\t<a href='https:\/\/www.captionmagazine.org\/wp-content\/uploads\/2023\/09\/RS9023_ESPERANDO-UN-MILAGRO-original.jpg'><img loading=\"lazy\" decoding=\"async\" width=\"160\" height=\"160\" src=\"https:\/\/www.captionmagazine.org\/wp-content\/uploads\/2023\/09\/RS9023_ESPERANDO-UN-MILAGRO-original-160x160.jpg\" class=\"attachment-thumbnail size-thumbnail\" alt=\"\" aria-describedby=\"gallery-1-15902\" srcset=\"https:\/\/www.captionmagazine.org\/wp-content\/uploads\/2023\/09\/RS9023_ESPERANDO-UN-MILAGRO-original-160x160.jpg 160w, https:\/\/www.captionmagazine.org\/wp-content\/uploads\/2023\/09\/RS9023_ESPERANDO-UN-MILAGRO-original-90x90.jpg 90w, https:\/\/www.captionmagazine.org\/wp-content\/uploads\/2023\/09\/RS9023_ESPERANDO-UN-MILAGRO-original-20x20.jpg 20w, https:\/\/www.captionmagazine.org\/wp-content\/uploads\/2023\/09\/RS9023_ESPERANDO-UN-MILAGRO-original-100x100.jpg 100w, https:\/\/www.captionmagazine.org\/wp-content\/uploads\/2023\/09\/RS9023_ESPERANDO-UN-MILAGRO-original-48x48.jpg 48w\" sizes=\"auto, (max-width: 160px) 100vw, 160px\" \/><\/a>\n\t\t\t<\/div>\n\t\t\t\t<figcaption class='wp-caption-text gallery-caption' id='gallery-1-15902'>\n\t\t\t\t\u00a9 Alfredo Quiroz\n\t\t\t\t<\/figcaption><\/figure><figure class='gallery-item'>\n\t\t\t<div class='gallery-icon landscape'>\n\t\t\t\t<a href='https:\/\/www.captionmagazine.org\/wp-content\/uploads\/2023\/09\/RS9021_ARDE-original.jpg'><img loading=\"lazy\" decoding=\"async\" width=\"160\" height=\"160\" src=\"https:\/\/www.captionmagazine.org\/wp-content\/uploads\/2023\/09\/RS9021_ARDE-original-160x160.jpg\" class=\"attachment-thumbnail size-thumbnail\" alt=\"\" aria-describedby=\"gallery-1-15904\" srcset=\"https:\/\/www.captionmagazine.org\/wp-content\/uploads\/2023\/09\/RS9021_ARDE-original-160x160.jpg 160w, https:\/\/www.captionmagazine.org\/wp-content\/uploads\/2023\/09\/RS9021_ARDE-original-90x90.jpg 90w, https:\/\/www.captionmagazine.org\/wp-content\/uploads\/2023\/09\/RS9021_ARDE-original-20x20.jpg 20w, https:\/\/www.captionmagazine.org\/wp-content\/uploads\/2023\/09\/RS9021_ARDE-original-100x100.jpg 100w, https:\/\/www.captionmagazine.org\/wp-content\/uploads\/2023\/09\/RS9021_ARDE-original-48x48.jpg 48w\" sizes=\"auto, (max-width: 160px) 100vw, 160px\" \/><\/a>\n\t\t\t<\/div>\n\t\t\t\t<figcaption class='wp-caption-text gallery-caption' id='gallery-1-15904'>\n\t\t\t\t\u00a9 Alfredo Quiroz\n\t\t\t\t<\/figcaption><\/figure><figure class='gallery-item'>\n\t\t\t<div class='gallery-icon landscape'>\n\t\t\t\t<a href='https:\/\/www.captionmagazine.org\/wp-content\/uploads\/2023\/09\/RS9024_LA-CULPA-LA-TIENE-EL-PARAGUAYO-original.jpg'><img loading=\"lazy\" decoding=\"async\" width=\"160\" height=\"160\" src=\"https:\/\/www.captionmagazine.org\/wp-content\/uploads\/2023\/09\/RS9024_LA-CULPA-LA-TIENE-EL-PARAGUAYO-original.jpg\" class=\"attachment-thumbnail size-thumbnail\" alt=\"\" aria-describedby=\"gallery-1-15910\" \/><\/a>\n\t\t\t<\/div>\n\t\t\t\t<figcaption class='wp-caption-text gallery-caption' id='gallery-1-15910'>\n\t\t\t\t\u00a9 Alfredo Quiroz\n\t\t\t\t<\/figcaption><\/figure><figure class='gallery-item'>\n\t\t\t<div class='gallery-icon landscape'>\n\t\t\t\t<a href='https:\/\/www.captionmagazine.org\/wp-content\/uploads\/2023\/09\/RS9017_1942-original.jpg'><img loading=\"lazy\" decoding=\"async\" width=\"160\" height=\"160\" src=\"https:\/\/www.captionmagazine.org\/wp-content\/uploads\/2023\/09\/RS9017_1942-original-160x160.jpg\" class=\"attachment-thumbnail size-thumbnail\" alt=\"\" aria-describedby=\"gallery-1-15906\" srcset=\"https:\/\/www.captionmagazine.org\/wp-content\/uploads\/2023\/09\/RS9017_1942-original-160x160.jpg 160w, https:\/\/www.captionmagazine.org\/wp-content\/uploads\/2023\/09\/RS9017_1942-original-90x90.jpg 90w, https:\/\/www.captionmagazine.org\/wp-content\/uploads\/2023\/09\/RS9017_1942-original-20x20.jpg 20w, https:\/\/www.captionmagazine.org\/wp-content\/uploads\/2023\/09\/RS9017_1942-original-100x100.jpg 100w, https:\/\/www.captionmagazine.org\/wp-content\/uploads\/2023\/09\/RS9017_1942-original-48x48.jpg 48w\" sizes=\"auto, (max-width: 160px) 100vw, 160px\" \/><\/a>\n\t\t\t<\/div>\n\t\t\t\t<figcaption class='wp-caption-text gallery-caption' id='gallery-1-15906'>\n\t\t\t\t\u00a9 Alfredo Quiroz\n\t\t\t\t<\/figcaption><\/figure><figure class='gallery-item'>\n\t\t\t<div class='gallery-icon landscape'>\n\t\t\t\t<a href='https:\/\/www.captionmagazine.org\/wp-content\/uploads\/2023\/09\/RS9022_CARTE-DE-VISITE-original.jpg'><img loading=\"lazy\" decoding=\"async\" width=\"160\" height=\"160\" src=\"https:\/\/www.captionmagazine.org\/wp-content\/uploads\/2023\/09\/RS9022_CARTE-DE-VISITE-original-160x160.jpg\" class=\"attachment-thumbnail size-thumbnail\" alt=\"\" aria-describedby=\"gallery-1-15908\" srcset=\"https:\/\/www.captionmagazine.org\/wp-content\/uploads\/2023\/09\/RS9022_CARTE-DE-VISITE-original-160x160.jpg 160w, https:\/\/www.captionmagazine.org\/wp-content\/uploads\/2023\/09\/RS9022_CARTE-DE-VISITE-original-90x90.jpg 90w, https:\/\/www.captionmagazine.org\/wp-content\/uploads\/2023\/09\/RS9022_CARTE-DE-VISITE-original-20x20.jpg 20w, https:\/\/www.captionmagazine.org\/wp-content\/uploads\/2023\/09\/RS9022_CARTE-DE-VISITE-original-100x100.jpg 100w, https:\/\/www.captionmagazine.org\/wp-content\/uploads\/2023\/09\/RS9022_CARTE-DE-VISITE-original-48x48.jpg 48w\" sizes=\"auto, (max-width: 160px) 100vw, 160px\" \/><\/a>\n\t\t\t<\/div>\n\t\t\t\t<figcaption class='wp-caption-text gallery-caption' id='gallery-1-15908'>\n\t\t\t\t\u00a9 Alfredo Quiroz\n\t\t\t\t<\/figcaption><\/figure>\n\t\t<\/div>\n\n<hr \/>\n<p class=\"p1\"><b>RELATOS DESDE LA MEMORIA<\/b><\/p>\n<p class=\"p1\"><b>Gabriela Navarro<\/b><\/p>\n<p><a href=\"https:\/\/www.instagram.com\/gabrielanavarrofoto\/\" target=\"_blank\" rel=\"noopener\">@gabrielanavarrofoto<\/a><\/p>\n<p class=\"p1\">Mi proyecto art\u00edstico se basa en el testimonio documental de mis abuelos sobre el exilio familiar durante la Guerra Civil Espa\u00f1ola y la Segunda Guerra Mundial. Al investigar esta memoria visual fragmentada, me interes\u00e9 en reescribir la historia desde mi perspectiva. Utilizando autorretratos y fotomontajes, me incorpor\u00e9 como imagen en la composici\u00f3n, enlazando el pasado y el presente. Mi objetivo es reconstruir el pasado familiar a trav\u00e9s de mi percepci\u00f3n modificada y crear un nuevo registro de momentos pasados. Superpongo mi imagen al archivo para establecer di\u00e1logos entre mi historia actual y la de mis antepasados. La obra representa una conjunci\u00f3n de personajes y memorias, cuestionando la construcci\u00f3n del sujeto a trav\u00e9s de la memoria. As\u00ed, se crea un nuevo \u00e1lbum familiar donde el acervo hist\u00f3rico de una ciudad es relatado desde la historia personal.<\/p>\n<div id='gallery-2' class='gallery galleryid-15898 gallery-columns-3 gallery-size-thumbnail'><figure class='gallery-item'>\n\t\t\t<div class='gallery-icon portrait'>\n\t\t\t\t<a href='https:\/\/www.captionmagazine.org\/wp-content\/uploads\/2023\/09\/RS9030_GabrielaNavarro3-original.jpg'><img loading=\"lazy\" decoding=\"async\" width=\"160\" height=\"160\" src=\"https:\/\/www.captionmagazine.org\/wp-content\/uploads\/2023\/09\/RS9030_GabrielaNavarro3-original-160x160.jpg\" class=\"attachment-thumbnail size-thumbnail\" alt=\"\" aria-describedby=\"gallery-2-15918\" srcset=\"https:\/\/www.captionmagazine.org\/wp-content\/uploads\/2023\/09\/RS9030_GabrielaNavarro3-original-160x160.jpg 160w, https:\/\/www.captionmagazine.org\/wp-content\/uploads\/2023\/09\/RS9030_GabrielaNavarro3-original-90x90.jpg 90w, https:\/\/www.captionmagazine.org\/wp-content\/uploads\/2023\/09\/RS9030_GabrielaNavarro3-original-20x19.jpg 20w, https:\/\/www.captionmagazine.org\/wp-content\/uploads\/2023\/09\/RS9030_GabrielaNavarro3-original-100x100.jpg 100w\" sizes=\"auto, (max-width: 160px) 100vw, 160px\" \/><\/a>\n\t\t\t<\/div>\n\t\t\t\t<figcaption class='wp-caption-text gallery-caption' id='gallery-2-15918'>\n\t\t\t\t\u00a9 Gabriela Navarro\n\t\t\t\t<\/figcaption><\/figure><figure class='gallery-item'>\n\t\t\t<div class='gallery-icon landscape'>\n\t\t\t\t<a href='https:\/\/www.captionmagazine.org\/wp-content\/uploads\/2023\/09\/RS9036_GabrielaNavarro9-original.jpg'><img loading=\"lazy\" decoding=\"async\" width=\"160\" height=\"106\" src=\"https:\/\/www.captionmagazine.org\/wp-content\/uploads\/2023\/09\/RS9036_GabrielaNavarro9-original.jpg\" class=\"attachment-thumbnail size-thumbnail\" alt=\"\" aria-describedby=\"gallery-2-15924\" \/><\/a>\n\t\t\t<\/div>\n\t\t\t\t<figcaption class='wp-caption-text gallery-caption' id='gallery-2-15924'>\n\t\t\t\t\u00a9 Gabriela Navarro\n\t\t\t\t<\/figcaption><\/figure><figure class='gallery-item'>\n\t\t\t<div class='gallery-icon portrait'>\n\t\t\t\t<a href='https:\/\/www.captionmagazine.org\/wp-content\/uploads\/2023\/09\/RS9032_GabrielaNavarro5-original.jpg'><img loading=\"lazy\" decoding=\"async\" width=\"160\" height=\"160\" src=\"https:\/\/www.captionmagazine.org\/wp-content\/uploads\/2023\/09\/RS9032_GabrielaNavarro5-original-160x160.jpg\" class=\"attachment-thumbnail size-thumbnail\" alt=\"\" aria-describedby=\"gallery-2-15920\" srcset=\"https:\/\/www.captionmagazine.org\/wp-content\/uploads\/2023\/09\/RS9032_GabrielaNavarro5-original-160x160.jpg 160w, https:\/\/www.captionmagazine.org\/wp-content\/uploads\/2023\/09\/RS9032_GabrielaNavarro5-original-90x90.jpg 90w, https:\/\/www.captionmagazine.org\/wp-content\/uploads\/2023\/09\/RS9032_GabrielaNavarro5-original-20x19.jpg 20w, https:\/\/www.captionmagazine.org\/wp-content\/uploads\/2023\/09\/RS9032_GabrielaNavarro5-original-100x100.jpg 100w\" sizes=\"auto, (max-width: 160px) 100vw, 160px\" \/><\/a>\n\t\t\t<\/div>\n\t\t\t\t<figcaption class='wp-caption-text gallery-caption' id='gallery-2-15920'>\n\t\t\t\t\u00a9 Gabriela Navarro\n\t\t\t\t<\/figcaption><\/figure><figure class='gallery-item'>\n\t\t\t<div class='gallery-icon landscape'>\n\t\t\t\t<a href='https:\/\/www.captionmagazine.org\/wp-content\/uploads\/2023\/09\/RS9037_GabrielaNavarro10-original.jpg'><img loading=\"lazy\" decoding=\"async\" width=\"160\" height=\"160\" src=\"https:\/\/www.captionmagazine.org\/wp-content\/uploads\/2023\/09\/RS9037_GabrielaNavarro10-original-160x160.jpg\" class=\"attachment-thumbnail size-thumbnail\" alt=\"\" aria-describedby=\"gallery-2-15926\" srcset=\"https:\/\/www.captionmagazine.org\/wp-content\/uploads\/2023\/09\/RS9037_GabrielaNavarro10-original-160x160.jpg 160w, https:\/\/www.captionmagazine.org\/wp-content\/uploads\/2023\/09\/RS9037_GabrielaNavarro10-original-90x90.jpg 90w, https:\/\/www.captionmagazine.org\/wp-content\/uploads\/2023\/09\/RS9037_GabrielaNavarro10-original-20x19.jpg 20w, https:\/\/www.captionmagazine.org\/wp-content\/uploads\/2023\/09\/RS9037_GabrielaNavarro10-original-100x100.jpg 100w\" sizes=\"auto, (max-width: 160px) 100vw, 160px\" \/><\/a>\n\t\t\t<\/div>\n\t\t\t\t<figcaption class='wp-caption-text gallery-caption' id='gallery-2-15926'>\n\t\t\t\t\u00a9 Gabriela Navarro\n\t\t\t\t<\/figcaption><\/figure><figure class='gallery-item'>\n\t\t\t<div class='gallery-icon portrait'>\n\t\t\t\t<a href='https:\/\/www.captionmagazine.org\/wp-content\/uploads\/2023\/09\/RS9033_GabrielaNavarro6-original.jpg'><img loading=\"lazy\" decoding=\"async\" width=\"160\" height=\"160\" src=\"https:\/\/www.captionmagazine.org\/wp-content\/uploads\/2023\/09\/RS9033_GabrielaNavarro6-original-160x160.jpg\" class=\"attachment-thumbnail size-thumbnail\" alt=\"\" aria-describedby=\"gallery-2-15922\" srcset=\"https:\/\/www.captionmagazine.org\/wp-content\/uploads\/2023\/09\/RS9033_GabrielaNavarro6-original-160x160.jpg 160w, https:\/\/www.captionmagazine.org\/wp-content\/uploads\/2023\/09\/RS9033_GabrielaNavarro6-original-90x90.jpg 90w, https:\/\/www.captionmagazine.org\/wp-content\/uploads\/2023\/09\/RS9033_GabrielaNavarro6-original-20x19.jpg 20w, https:\/\/www.captionmagazine.org\/wp-content\/uploads\/2023\/09\/RS9033_GabrielaNavarro6-original-100x100.jpg 100w\" sizes=\"auto, (max-width: 160px) 100vw, 160px\" \/><\/a>\n\t\t\t<\/div>\n\t\t\t\t<figcaption class='wp-caption-text gallery-caption' id='gallery-2-15922'>\n\t\t\t\t\u00a9 Gabriela Navarro\n\t\t\t\t<\/figcaption><\/figure><figure class='gallery-item'>\n\t\t\t<div class='gallery-icon portrait'>\n\t\t\t\t<a href='https:\/\/www.captionmagazine.org\/wp-content\/uploads\/2023\/09\/RS9028_GabrielaNavarro1-original.jpg'><img loading=\"lazy\" decoding=\"async\" width=\"128\" height=\"160\" src=\"https:\/\/www.captionmagazine.org\/wp-content\/uploads\/2023\/09\/RS9028_GabrielaNavarro1-original.jpg\" class=\"attachment-thumbnail size-thumbnail\" alt=\"\" aria-describedby=\"gallery-2-15916\" \/><\/a>\n\t\t\t<\/div>\n\t\t\t\t<figcaption class='wp-caption-text gallery-caption' id='gallery-2-15916'>\n\t\t\t\t\u00a9 Gabriela Navarro\n\t\t\t\t<\/figcaption><\/figure>\n\t\t<\/div>\n\n<hr \/>\n<p><strong>Ileana Rinc\u00f3n-Ca\u00f1as<\/strong><\/p>\n<p><a href=\"https:\/\/www.instagram.com\/ilerinconcanas\" target=\"_blank\" rel=\"noopener\">@ilerinconcanas<\/a><\/p>\n<p class=\"p1\">Soy una creadora de im\u00e1genes, mi arte es una exploraci\u00f3n personal en la que las fabrico mientras descubro mi propia identidad, difuminando los l\u00edmites entre la pintura y la fotograf\u00eda. La esencia de mi obra es el autorretrato, un viaje introspectivo hacia mis miedos, anhelos y pensamientos m\u00e1s profundos. Me sumerjo en el subconsciente para plasmar historias on\u00edricas que exploran temas que me conmueven, como la superaci\u00f3n personal, la contaminaci\u00f3n del pl\u00e1stico, la invisibilizaci\u00f3n de la mujer, la autoestima y el patriarcado. Me comunico a trav\u00e9s de met\u00e1foras, y utilizo elementos de la naturaleza, como p\u00e1jaros, animales salvajes y silencios, para crear personajes aleg\u00f3ricos que se entrelazan y generan una cosmovisi\u00f3n \u00fanica en cada puesta en escena.<\/p>\n<div id='gallery-3' class='gallery galleryid-15898 gallery-columns-3 gallery-size-thumbnail'><figure class='gallery-item'>\n\t\t\t<div class='gallery-icon portrait'>\n\t\t\t\t<a href='https:\/\/www.captionmagazine.org\/wp-content\/uploads\/2023\/09\/RS8879_Ileana-Rincon-Canas_EVOLUTION-original.jpg'><img loading=\"lazy\" decoding=\"async\" width=\"160\" height=\"160\" src=\"https:\/\/www.captionmagazine.org\/wp-content\/uploads\/2023\/09\/RS8879_Ileana-Rincon-Canas_EVOLUTION-original-160x160.jpg\" class=\"attachment-thumbnail size-thumbnail\" alt=\"\" aria-describedby=\"gallery-3-15931\" srcset=\"https:\/\/www.captionmagazine.org\/wp-content\/uploads\/2023\/09\/RS8879_Ileana-Rincon-Canas_EVOLUTION-original-160x160.jpg 160w, https:\/\/www.captionmagazine.org\/wp-content\/uploads\/2023\/09\/RS8879_Ileana-Rincon-Canas_EVOLUTION-original-90x90.jpg 90w, https:\/\/www.captionmagazine.org\/wp-content\/uploads\/2023\/09\/RS8879_Ileana-Rincon-Canas_EVOLUTION-original-20x19.jpg 20w, https:\/\/www.captionmagazine.org\/wp-content\/uploads\/2023\/09\/RS8879_Ileana-Rincon-Canas_EVOLUTION-original-100x100.jpg 100w\" sizes=\"auto, (max-width: 160px) 100vw, 160px\" \/><\/a>\n\t\t\t<\/div>\n\t\t\t\t<figcaption class='wp-caption-text gallery-caption' id='gallery-3-15931'>\n\t\t\t\t\u00a9 Ileana Rinc\u00f3n-Ca\u00f1as\n\t\t\t\t<\/figcaption><\/figure><figure class='gallery-item'>\n\t\t\t<div class='gallery-icon portrait'>\n\t\t\t\t<a href='https:\/\/www.captionmagazine.org\/wp-content\/uploads\/2023\/09\/RS8883_Ileana-Rincon-Canas_I-AM-NOT-AN-OBJECT_TRY-original.jpg'><img loading=\"lazy\" decoding=\"async\" width=\"160\" height=\"160\" src=\"https:\/\/www.captionmagazine.org\/wp-content\/uploads\/2023\/09\/RS8883_Ileana-Rincon-Canas_I-AM-NOT-AN-OBJECT_TRY-original-160x160.jpg\" class=\"attachment-thumbnail size-thumbnail\" alt=\"\" aria-describedby=\"gallery-3-15933\" srcset=\"https:\/\/www.captionmagazine.org\/wp-content\/uploads\/2023\/09\/RS8883_Ileana-Rincon-Canas_I-AM-NOT-AN-OBJECT_TRY-original-160x160.jpg 160w, https:\/\/www.captionmagazine.org\/wp-content\/uploads\/2023\/09\/RS8883_Ileana-Rincon-Canas_I-AM-NOT-AN-OBJECT_TRY-original-90x90.jpg 90w, https:\/\/www.captionmagazine.org\/wp-content\/uploads\/2023\/09\/RS8883_Ileana-Rincon-Canas_I-AM-NOT-AN-OBJECT_TRY-original-20x19.jpg 20w, https:\/\/www.captionmagazine.org\/wp-content\/uploads\/2023\/09\/RS8883_Ileana-Rincon-Canas_I-AM-NOT-AN-OBJECT_TRY-original-100x100.jpg 100w\" sizes=\"auto, (max-width: 160px) 100vw, 160px\" \/><\/a>\n\t\t\t<\/div>\n\t\t\t\t<figcaption class='wp-caption-text gallery-caption' id='gallery-3-15933'>\n\t\t\t\t\u00a9 Ileana Rinc\u00f3n-Ca\u00f1as\n\t\t\t\t<\/figcaption><\/figure><figure class='gallery-item'>\n\t\t\t<div class='gallery-icon landscape'>\n\t\t\t\t<a href='https:\/\/www.captionmagazine.org\/wp-content\/uploads\/2023\/09\/RS8884_ILEANA-RINCON-CANAS_I-SEEK-FOR-AND-IT-CACHES-ME-original.jpg'><img loading=\"lazy\" decoding=\"async\" width=\"160\" height=\"160\" src=\"https:\/\/www.captionmagazine.org\/wp-content\/uploads\/2023\/09\/RS8884_ILEANA-RINCON-CANAS_I-SEEK-FOR-AND-IT-CACHES-ME-original-160x160.jpg\" class=\"attachment-thumbnail size-thumbnail\" alt=\"\" aria-describedby=\"gallery-3-15935\" srcset=\"https:\/\/www.captionmagazine.org\/wp-content\/uploads\/2023\/09\/RS8884_ILEANA-RINCON-CANAS_I-SEEK-FOR-AND-IT-CACHES-ME-original-160x160.jpg 160w, https:\/\/www.captionmagazine.org\/wp-content\/uploads\/2023\/09\/RS8884_ILEANA-RINCON-CANAS_I-SEEK-FOR-AND-IT-CACHES-ME-original-90x90.jpg 90w, https:\/\/www.captionmagazine.org\/wp-content\/uploads\/2023\/09\/RS8884_ILEANA-RINCON-CANAS_I-SEEK-FOR-AND-IT-CACHES-ME-original-20x19.jpg 20w, https:\/\/www.captionmagazine.org\/wp-content\/uploads\/2023\/09\/RS8884_ILEANA-RINCON-CANAS_I-SEEK-FOR-AND-IT-CACHES-ME-original-100x100.jpg 100w\" sizes=\"auto, (max-width: 160px) 100vw, 160px\" \/><\/a>\n\t\t\t<\/div>\n\t\t\t\t<figcaption class='wp-caption-text gallery-caption' id='gallery-3-15935'>\n\t\t\t\t\u00a9 Ileana Rinc\u00f3n-Ca\u00f1as\n\t\t\t\t<\/figcaption><\/figure><figure class='gallery-item'>\n\t\t\t<div class='gallery-icon landscape'>\n\t\t\t\t<a href='https:\/\/www.captionmagazine.org\/wp-content\/uploads\/2023\/09\/RS8885_Ileana-Rincon-Canas_LEAP-TO-THE-BEYOND-original.jpg'><img loading=\"lazy\" decoding=\"async\" width=\"160\" height=\"160\" src=\"https:\/\/www.captionmagazine.org\/wp-content\/uploads\/2023\/09\/RS8885_Ileana-Rincon-Canas_LEAP-TO-THE-BEYOND-original-160x160.jpg\" class=\"attachment-thumbnail size-thumbnail\" alt=\"\" aria-describedby=\"gallery-3-15937\" srcset=\"https:\/\/www.captionmagazine.org\/wp-content\/uploads\/2023\/09\/RS8885_Ileana-Rincon-Canas_LEAP-TO-THE-BEYOND-original-160x160.jpg 160w, https:\/\/www.captionmagazine.org\/wp-content\/uploads\/2023\/09\/RS8885_Ileana-Rincon-Canas_LEAP-TO-THE-BEYOND-original-90x90.jpg 90w, https:\/\/www.captionmagazine.org\/wp-content\/uploads\/2023\/09\/RS8885_Ileana-Rincon-Canas_LEAP-TO-THE-BEYOND-original-20x19.jpg 20w, https:\/\/www.captionmagazine.org\/wp-content\/uploads\/2023\/09\/RS8885_Ileana-Rincon-Canas_LEAP-TO-THE-BEYOND-original-100x100.jpg 100w\" sizes=\"auto, (max-width: 160px) 100vw, 160px\" \/><\/a>\n\t\t\t<\/div>\n\t\t\t\t<figcaption class='wp-caption-text gallery-caption' id='gallery-3-15937'>\n\t\t\t\t\u00a9 Ileana Rinc\u00f3n-Ca\u00f1as\n\t\t\t\t<\/figcaption><\/figure><figure class='gallery-item'>\n\t\t\t<div class='gallery-icon landscape'>\n\t\t\t\t<a href='https:\/\/www.captionmagazine.org\/wp-content\/uploads\/2023\/09\/RS8886_ILEANA-RINCON-CANAS_LET-GO-original.jpg'><img loading=\"lazy\" decoding=\"async\" width=\"160\" height=\"160\" src=\"https:\/\/www.captionmagazine.org\/wp-content\/uploads\/2023\/09\/RS8886_ILEANA-RINCON-CANAS_LET-GO-original-160x160.jpg\" class=\"attachment-thumbnail size-thumbnail\" alt=\"\" aria-describedby=\"gallery-3-15939\" srcset=\"https:\/\/www.captionmagazine.org\/wp-content\/uploads\/2023\/09\/RS8886_ILEANA-RINCON-CANAS_LET-GO-original-160x160.jpg 160w, https:\/\/www.captionmagazine.org\/wp-content\/uploads\/2023\/09\/RS8886_ILEANA-RINCON-CANAS_LET-GO-original-90x90.jpg 90w, https:\/\/www.captionmagazine.org\/wp-content\/uploads\/2023\/09\/RS8886_ILEANA-RINCON-CANAS_LET-GO-original-20x19.jpg 20w, https:\/\/www.captionmagazine.org\/wp-content\/uploads\/2023\/09\/RS8886_ILEANA-RINCON-CANAS_LET-GO-original-100x100.jpg 100w\" sizes=\"auto, (max-width: 160px) 100vw, 160px\" \/><\/a>\n\t\t\t<\/div>\n\t\t\t\t<figcaption class='wp-caption-text gallery-caption' id='gallery-3-15939'>\n\t\t\t\t\u00a9 Ileana Rinc\u00f3n-Ca\u00f1as\n\t\t\t\t<\/figcaption><\/figure><figure class='gallery-item'>\n\t\t\t<div class='gallery-icon landscape'>\n\t\t\t\t<a href='https:\/\/www.captionmagazine.org\/wp-content\/uploads\/2023\/09\/RS8878_ILEANA-RINCON-CANAS_AGE-OF-EXISTANCE-original.jpg'><img loading=\"lazy\" decoding=\"async\" width=\"160\" height=\"107\" src=\"https:\/\/www.captionmagazine.org\/wp-content\/uploads\/2023\/09\/RS8878_ILEANA-RINCON-CANAS_AGE-OF-EXISTANCE-original.jpg\" class=\"attachment-thumbnail size-thumbnail\" alt=\"\" aria-describedby=\"gallery-3-15929\" \/><\/a>\n\t\t\t<\/div>\n\t\t\t\t<figcaption class='wp-caption-text gallery-caption' id='gallery-3-15929'>\n\t\t\t\t\u00a9 Ileana Rinc\u00f3n-Ca\u00f1as\n\t\t\t\t<\/figcaption><\/figure>\n\t\t<\/div>\n\n<hr \/>\n<p class=\"p1\"><b>LOS RESTOS<\/b><\/p>\n<p class=\"p1\"><b>Mariano Aguerre<\/b><\/p>\n<p><a href=\"https:\/\/www.instagram.com\/marianoaguerre\" target=\"_blank\" rel=\"noopener\">@marianoaguerre<\/a><\/p>\n<p class=\"p1\">Esta serie, iniciada en 2014, busca registrar el fin de un ciclo econ\u00f3mico en Argentina. Desde 1880 hasta 1930, el pa\u00eds experiment\u00f3 un auge econ\u00f3mico impulsado por un modelo agroexportador que expandi\u00f3 la frontera agr\u00edcola, el sistema ferroviario y el establecimiento de pueblos en el interior. La crisis de 1930 marc\u00f3 el fin de este modelo y provoc\u00f3 un deterioro continuo del tejido urbano y social. La d\u00e9cada de 1990 trajo el cierre y la privatizaci\u00f3n de l\u00edneas ferroviarias, aislando a numerosos pueblos en todo el pa\u00eds. La serie explora edificaciones abandonadas en zonas fronterizas entre lo urbano y lo rural, como huellas de un pasado pr\u00f3spero. Estos edificios reflejan el declive de un pa\u00eds que alguna vez fue pr\u00f3spero y productivo.<\/p>\n<div id='gallery-4' class='gallery galleryid-15898 gallery-columns-3 gallery-size-thumbnail'><figure class='gallery-item'>\n\t\t\t<div class='gallery-icon landscape'>\n\t\t\t\t<a href='https:\/\/www.captionmagazine.org\/wp-content\/uploads\/2023\/09\/RS8888_aguerre_mariano_losrestos_-1-original.jpg'><img loading=\"lazy\" decoding=\"async\" width=\"160\" height=\"160\" src=\"https:\/\/www.captionmagazine.org\/wp-content\/uploads\/2023\/09\/RS8888_aguerre_mariano_losrestos_-1-original-160x160.jpg\" class=\"attachment-thumbnail size-thumbnail\" alt=\"\" aria-describedby=\"gallery-4-15942\" srcset=\"https:\/\/www.captionmagazine.org\/wp-content\/uploads\/2023\/09\/RS8888_aguerre_mariano_losrestos_-1-original-160x160.jpg 160w, https:\/\/www.captionmagazine.org\/wp-content\/uploads\/2023\/09\/RS8888_aguerre_mariano_losrestos_-1-original-90x90.jpg 90w, https:\/\/www.captionmagazine.org\/wp-content\/uploads\/2023\/09\/RS8888_aguerre_mariano_losrestos_-1-original-20x19.jpg 20w, https:\/\/www.captionmagazine.org\/wp-content\/uploads\/2023\/09\/RS8888_aguerre_mariano_losrestos_-1-original-100x100.jpg 100w\" sizes=\"auto, (max-width: 160px) 100vw, 160px\" \/><\/a>\n\t\t\t<\/div>\n\t\t\t\t<figcaption class='wp-caption-text gallery-caption' id='gallery-4-15942'>\n\t\t\t\t\u00a9 Mariano Aguerre\n\t\t\t\t<\/figcaption><\/figure><figure class='gallery-item'>\n\t\t\t<div class='gallery-icon landscape'>\n\t\t\t\t<a href='https:\/\/www.captionmagazine.org\/wp-content\/uploads\/2023\/09\/RS8893_aguerre_mariano_losrestos_-15-Editar-original.jpg'><img loading=\"lazy\" decoding=\"async\" width=\"160\" height=\"160\" src=\"https:\/\/www.captionmagazine.org\/wp-content\/uploads\/2023\/09\/RS8893_aguerre_mariano_losrestos_-15-Editar-original-160x160.jpg\" class=\"attachment-thumbnail size-thumbnail\" alt=\"\" aria-describedby=\"gallery-4-15946\" srcset=\"https:\/\/www.captionmagazine.org\/wp-content\/uploads\/2023\/09\/RS8893_aguerre_mariano_losrestos_-15-Editar-original-160x160.jpg 160w, https:\/\/www.captionmagazine.org\/wp-content\/uploads\/2023\/09\/RS8893_aguerre_mariano_losrestos_-15-Editar-original-90x90.jpg 90w, https:\/\/www.captionmagazine.org\/wp-content\/uploads\/2023\/09\/RS8893_aguerre_mariano_losrestos_-15-Editar-original-20x19.jpg 20w, https:\/\/www.captionmagazine.org\/wp-content\/uploads\/2023\/09\/RS8893_aguerre_mariano_losrestos_-15-Editar-original-100x100.jpg 100w\" sizes=\"auto, (max-width: 160px) 100vw, 160px\" \/><\/a>\n\t\t\t<\/div>\n\t\t\t\t<figcaption class='wp-caption-text gallery-caption' id='gallery-4-15946'>\n\t\t\t\t\u00a9 Mariano Aguerre\n\t\t\t\t<\/figcaption><\/figure><figure class='gallery-item'>\n\t\t\t<div class='gallery-icon landscape'>\n\t\t\t\t<a href='https:\/\/www.captionmagazine.org\/wp-content\/uploads\/2023\/09\/RS8894_aguerre_mariano_losrestos_-16-Editar-original.jpg'><img loading=\"lazy\" decoding=\"async\" width=\"160\" height=\"160\" src=\"https:\/\/www.captionmagazine.org\/wp-content\/uploads\/2023\/09\/RS8894_aguerre_mariano_losrestos_-16-Editar-original-160x160.jpg\" class=\"attachment-thumbnail size-thumbnail\" alt=\"\" aria-describedby=\"gallery-4-15948\" srcset=\"https:\/\/www.captionmagazine.org\/wp-content\/uploads\/2023\/09\/RS8894_aguerre_mariano_losrestos_-16-Editar-original-160x160.jpg 160w, https:\/\/www.captionmagazine.org\/wp-content\/uploads\/2023\/09\/RS8894_aguerre_mariano_losrestos_-16-Editar-original-90x90.jpg 90w, https:\/\/www.captionmagazine.org\/wp-content\/uploads\/2023\/09\/RS8894_aguerre_mariano_losrestos_-16-Editar-original-20x19.jpg 20w, https:\/\/www.captionmagazine.org\/wp-content\/uploads\/2023\/09\/RS8894_aguerre_mariano_losrestos_-16-Editar-original-100x100.jpg 100w\" sizes=\"auto, (max-width: 160px) 100vw, 160px\" \/><\/a>\n\t\t\t<\/div>\n\t\t\t\t<figcaption class='wp-caption-text gallery-caption' id='gallery-4-15948'>\n\t\t\t\t\u00a9 Mariano Aguerre\n\t\t\t\t<\/figcaption><\/figure><figure class='gallery-item'>\n\t\t\t<div class='gallery-icon landscape'>\n\t\t\t\t<a href='https:\/\/www.captionmagazine.org\/wp-content\/uploads\/2023\/09\/RS8897_aguerre_mariano_losrestos_-20-Editar-Editar-Editar-original.jpg'><img loading=\"lazy\" decoding=\"async\" width=\"160\" height=\"160\" src=\"https:\/\/www.captionmagazine.org\/wp-content\/uploads\/2023\/09\/RS8897_aguerre_mariano_losrestos_-20-Editar-Editar-Editar-original-160x160.jpg\" class=\"attachment-thumbnail size-thumbnail\" alt=\"\" aria-describedby=\"gallery-4-15950\" srcset=\"https:\/\/www.captionmagazine.org\/wp-content\/uploads\/2023\/09\/RS8897_aguerre_mariano_losrestos_-20-Editar-Editar-Editar-original-160x160.jpg 160w, https:\/\/www.captionmagazine.org\/wp-content\/uploads\/2023\/09\/RS8897_aguerre_mariano_losrestos_-20-Editar-Editar-Editar-original-90x90.jpg 90w, https:\/\/www.captionmagazine.org\/wp-content\/uploads\/2023\/09\/RS8897_aguerre_mariano_losrestos_-20-Editar-Editar-Editar-original-20x19.jpg 20w, https:\/\/www.captionmagazine.org\/wp-content\/uploads\/2023\/09\/RS8897_aguerre_mariano_losrestos_-20-Editar-Editar-Editar-original-100x100.jpg 100w\" sizes=\"auto, (max-width: 160px) 100vw, 160px\" \/><\/a>\n\t\t\t<\/div>\n\t\t\t\t<figcaption class='wp-caption-text gallery-caption' id='gallery-4-15950'>\n\t\t\t\t\u00a9 Mariano Aguerre\n\t\t\t\t<\/figcaption><\/figure><figure class='gallery-item'>\n\t\t\t<div class='gallery-icon landscape'>\n\t\t\t\t<a href='https:\/\/www.captionmagazine.org\/wp-content\/uploads\/2023\/09\/RS8898_casa-ombu-final-Editar-Editar-original.jpg'><img loading=\"lazy\" decoding=\"async\" width=\"160\" height=\"160\" src=\"https:\/\/www.captionmagazine.org\/wp-content\/uploads\/2023\/09\/RS8898_casa-ombu-final-Editar-Editar-original-160x160.jpg\" class=\"attachment-thumbnail size-thumbnail\" alt=\"\" aria-describedby=\"gallery-4-15952\" srcset=\"https:\/\/www.captionmagazine.org\/wp-content\/uploads\/2023\/09\/RS8898_casa-ombu-final-Editar-Editar-original-160x160.jpg 160w, https:\/\/www.captionmagazine.org\/wp-content\/uploads\/2023\/09\/RS8898_casa-ombu-final-Editar-Editar-original-90x90.jpg 90w, https:\/\/www.captionmagazine.org\/wp-content\/uploads\/2023\/09\/RS8898_casa-ombu-final-Editar-Editar-original-20x19.jpg 20w, https:\/\/www.captionmagazine.org\/wp-content\/uploads\/2023\/09\/RS8898_casa-ombu-final-Editar-Editar-original-100x100.jpg 100w\" sizes=\"auto, (max-width: 160px) 100vw, 160px\" \/><\/a>\n\t\t\t<\/div>\n\t\t\t\t<figcaption class='wp-caption-text gallery-caption' id='gallery-4-15952'>\n\t\t\t\t\u00a9 Mariano Aguerre\n\t\t\t\t<\/figcaption><\/figure><figure class='gallery-item'>\n\t\t\t<div class='gallery-icon landscape'>\n\t\t\t\t<a href='https:\/\/www.captionmagazine.org\/wp-content\/uploads\/2023\/09\/RS8890_aguerre_mariano_losrestos_-10-Editar-original.jpg'><img loading=\"lazy\" decoding=\"async\" width=\"160\" height=\"107\" src=\"https:\/\/www.captionmagazine.org\/wp-content\/uploads\/2023\/09\/RS8890_aguerre_mariano_losrestos_-10-Editar-original.jpg\" class=\"attachment-thumbnail size-thumbnail\" alt=\"\" aria-describedby=\"gallery-4-15944\" \/><\/a>\n\t\t\t<\/div>\n\t\t\t\t<figcaption class='wp-caption-text gallery-caption' id='gallery-4-15944'>\n\t\t\t\t\u00a9 Mariano Aguerre\n\t\t\t\t<\/figcaption><\/figure>\n\t\t<\/div>\n\n<hr \/>\n<p class=\"p1\"><b>Marta Pradas<\/b><\/p>\n<p><a href=\"https:\/\/www.instagram.com\/martapradass\" target=\"_blank\" rel=\"noopener\">@martapradass<\/a><\/p>\n<p class=\"p1\">Centra su actividad en los procesos creativos a trav\u00e9s de la imagen. Intimista y sensible, capta el universo de lo cotidiano a trav\u00e9s de la sencillez. Construye la memoria a trav\u00e9s de la nostalgia y el recuerdo. Interesada en los procesos antiguos, los elementos naturales, los tiempos lentos y las t\u00e9cnicas artesanales, la fotograf\u00eda hecha a mano como una especie de alquimia y movida por la curiosidad de descubrir. La narrativa po\u00e9tica confiere a su obra un universo simb\u00f3lico particular y metaf\u00f3rico. Trabaja dej\u00e1ndose llevar por la intuici\u00f3n, el deseo, la b\u00fasqueda y las conexiones.<\/p>\n<div id='gallery-5' class='gallery galleryid-15898 gallery-columns-3 gallery-size-thumbnail'><figure class='gallery-item'>\n\t\t\t<div class='gallery-icon portrait'>\n\t\t\t\t<a href='https:\/\/www.captionmagazine.org\/wp-content\/uploads\/2023\/09\/RS8900_MPM_-PRESENTE1-original.jpg'><img loading=\"lazy\" decoding=\"async\" width=\"160\" height=\"160\" src=\"https:\/\/www.captionmagazine.org\/wp-content\/uploads\/2023\/09\/RS8900_MPM_-PRESENTE1-original-160x160.jpg\" class=\"attachment-thumbnail size-thumbnail\" alt=\"\" aria-describedby=\"gallery-5-15954\" srcset=\"https:\/\/www.captionmagazine.org\/wp-content\/uploads\/2023\/09\/RS8900_MPM_-PRESENTE1-original-160x160.jpg 160w, https:\/\/www.captionmagazine.org\/wp-content\/uploads\/2023\/09\/RS8900_MPM_-PRESENTE1-original-90x90.jpg 90w, https:\/\/www.captionmagazine.org\/wp-content\/uploads\/2023\/09\/RS8900_MPM_-PRESENTE1-original-20x19.jpg 20w, https:\/\/www.captionmagazine.org\/wp-content\/uploads\/2023\/09\/RS8900_MPM_-PRESENTE1-original-100x100.jpg 100w\" sizes=\"auto, (max-width: 160px) 100vw, 160px\" \/><\/a>\n\t\t\t<\/div>\n\t\t\t\t<figcaption class='wp-caption-text gallery-caption' id='gallery-5-15954'>\n\t\t\t\t\u00a9 Marta Pradas\n\t\t\t\t<\/figcaption><\/figure><figure class='gallery-item'>\n\t\t\t<div class='gallery-icon landscape'>\n\t\t\t\t<a href='https:\/\/www.captionmagazine.org\/wp-content\/uploads\/2023\/09\/RS8901_MPM_-PRESENTE4-original.jpg'><img loading=\"lazy\" decoding=\"async\" width=\"160\" height=\"160\" src=\"https:\/\/www.captionmagazine.org\/wp-content\/uploads\/2023\/09\/RS8901_MPM_-PRESENTE4-original-160x160.jpg\" class=\"attachment-thumbnail size-thumbnail\" alt=\"\" aria-describedby=\"gallery-5-15956\" srcset=\"https:\/\/www.captionmagazine.org\/wp-content\/uploads\/2023\/09\/RS8901_MPM_-PRESENTE4-original-160x160.jpg 160w, https:\/\/www.captionmagazine.org\/wp-content\/uploads\/2023\/09\/RS8901_MPM_-PRESENTE4-original-90x90.jpg 90w, https:\/\/www.captionmagazine.org\/wp-content\/uploads\/2023\/09\/RS8901_MPM_-PRESENTE4-original-20x19.jpg 20w, https:\/\/www.captionmagazine.org\/wp-content\/uploads\/2023\/09\/RS8901_MPM_-PRESENTE4-original-100x100.jpg 100w\" sizes=\"auto, (max-width: 160px) 100vw, 160px\" \/><\/a>\n\t\t\t<\/div>\n\t\t\t\t<figcaption class='wp-caption-text gallery-caption' id='gallery-5-15956'>\n\t\t\t\t\u00a9 Marta Pradas\n\t\t\t\t<\/figcaption><\/figure><figure class='gallery-item'>\n\t\t\t<div class='gallery-icon portrait'>\n\t\t\t\t<a href='https:\/\/www.captionmagazine.org\/wp-content\/uploads\/2023\/09\/RS8905_MPM_mfh01-original-1.jpg'><img loading=\"lazy\" decoding=\"async\" width=\"160\" height=\"160\" src=\"https:\/\/www.captionmagazine.org\/wp-content\/uploads\/2023\/09\/RS8905_MPM_mfh01-original-1-160x160.jpg\" class=\"attachment-thumbnail size-thumbnail\" alt=\"\" aria-describedby=\"gallery-5-15970\" srcset=\"https:\/\/www.captionmagazine.org\/wp-content\/uploads\/2023\/09\/RS8905_MPM_mfh01-original-1-160x160.jpg 160w, https:\/\/www.captionmagazine.org\/wp-content\/uploads\/2023\/09\/RS8905_MPM_mfh01-original-1-90x90.jpg 90w, https:\/\/www.captionmagazine.org\/wp-content\/uploads\/2023\/09\/RS8905_MPM_mfh01-original-1-20x19.jpg 20w, https:\/\/www.captionmagazine.org\/wp-content\/uploads\/2023\/09\/RS8905_MPM_mfh01-original-1-100x100.jpg 100w\" sizes=\"auto, (max-width: 160px) 100vw, 160px\" \/><\/a>\n\t\t\t<\/div>\n\t\t\t\t<figcaption class='wp-caption-text gallery-caption' id='gallery-5-15970'>\n\t\t\t\t\u00a9 Marta Pradas\n\t\t\t\t<\/figcaption><\/figure><figure class='gallery-item'>\n\t\t\t<div class='gallery-icon portrait'>\n\t\t\t\t<a href='https:\/\/www.captionmagazine.org\/wp-content\/uploads\/2023\/09\/RS8906_MPM_mfh04-original-1.jpg'><img loading=\"lazy\" decoding=\"async\" width=\"160\" height=\"160\" src=\"https:\/\/www.captionmagazine.org\/wp-content\/uploads\/2023\/09\/RS8906_MPM_mfh04-original-1-160x160.jpg\" class=\"attachment-thumbnail size-thumbnail\" alt=\"\" aria-describedby=\"gallery-5-15972\" srcset=\"https:\/\/www.captionmagazine.org\/wp-content\/uploads\/2023\/09\/RS8906_MPM_mfh04-original-1-160x160.jpg 160w, https:\/\/www.captionmagazine.org\/wp-content\/uploads\/2023\/09\/RS8906_MPM_mfh04-original-1-90x90.jpg 90w, https:\/\/www.captionmagazine.org\/wp-content\/uploads\/2023\/09\/RS8906_MPM_mfh04-original-1-20x19.jpg 20w, https:\/\/www.captionmagazine.org\/wp-content\/uploads\/2023\/09\/RS8906_MPM_mfh04-original-1-100x100.jpg 100w\" sizes=\"auto, (max-width: 160px) 100vw, 160px\" \/><\/a>\n\t\t\t<\/div>\n\t\t\t\t<figcaption class='wp-caption-text gallery-caption' id='gallery-5-15972'>\n\t\t\t\t\u00a9 Marta Pradas\n\t\t\t\t<\/figcaption><\/figure><figure class='gallery-item'>\n\t\t\t<div class='gallery-icon portrait'>\n\t\t\t\t<a href='https:\/\/www.captionmagazine.org\/wp-content\/uploads\/2023\/09\/RS8907_MPM_mfh05-original-1.jpg'><img loading=\"lazy\" decoding=\"async\" width=\"160\" height=\"160\" src=\"https:\/\/www.captionmagazine.org\/wp-content\/uploads\/2023\/09\/RS8907_MPM_mfh05-original-1-160x160.jpg\" class=\"attachment-thumbnail size-thumbnail\" alt=\"\" aria-describedby=\"gallery-5-15974\" srcset=\"https:\/\/www.captionmagazine.org\/wp-content\/uploads\/2023\/09\/RS8907_MPM_mfh05-original-1-160x160.jpg 160w, https:\/\/www.captionmagazine.org\/wp-content\/uploads\/2023\/09\/RS8907_MPM_mfh05-original-1-90x90.jpg 90w, https:\/\/www.captionmagazine.org\/wp-content\/uploads\/2023\/09\/RS8907_MPM_mfh05-original-1-20x19.jpg 20w, https:\/\/www.captionmagazine.org\/wp-content\/uploads\/2023\/09\/RS8907_MPM_mfh05-original-1-100x100.jpg 100w\" sizes=\"auto, (max-width: 160px) 100vw, 160px\" \/><\/a>\n\t\t\t<\/div>\n\t\t\t\t<figcaption class='wp-caption-text gallery-caption' id='gallery-5-15974'>\n\t\t\t\t\u00a9 Marta Pradas\n\t\t\t\t<\/figcaption><\/figure><figure class='gallery-item'>\n\t\t\t<div class='gallery-icon portrait'>\n\t\t\t\t<a href='https:\/\/www.captionmagazine.org\/wp-content\/uploads\/2023\/09\/RS8908_MPMCUIDADO1-original-1.jpg'><img loading=\"lazy\" decoding=\"async\" width=\"160\" height=\"160\" src=\"https:\/\/www.captionmagazine.org\/wp-content\/uploads\/2023\/09\/RS8908_MPMCUIDADO1-original-1-160x160.jpg\" class=\"attachment-thumbnail size-thumbnail\" alt=\"\" aria-describedby=\"gallery-5-15976\" srcset=\"https:\/\/www.captionmagazine.org\/wp-content\/uploads\/2023\/09\/RS8908_MPMCUIDADO1-original-1-160x160.jpg 160w, https:\/\/www.captionmagazine.org\/wp-content\/uploads\/2023\/09\/RS8908_MPMCUIDADO1-original-1-90x90.jpg 90w, https:\/\/www.captionmagazine.org\/wp-content\/uploads\/2023\/09\/RS8908_MPMCUIDADO1-original-1-20x19.jpg 20w, https:\/\/www.captionmagazine.org\/wp-content\/uploads\/2023\/09\/RS8908_MPMCUIDADO1-original-1-100x100.jpg 100w\" sizes=\"auto, (max-width: 160px) 100vw, 160px\" \/><\/a>\n\t\t\t<\/div>\n\t\t\t\t<figcaption class='wp-caption-text gallery-caption' id='gallery-5-15976'>\n\t\t\t\tOLYMPUS DIGITAL CAMERA\n\t\t\t\t<\/figcaption><\/figure>\n\t\t<\/div>\n\n<hr \/>\n<p><strong>Links:<\/strong><\/p>\n<p>Web: <a href=\"https:\/\/www.fotoemergente.com\" target=\"_blank\" rel=\"noopener\">www.fotoemergente.com<\/a><\/p>\n<p>Instagram: <a href=\"https:\/\/www.instagram.com\/fotoemergente\" target=\"_blank\" rel=\"noopener\">@fotoemergente<\/a><\/p>\n<p>Facebook: <a href=\"https:\/\/www.facebook.com\/fotoemergente\" target=\"_blank\" rel=\"noopener\">www.facebook.com\/fotoemergente<\/a><\/p>\n<p>&nbsp;<\/p>\n","protected":false},"excerpt":{"rendered":"<p>Colectivo Di\u00e1logos Emergentes Los caminos de la intuici\u00f3n son inescrutables, del mismo modo que las conexiones que te llevan de un sitio a otro en este mundo hiperconectado del S.XXI. De esta forma di con el Diplomado de Fotograf\u00eda Emergente en el verano del 2020. El a\u00f1o de la pandemia mundial, ese que fractur\u00f3 profundamente&hellip;<\/p>\n","protected":false},"author":1,"featured_media":15934,"comment_status":"closed","ping_status":"closed","sticky":false,"template":"","format":"standard","meta":{"footnotes":""},"categories":[816],"tags":[1003],"thb-sponsors":[],"class_list":["post-15898","post","type-post","status-publish","format-standard","has-post-thumbnail","hentry","category-nuevas-miradas","tag-n23"],"_links":{"self":[{"href":"https:\/\/www.captionmagazine.org\/en\/wp-json\/wp\/v2\/posts\/15898","targetHints":{"allow":["GET"]}}],"collection":[{"href":"https:\/\/www.captionmagazine.org\/en\/wp-json\/wp\/v2\/posts"}],"about":[{"href":"https:\/\/www.captionmagazine.org\/en\/wp-json\/wp\/v2\/types\/post"}],"author":[{"embeddable":true,"href":"https:\/\/www.captionmagazine.org\/en\/wp-json\/wp\/v2\/users\/1"}],"replies":[{"embeddable":true,"href":"https:\/\/www.captionmagazine.org\/en\/wp-json\/wp\/v2\/comments?post=15898"}],"version-history":[{"count":9,"href":"https:\/\/www.captionmagazine.org\/en\/wp-json\/wp\/v2\/posts\/15898\/revisions"}],"predecessor-version":[{"id":16202,"href":"https:\/\/www.captionmagazine.org\/en\/wp-json\/wp\/v2\/posts\/15898\/revisions\/16202"}],"wp:featuredmedia":[{"embeddable":true,"href":"https:\/\/www.captionmagazine.org\/en\/wp-json\/wp\/v2\/media\/15934"}],"wp:attachment":[{"href":"https:\/\/www.captionmagazine.org\/en\/wp-json\/wp\/v2\/media?parent=15898"}],"wp:term":[{"taxonomy":"category","embeddable":true,"href":"https:\/\/www.captionmagazine.org\/en\/wp-json\/wp\/v2\/categories?post=15898"},{"taxonomy":"post_tag","embeddable":true,"href":"https:\/\/www.captionmagazine.org\/en\/wp-json\/wp\/v2\/tags?post=15898"},{"taxonomy":"thb-sponsors","embeddable":true,"href":"https:\/\/www.captionmagazine.org\/en\/wp-json\/wp\/v2\/thb-sponsors?post=15898"}],"curies":[{"name":"wp","href":"https:\/\/api.w.org\/{rel}","templated":true}]}}