{"id":15485,"date":"2023-07-10T23:18:03","date_gmt":"2023-07-11T03:18:03","guid":{"rendered":"https:\/\/www.captionmagazine.org\/?p=15485"},"modified":"2023-07-10T23:23:35","modified_gmt":"2023-07-11T03:23:35","slug":"world-press-photo-2023","status":"publish","type":"post","link":"https:\/\/www.captionmagazine.org\/en\/libros\/world-press-photo-2023","title":{"rendered":"World Press Photo 2023"},"content":{"rendered":"<h3>Selecci\u00f3n CAPTION Magazine<\/h3>\n<p><strong>World Press Photo, fundada en los Pa\u00edses Bajos en 1955, es una organizaci\u00f3n independiente sin finalidad de lucro que organiza el mayor y m\u00e1s prestigioso concurso anual de fotograf\u00eda de prensa, cuyas im\u00e1genes ganadoras se publican en un libro anual. World Press Photo estimula el desarrollo del fotoperiodismo, fomenta la difusi\u00f3n del conocimiento, ayuda a consolidar altos c\u00e1nones profesionales dentro del sector e impulsa un intercambio gratuito y sin restricciones de informaci\u00f3n, es decir, promueve la prensa fotogr\u00e1fica a escala global.<\/strong><\/p>\n<p>&nbsp;<\/p>\n<div class=\"wp-block-button is-style-outline\"><a class=\"wp-block-button__link\" style=\"border-radius: 10px;\" href=\"https:\/\/www.captionmagazine.org\/papel-digital-n22#page92\" rel=\"noreferrer noopener\">Lee este art\u00edculo en papel digital<\/a><\/div>\n<hr \/>\n<p>EUROPA REPORTAJES GR\u00c1FICOS<br \/>\n<strong>Evgeniy Maloletka: El asedio de Mari\u00fapol<\/strong><\/p>\n<p>Cuando las fuerzas rusas invadieron Ucrania el 24 de febrero de 2022, atacaron inmediatamente el puerto de importancia estrat\u00e9gica de Mari\u00fapol, en el mar de Azov. El 20 de mayo, Rusia consigui\u00f3 el control total de la ciudad, devastada a causa de los bombardeos, y de la que hab\u00edan huido o en la que hab\u00edan muerto decenas de miles de civiles. Maloletka fue uno de los pocos fot\u00f3grafos que documentaron estos acontecimientos en Mari\u00fapol en ese momento. El jurado consider\u00f3 que su reportaje transmit\u00eda el horror que supon\u00eda la guerra para los civiles; asimismo, elogi\u00f3 la resiliencia del fot\u00f3grafo mientras trabajaba bajo una enorme presi\u00f3n y una amenaza inminente. Evgeniy Maloletka tom\u00f3 estas fotograf\u00edas para Associated Press.<\/p>\n<div id='gallery-1' class='gallery galleryid-15485 gallery-columns-4 gallery-size-thumbnail'><figure class='gallery-item'>\n\t\t\t<div class='gallery-icon landscape'>\n\t\t\t\t<a href='https:\/\/www.captionmagazine.org\/wp-content\/uploads\/2023\/07\/RS8531_047_Europe_Stories_Evgeniy-Maloletka_Associated-Press-original.jpg'><img loading=\"lazy\" decoding=\"async\" width=\"160\" height=\"160\" src=\"https:\/\/www.captionmagazine.org\/wp-content\/uploads\/2023\/07\/RS8531_047_Europe_Stories_Evgeniy-Maloletka_Associated-Press-original-160x160.jpg\" class=\"attachment-thumbnail size-thumbnail\" alt=\"\" aria-describedby=\"gallery-1-15534\" srcset=\"https:\/\/www.captionmagazine.org\/wp-content\/uploads\/2023\/07\/RS8531_047_Europe_Stories_Evgeniy-Maloletka_Associated-Press-original-160x160.jpg 160w, https:\/\/www.captionmagazine.org\/wp-content\/uploads\/2023\/07\/RS8531_047_Europe_Stories_Evgeniy-Maloletka_Associated-Press-original-90x90.jpg 90w, https:\/\/www.captionmagazine.org\/wp-content\/uploads\/2023\/07\/RS8531_047_Europe_Stories_Evgeniy-Maloletka_Associated-Press-original-20x19.jpg 20w, https:\/\/www.captionmagazine.org\/wp-content\/uploads\/2023\/07\/RS8531_047_Europe_Stories_Evgeniy-Maloletka_Associated-Press-original-100x100.jpg 100w\" sizes=\"auto, (max-width: 160px) 100vw, 160px\" \/><\/a>\n\t\t\t<\/div>\n\t\t\t\t<figcaption class='wp-caption-text gallery-caption' id='gallery-1-15534'>\n\t\t\t\tJanna Goma, right, with her family settle in a bomb shelter in Mariupol, Ukraine, Sunday, March 6, 2022.\n\t\t\t\t<\/figcaption><\/figure><figure class='gallery-item'>\n\t\t\t<div class='gallery-icon landscape'>\n\t\t\t\t<a href='https:\/\/www.captionmagazine.org\/wp-content\/uploads\/2023\/07\/RS8529_045_Europe_Stories_Evgeniy-Maloletka_Associated-Press-original.jpg'><img loading=\"lazy\" decoding=\"async\" width=\"160\" height=\"160\" src=\"https:\/\/www.captionmagazine.org\/wp-content\/uploads\/2023\/07\/RS8529_045_Europe_Stories_Evgeniy-Maloletka_Associated-Press-original-160x160.jpg\" class=\"attachment-thumbnail size-thumbnail\" alt=\"\" aria-describedby=\"gallery-1-15530\" srcset=\"https:\/\/www.captionmagazine.org\/wp-content\/uploads\/2023\/07\/RS8529_045_Europe_Stories_Evgeniy-Maloletka_Associated-Press-original-160x160.jpg 160w, https:\/\/www.captionmagazine.org\/wp-content\/uploads\/2023\/07\/RS8529_045_Europe_Stories_Evgeniy-Maloletka_Associated-Press-original-90x90.jpg 90w, https:\/\/www.captionmagazine.org\/wp-content\/uploads\/2023\/07\/RS8529_045_Europe_Stories_Evgeniy-Maloletka_Associated-Press-original-20x19.jpg 20w, https:\/\/www.captionmagazine.org\/wp-content\/uploads\/2023\/07\/RS8529_045_Europe_Stories_Evgeniy-Maloletka_Associated-Press-original-100x100.jpg 100w\" sizes=\"auto, (max-width: 160px) 100vw, 160px\" \/><\/a>\n\t\t\t<\/div>\n\t\t\t\t<figcaption class='wp-caption-text gallery-caption' id='gallery-1-15530'>\n\t\t\t\t\u00a9 Evgeniy Maloletka\n\t\t\t\t<\/figcaption><\/figure><figure class='gallery-item'>\n\t\t\t<div class='gallery-icon landscape'>\n\t\t\t\t<a href='https:\/\/www.captionmagazine.org\/wp-content\/uploads\/2023\/07\/RS8528_044_Europe_Singles_Alkis-Konstantinidis_Reuters-original.jpg'><img loading=\"lazy\" decoding=\"async\" width=\"160\" height=\"160\" src=\"https:\/\/www.captionmagazine.org\/wp-content\/uploads\/2023\/07\/RS8528_044_Europe_Singles_Alkis-Konstantinidis_Reuters-original-160x160.jpg\" class=\"attachment-thumbnail size-thumbnail\" alt=\"\" aria-describedby=\"gallery-1-15528\" srcset=\"https:\/\/www.captionmagazine.org\/wp-content\/uploads\/2023\/07\/RS8528_044_Europe_Singles_Alkis-Konstantinidis_Reuters-original-160x160.jpg 160w, https:\/\/www.captionmagazine.org\/wp-content\/uploads\/2023\/07\/RS8528_044_Europe_Singles_Alkis-Konstantinidis_Reuters-original-90x90.jpg 90w, https:\/\/www.captionmagazine.org\/wp-content\/uploads\/2023\/07\/RS8528_044_Europe_Singles_Alkis-Konstantinidis_Reuters-original-20x19.jpg 20w, https:\/\/www.captionmagazine.org\/wp-content\/uploads\/2023\/07\/RS8528_044_Europe_Singles_Alkis-Konstantinidis_Reuters-original-100x100.jpg 100w\" sizes=\"auto, (max-width: 160px) 100vw, 160px\" \/><\/a>\n\t\t\t<\/div>\n\t\t\t\t<figcaption class='wp-caption-text gallery-caption' id='gallery-1-15528'>\n\t\t\t\t\u00a9 Evgeniy Maloletka\n\t\t\t\t<\/figcaption><\/figure><figure class='gallery-item'>\n\t\t\t<div class='gallery-icon landscape'>\n\t\t\t\t<a href='https:\/\/www.captionmagazine.org\/wp-content\/uploads\/2023\/07\/RS8527_048_Europe_Stories_Evgeniy-Maloletka_Associated-Press-original.jpg'><img loading=\"lazy\" decoding=\"async\" width=\"160\" height=\"160\" src=\"https:\/\/www.captionmagazine.org\/wp-content\/uploads\/2023\/07\/RS8527_048_Europe_Stories_Evgeniy-Maloletka_Associated-Press-original-160x160.jpg\" class=\"attachment-thumbnail size-thumbnail\" alt=\"\" aria-describedby=\"gallery-1-15526\" srcset=\"https:\/\/www.captionmagazine.org\/wp-content\/uploads\/2023\/07\/RS8527_048_Europe_Stories_Evgeniy-Maloletka_Associated-Press-original-160x160.jpg 160w, https:\/\/www.captionmagazine.org\/wp-content\/uploads\/2023\/07\/RS8527_048_Europe_Stories_Evgeniy-Maloletka_Associated-Press-original-90x90.jpg 90w, https:\/\/www.captionmagazine.org\/wp-content\/uploads\/2023\/07\/RS8527_048_Europe_Stories_Evgeniy-Maloletka_Associated-Press-original-20x19.jpg 20w, https:\/\/www.captionmagazine.org\/wp-content\/uploads\/2023\/07\/RS8527_048_Europe_Stories_Evgeniy-Maloletka_Associated-Press-original-100x100.jpg 100w\" sizes=\"auto, (max-width: 160px) 100vw, 160px\" \/><\/a>\n\t\t\t<\/div>\n\t\t\t\t<figcaption class='wp-caption-text gallery-caption' id='gallery-1-15526'>\n\t\t\t\t\u00a9 Evgeniy Maloletka\n\t\t\t\t<\/figcaption><\/figure>\n\t\t<\/div>\n\n<hr \/>\n<p>ASIA PROYECTOS A LARGO PLAZO<\/p>\n<p><strong> Anush Babajanyan: Aguas revueltas<\/strong><\/p>\n<p>Cuatro pa\u00edses de Asia Central sin salida al mar luchan contra la crisis clim\u00e1tica y la falta de coordinaci\u00f3n con respecto al suministro de agua que comparten. Tayikist\u00e1n y Kirguist\u00e1n, aguas arriba de los r\u00edos Sir Daria y Amu Daria, necesitan energ\u00eda adicional durante el invierno. Por otro lado, r\u00edo abajo, Uzbekist\u00e1n y Kazajist\u00e1n precisan de agua para las tareas agr\u00edcolas durante el verano. A lo largo de los a\u00f1os, y de acuerdo con la estaci\u00f3n, los pa\u00edses han ido intercambiando energ\u00eda de combustibles f\u00f3siles por agua procedente de las represas situadas aguas arriba, pero desde la ca\u00edda de la URSS y con el auge de las industrias privatizadas, se ha producido un desequilibrio en este sistema. La utilizaci\u00f3n insostenible del agua y las recientes e intensas sequ\u00edas agravan la situaci\u00f3n. Anush Babajanyan es miembro de VII Photo Agency y tom\u00f3 estas fotograf\u00edas con el apoyo de National Geographic Society.<\/p>\n<div id='gallery-2' class='gallery galleryid-15485 gallery-columns-4 gallery-size-thumbnail'><figure class='gallery-item'>\n\t\t\t<div class='gallery-icon landscape'>\n\t\t\t\t<a href='https:\/\/www.captionmagazine.org\/wp-content\/uploads\/2023\/07\/RS8520_026_Asia_Long-Term-Projects_Anush-Babajanyan_VII-Agency_National-Geographic-Society-original.jpg'><img loading=\"lazy\" decoding=\"async\" width=\"160\" height=\"160\" src=\"https:\/\/www.captionmagazine.org\/wp-content\/uploads\/2023\/07\/RS8520_026_Asia_Long-Term-Projects_Anush-Babajanyan_VII-Agency_National-Geographic-Society-original-160x160.jpg\" class=\"attachment-thumbnail size-thumbnail\" alt=\"\" aria-describedby=\"gallery-2-15512\" srcset=\"https:\/\/www.captionmagazine.org\/wp-content\/uploads\/2023\/07\/RS8520_026_Asia_Long-Term-Projects_Anush-Babajanyan_VII-Agency_National-Geographic-Society-original-160x160.jpg 160w, https:\/\/www.captionmagazine.org\/wp-content\/uploads\/2023\/07\/RS8520_026_Asia_Long-Term-Projects_Anush-Babajanyan_VII-Agency_National-Geographic-Society-original-90x90.jpg 90w, https:\/\/www.captionmagazine.org\/wp-content\/uploads\/2023\/07\/RS8520_026_Asia_Long-Term-Projects_Anush-Babajanyan_VII-Agency_National-Geographic-Society-original-20x19.jpg 20w, https:\/\/www.captionmagazine.org\/wp-content\/uploads\/2023\/07\/RS8520_026_Asia_Long-Term-Projects_Anush-Babajanyan_VII-Agency_National-Geographic-Society-original-100x100.jpg 100w\" sizes=\"auto, (max-width: 160px) 100vw, 160px\" \/><\/a>\n\t\t\t<\/div>\n\t\t\t\t<figcaption class='wp-caption-text gallery-caption' id='gallery-2-15512'>\n\t\t\t\tKyrgyzstan: Jaynagul Brjieva, 37, and her family enjoy a rare outing at the Yssy-su hot spring. This is both an opportunity to bathe her children in warm water and to take advantage of its healing qualities, a unique opportunity for people in a region contending with water shortages.\n\t\t\t\t<\/figcaption><\/figure><figure class='gallery-item'>\n\t\t\t<div class='gallery-icon landscape'>\n\t\t\t\t<a href='https:\/\/www.captionmagazine.org\/wp-content\/uploads\/2023\/07\/RS8521_027_Asia_Long-Term-Projects_Anush-Babajanyan_VII-Agency_National-Geographic-Society-original.jpg'><img loading=\"lazy\" decoding=\"async\" width=\"160\" height=\"160\" src=\"https:\/\/www.captionmagazine.org\/wp-content\/uploads\/2023\/07\/RS8521_027_Asia_Long-Term-Projects_Anush-Babajanyan_VII-Agency_National-Geographic-Society-original-160x160.jpg\" class=\"attachment-thumbnail size-thumbnail\" alt=\"\" aria-describedby=\"gallery-2-15514\" srcset=\"https:\/\/www.captionmagazine.org\/wp-content\/uploads\/2023\/07\/RS8521_027_Asia_Long-Term-Projects_Anush-Babajanyan_VII-Agency_National-Geographic-Society-original-160x160.jpg 160w, https:\/\/www.captionmagazine.org\/wp-content\/uploads\/2023\/07\/RS8521_027_Asia_Long-Term-Projects_Anush-Babajanyan_VII-Agency_National-Geographic-Society-original-90x90.jpg 90w, https:\/\/www.captionmagazine.org\/wp-content\/uploads\/2023\/07\/RS8521_027_Asia_Long-Term-Projects_Anush-Babajanyan_VII-Agency_National-Geographic-Society-original-20x19.jpg 20w, https:\/\/www.captionmagazine.org\/wp-content\/uploads\/2023\/07\/RS8521_027_Asia_Long-Term-Projects_Anush-Babajanyan_VII-Agency_National-Geographic-Society-original-100x100.jpg 100w\" sizes=\"auto, (max-width: 160px) 100vw, 160px\" \/><\/a>\n\t\t\t<\/div>\n\t\t\t\t<figcaption class='wp-caption-text gallery-caption' id='gallery-2-15514'>\n\t\t\t\tKyrgyzstan: Sonunbek Kadyrov\u2019s boat serves the village Kyzyl-Beyit, as a taxi. Access to this village\u2019s main road was covered by water over 20 years ago as a dam was built, in a case when inefficient water management heavily complicated people\u2019s movement.\n\t\t\t\t<\/figcaption><\/figure><figure class='gallery-item'>\n\t\t\t<div class='gallery-icon landscape'>\n\t\t\t\t<a href='https:\/\/www.captionmagazine.org\/wp-content\/uploads\/2023\/07\/RS8522_028_Asia_Long-Term-Projects_Anush-Babajanyan_VII-Agency_National-Geographic-Society-original.jpg'><img loading=\"lazy\" decoding=\"async\" width=\"160\" height=\"160\" src=\"https:\/\/www.captionmagazine.org\/wp-content\/uploads\/2023\/07\/RS8522_028_Asia_Long-Term-Projects_Anush-Babajanyan_VII-Agency_National-Geographic-Society-original-160x160.jpg\" class=\"attachment-thumbnail size-thumbnail\" alt=\"\" aria-describedby=\"gallery-2-15516\" srcset=\"https:\/\/www.captionmagazine.org\/wp-content\/uploads\/2023\/07\/RS8522_028_Asia_Long-Term-Projects_Anush-Babajanyan_VII-Agency_National-Geographic-Society-original-160x160.jpg 160w, https:\/\/www.captionmagazine.org\/wp-content\/uploads\/2023\/07\/RS8522_028_Asia_Long-Term-Projects_Anush-Babajanyan_VII-Agency_National-Geographic-Society-original-90x90.jpg 90w, https:\/\/www.captionmagazine.org\/wp-content\/uploads\/2023\/07\/RS8522_028_Asia_Long-Term-Projects_Anush-Babajanyan_VII-Agency_National-Geographic-Society-original-20x19.jpg 20w, https:\/\/www.captionmagazine.org\/wp-content\/uploads\/2023\/07\/RS8522_028_Asia_Long-Term-Projects_Anush-Babajanyan_VII-Agency_National-Geographic-Society-original-100x100.jpg 100w\" sizes=\"auto, (max-width: 160px) 100vw, 160px\" \/><\/a>\n\t\t\t<\/div>\n\t\t\t\t<figcaption class='wp-caption-text gallery-caption' id='gallery-2-15516'>\n\t\t\t\tKazakhstan: A hot spring has emerged on the former bed of the Aral Sea, near Akespe village, and is often visited for healing purposes. Over the years the Aral Sea has lost 90 percent of its waters. Shared by Uzbekistan and Kazakhstan, this formerly fourth largest lake in the world began to retreat in 1960s, with the Soviet project of diverting the rivers Syr Darya and Amu Darya to serve the cotton industry.\n\t\t\t\t<\/figcaption><\/figure><figure class='gallery-item'>\n\t\t\t<div class='gallery-icon landscape'>\n\t\t\t\t<a href='https:\/\/www.captionmagazine.org\/wp-content\/uploads\/2023\/07\/RS8523_029_Asia_Long-Term-Projects_Anush-Babajanyan_VII-Agency_National-Geographic-Society-original.jpg'><img loading=\"lazy\" decoding=\"async\" width=\"160\" height=\"160\" src=\"https:\/\/www.captionmagazine.org\/wp-content\/uploads\/2023\/07\/RS8523_029_Asia_Long-Term-Projects_Anush-Babajanyan_VII-Agency_National-Geographic-Society-original-160x160.jpg\" class=\"attachment-thumbnail size-thumbnail\" alt=\"\" aria-describedby=\"gallery-2-15518\" srcset=\"https:\/\/www.captionmagazine.org\/wp-content\/uploads\/2023\/07\/RS8523_029_Asia_Long-Term-Projects_Anush-Babajanyan_VII-Agency_National-Geographic-Society-original-160x160.jpg 160w, https:\/\/www.captionmagazine.org\/wp-content\/uploads\/2023\/07\/RS8523_029_Asia_Long-Term-Projects_Anush-Babajanyan_VII-Agency_National-Geographic-Society-original-90x90.jpg 90w, https:\/\/www.captionmagazine.org\/wp-content\/uploads\/2023\/07\/RS8523_029_Asia_Long-Term-Projects_Anush-Babajanyan_VII-Agency_National-Geographic-Society-original-20x19.jpg 20w, https:\/\/www.captionmagazine.org\/wp-content\/uploads\/2023\/07\/RS8523_029_Asia_Long-Term-Projects_Anush-Babajanyan_VII-Agency_National-Geographic-Society-original-100x100.jpg 100w\" sizes=\"auto, (max-width: 160px) 100vw, 160px\" \/><\/a>\n\t\t\t<\/div>\n\t\t\t\t<figcaption class='wp-caption-text gallery-caption' id='gallery-2-15518'>\n\t\t\t\tTajikistan: When the construction of the Roghun Dam is completed, planned for 2025, its height will be 335 meters and it will be the highest of its kind.\n\t\t\t\t<\/figcaption><\/figure>\n\t\t<\/div>\n\n<hr \/>\n<p>SUDAM\u00c9RICA REPORTAJES GR\u00c1FICOS<\/p>\n<p><strong> Alessandro Cinque: Alpaqueros<\/strong><\/p>\n<p>Fundamentales para el sustento de muchas personas en los Andes peruanos, las alpacas hacen frente a nuevos desaf\u00edos a causa de la crisis clim\u00e1tica. Debido a la reducci\u00f3n de las tierras de pasto naturales y al retroceso de los glaciares, estos animales tienen cada vez m\u00e1s dificultades para alimentarse e hidratarse. Al mismo tiempo, las comunidades de alpaqueros se ven obligadas a trasladarse a altitudes m\u00e1s altas o a abandonar su estilo de vida. Para combatir estas dificultades, los cient\u00edficos tienen la esperanza de darle soluci\u00f3n mediante la creaci\u00f3n de razas m\u00e1s resistentes a las temperaturas extremas. El jurado valor\u00f3 el modo en que el reportaje ilustra c\u00f3mo la cultura y la identidad est\u00e1n profundamente entrelazadas con el medio ambiente. El reportaje de Alessandro Cinque recibi\u00f3 el apoyo de National Geographic y el Pulitzer Center.<\/p>\n<div id='gallery-3' class='gallery galleryid-15485 gallery-columns-4 gallery-size-thumbnail'><figure class='gallery-item'>\n\t\t\t<div class='gallery-icon landscape'>\n\t\t\t\t<a href='https:\/\/www.captionmagazine.org\/wp-content\/uploads\/2023\/07\/RS8518_088_South-America_Stories_Alessandro-Cinque_Pulitzer-Center_National-Geographic-original.jpg'><img loading=\"lazy\" decoding=\"async\" width=\"160\" height=\"160\" src=\"https:\/\/www.captionmagazine.org\/wp-content\/uploads\/2023\/07\/RS8518_088_South-America_Stories_Alessandro-Cinque_Pulitzer-Center_National-Geographic-original-160x160.jpg\" class=\"attachment-thumbnail size-thumbnail\" alt=\"\" aria-describedby=\"gallery-3-15506\" srcset=\"https:\/\/www.captionmagazine.org\/wp-content\/uploads\/2023\/07\/RS8518_088_South-America_Stories_Alessandro-Cinque_Pulitzer-Center_National-Geographic-original-160x160.jpg 160w, https:\/\/www.captionmagazine.org\/wp-content\/uploads\/2023\/07\/RS8518_088_South-America_Stories_Alessandro-Cinque_Pulitzer-Center_National-Geographic-original-90x90.jpg 90w, https:\/\/www.captionmagazine.org\/wp-content\/uploads\/2023\/07\/RS8518_088_South-America_Stories_Alessandro-Cinque_Pulitzer-Center_National-Geographic-original-20x19.jpg 20w, https:\/\/www.captionmagazine.org\/wp-content\/uploads\/2023\/07\/RS8518_088_South-America_Stories_Alessandro-Cinque_Pulitzer-Center_National-Geographic-original-100x100.jpg 100w\" sizes=\"auto, (max-width: 160px) 100vw, 160px\" \/><\/a>\n\t\t\t<\/div>\n\t\t\t\t<figcaption class='wp-caption-text gallery-caption' id='gallery-3-15506'>\n\t\t\t\t\u00a9 Alessandro Cinque\n\t\t\t\t<\/figcaption><\/figure><figure class='gallery-item'>\n\t\t\t<div class='gallery-icon landscape'>\n\t\t\t\t<a href='https:\/\/www.captionmagazine.org\/wp-content\/uploads\/2023\/07\/RS8517_087_South-America_Stories_Alessandro-Cinque_Pulitzer-Center_National-Geographic-original.jpg'><img loading=\"lazy\" decoding=\"async\" width=\"160\" height=\"107\" src=\"https:\/\/www.captionmagazine.org\/wp-content\/uploads\/2023\/07\/RS8517_087_South-America_Stories_Alessandro-Cinque_Pulitzer-Center_National-Geographic-original.jpg\" class=\"attachment-thumbnail size-thumbnail\" alt=\"\" aria-describedby=\"gallery-3-15503\" \/><\/a>\n\t\t\t<\/div>\n\t\t\t\t<figcaption class='wp-caption-text gallery-caption' id='gallery-3-15503'>\n\t\t\t\t\u00a9 Alessandro Cinque\n\t\t\t\t<\/figcaption><\/figure><figure class='gallery-item'>\n\t\t\t<div class='gallery-icon landscape'>\n\t\t\t\t<a href='https:\/\/www.captionmagazine.org\/wp-content\/uploads\/2023\/07\/RS8516_086_South-America_Stories_Alessandro-Cinque_Pulitzer-Center_National-Geographic-original.jpg'><img loading=\"lazy\" decoding=\"async\" width=\"160\" height=\"160\" src=\"https:\/\/www.captionmagazine.org\/wp-content\/uploads\/2023\/07\/RS8516_086_South-America_Stories_Alessandro-Cinque_Pulitzer-Center_National-Geographic-original-160x160.jpg\" class=\"attachment-thumbnail size-thumbnail\" alt=\"\" aria-describedby=\"gallery-3-15501\" srcset=\"https:\/\/www.captionmagazine.org\/wp-content\/uploads\/2023\/07\/RS8516_086_South-America_Stories_Alessandro-Cinque_Pulitzer-Center_National-Geographic-original-160x160.jpg 160w, https:\/\/www.captionmagazine.org\/wp-content\/uploads\/2023\/07\/RS8516_086_South-America_Stories_Alessandro-Cinque_Pulitzer-Center_National-Geographic-original-90x90.jpg 90w, https:\/\/www.captionmagazine.org\/wp-content\/uploads\/2023\/07\/RS8516_086_South-America_Stories_Alessandro-Cinque_Pulitzer-Center_National-Geographic-original-20x19.jpg 20w, https:\/\/www.captionmagazine.org\/wp-content\/uploads\/2023\/07\/RS8516_086_South-America_Stories_Alessandro-Cinque_Pulitzer-Center_National-Geographic-original-100x100.jpg 100w\" sizes=\"auto, (max-width: 160px) 100vw, 160px\" \/><\/a>\n\t\t\t<\/div>\n\t\t\t\t<figcaption class='wp-caption-text gallery-caption' id='gallery-3-15501'>\n\t\t\t\t\u00a9 Alessandro Cinque\n\t\t\t\t<\/figcaption><\/figure><figure class='gallery-item'>\n\t\t\t<div class='gallery-icon landscape'>\n\t\t\t\t<a href='https:\/\/www.captionmagazine.org\/wp-content\/uploads\/2023\/07\/RS8515_089_South-America_Stories_Alessandro-Cinque_Pulitzer-Center_National-Geographic-original.jpg'><img loading=\"lazy\" decoding=\"async\" width=\"160\" height=\"160\" src=\"https:\/\/www.captionmagazine.org\/wp-content\/uploads\/2023\/07\/RS8515_089_South-America_Stories_Alessandro-Cinque_Pulitzer-Center_National-Geographic-original-160x160.jpg\" class=\"attachment-thumbnail size-thumbnail\" alt=\"\" aria-describedby=\"gallery-3-15499\" srcset=\"https:\/\/www.captionmagazine.org\/wp-content\/uploads\/2023\/07\/RS8515_089_South-America_Stories_Alessandro-Cinque_Pulitzer-Center_National-Geographic-original-160x160.jpg 160w, https:\/\/www.captionmagazine.org\/wp-content\/uploads\/2023\/07\/RS8515_089_South-America_Stories_Alessandro-Cinque_Pulitzer-Center_National-Geographic-original-90x90.jpg 90w, https:\/\/www.captionmagazine.org\/wp-content\/uploads\/2023\/07\/RS8515_089_South-America_Stories_Alessandro-Cinque_Pulitzer-Center_National-Geographic-original-20x19.jpg 20w, https:\/\/www.captionmagazine.org\/wp-content\/uploads\/2023\/07\/RS8515_089_South-America_Stories_Alessandro-Cinque_Pulitzer-Center_National-Geographic-original-100x100.jpg 100w\" sizes=\"auto, (max-width: 160px) 100vw, 160px\" \/><\/a>\n\t\t\t<\/div>\n\t\t\t\t<figcaption class='wp-caption-text gallery-caption' id='gallery-3-15499'>\n\t\t\t\t\u00a9 Alessandro Cinque\n\t\t\t\t<\/figcaption><\/figure>\n\t\t<\/div>\n\n<hr \/>\n<p>SUDESTE ASI\u00c1TICO Y OCEAN\u00cdA REPORTAJES GR\u00c1FICOS<\/p>\n<p><strong> Hannah Reyes Morales: El hogar de los Golden Gays<\/strong><\/p>\n<p>Los Golden Gays son una comunidad de personas LGBTQI+ de edad avanzada de Filipinas que han vivido juntas durante d\u00e9cadas y que se prestan ayuda mutua. En un pa\u00eds en el que hacen frente a discriminaci\u00f3n, prejuicios y desaf\u00edos, los cuales se ven incrementados a causa de la edad y clase socioecon\u00f3mica, decidieron reunirse en grupo y constituir un hogar, en el que comparten responsabilidades con respecto a los cuidados y organizan espect\u00e1culos y concursos para llegar a final de mes. Al morir su fundador en 2012, la comunidad fue desalojada y algunos de ellos se convirtieron en individuos sintecho hasta 2018, a\u00f1o en el que alquilaron una casa en Manila. El jurado elogi\u00f3 este reportaje por retratar la calidez, la alegr\u00eda y la dignidad de la comunidad. Hannah Reyes Morales tom\u00f3 estas fotograf\u00edas para The New York Times.<\/p>\n<div id='gallery-4' class='gallery galleryid-15485 gallery-columns-4 gallery-size-thumbnail'><figure class='gallery-item'>\n\t\t\t<div class='gallery-icon landscape'>\n\t\t\t\t<a href='https:\/\/www.captionmagazine.org\/wp-content\/uploads\/2023\/07\/RS8533_107_Southeast-Asia-and-Oceania_Stories_Hannah-Reyes-Morales_for-The-New-York-Times-original.jpg'><img loading=\"lazy\" decoding=\"async\" width=\"160\" height=\"160\" src=\"https:\/\/www.captionmagazine.org\/wp-content\/uploads\/2023\/07\/RS8533_107_Southeast-Asia-and-Oceania_Stories_Hannah-Reyes-Morales_for-The-New-York-Times-original-160x160.jpg\" class=\"attachment-thumbnail size-thumbnail\" alt=\"\" aria-describedby=\"gallery-4-15540\" srcset=\"https:\/\/www.captionmagazine.org\/wp-content\/uploads\/2023\/07\/RS8533_107_Southeast-Asia-and-Oceania_Stories_Hannah-Reyes-Morales_for-The-New-York-Times-original-160x160.jpg 160w, https:\/\/www.captionmagazine.org\/wp-content\/uploads\/2023\/07\/RS8533_107_Southeast-Asia-and-Oceania_Stories_Hannah-Reyes-Morales_for-The-New-York-Times-original-90x90.jpg 90w, https:\/\/www.captionmagazine.org\/wp-content\/uploads\/2023\/07\/RS8533_107_Southeast-Asia-and-Oceania_Stories_Hannah-Reyes-Morales_for-The-New-York-Times-original-20x19.jpg 20w, https:\/\/www.captionmagazine.org\/wp-content\/uploads\/2023\/07\/RS8533_107_Southeast-Asia-and-Oceania_Stories_Hannah-Reyes-Morales_for-The-New-York-Times-original-100x100.jpg 100w\" sizes=\"auto, (max-width: 160px) 100vw, 160px\" \/><\/a>\n\t\t\t<\/div>\n\t\t\t\t<figcaption class='wp-caption-text gallery-caption' id='gallery-4-15540'>\n\t\t\t\t\u00a9 Hannah Reyes Morales\n\t\t\t\t<\/figcaption><\/figure><figure class='gallery-item'>\n\t\t\t<div class='gallery-icon landscape'>\n\t\t\t\t<a href='https:\/\/www.captionmagazine.org\/wp-content\/uploads\/2023\/07\/RS8535_109_Southeast-Asia-and-Oceania_Stories_Hannah-Reyes-Morales_for-The-New-York-Times-original.jpg'><img loading=\"lazy\" decoding=\"async\" width=\"160\" height=\"160\" src=\"https:\/\/www.captionmagazine.org\/wp-content\/uploads\/2023\/07\/RS8535_109_Southeast-Asia-and-Oceania_Stories_Hannah-Reyes-Morales_for-The-New-York-Times-original-160x160.jpg\" class=\"attachment-thumbnail size-thumbnail\" alt=\"\" aria-describedby=\"gallery-4-15544\" srcset=\"https:\/\/www.captionmagazine.org\/wp-content\/uploads\/2023\/07\/RS8535_109_Southeast-Asia-and-Oceania_Stories_Hannah-Reyes-Morales_for-The-New-York-Times-original-160x160.jpg 160w, https:\/\/www.captionmagazine.org\/wp-content\/uploads\/2023\/07\/RS8535_109_Southeast-Asia-and-Oceania_Stories_Hannah-Reyes-Morales_for-The-New-York-Times-original-90x90.jpg 90w, https:\/\/www.captionmagazine.org\/wp-content\/uploads\/2023\/07\/RS8535_109_Southeast-Asia-and-Oceania_Stories_Hannah-Reyes-Morales_for-The-New-York-Times-original-20x19.jpg 20w, https:\/\/www.captionmagazine.org\/wp-content\/uploads\/2023\/07\/RS8535_109_Southeast-Asia-and-Oceania_Stories_Hannah-Reyes-Morales_for-The-New-York-Times-original-100x100.jpg 100w\" sizes=\"auto, (max-width: 160px) 100vw, 160px\" \/><\/a>\n\t\t\t<\/div>\n\t\t\t\t<figcaption class='wp-caption-text gallery-caption' id='gallery-4-15544'>\n\t\t\t\t\u00a9 Hannah Reyes Morales\n\t\t\t\t<\/figcaption><\/figure><figure class='gallery-item'>\n\t\t\t<div class='gallery-icon landscape'>\n\t\t\t\t<a href='https:\/\/www.captionmagazine.org\/wp-content\/uploads\/2023\/07\/RS8534_108_Southeast-Asia-and-Oceania_Stories_Hannah-Reyes-Morales_for-The-New-York-Times-original.jpg'><img loading=\"lazy\" decoding=\"async\" width=\"160\" height=\"160\" src=\"https:\/\/www.captionmagazine.org\/wp-content\/uploads\/2023\/07\/RS8534_108_Southeast-Asia-and-Oceania_Stories_Hannah-Reyes-Morales_for-The-New-York-Times-original-160x160.jpg\" class=\"attachment-thumbnail size-thumbnail\" alt=\"\" aria-describedby=\"gallery-4-15542\" srcset=\"https:\/\/www.captionmagazine.org\/wp-content\/uploads\/2023\/07\/RS8534_108_Southeast-Asia-and-Oceania_Stories_Hannah-Reyes-Morales_for-The-New-York-Times-original-160x160.jpg 160w, https:\/\/www.captionmagazine.org\/wp-content\/uploads\/2023\/07\/RS8534_108_Southeast-Asia-and-Oceania_Stories_Hannah-Reyes-Morales_for-The-New-York-Times-original-90x90.jpg 90w, https:\/\/www.captionmagazine.org\/wp-content\/uploads\/2023\/07\/RS8534_108_Southeast-Asia-and-Oceania_Stories_Hannah-Reyes-Morales_for-The-New-York-Times-original-20x19.jpg 20w, https:\/\/www.captionmagazine.org\/wp-content\/uploads\/2023\/07\/RS8534_108_Southeast-Asia-and-Oceania_Stories_Hannah-Reyes-Morales_for-The-New-York-Times-original-100x100.jpg 100w\" sizes=\"auto, (max-width: 160px) 100vw, 160px\" \/><\/a>\n\t\t\t<\/div>\n\t\t\t\t<figcaption class='wp-caption-text gallery-caption' id='gallery-4-15542'>\n\t\t\t\t\u00a9 Hannah Reyes Morales\n\t\t\t\t<\/figcaption><\/figure><figure class='gallery-item'>\n\t\t\t<div class='gallery-icon landscape'>\n\t\t\t\t<a href='https:\/\/www.captionmagazine.org\/wp-content\/uploads\/2023\/07\/RS8532_110_Southeast-Asia-and-Oceania_Stories_Hannah-Reyes-Morales_for-The-New-York-Times-original.jpg'><img loading=\"lazy\" decoding=\"async\" width=\"160\" height=\"160\" src=\"https:\/\/www.captionmagazine.org\/wp-content\/uploads\/2023\/07\/RS8532_110_Southeast-Asia-and-Oceania_Stories_Hannah-Reyes-Morales_for-The-New-York-Times-original-160x160.jpg\" class=\"attachment-thumbnail size-thumbnail\" alt=\"\" aria-describedby=\"gallery-4-15538\" srcset=\"https:\/\/www.captionmagazine.org\/wp-content\/uploads\/2023\/07\/RS8532_110_Southeast-Asia-and-Oceania_Stories_Hannah-Reyes-Morales_for-The-New-York-Times-original-160x160.jpg 160w, https:\/\/www.captionmagazine.org\/wp-content\/uploads\/2023\/07\/RS8532_110_Southeast-Asia-and-Oceania_Stories_Hannah-Reyes-Morales_for-The-New-York-Times-original-90x90.jpg 90w, https:\/\/www.captionmagazine.org\/wp-content\/uploads\/2023\/07\/RS8532_110_Southeast-Asia-and-Oceania_Stories_Hannah-Reyes-Morales_for-The-New-York-Times-original-20x19.jpg 20w, https:\/\/www.captionmagazine.org\/wp-content\/uploads\/2023\/07\/RS8532_110_Southeast-Asia-and-Oceania_Stories_Hannah-Reyes-Morales_for-The-New-York-Times-original-100x100.jpg 100w\" sizes=\"auto, (max-width: 160px) 100vw, 160px\" \/><\/a>\n\t\t\t<\/div>\n\t\t\t\t<figcaption class='wp-caption-text gallery-caption' id='gallery-4-15538'>\n\t\t\t\t\u00a9 Hannah Reyes Morales\n\t\t\t\t<\/figcaption><\/figure>\n\t\t<\/div>\n\n<hr \/>\n<p>NORTEAM\u00c9RICA Y CENTROAM\u00c9RICA REPORTAJES GR\u00c1FICOS<\/p>\n<p><strong>Carlos Barria: El viaje de Mar\u00eda<\/strong><\/p>\n<p>Al llegar a Estados Unidos procedentes de Honduras en 2017 para solicitar asilo, Mar\u00eda Hern\u00e1ndez y sus dos hijas, de 8 y 3 a\u00f1os, fueron detenidas. Las autoridades fronterizas deportaron a Mar\u00eda y le ofrecieron la opci\u00f3n de dejar a sus hijas atr\u00e1s. Temerosa de las amenazas que sufr\u00edan las ni\u00f1as por parte de las pandillas hondure\u00f1as, Mar\u00eda decidi\u00f3 que estar\u00edan m\u00e1s seguras en Estados Unidos. En un primer momento, las ni\u00f1as ingresaron en un refugio para ni\u00f1os; m\u00e1s adelante, se mudaron a la vivienda de Maynor, el hijo adulto de Mar\u00eda, quien hab\u00eda obtenido la residencia estadounidense. En 2022, Mar\u00eda regres\u00f3 de forma legal y se reuni\u00f3 con su familia en Los \u00c1ngeles, California. El jurado puso en valor la forma en que este reportaje presenta las complicaciones a las que los migrantes a menudo se ven obligados a hacer frente cuando se integran en un nuevo pa\u00eds. Carlos Barria tom\u00f3 estas fotograf\u00edas para Reuters.<\/p>\n<div id='gallery-5' class='gallery galleryid-15485 gallery-columns-4 gallery-size-thumbnail'><figure class='gallery-item'>\n\t\t\t<div class='gallery-icon landscape'>\n\t\t\t\t<a href='https:\/\/www.captionmagazine.org\/wp-content\/uploads\/2023\/07\/RS8539_069_North-and-Central-America_Stories_Carlos-Barria_Reuters-original.jpg'><img loading=\"lazy\" decoding=\"async\" width=\"160\" height=\"160\" src=\"https:\/\/www.captionmagazine.org\/wp-content\/uploads\/2023\/07\/RS8539_069_North-and-Central-America_Stories_Carlos-Barria_Reuters-original-160x160.jpg\" class=\"attachment-thumbnail size-thumbnail\" alt=\"\" aria-describedby=\"gallery-5-15553\" srcset=\"https:\/\/www.captionmagazine.org\/wp-content\/uploads\/2023\/07\/RS8539_069_North-and-Central-America_Stories_Carlos-Barria_Reuters-original-160x160.jpg 160w, https:\/\/www.captionmagazine.org\/wp-content\/uploads\/2023\/07\/RS8539_069_North-and-Central-America_Stories_Carlos-Barria_Reuters-original-90x90.jpg 90w, https:\/\/www.captionmagazine.org\/wp-content\/uploads\/2023\/07\/RS8539_069_North-and-Central-America_Stories_Carlos-Barria_Reuters-original-20x19.jpg 20w, https:\/\/www.captionmagazine.org\/wp-content\/uploads\/2023\/07\/RS8539_069_North-and-Central-America_Stories_Carlos-Barria_Reuters-original-100x100.jpg 100w\" sizes=\"auto, (max-width: 160px) 100vw, 160px\" \/><\/a>\n\t\t\t<\/div>\n\t\t\t\t<figcaption class='wp-caption-text gallery-caption' id='gallery-5-15553'>\n\t\t\t\t\u00a9 Carlos Barria\n\t\t\t\t<\/figcaption><\/figure><figure class='gallery-item'>\n\t\t\t<div class='gallery-icon landscape'>\n\t\t\t\t<a href='https:\/\/www.captionmagazine.org\/wp-content\/uploads\/2023\/07\/RS8538_068_North-and-Central-America_Stories_Carlos-Barria_Reuters-original.jpg'><img loading=\"lazy\" decoding=\"async\" width=\"160\" height=\"160\" src=\"https:\/\/www.captionmagazine.org\/wp-content\/uploads\/2023\/07\/RS8538_068_North-and-Central-America_Stories_Carlos-Barria_Reuters-original-160x160.jpg\" class=\"attachment-thumbnail size-thumbnail\" alt=\"\" aria-describedby=\"gallery-5-15551\" srcset=\"https:\/\/www.captionmagazine.org\/wp-content\/uploads\/2023\/07\/RS8538_068_North-and-Central-America_Stories_Carlos-Barria_Reuters-original-160x160.jpg 160w, https:\/\/www.captionmagazine.org\/wp-content\/uploads\/2023\/07\/RS8538_068_North-and-Central-America_Stories_Carlos-Barria_Reuters-original-90x90.jpg 90w, https:\/\/www.captionmagazine.org\/wp-content\/uploads\/2023\/07\/RS8538_068_North-and-Central-America_Stories_Carlos-Barria_Reuters-original-20x19.jpg 20w, https:\/\/www.captionmagazine.org\/wp-content\/uploads\/2023\/07\/RS8538_068_North-and-Central-America_Stories_Carlos-Barria_Reuters-original-100x100.jpg 100w\" sizes=\"auto, (max-width: 160px) 100vw, 160px\" \/><\/a>\n\t\t\t<\/div>\n\t\t\t\t<figcaption class='wp-caption-text gallery-caption' id='gallery-5-15551'>\n\t\t\t\t\u00a9 Carlos Barria\n\t\t\t\t<\/figcaption><\/figure><figure class='gallery-item'>\n\t\t\t<div class='gallery-icon landscape'>\n\t\t\t\t<a href='https:\/\/www.captionmagazine.org\/wp-content\/uploads\/2023\/07\/RS8537_067_North-and-Central-America_Stories_Carlos-Barria_Reuters-original.jpg'><img loading=\"lazy\" decoding=\"async\" width=\"160\" height=\"160\" src=\"https:\/\/www.captionmagazine.org\/wp-content\/uploads\/2023\/07\/RS8537_067_North-and-Central-America_Stories_Carlos-Barria_Reuters-original-160x160.jpg\" class=\"attachment-thumbnail size-thumbnail\" alt=\"\" aria-describedby=\"gallery-5-15549\" srcset=\"https:\/\/www.captionmagazine.org\/wp-content\/uploads\/2023\/07\/RS8537_067_North-and-Central-America_Stories_Carlos-Barria_Reuters-original-160x160.jpg 160w, https:\/\/www.captionmagazine.org\/wp-content\/uploads\/2023\/07\/RS8537_067_North-and-Central-America_Stories_Carlos-Barria_Reuters-original-90x90.jpg 90w, https:\/\/www.captionmagazine.org\/wp-content\/uploads\/2023\/07\/RS8537_067_North-and-Central-America_Stories_Carlos-Barria_Reuters-original-20x19.jpg 20w, https:\/\/www.captionmagazine.org\/wp-content\/uploads\/2023\/07\/RS8537_067_North-and-Central-America_Stories_Carlos-Barria_Reuters-original-100x100.jpg 100w\" sizes=\"auto, (max-width: 160px) 100vw, 160px\" \/><\/a>\n\t\t\t<\/div>\n\t\t\t\t<figcaption class='wp-caption-text gallery-caption' id='gallery-5-15549'>\n\t\t\t\t\u00a9 Carlos Barria\n\t\t\t\t<\/figcaption><\/figure><figure class='gallery-item'>\n\t\t\t<div class='gallery-icon landscape'>\n\t\t\t\t<a href='https:\/\/www.captionmagazine.org\/wp-content\/uploads\/2023\/07\/RS8536_070_North-and-Central-America_Stories_Carlos-Barria_Reuters-original.jpg'><img loading=\"lazy\" decoding=\"async\" width=\"160\" height=\"160\" src=\"https:\/\/www.captionmagazine.org\/wp-content\/uploads\/2023\/07\/RS8536_070_North-and-Central-America_Stories_Carlos-Barria_Reuters-original-160x160.jpg\" class=\"attachment-thumbnail size-thumbnail\" alt=\"\" aria-describedby=\"gallery-5-15547\" srcset=\"https:\/\/www.captionmagazine.org\/wp-content\/uploads\/2023\/07\/RS8536_070_North-and-Central-America_Stories_Carlos-Barria_Reuters-original-160x160.jpg 160w, https:\/\/www.captionmagazine.org\/wp-content\/uploads\/2023\/07\/RS8536_070_North-and-Central-America_Stories_Carlos-Barria_Reuters-original-90x90.jpg 90w, https:\/\/www.captionmagazine.org\/wp-content\/uploads\/2023\/07\/RS8536_070_North-and-Central-America_Stories_Carlos-Barria_Reuters-original-20x19.jpg 20w, https:\/\/www.captionmagazine.org\/wp-content\/uploads\/2023\/07\/RS8536_070_North-and-Central-America_Stories_Carlos-Barria_Reuters-original-100x100.jpg 100w\" sizes=\"auto, (max-width: 160px) 100vw, 160px\" \/><\/a>\n\t\t\t<\/div>\n\t\t\t\t<figcaption class='wp-caption-text gallery-caption' id='gallery-5-15547'>\n\t\t\t\t\u00a9 Carlos Barria\n\t\t\t\t<\/figcaption><\/figure>\n\t\t<\/div>\n\n<hr \/>\n<p><strong>Sitios Web:<\/strong><\/p>\n<p><a href=\"https:\/\/blume.net\/fotografia\/2338-world-press-photo-2023-9788419785367.html\" target=\"_blank\" rel=\"noopener\">blume.net<\/a><\/p>\n<p><a href=\"https:\/\/www.instagram.com\/editorial_blume\/?hl=es\" target=\"_blank\" rel=\"noopener\">instagram.com\/editorial_blume<\/a><\/p>\n","protected":false},"excerpt":{"rendered":"<p>Selecci\u00f3n CAPTION Magazine World Press Photo, fundada en los Pa\u00edses Bajos en 1955, es una organizaci\u00f3n independiente sin finalidad de lucro que organiza el mayor y m\u00e1s prestigioso concurso anual de fotograf\u00eda de prensa, cuyas im\u00e1genes ganadoras se publican en un libro anual. World Press Photo estimula el desarrollo del fotoperiodismo, fomenta la difusi\u00f3n del&hellip;<\/p>\n","protected":false},"author":1,"featured_media":15529,"comment_status":"closed","ping_status":"closed","sticky":false,"template":"","format":"gallery","meta":{"footnotes":""},"categories":[238],"tags":[985,322],"thb-sponsors":[],"class_list":["post-15485","post","type-post","status-publish","format-gallery","has-post-thumbnail","hentry","category-libros","tag-n22","tag-world-press-photo","post_format-post-format-gallery"],"_links":{"self":[{"href":"https:\/\/www.captionmagazine.org\/en\/wp-json\/wp\/v2\/posts\/15485","targetHints":{"allow":["GET"]}}],"collection":[{"href":"https:\/\/www.captionmagazine.org\/en\/wp-json\/wp\/v2\/posts"}],"about":[{"href":"https:\/\/www.captionmagazine.org\/en\/wp-json\/wp\/v2\/types\/post"}],"author":[{"embeddable":true,"href":"https:\/\/www.captionmagazine.org\/en\/wp-json\/wp\/v2\/users\/1"}],"replies":[{"embeddable":true,"href":"https:\/\/www.captionmagazine.org\/en\/wp-json\/wp\/v2\/comments?post=15485"}],"version-history":[{"count":6,"href":"https:\/\/www.captionmagazine.org\/en\/wp-json\/wp\/v2\/posts\/15485\/revisions"}],"predecessor-version":[{"id":15560,"href":"https:\/\/www.captionmagazine.org\/en\/wp-json\/wp\/v2\/posts\/15485\/revisions\/15560"}],"wp:featuredmedia":[{"embeddable":true,"href":"https:\/\/www.captionmagazine.org\/en\/wp-json\/wp\/v2\/media\/15529"}],"wp:attachment":[{"href":"https:\/\/www.captionmagazine.org\/en\/wp-json\/wp\/v2\/media?parent=15485"}],"wp:term":[{"taxonomy":"category","embeddable":true,"href":"https:\/\/www.captionmagazine.org\/en\/wp-json\/wp\/v2\/categories?post=15485"},{"taxonomy":"post_tag","embeddable":true,"href":"https:\/\/www.captionmagazine.org\/en\/wp-json\/wp\/v2\/tags?post=15485"},{"taxonomy":"thb-sponsors","embeddable":true,"href":"https:\/\/www.captionmagazine.org\/en\/wp-json\/wp\/v2\/thb-sponsors?post=15485"}],"curies":[{"name":"wp","href":"https:\/\/api.w.org\/{rel}","templated":true}]}}