{"id":1546,"date":"2020-05-07T20:50:27","date_gmt":"2020-05-08T00:50:27","guid":{"rendered":"https:\/\/www.captionmagazine.org\/?p=1546"},"modified":"2022-01-19T11:50:38","modified_gmt":"2022-01-19T14:50:38","slug":"bailarines-del-desierto","status":"publish","type":"post","link":"https:\/\/www.captionmagazine.org\/en\/ensayos\/bailarines-del-desierto","title":{"rendered":"Bailarines del Desierto"},"content":{"rendered":"\n<h4 class=\"wp-block-heading\">Andr\u00e9s Figueroa  <\/h4>\n\n\n\n<p><strong>Hace m\u00e1s de 100 a\u00f1os, en el territorio correspondiente al desierto de Atacama en el extremo norte de Chile, nacen como resultado del sincretismo entre las culturas originarias, la religi\u00f3n cat\u00f3lica y la cultura popular, diversas fiestas religiosas tales como La Virgen de La Tirana, San Lorenzo de Tarapac\u00e1, La Virgen de Ayquina y La Virgen de Las Pe\u00f1as. Estas festividades congregan a un gran n\u00famero de peregrinos, siendo los grupos de baile sus principales protagonistas.&nbsp;<\/strong><\/p>\n\n\n\n<p>Estos grupos de baile, consolidados durante los a\u00f1os del apogeo del salitre en el Norte Grande, son conformados por gente del pueblo, personas humildes que con mucho esfuerzo realizan cada a\u00f1o su tributo a La Virgen o Santo, organizadas en sociedades y bailes de car\u00e1cter comunitario y familiar. Durante todo el a\u00f1o se preparan rigurosamente, ensayando, realizando eventos y actividades, generando as\u00ed los recursos necesarios para asistir y participar cada a\u00f1o en estas fiestas.<\/p>\n\n\n\n<p>En pleno desierto, sin importarles el calor durante el d\u00eda o el fr\u00edo durante la noche, expresan su fe bailando acompa\u00f1ados por el comp\u00e1s de imponentes bandas de bronces, laquitas y otros. En este despliegue audiovisual de gran envergadura realizan comunitariamente un viaje m\u00edstico, que tiene como finalidad el encuentro directo con la Divinidad, a la cual ofrecen con gran amor y dedicaci\u00f3n sus bailes por simple devoci\u00f3n o como pago de sus mandas. Piden por salud y bienestar en un pa\u00eds d\u00f3nde los derechos b\u00e1sicos no est\u00e1n garantizados por el Estado.<\/p>\n\n\n\n<p>\u201cBailarines del Desierto\u201d es una investigaci\u00f3n fotogr\u00e1fica realizada entre los a\u00f1os 2007 y 2017, compuesta por tres series de obras; la principal es la serie Retratos. A trav\u00e9s de este g\u00e9nero nos presenta a las personas y personajes que protagonizan las fiestas y al paisaje y contexto tras ellos. La acompa\u00f1a la serie tipol\u00f3gica Bombos la cual representa a la m\u00fasica, tan presente en estas celebraciones por medio de las bandas de Bronces y Laquitas. Por \u00faltimo la serie, de corte documental, La Fiesta, constituida por im\u00e1genes del desarrollo y del contexto de las fiestas as\u00ed como el territorio donde se llevan a cabo.&nbsp;<\/p>\n\n\n\n<figure class=\"wp-block-image size-large\"><img loading=\"lazy\" decoding=\"async\" width=\"1024\" height=\"677\" src=\"https:\/\/www.captionmagazine.org\/wp-content\/uploads\/2020\/04\/10-1024x677.jpg\" alt=\"\" class=\"wp-image-1568\" srcset=\"https:\/\/www.captionmagazine.org\/wp-content\/uploads\/2020\/04\/10-1024x677.jpg 1024w, https:\/\/www.captionmagazine.org\/wp-content\/uploads\/2020\/04\/10-600x397.jpg 600w, https:\/\/www.captionmagazine.org\/wp-content\/uploads\/2020\/04\/10-300x198.jpg 300w, https:\/\/www.captionmagazine.org\/wp-content\/uploads\/2020\/04\/10-768x508.jpg 768w, https:\/\/www.captionmagazine.org\/wp-content\/uploads\/2020\/04\/10-370x245.jpg 370w, https:\/\/www.captionmagazine.org\/wp-content\/uploads\/2020\/04\/10-800x529.jpg 800w, https:\/\/www.captionmagazine.org\/wp-content\/uploads\/2020\/04\/10-20x13.jpg 20w, https:\/\/www.captionmagazine.org\/wp-content\/uploads\/2020\/04\/10-185x122.jpg 185w, https:\/\/www.captionmagazine.org\/wp-content\/uploads\/2020\/04\/10-740x489.jpg 740w, https:\/\/www.captionmagazine.org\/wp-content\/uploads\/2020\/04\/10-400x264.jpg 400w, https:\/\/www.captionmagazine.org\/wp-content\/uploads\/2020\/04\/10-73x48.jpg 73w\" sizes=\"auto, (max-width: 1024px) 100vw, 1024px\" \/><figcaption>Jeanette Valenzuela &amp; Katherine Gonz\u00e1lez, Osada Devotos a Guadalupe, Calama.Fiesta Virgen de Ayquina 2014<\/figcaption><\/figure>\n\n\n\n<p>El principal objetivo de esta obra es producir un acercamiento entre el espectador y las personas que son las protagonistas de estas fiestas tradicionales y que representan un patrimonio vivo, cultural y religioso; contribuyendo de esta manera a enriquecer el imaginario existente respecto a \u00e9stas.<\/p>\n\n\n\n<p>Es importante que conozcamos y reconozcamos nuestras ra\u00edces culturales, nuestro mestizaje y las expresiones de nuestro pueblo, que son, en definitiva, lo que nos constituye e identifica.<\/p>\n\n\n\n<p><\/p>\n\n\n\n<hr class=\"wp-block-separator\"\/>\n\n\n\n<p><strong>Biografia<\/strong>:<br>Andr\u00e9s Figueroa nace en Santiago 1974, estudia fotograf\u00eda en la Escuela de Foto Arte de Chile, titul\u00e1ndose en 1996. Trabaja como fot\u00f3grafo independiente desde 1998. Est\u00e1 especialmente interesado en las personas y su relaci\u00f3n con el patrimonio cultural, la justicia social y la organizaci\u00f3n comunitaria. Su trabajo se concentra en torno al retrato y al paisaje desarrollando sus proyectos en series. Figueroa ha exhibido su obra en el Museo Nacional de Bellas Artes de Santiago; el Museo de Artes Visuales de Santiago; la Biblioteca Nacional de Santiago; Montjuic Castell en Barcelona; la Bienal de Photoquai, Par\u00eds; el Museo de la Memoria y los Derechos Humanos de Santiago; el Centro Fotogr\u00e1fico Manuel \u00c1lvarez Bravo en Oaxaca; Goaphoto, Panjim y Cecal en Chill\u00e1n, entre otros. Se ha adjudicado el Fondart en 2 ocasiones con los proyectos Transgresi\u00f3n, Transici\u00f3n, Transigencia y Bailarines del Desierto. Actualmente vive y trabaja en Santiago, Chile.<\/p>\n\n\n\n<p><strong>Equipo fotogr\u00e1fico<\/strong>:<br>&#8211; DSLR, lente zoom 24-105 mm <br>&#8211; Equipo de iluminaci\u00f3n port\u00e1til compuesto por 2 mono flash y paraguas difusores.<\/p>\n\n\n\n<p><strong>Sitio web<\/strong>: <a href=\"http:\/\/andresfigueroa.cl\" target=\"_blank\" rel=\"noreferrer noopener\" aria-label=\"andresfigueroa.cl (abrir en una nueva pesta\u00f1a)\">andresfigueroa.cl<\/a><br><strong>Instagram:<\/strong> @andresfigueroag<br><\/p>\n","protected":false},"excerpt":{"rendered":"<p>Andr\u00e9s Figueroa Hace m\u00e1s de 100 a\u00f1os, en el territorio correspondiente al desierto de Atacama en el extremo norte de Chile, nacen como resultado del sincretismo entre las culturas originarias, la religi\u00f3n cat\u00f3lica y la cultura popular, diversas fiestas religiosas tales como La Virgen de La Tirana, San Lorenzo de Tarapac\u00e1, La Virgen de Ayquina&hellip;<\/p>\n","protected":false},"author":4,"featured_media":1579,"comment_status":"closed","ping_status":"closed","sticky":false,"template":"","format":"gallery","meta":{"footnotes":""},"categories":[1],"tags":[144,143,126,146,708,145],"thb-sponsors":[],"class_list":["post-1546","post","type-post","status-publish","format-gallery","has-post-thumbnail","hentry","category-ensayos","tag-andres-figueroa","tag-bailarines","tag-desierto","tag-la-tirana","tag-n3","tag-religion","post_format-post-format-gallery"],"_links":{"self":[{"href":"https:\/\/www.captionmagazine.org\/en\/wp-json\/wp\/v2\/posts\/1546","targetHints":{"allow":["GET"]}}],"collection":[{"href":"https:\/\/www.captionmagazine.org\/en\/wp-json\/wp\/v2\/posts"}],"about":[{"href":"https:\/\/www.captionmagazine.org\/en\/wp-json\/wp\/v2\/types\/post"}],"author":[{"embeddable":true,"href":"https:\/\/www.captionmagazine.org\/en\/wp-json\/wp\/v2\/users\/4"}],"replies":[{"embeddable":true,"href":"https:\/\/www.captionmagazine.org\/en\/wp-json\/wp\/v2\/comments?post=1546"}],"version-history":[{"count":4,"href":"https:\/\/www.captionmagazine.org\/en\/wp-json\/wp\/v2\/posts\/1546\/revisions"}],"predecessor-version":[{"id":1585,"href":"https:\/\/www.captionmagazine.org\/en\/wp-json\/wp\/v2\/posts\/1546\/revisions\/1585"}],"wp:featuredmedia":[{"embeddable":true,"href":"https:\/\/www.captionmagazine.org\/en\/wp-json\/wp\/v2\/media\/1579"}],"wp:attachment":[{"href":"https:\/\/www.captionmagazine.org\/en\/wp-json\/wp\/v2\/media?parent=1546"}],"wp:term":[{"taxonomy":"category","embeddable":true,"href":"https:\/\/www.captionmagazine.org\/en\/wp-json\/wp\/v2\/categories?post=1546"},{"taxonomy":"post_tag","embeddable":true,"href":"https:\/\/www.captionmagazine.org\/en\/wp-json\/wp\/v2\/tags?post=1546"},{"taxonomy":"thb-sponsors","embeddable":true,"href":"https:\/\/www.captionmagazine.org\/en\/wp-json\/wp\/v2\/thb-sponsors?post=1546"}],"curies":[{"name":"wp","href":"https:\/\/api.w.org\/{rel}","templated":true}]}}