{"id":15302,"date":"2023-07-10T22:53:54","date_gmt":"2023-07-11T02:53:54","guid":{"rendered":"https:\/\/www.captionmagazine.org\/?p=15302"},"modified":"2023-07-10T22:59:32","modified_gmt":"2023-07-11T02:59:32","slug":"leonardo-infante-patio-de-luz","status":"publish","type":"post","link":"https:\/\/www.captionmagazine.org\/en\/libros\/leonardo-infante-patio-de-luz","title":{"rendered":"Leonardo Infante: Patio de luz"},"content":{"rendered":"<h3><strong>Patio de luz<\/strong><\/h3>\n<h4><strong>Fotograf\u00edas: Leonardo Infante<\/strong><br \/>\n<strong>Texto: Cristi\u00e1n Vila Riquelme<\/strong><\/h4>\n<p><strong>El libro \u201cPatio de Luz\u00b7 es un registro personal de la ciudad de Santiago que viv\u00ed en los a\u00f1os 80. Conserv\u00e9 esos negativos en sucesivas\u00a0historias personales hasta que lleg\u00f3 el momento\u00a0de mostrar estas fotograf\u00edas. En ellas se percibe la dictadura, la soledad, el silencio de las personas y los muros. Al mismo tiempo, las fotos dialogan con la poes\u00eda que escrib\u00ed en esos a\u00f1os y que permiten entrar en otras visiones. Hay ac\u00e1 tambi\u00e9n un homenaje a mi yo fot\u00f3grafo joven al que hoy miro con respeto y con afecto. Ac\u00e1, con este libro se salda una deuda.<\/strong><\/p>\n<p>&nbsp;<\/p>\n<div class=\"wp-block-button is-style-outline\"><a class=\"wp-block-button__link\" style=\"border-radius: 10px;\" href=\"https:\/\/www.captionmagazine.org\/papel-digital-n22#page38\" rel=\"noreferrer noopener\">Lee este art\u00edculo en papel digital<\/a><\/div>\n<p>&nbsp;<\/p>\n<p>Este libro del fot\u00f3grafo y poeta, Leonardo Infante, es m\u00e1s que un libro de fotograf\u00edas y de poemas intercalados cuyo tema es el Santiago de los 80\u2019, pues Patio de Luz se nos presenta como un imperativo de memoria o de implicaci\u00f3n con una ciudad que nunca ha tenido otra identidad que no sea ese querer ser algo que hace mucho, al menos desde la d\u00e9cada de los 80\u2019, ya no puede ser.<\/p>\n<p>Leonardo Infante toma esa imperativo como parte de esa lucha cotidiana con el querer ser de ese Santiago y que, aqu\u00ed, cobra una inusitada realidad: la de los fragmentos, la de los entrevistos, la de los intersticios, la de la apariencia y la de la opresiva realidad que deline\u00f3 a esta ciudad despu\u00e9s del 11 de septiembre de 1973. En ese <em>\u201cvamos mis amigos\/ estrellando\/ las piedras y los sexos\/ contra la boca est\u00e9ril\/ de la ciudad aqu\u00ed derramada\u201d<\/em>, como nos dice Infante desde el comienzo, situando a esta ciudad como algo derramado, fragmentado, con la mitad de su <em>\u201crostro sonriente\/ y la otra detenida\/ desaparecida\u201d<\/em>.<\/p>\n<figure id=\"attachment_15310\" aria-describedby=\"caption-attachment-15310\" style=\"width: 640px\" class=\"wp-caption alignnone\"><img loading=\"lazy\" decoding=\"async\" class=\"size-medium wp-image-15310\" src=\"https:\/\/www.captionmagazine.org\/wp-content\/uploads\/2023\/07\/RS8424_017LeoInfanteDT-640x414.jpg\" alt=\"\" width=\"640\" height=\"414\" srcset=\"https:\/\/www.captionmagazine.org\/wp-content\/uploads\/2023\/07\/RS8424_017LeoInfanteDT-640x414.jpg 640w, https:\/\/www.captionmagazine.org\/wp-content\/uploads\/2023\/07\/RS8424_017LeoInfanteDT-370x239.jpg 370w, https:\/\/www.captionmagazine.org\/wp-content\/uploads\/2023\/07\/RS8424_017LeoInfanteDT-20x13.jpg 20w, https:\/\/www.captionmagazine.org\/wp-content\/uploads\/2023\/07\/RS8424_017LeoInfanteDT-600x388.jpg 600w, https:\/\/www.captionmagazine.org\/wp-content\/uploads\/2023\/07\/RS8424_017LeoInfanteDT-74x48.jpg 74w\" sizes=\"auto, (max-width: 640px) 100vw, 640px\" \/><figcaption id=\"caption-attachment-15310\" class=\"wp-caption-text\">\u00a9 Leonardo Infante<\/figcaption><\/figure>\n<p>Una ciudad en la cual esa dualidad de su rostro es la que define ese tiempo que, de alg\u00fan modo, lleg\u00f3 para quedarse; designa el terreno desolado o habitado de fantasmas donde se mueve la c\u00e1mara del autor, fot\u00f3grafo y poeta.<\/p>\n<p><img loading=\"lazy\" decoding=\"async\" class=\"alignnone size-medium wp-image-15315\" src=\"https:\/\/www.captionmagazine.org\/wp-content\/uploads\/2023\/07\/RS8418_5.jpg\" alt=\"\" width=\"1\" height=\"1\" \/><img loading=\"lazy\" decoding=\"async\" class=\"alignnone size-medium wp-image-15317\" src=\"https:\/\/www.captionmagazine.org\/wp-content\/uploads\/2023\/07\/RS8419_1.jpg\" alt=\"\" width=\"1\" height=\"1\" \/><img loading=\"lazy\" decoding=\"async\" class=\"alignnone size-medium wp-image-15315\" src=\"https:\/\/www.captionmagazine.org\/wp-content\/uploads\/2023\/07\/RS8418_5.jpg\" alt=\"\" width=\"1\" height=\"1\" \/><\/p>\n<figure id=\"attachment_15313\" aria-describedby=\"caption-attachment-15313\" style=\"width: 640px\" class=\"wp-caption alignnone\"><img loading=\"lazy\" decoding=\"async\" class=\"size-medium wp-image-15313\" src=\"https:\/\/www.captionmagazine.org\/wp-content\/uploads\/2023\/07\/RS8414_10-640x973.jpg\" alt=\"\" width=\"640\" height=\"973\" srcset=\"https:\/\/www.captionmagazine.org\/wp-content\/uploads\/2023\/07\/RS8414_10-640x973.jpg 640w, https:\/\/www.captionmagazine.org\/wp-content\/uploads\/2023\/07\/RS8414_10-370x562.jpg 370w, https:\/\/www.captionmagazine.org\/wp-content\/uploads\/2023\/07\/RS8414_10-20x30.jpg 20w, https:\/\/www.captionmagazine.org\/wp-content\/uploads\/2023\/07\/RS8414_10-600x912.jpg 600w, https:\/\/www.captionmagazine.org\/wp-content\/uploads\/2023\/07\/RS8414_10-32x48.jpg 32w\" sizes=\"auto, (max-width: 640px) 100vw, 640px\" \/><figcaption id=\"caption-attachment-15313\" class=\"wp-caption-text\">\u00a9 Leonardo Infante<\/figcaption><\/figure>\n<p>Porque desde la fotograf\u00eda de portada ese patio de luz es un all\u00e1 o un posible patio de luz a la vuelta de un muro o de una calle, porque es una presencia por ausencia: la ni\u00f1a salta a la cuerda m\u00e1s ac\u00e1 de un c\u00edrculo dibujado en la calle, que se proyecta en las figuras de una mujer con un ni\u00f1o que se alejan del cuadro \u2013o del posible patio de luz, donde no hay nada m\u00e1s que la mitad de un logo de Coca Cola\u2013 como sombras o fantasmas de esa memoria de alguien ausente\/desaparecido.<\/p>\n<p>Porque luego, cuando encontramos a alguien, se trata de se\u00f1ores an\u00f3nimos, con sombrero y terno, vaciados de cualquier voluntad, casi una met\u00e1fora de esa ciudad vaciada de toda libertad concreta \u2013como en las fotos pegadas en los vidrios de una puerta de calle y con un rostro enmarcado como met\u00e1fora de esa ausencia\u2013. Figuras siempre fantasmag\u00f3ricas que son esta ciudad oprimida, al mismo nivel que la se\u00f1al\u00e9tica urbana, por ejemplo, o que una fila de faroles donde la soledad aplasta cualquier atisbo humano.<\/p>\n<figure id=\"attachment_15321\" aria-describedby=\"caption-attachment-15321\" style=\"width: 640px\" class=\"wp-caption alignnone\"><img loading=\"lazy\" decoding=\"async\" class=\"size-medium wp-image-15321\" src=\"https:\/\/www.captionmagazine.org\/wp-content\/uploads\/2023\/07\/RS8421_4-640x408.jpg\" alt=\"\" width=\"640\" height=\"408\" srcset=\"https:\/\/www.captionmagazine.org\/wp-content\/uploads\/2023\/07\/RS8421_4-640x408.jpg 640w, https:\/\/www.captionmagazine.org\/wp-content\/uploads\/2023\/07\/RS8421_4-370x236.jpg 370w, https:\/\/www.captionmagazine.org\/wp-content\/uploads\/2023\/07\/RS8421_4-20x13.jpg 20w, https:\/\/www.captionmagazine.org\/wp-content\/uploads\/2023\/07\/RS8421_4-600x382.jpg 600w, https:\/\/www.captionmagazine.org\/wp-content\/uploads\/2023\/07\/RS8421_4-75x48.jpg 75w\" sizes=\"auto, (max-width: 640px) 100vw, 640px\" \/><figcaption id=\"caption-attachment-15321\" class=\"wp-caption-text\">\u00a9 Leonardo Infante<\/figcaption><\/figure>\n<p>Es la rotura de la ciudad, donde esta trata de presentarse en una normalidad que s\u00f3lo existe en la presencia de la ausencia, donde la sonrisa es s\u00f3lo una m\u00e1scara de pacotilla, pues s\u00f3lo hay retazos de vida, tachaduras, ruinas de casas, nadie. Y las inevitables preguntas: <em>\u201c\u00bfAcaso las grandes ciudades?\/ \u00bfAcaso la leyenda, los mitos, los dioses?\/ \u00bfAcaso el tr\u00e1fico fugaz de las palabras?\/ \u00bfAcaso el lejano sonido del sol apag\u00e1ndose?\/ \u00bfAcaso algunos ojos?\/ \u00bfAcaso algunas bocas?\/ \u00bfAcaso t\u00fa?\/ \u00bfAcaso yo?\/ \u00bfAcaso yo mismo?\u201d<\/em>.<\/p>\n<p>La \u00fanica realidad humana se muestra en la soledad de aquella presencia de la ausencia, en el cierre de un conventillo con una ni\u00f1a al otro lado de la reja o con la s\u00fabita aparici\u00f3n de gente disgregada en el centro de la ciudad y cuyo \u00fanico v\u00ednculo ser\u00eda el no tener ninguno, por ejemplo.<\/p>\n<p><img loading=\"lazy\" decoding=\"async\" class=\"alignnone size-medium wp-image-15319\" src=\"https:\/\/www.captionmagazine.org\/wp-content\/uploads\/2023\/07\/RS8420_Santiago01-640x642.jpg\" alt=\"\" width=\"640\" height=\"642\" srcset=\"https:\/\/www.captionmagazine.org\/wp-content\/uploads\/2023\/07\/RS8420_Santiago01-640x642.jpg 640w, https:\/\/www.captionmagazine.org\/wp-content\/uploads\/2023\/07\/RS8420_Santiago01-160x160.jpg 160w, https:\/\/www.captionmagazine.org\/wp-content\/uploads\/2023\/07\/RS8420_Santiago01-180x180.jpg 180w, https:\/\/www.captionmagazine.org\/wp-content\/uploads\/2023\/07\/RS8420_Santiago01-90x90.jpg 90w, https:\/\/www.captionmagazine.org\/wp-content\/uploads\/2023\/07\/RS8420_Santiago01-370x371.jpg 370w, https:\/\/www.captionmagazine.org\/wp-content\/uploads\/2023\/07\/RS8420_Santiago01-20x20.jpg 20w, https:\/\/www.captionmagazine.org\/wp-content\/uploads\/2023\/07\/RS8420_Santiago01-300x300.jpg 300w, https:\/\/www.captionmagazine.org\/wp-content\/uploads\/2023\/07\/RS8420_Santiago01-600x602.jpg 600w, https:\/\/www.captionmagazine.org\/wp-content\/uploads\/2023\/07\/RS8420_Santiago01-100x100.jpg 100w, https:\/\/www.captionmagazine.org\/wp-content\/uploads\/2023\/07\/RS8420_Santiago01-48x48.jpg 48w\" sizes=\"auto, (max-width: 640px) 100vw, 640px\" \/><\/p>\n<p>Este libro no es un libro, es tal vez el muro deslavado de una ciudad viuda de s\u00ed misma, que alguna vez pretendi\u00f3 ser otra cosa que una mera ciudad derramada.<\/p>\n<figure id=\"attachment_15304\" aria-describedby=\"caption-attachment-15304\" style=\"width: 640px\" class=\"wp-caption alignnone\"><img loading=\"lazy\" decoding=\"async\" class=\"size-medium wp-image-15304\" src=\"https:\/\/www.captionmagazine.org\/wp-content\/uploads\/2023\/07\/RS8408_004LeoInfanteDT-640x427.jpg\" alt=\"\" width=\"640\" height=\"427\" srcset=\"https:\/\/www.captionmagazine.org\/wp-content\/uploads\/2023\/07\/RS8408_004LeoInfanteDT-640x427.jpg 640w, https:\/\/www.captionmagazine.org\/wp-content\/uploads\/2023\/07\/RS8408_004LeoInfanteDT-370x247.jpg 370w, https:\/\/www.captionmagazine.org\/wp-content\/uploads\/2023\/07\/RS8408_004LeoInfanteDT-20x13.jpg 20w, https:\/\/www.captionmagazine.org\/wp-content\/uploads\/2023\/07\/RS8408_004LeoInfanteDT-600x400.jpg 600w, https:\/\/www.captionmagazine.org\/wp-content\/uploads\/2023\/07\/RS8408_004LeoInfanteDT-72x48.jpg 72w\" sizes=\"auto, (max-width: 640px) 100vw, 640px\" \/><figcaption id=\"caption-attachment-15304\" class=\"wp-caption-text\">\u00a9 Leonardo Infante<\/figcaption><\/figure>\n<p>&nbsp;<\/p>\n<hr \/>\n<p><strong>Sobre el autor:<\/strong><\/p>\n<p>Nac\u00ed en 1954 en Santiago de Chile en el mismo barrio de donde son la mayor\u00eda de las fotograf\u00edas que presento. Siempre volv\u00ed al barrio Yungay donde siguieron viviendo mis abuelos en cuya casa instal\u00e9 mi primer cuarto oscuro. Calle Esperanza paralela a Libertad. Nombres con significados persecutorios para mi vida.<\/p>\n<p>Luego de ense\u00f1anzas formales, Instituto Nacional y Universidad de Chile, viv\u00ed intensamente los acontecimientos hist\u00f3ricos del pa\u00eds durante los a\u00f1os 70 y 80. Particip\u00e9 de las agrupaciones culturales de los a\u00f1os 80 que me permitieron respirar en esos a\u00f1os convulsos. Entre ellas la AFI, Asociaci\u00f3n de Fot\u00f3grafos Independientes, donde hice grandes amigos y me integr\u00e9 a la idea de la construcci\u00f3n de \u201cuna fotograf\u00eda chilena\u201d que fuera reconocible tanto en sus est\u00e9ticas como en su rol social y pol\u00edtico. Y siempre la literatura, la filosof\u00eda, el arte, el cine y la poes\u00eda que cultiv\u00e9 durante a\u00f1os para salvar mi cabeza de la locura colectiva de esos tiempos.<\/p>\n<p>Esa poes\u00eda esa fotograf\u00eda que para mi son variantes de la misma cosa. Como hijo de profesores, qu\u00e9 hacer con un t\u00edtulo de Licenciado en Historia y Teor\u00eda del Arte y Fotograf\u00eda de la Universidad de Chile, simple, Clases. Hice todas las materias de la Fotograf\u00eda y la Est\u00e9tica en una diversidad de institutos y Universidades que no viene al caso nombrar.<\/p>\n<p>En los \u00faltimos a\u00f1os he vuelto a la Universidad de Chile dando clases en la Escuela de Ingenier\u00eda y en el FCEI Facultad de Comunicaci\u00f3n e imagen. Como fot\u00f3grafo colabor\u00e9 con algunos medios y tambi\u00e9n trabaj\u00e9 en la fotograf\u00eda publicitaria, en bancos de imagen, en edici\u00f3n de contenidos para portales de arte y fotograf\u00eda en Internet, pero siempre con un ojo y un coraz\u00f3n para la llamada fotograf\u00eda autoral que no he abandonado nunca. He expuesto mis fotos en exposiciones colectivas e individuales.<\/p>\n<p>Ahora vivo con mi mujer en el puerto de Valpara\u00edso junto al mar de Chile mirando y escuchando el jazz de las gaviotas.<\/p>\n<p><strong>Equipo:<\/strong><\/p>\n<p>C\u00e1maras: Canon AT-1, Nikon FE<br \/>\n\u00d3ptica: 50, 28 y 80 mm Pel\u00edculas: Kodak 400 y 125 ASA<\/p>\n<p><strong>Enlaces:<\/strong><\/p>\n<p><a href=\"https:\/\/www.facebook.com\/leoinfantev\" target=\"_blank\" rel=\"noopener\">facebook.com\/leoinfantev<\/a><\/p>\n<p><a href=\"http:\/\/fotoespacio.cl\" target=\"_blank\" rel=\"noopener\">fotoespacio.cl<\/a><\/p>\n","protected":false},"excerpt":{"rendered":"<p>Patio de luz Fotograf\u00edas: Leonardo Infante Texto: Cristi\u00e1n Vila Riquelme El libro \u201cPatio de Luz\u00b7 es un registro personal de la ciudad de Santiago que viv\u00ed en los a\u00f1os 80. Conserv\u00e9 esos negativos en sucesivas\u00a0historias personales hasta que lleg\u00f3 el momento\u00a0de mostrar estas fotograf\u00edas. En ellas se percibe la dictadura, la soledad, el silencio de&hellip;<\/p>\n","protected":false},"author":4,"featured_media":15308,"comment_status":"closed","ping_status":"closed","sticky":false,"template":"","format":"gallery","meta":{"footnotes":""},"categories":[238],"tags":[991,985,293],"thb-sponsors":[],"class_list":["post-15302","post","type-post","status-publish","format-gallery","has-post-thumbnail","hentry","category-libros","tag-barrios","tag-n22","tag-santiago","post_format-post-format-gallery"],"_links":{"self":[{"href":"https:\/\/www.captionmagazine.org\/en\/wp-json\/wp\/v2\/posts\/15302","targetHints":{"allow":["GET"]}}],"collection":[{"href":"https:\/\/www.captionmagazine.org\/en\/wp-json\/wp\/v2\/posts"}],"about":[{"href":"https:\/\/www.captionmagazine.org\/en\/wp-json\/wp\/v2\/types\/post"}],"author":[{"embeddable":true,"href":"https:\/\/www.captionmagazine.org\/en\/wp-json\/wp\/v2\/users\/4"}],"replies":[{"embeddable":true,"href":"https:\/\/www.captionmagazine.org\/en\/wp-json\/wp\/v2\/comments?post=15302"}],"version-history":[{"count":11,"href":"https:\/\/www.captionmagazine.org\/en\/wp-json\/wp\/v2\/posts\/15302\/revisions"}],"predecessor-version":[{"id":15492,"href":"https:\/\/www.captionmagazine.org\/en\/wp-json\/wp\/v2\/posts\/15302\/revisions\/15492"}],"wp:featuredmedia":[{"embeddable":true,"href":"https:\/\/www.captionmagazine.org\/en\/wp-json\/wp\/v2\/media\/15308"}],"wp:attachment":[{"href":"https:\/\/www.captionmagazine.org\/en\/wp-json\/wp\/v2\/media?parent=15302"}],"wp:term":[{"taxonomy":"category","embeddable":true,"href":"https:\/\/www.captionmagazine.org\/en\/wp-json\/wp\/v2\/categories?post=15302"},{"taxonomy":"post_tag","embeddable":true,"href":"https:\/\/www.captionmagazine.org\/en\/wp-json\/wp\/v2\/tags?post=15302"},{"taxonomy":"thb-sponsors","embeddable":true,"href":"https:\/\/www.captionmagazine.org\/en\/wp-json\/wp\/v2\/thb-sponsors?post=15302"}],"curies":[{"name":"wp","href":"https:\/\/api.w.org\/{rel}","templated":true}]}}