{"id":15280,"date":"2023-07-10T22:53:38","date_gmt":"2023-07-11T02:53:38","guid":{"rendered":"https:\/\/www.captionmagazine.org\/?p=15280"},"modified":"2023-07-10T23:00:39","modified_gmt":"2023-07-11T03:00:39","slug":"paco-navarro","status":"publish","type":"post","link":"https:\/\/www.captionmagazine.org\/en\/entrevistas\/paco-navarro","title":{"rendered":"Paco Navarro"},"content":{"rendered":"<h3><strong>Paco Navarro: &#8220;Hay que estar atento a capturar ese momento, porque a veces no se repite&#8221;<\/strong><\/h3>\n<h4><strong>Por Nacho Izquierdo<\/strong><\/h4>\n<p><strong>En esta entrevista, el profesional de dilatada trayectoria y reconocimiento, entrega sus claves para entender la disciplina del retrato. Aborda el l\u00edmite \u00e9tico que supone el retoque y sus elecciones personales y t\u00e9cnicas a la hora de disparar. Sobre el futuro, se\u00f1ala no tener claridad hacia d\u00f3nde la tecnolog\u00eda llevar\u00e1 a la fotograf\u00eda. En cualquier caso -enfatiza- \u201cespero que no se pierda la magia\u201d<\/strong><\/p>\n<p>&nbsp;<\/p>\n<div class=\"wp-block-button is-style-outline\"><a class=\"wp-block-button__link\" style=\"border-radius: 10px;\" href=\"https:\/\/www.captionmagazine.org\/papel-digital-n22#page26\" rel=\"noreferrer noopener\">Lee este art\u00edculo en papel digital<\/a><\/div>\n<p>&nbsp;<\/p>\n<p><img loading=\"lazy\" decoding=\"async\" class=\"alignnone size-medium wp-image-15287\" src=\"https:\/\/www.captionmagazine.org\/wp-content\/uploads\/2023\/07\/RS8547_paco-navarro-jun2023-640x800.jpg\" alt=\"\" width=\"640\" height=\"800\" srcset=\"https:\/\/www.captionmagazine.org\/wp-content\/uploads\/2023\/07\/RS8547_paco-navarro-jun2023-640x800.jpg 640w, https:\/\/www.captionmagazine.org\/wp-content\/uploads\/2023\/07\/RS8547_paco-navarro-jun2023-370x463.jpg 370w, https:\/\/www.captionmagazine.org\/wp-content\/uploads\/2023\/07\/RS8547_paco-navarro-jun2023-20x25.jpg 20w, https:\/\/www.captionmagazine.org\/wp-content\/uploads\/2023\/07\/RS8547_paco-navarro-jun2023-600x750.jpg 600w, https:\/\/www.captionmagazine.org\/wp-content\/uploads\/2023\/07\/RS8547_paco-navarro-jun2023-38x48.jpg 38w\" sizes=\"auto, (max-width: 640px) 100vw, 640px\" \/><\/p>\n<p>&nbsp;<\/p>\n<p><strong><em>\u00bfC\u00f3mo definir\u00edas tu forma de fotografiar?<\/em><\/strong><\/p>\n<p>Intento que sea lo m\u00e1s directo, natural y sencillo posible. El retrato puede ser una de las disciplinas m\u00e1s complicadas<\/p>\n<p><em><strong>\u00bfQu\u00e9 consejos nos dar\u00edas para conseguir un buen retrato?<\/strong><\/em><\/p>\n<p>Cada fot\u00f3grafo tiene una manera de acercarse a la persona que va a fotografiar. Eso, depende de su car\u00e1cter y manera de trabajar. Hay magn\u00edficos fot\u00f3grafos de retrato, con personalidades muy diversas y m\u00e9todos muy diferentes de trabajo, y todos hacen un trabajo maravilloso. Puedo decir lo que a m\u00ed me funciona, pero esto no significa que sea as\u00ed para todo el mundo. Lo primero es tener una idea clara de lo que quieres hacer y tener preparado lo que puedas necesitar. Ponerte delante de una c\u00e1mara genera mucha inseguridad y no hay nada peor que ver a un fot\u00f3grafo que no sabe lo que quiere y que duda todo el tiempo.<\/p>\n<p>Siempre, antes de empezar a hacer las fotos, hablo con la persona y le explico lo que vamos a hacer, la idea que tengo y c\u00f3mo la desarrollaremos. Me gusta tranquilizarles dici\u00e9ndoles que me voy a encargar de todo. Por ejemplo, les ayudo para encontrar la mejor posici\u00f3n, la ropa, el pelo y el maquillaje; y a partir de ah\u00ed, buscamos juntos un espacio que sea c\u00f3modo para ambos. En lo t\u00e9cnico, suelo utilizar una luz lo m\u00e1s favorecedora y flexible posible, que permita a la persona moverse.<\/p>\n<p>Lo m\u00e1s importante es ganar su confianza, estar pendiente de sus gestos, para que no haya nada que le haga sentirse inc\u00f3modo y as\u00ed buscar aquello que lo hace especial y diferente. Luego, hay que estar atento a capturar ese momento, porque a veces no se repite. Durante tu dilatada trayectoria como profesional.<\/p>\n<figure id=\"attachment_15285\" aria-describedby=\"caption-attachment-15285\" style=\"width: 640px\" class=\"wp-caption alignnone\"><img loading=\"lazy\" decoding=\"async\" class=\"size-medium wp-image-15285\" src=\"https:\/\/www.captionmagazine.org\/wp-content\/uploads\/2023\/07\/RS8492_patricia-guirado-2019-paco-navarro-640x800.jpg\" alt=\"\" width=\"640\" height=\"800\" srcset=\"https:\/\/www.captionmagazine.org\/wp-content\/uploads\/2023\/07\/RS8492_patricia-guirado-2019-paco-navarro-640x800.jpg 640w, https:\/\/www.captionmagazine.org\/wp-content\/uploads\/2023\/07\/RS8492_patricia-guirado-2019-paco-navarro-370x463.jpg 370w, https:\/\/www.captionmagazine.org\/wp-content\/uploads\/2023\/07\/RS8492_patricia-guirado-2019-paco-navarro-20x25.jpg 20w, https:\/\/www.captionmagazine.org\/wp-content\/uploads\/2023\/07\/RS8492_patricia-guirado-2019-paco-navarro-600x750.jpg 600w, https:\/\/www.captionmagazine.org\/wp-content\/uploads\/2023\/07\/RS8492_patricia-guirado-2019-paco-navarro-38x48.jpg 38w\" sizes=\"auto, (max-width: 640px) 100vw, 640px\" \/><figcaption id=\"caption-attachment-15285\" class=\"wp-caption-text\">Patricia Guirado 2019 Fujifilm X-H1, Fujinon XF56mm f1.2\u00a0 \u00a9 Paco Navarro<\/figcaption><\/figure>\n<p><em><strong>\u00bfCu\u00e1les han sido los momentos m\u00e1s gratos y cu\u00e1les los m\u00e1s dolorosos?<\/strong><\/em><\/p>\n<p>En los retratos los mejores momentos vienen cuando logras conectar con la persona, ya que cuando est\u00e1n delante de la c\u00e1mara est\u00e1n inseguros y en una posici\u00f3n muy vulnerable. Si consigues su confianza y se relajan es posible encontrar mucha verdad, que es lo m\u00e1s importante en un retrato. Los peores momentos no dir\u00eda dolorosos- llegan cuando no hay esta conexi\u00f3n. No me ha pasado muchas veces, pero me ha ocurrido. No le puedes caer bien a todo el mundo.<\/p>\n<p><em><strong>\u00bfEn qu\u00e9 consiste tu flujo de trabajo, desde la toma a la entrega final?<\/strong><\/em><\/p>\n<p>Ahora, con el digital cuando llego a casa, descargo las im\u00e1genes en el ordenador, hago una primera selecci\u00f3n con Adobe Bridge y se la paso al cliente. Cuando hemos llegado a un acuerdo con las im\u00e1genes que vamos a utilizar las edito con Camera Raw y luego retoco con Photoshop. Con normalidad retoco personalmente mis fotos a no ser que sea algo muy complicado y se lo pase a un profesional del retoque.<\/p>\n<figure id=\"attachment_15289\" aria-describedby=\"caption-attachment-15289\" style=\"width: 640px\" class=\"wp-caption alignnone\"><img loading=\"lazy\" decoding=\"async\" class=\"size-medium wp-image-15289\" src=\"https:\/\/www.captionmagazine.org\/wp-content\/uploads\/2023\/07\/RS8483_eduard-fernandez-2016-paco-navarro-640x853.jpg\" alt=\"\" width=\"640\" height=\"853\" srcset=\"https:\/\/www.captionmagazine.org\/wp-content\/uploads\/2023\/07\/RS8483_eduard-fernandez-2016-paco-navarro-640x853.jpg 640w, https:\/\/www.captionmagazine.org\/wp-content\/uploads\/2023\/07\/RS8483_eduard-fernandez-2016-paco-navarro-370x493.jpg 370w, https:\/\/www.captionmagazine.org\/wp-content\/uploads\/2023\/07\/RS8483_eduard-fernandez-2016-paco-navarro-20x27.jpg 20w, https:\/\/www.captionmagazine.org\/wp-content\/uploads\/2023\/07\/RS8483_eduard-fernandez-2016-paco-navarro-600x800.jpg 600w, https:\/\/www.captionmagazine.org\/wp-content\/uploads\/2023\/07\/RS8483_eduard-fernandez-2016-paco-navarro-36x48.jpg 36w\" sizes=\"auto, (max-width: 640px) 100vw, 640px\" \/><figcaption id=\"caption-attachment-15289\" class=\"wp-caption-text\">Eduard Fern\u00e1ndez 2016 Fujifilm X-T2, Fujinon XF56mm f1.2 \u00a9 Paco Navarro<\/figcaption><\/figure>\n<p><em><strong>\u00bfNos puedes comentar alguna an\u00e9cdota, con alg\u00fan famoso, o bien, cu\u00e1l es t\u00fa fot\u00f3grafo favorito?<\/strong><\/em><\/p>\n<p>No me gusta comentar en p\u00fablico las cosas que pasan en las sesiones y menos con gente famosa. Si hablamos de fotograf\u00eda de moda y retratos, cuando empec\u00e9 los grandes maestros y en los que m\u00e1s me fijaba eran Richard Avedon, Irving Penn y Helmut Newton. Muy diferentes entre ellos, pero todos maravillosos fot\u00f3grafos. Luego vinieron Bruce Weber, Peter Lindbergh, Patrick Demarchelier, Herb Ritts, Paolo Roversi, Steven Meisel y Javier Vallhonrrat. De los actuales, me gustan mucho Mert &amp; Marcus, Mario Testino y Nick Knight. En general me gustan los fot\u00f3grafos que tienen un estilo propio e inconfundible, que cuando ves una de sus fotos sabes de qui\u00e9n es. Existen varias publicaciones que marcan un l\u00edmite \u00e9tico al retoque fotogr\u00e1fico.<\/p>\n<p><em><strong>\u00bfHasta d\u00f3nde crees que est\u00e1 permitido intervenir la imagen, sin perder la identidad del personaje?<\/strong><\/em><\/p>\n<p>Desde un comienzo, siempre se han retocado las fotos. La diferencia es que ahora es mucho m\u00e1s f\u00e1cil y pr\u00e1cticamente no hay l\u00edmites en lo que se puede retocar, estirar, adelgazar, o borrar arrugas, hasta convertir a las personas en ilustraciones. Me gusta que las fotos se vean lo m\u00e1s natural posible pero no veo nada malo en matizar un brillo en la piel, borrar un granito que te sali\u00f3 ayer, suavizar -y no borrar- una arruga en la piel, arreglar un pliegue de la ropa o un pelo que est\u00e1 fuera de sitio. Normalmente, esto lo hablo con la persona a la que fotograf\u00edo y le ense\u00f1o el retoque antes de publicar.<\/p>\n<figure id=\"attachment_15291\" aria-describedby=\"caption-attachment-15291\" style=\"width: 640px\" class=\"wp-caption alignnone\"><img loading=\"lazy\" decoding=\"async\" class=\"size-medium wp-image-15291\" src=\"https:\/\/www.captionmagazine.org\/wp-content\/uploads\/2023\/07\/RS8486_jose-manuel-seda-2018-paco-navarro-640x853.jpg\" alt=\"\" width=\"640\" height=\"853\" srcset=\"https:\/\/www.captionmagazine.org\/wp-content\/uploads\/2023\/07\/RS8486_jose-manuel-seda-2018-paco-navarro-640x853.jpg 640w, https:\/\/www.captionmagazine.org\/wp-content\/uploads\/2023\/07\/RS8486_jose-manuel-seda-2018-paco-navarro-370x493.jpg 370w, https:\/\/www.captionmagazine.org\/wp-content\/uploads\/2023\/07\/RS8486_jose-manuel-seda-2018-paco-navarro-20x27.jpg 20w, https:\/\/www.captionmagazine.org\/wp-content\/uploads\/2023\/07\/RS8486_jose-manuel-seda-2018-paco-navarro-600x800.jpg 600w, https:\/\/www.captionmagazine.org\/wp-content\/uploads\/2023\/07\/RS8486_jose-manuel-seda-2018-paco-navarro-36x48.jpg 36w\" sizes=\"auto, (max-width: 640px) 100vw, 640px\" \/><figcaption id=\"caption-attachment-15291\" class=\"wp-caption-text\">Jos\u00e9 Manuel Seda 2018 Fujifilm GFX50S, Fujinon GF110mm f2 \u00a9 Paco Navarro<\/figcaption><\/figure>\n<p><em><strong>\u00bfCu\u00e1ndo eliges usar medio formato y cu\u00e1ndo APS-C?<\/strong><\/em><\/p>\n<p>Depende de los requerimientos del trabajo. Pero, en principio si hay mucho movimiento y tengo que disparar muy r\u00e1pido o necesito m\u00e1s profundidad de campo, lo hago con APS-C. Hay veces que, para primeros planos, con mujeres, por ejemplo, el medio formato puede tener demasiado detalle. Ahora, utilizo la Fujifilm X-H2 como APS-C, que tiene 40 megap\u00edxeles y es una c\u00e1mara fant\u00e1stica con calidad de sobra para la mayor\u00eda de los trabajos.<\/p>\n<p>Para medio formato tengo la Fujifilm 50S que es mi c\u00e1mara preferida por su incre\u00edble calidad y el maravilloso bokeh de sus objetivos. Adem\u00e1s, me gusta tomarme tiempo para hacer las fotos.<\/p>\n<p><strong><em>\u00bfHacia d\u00f3nde crees que avanza la fotograf\u00eda y c\u00f3mo crees que ser\u00e1 en el futuro? <\/em><\/strong><\/p>\n<p>No tengo muy claro a d\u00f3nde va a llevar la tecnolog\u00eda a la fotograf\u00eda. Antes, pensaba que con el desarrollo del v\u00eddeo podr\u00edamos grabar y luego elegir un frame con la misma calidad que una fotograf\u00eda, pero ahora con la inteligencia artificial no tengo ni idea de d\u00f3nde acabaremos. En cualquier caso, espero que no se pierda la magia.<\/p>\n<p><strong><em>\u00bfComo definir\u00edas tu forma de trabajar y en qu\u00e9 circunstancias te sientes m\u00e1s c\u00f3modo?<\/em><\/strong><\/p>\n<p>En los trabajos de moda, ya sea editorial o campa\u00f1as para dise\u00f1adores o marcas, lo que m\u00e1s me gusta es poder contar una historia, y que cada fotograf\u00eda sea una parte de esa historia. En cambio, en los retratos sobre todo me gusta no tener prisa, aunque muchas veces con la gente muy famosa tienes que resolver las fotos muy r\u00e1pido. En cualquier caso, no tengo preferencias por trabajar en estudios o en localizaciones o con luz natural o artificial. Cada cosa tiene su encanto.<\/p>\n<p><strong><em>\u00bfCu\u00e1l es el trabajo del que te sientes m\u00e1s orgulloso? <\/em><\/strong><\/p>\n<p>Despu\u00e9s de tantos a\u00f1os no sabr\u00eda decirte. He hecho editoriales estupendas con las mejores revistas espa\u00f1olas y algunas extranjeras, grandes campa\u00f1as de publicidad con gente muy famosa, cat\u00e1logos para grandes dise\u00f1adores de moda, portadas de discos, retratos a gente maravillosa. La verdad es que me siento orgulloso de casi todos mis trabajos porque siempre intento dar lo mejor. Lo hago sin importar si la persona a la que fotograf\u00edo es m\u00e1s o menos famosa.<\/p>\n<figure id=\"attachment_15293\" aria-describedby=\"caption-attachment-15293\" style=\"width: 640px\" class=\"wp-caption alignnone\"><img loading=\"lazy\" decoding=\"async\" class=\"size-medium wp-image-15293\" src=\"https:\/\/www.captionmagazine.org\/wp-content\/uploads\/2023\/07\/RS8487_karen-marinovich-2017-paco-navarro-640x853.jpg\" alt=\"\" width=\"640\" height=\"853\" srcset=\"https:\/\/www.captionmagazine.org\/wp-content\/uploads\/2023\/07\/RS8487_karen-marinovich-2017-paco-navarro-640x853.jpg 640w, https:\/\/www.captionmagazine.org\/wp-content\/uploads\/2023\/07\/RS8487_karen-marinovich-2017-paco-navarro-370x493.jpg 370w, https:\/\/www.captionmagazine.org\/wp-content\/uploads\/2023\/07\/RS8487_karen-marinovich-2017-paco-navarro-20x27.jpg 20w, https:\/\/www.captionmagazine.org\/wp-content\/uploads\/2023\/07\/RS8487_karen-marinovich-2017-paco-navarro-600x800.jpg 600w, https:\/\/www.captionmagazine.org\/wp-content\/uploads\/2023\/07\/RS8487_karen-marinovich-2017-paco-navarro-36x48.jpg 36w\" sizes=\"auto, (max-width: 640px) 100vw, 640px\" \/><figcaption id=\"caption-attachment-15293\" class=\"wp-caption-text\">Karen Marinovich 2017 Fujifilm GFX50S, Fujinon GF110mm \u00a9 Paco Navarro<\/figcaption><\/figure>\n<p><em><strong>\u00bfTienes alg\u00fan referente actual, o alg\u00fan consejo para los j\u00f3venes fot\u00f3grafos o fot\u00f3grafas?<\/strong><\/em><\/p>\n<p>En la fotograf\u00eda actual de retratos y moda la verdad es que no hay nadie que me llame especialmente la atenci\u00f3n, pero posiblemente sea porque no estoy muy informado. Me siguen gustando m\u00e1s los mejores fot\u00f3grafos de mi generaci\u00f3n y los grandes maestros, que lo que veo ahora publicado.<\/p>\n<p>A los j\u00f3venes fot\u00f3grafos les recomiendo que conviertan este trabajo en su pasi\u00f3n y que hagan fotos sin parar. Que hagan fotos de viajes, paisajes, bodegones, moda, retratos, conciertos, o deportes. De todo se aprende algo y as\u00ed ir\u00e1s descubriendo cu\u00e1l es el camino donde te encuentras m\u00e1s a gusto. Tambi\u00e9n, que vean libros de los mejores fot\u00f3grafos, que vayan a los museos a ver exposiciones que llenen su cabeza y su coraz\u00f3n de im\u00e1genes; y claro, en estos tiempos, que est\u00e9n al tanto de las nuevas tecnolog\u00edas.<\/p>\n<p><em><strong>\u00bfQu\u00e9 nos puedes decir sobre las c\u00e1maras Fujifilm?<\/strong><\/em><\/p>\n<p>Utilizo las c\u00e1maras de Fujifilm desde el nacimiento de la Serie X en 2011 o 2012. Fui elegido junto a otros fot\u00f3grafos en el grupo de <em>FujifilmXphotographers<\/em> para ayudar a la compa\u00f1\u00eda en el desarrollo de estas nuevas c\u00e1maras. El nacimiento de los equipos sin espejo, por ejemplo, supuso un gran cambio, haci\u00e9ndolos m\u00e1s peque\u00f1os, ligeros y manejables, pero sin renunciar en ning\u00fan momento a la mejor calidad. Es una filosof\u00eda que comparto totalmente y desde entonces las utilizo para todos mis trabajos; y con ello, no puedo estar m\u00e1s feliz.<\/p>\n<figure id=\"attachment_15295\" aria-describedby=\"caption-attachment-15295\" style=\"width: 640px\" class=\"wp-caption alignnone\"><img loading=\"lazy\" decoding=\"async\" class=\"wp-image-15295 size-medium\" src=\"https:\/\/www.captionmagazine.org\/wp-content\/uploads\/2023\/07\/RS8488_macarena-gomez-2018-paco-navarro-640x640.jpg\" alt=\"\" width=\"640\" height=\"640\" srcset=\"https:\/\/www.captionmagazine.org\/wp-content\/uploads\/2023\/07\/RS8488_macarena-gomez-2018-paco-navarro-640x640.jpg 640w, https:\/\/www.captionmagazine.org\/wp-content\/uploads\/2023\/07\/RS8488_macarena-gomez-2018-paco-navarro-160x160.jpg 160w, https:\/\/www.captionmagazine.org\/wp-content\/uploads\/2023\/07\/RS8488_macarena-gomez-2018-paco-navarro-180x180.jpg 180w, https:\/\/www.captionmagazine.org\/wp-content\/uploads\/2023\/07\/RS8488_macarena-gomez-2018-paco-navarro-90x90.jpg 90w, https:\/\/www.captionmagazine.org\/wp-content\/uploads\/2023\/07\/RS8488_macarena-gomez-2018-paco-navarro-370x370.jpg 370w\" sizes=\"auto, (max-width: 640px) 100vw, 640px\" \/><figcaption id=\"caption-attachment-15295\" class=\"wp-caption-text\">Macarena G\u00f3mez 2018 Fujifilm X-H1, Fujinon XF56mm f1.2 \u00a9 Paco Navarro<\/figcaption><\/figure>\n<p><img loading=\"lazy\" decoding=\"async\" class=\"alignnone size-medium wp-image-15297\" src=\"https:\/\/www.captionmagazine.org\/wp-content\/uploads\/2023\/07\/RS8488_macarena-gomez-2018-paco-navarro-1.jpg\" alt=\"\" width=\"1\" height=\"1\" \/><\/p>\n<hr \/>\n<p><strong>Equipo:<\/strong><\/p>\n<p>C\u00e1maras: Fujifilm X-T1, X-H1, X-T2, X-H2, GFX50S<br \/>\nOptica: Fujinon XF23mm f1.4, XF35mm f1.4, XF56mm f1.2, GF110mm f2<\/p>\n<p><strong>Enlaces:<\/strong><\/p>\n<p><a href=\"https:\/\/www.instagram.com\/paconavarrophoto\/\" target=\"_blank\" rel=\"noopener\">instagram.com\/paconavarrophoto<\/a><\/p>\n<p><a href=\"https:\/\/www.instagram.com\/paconavarro_photography\/\" target=\"_blank\" rel=\"noopener\">instagram.com\/paconavarro_photography<\/a><\/p>\n","protected":false},"excerpt":{"rendered":"<p>Paco Navarro: &#8220;Hay que estar atento a capturar ese momento, porque a veces no se repite&#8221; Por Nacho Izquierdo En esta entrevista, el profesional de dilatada trayectoria y reconocimiento, entrega sus claves para entender la disciplina del retrato. Aborda el l\u00edmite \u00e9tico que supone el retoque y sus elecciones personales y t\u00e9cnicas a la hora&hellip;<\/p>\n","protected":false},"author":4,"featured_media":15283,"comment_status":"closed","ping_status":"closed","sticky":false,"template":"","format":"gallery","meta":{"footnotes":""},"categories":[79],"tags":[341,985,990,168],"thb-sponsors":[],"class_list":["post-15280","post","type-post","status-publish","format-gallery","has-post-thumbnail","hentry","category-entrevistas","tag-fujifilm","tag-n22","tag-publicidad","tag-retratos","post_format-post-format-gallery"],"_links":{"self":[{"href":"https:\/\/www.captionmagazine.org\/en\/wp-json\/wp\/v2\/posts\/15280","targetHints":{"allow":["GET"]}}],"collection":[{"href":"https:\/\/www.captionmagazine.org\/en\/wp-json\/wp\/v2\/posts"}],"about":[{"href":"https:\/\/www.captionmagazine.org\/en\/wp-json\/wp\/v2\/types\/post"}],"author":[{"embeddable":true,"href":"https:\/\/www.captionmagazine.org\/en\/wp-json\/wp\/v2\/users\/4"}],"replies":[{"embeddable":true,"href":"https:\/\/www.captionmagazine.org\/en\/wp-json\/wp\/v2\/comments?post=15280"}],"version-history":[{"count":20,"href":"https:\/\/www.captionmagazine.org\/en\/wp-json\/wp\/v2\/posts\/15280\/revisions"}],"predecessor-version":[{"id":15494,"href":"https:\/\/www.captionmagazine.org\/en\/wp-json\/wp\/v2\/posts\/15280\/revisions\/15494"}],"wp:featuredmedia":[{"embeddable":true,"href":"https:\/\/www.captionmagazine.org\/en\/wp-json\/wp\/v2\/media\/15283"}],"wp:attachment":[{"href":"https:\/\/www.captionmagazine.org\/en\/wp-json\/wp\/v2\/media?parent=15280"}],"wp:term":[{"taxonomy":"category","embeddable":true,"href":"https:\/\/www.captionmagazine.org\/en\/wp-json\/wp\/v2\/categories?post=15280"},{"taxonomy":"post_tag","embeddable":true,"href":"https:\/\/www.captionmagazine.org\/en\/wp-json\/wp\/v2\/tags?post=15280"},{"taxonomy":"thb-sponsors","embeddable":true,"href":"https:\/\/www.captionmagazine.org\/en\/wp-json\/wp\/v2\/thb-sponsors?post=15280"}],"curies":[{"name":"wp","href":"https:\/\/api.w.org\/{rel}","templated":true}]}}