{"id":15200,"date":"2023-07-10T22:54:23","date_gmt":"2023-07-11T02:54:23","guid":{"rendered":"https:\/\/www.captionmagazine.org\/?p=15200"},"modified":"2023-07-10T22:57:13","modified_gmt":"2023-07-11T02:57:13","slug":"david-airob-perderse-para-recordar","status":"publish","type":"post","link":"https:\/\/www.captionmagazine.org\/en\/libros\/david-airob-perderse-para-recordar","title":{"rendered":"David Airob: Perderse para recordar"},"content":{"rendered":"<h3><strong>Perderse para recordar<\/strong><\/h3>\n<h4><strong>Por David Airob<\/strong><\/h4>\n<p>La vida cotidiana de El Prat tiene nombre de mujer. Una mujer sabia, fuerte y valiente, en donde sus calles se pintan con las miradas de los que aqu\u00ed nacieron y los que aqu\u00ed han encontrado su espacio donde vivir, crecer y amar. Se trata de un bosque sabio que se ha desarrollado tras escuchar muchas clases de literatura y en los patios de las escuelas, en donde la sonrisa de los m\u00e1s peque\u00f1os estalla en mil lenguas.<\/p>\n<p>&nbsp;<\/p>\n<div class=\"wp-block-button is-style-outline\"><a class=\"wp-block-button__link\" style=\"border-radius: 10px;\" href=\"https:\/\/www.captionmagazine.org\/papel-digital-n22#page6\" rel=\"noreferrer noopener\">Lee este art\u00edculo en papel digital<\/a><\/div>\n<p>&nbsp;<\/p>\n<figure id=\"attachment_15232\" aria-describedby=\"caption-attachment-15232\" style=\"width: 640px\" class=\"wp-caption alignnone\"><img loading=\"lazy\" decoding=\"async\" class=\"size-medium wp-image-15232\" src=\"https:\/\/www.captionmagazine.org\/wp-content\/uploads\/2023\/07\/RS8208_017-640x548.jpg\" alt=\"\" width=\"640\" height=\"548\" srcset=\"https:\/\/www.captionmagazine.org\/wp-content\/uploads\/2023\/07\/RS8208_017-640x548.jpg 640w, https:\/\/www.captionmagazine.org\/wp-content\/uploads\/2023\/07\/RS8208_017-370x317.jpg 370w, https:\/\/www.captionmagazine.org\/wp-content\/uploads\/2023\/07\/RS8208_017-20x17.jpg 20w, https:\/\/www.captionmagazine.org\/wp-content\/uploads\/2023\/07\/RS8208_017-600x514.jpg 600w, https:\/\/www.captionmagazine.org\/wp-content\/uploads\/2023\/07\/RS8208_017-56x48.jpg 56w\" sizes=\"auto, (max-width: 640px) 100vw, 640px\" \/><figcaption id=\"caption-attachment-15232\" class=\"wp-caption-text\">\u00a9 David Airob<\/figcaption><\/figure>\n<figure id=\"attachment_15228\" aria-describedby=\"caption-attachment-15228\" style=\"width: 640px\" class=\"wp-caption alignnone\"><img loading=\"lazy\" decoding=\"async\" class=\"size-medium wp-image-15228\" src=\"https:\/\/www.captionmagazine.org\/wp-content\/uploads\/2023\/07\/RS8205_014-640x548.jpg\" alt=\"\" width=\"640\" height=\"548\" srcset=\"https:\/\/www.captionmagazine.org\/wp-content\/uploads\/2023\/07\/RS8205_014-640x548.jpg 640w, https:\/\/www.captionmagazine.org\/wp-content\/uploads\/2023\/07\/RS8205_014-370x317.jpg 370w, https:\/\/www.captionmagazine.org\/wp-content\/uploads\/2023\/07\/RS8205_014-20x17.jpg 20w, https:\/\/www.captionmagazine.org\/wp-content\/uploads\/2023\/07\/RS8205_014-600x514.jpg 600w, https:\/\/www.captionmagazine.org\/wp-content\/uploads\/2023\/07\/RS8205_014-56x48.jpg 56w\" sizes=\"auto, (max-width: 640px) 100vw, 640px\" \/><figcaption id=\"caption-attachment-15228\" class=\"wp-caption-text\">\u00a9 David Airob<\/figcaption><\/figure>\n<p>Al mercadillo semanal le llamaron jueves. Mientras los martes, un joven se sienta bajo los pies de un caballo con quien habla; a la vez que los s\u00e1bados, sirenas y lobos de mar descubren las profundidades remotas del oc\u00e9ano. Hay un parque donde habitan hadas, una tierra protegida donde retozan caballos blancos y unos corrales donde los pollos visten zapatos azules. En los campos, un padre transmite a sus hijos el amor por la tierra, mientras un grupo de hombres recogen cientos de flores verdes. En las noches de verano, las estrellas iluminan cines improvisados en la calle, los diablos danzan alrededor del fuego, hay teatro en las azoteas, y una pareja se ama en el interior de un coche \u00bfser\u00e1 su primera vez?<\/p>\n<p>La fotograf\u00eda documental ejerce esa funci\u00f3n tan necesaria como es el recordar para no olvidar. Para ello invita a perdernos, a caminar, a mirar en silencio y volvernos a perder en busca de aquella fracci\u00f3n de segundo que, como dice mi querido y admirado Joan Guerrero, a\u00fane \u201calma, coraz\u00f3n y vida\u201d, y con ello sublimar lo cotidiano. Son acertadas las palabras con las que el fot\u00f3grafo chileno Sergio Larra\u00edn escribi\u00f3 a su sobrino cuando este le expres\u00f3 su deseo de ser fot\u00f3grafo: \u201c(\u2026) es mucho vagabundeo, es estar sentado debajo de un \u00e1rbol en cualquier parte. Es un andar solo por el universo. Uno nuevamente empieza a mirar, el mundo convencional te pone un biombo y hay que salir de \u00e9l durante el periodo de fotograf\u00eda.\u201d<\/p>\n<figure id=\"attachment_15226\" aria-describedby=\"caption-attachment-15226\" style=\"width: 640px\" class=\"wp-caption alignnone\"><img loading=\"lazy\" decoding=\"async\" class=\"size-medium wp-image-15226\" src=\"https:\/\/www.captionmagazine.org\/wp-content\/uploads\/2023\/07\/RS8204_013-640x549.jpg\" alt=\"\" width=\"640\" height=\"549\" srcset=\"https:\/\/www.captionmagazine.org\/wp-content\/uploads\/2023\/07\/RS8204_013-640x549.jpg 640w, https:\/\/www.captionmagazine.org\/wp-content\/uploads\/2023\/07\/RS8204_013-370x317.jpg 370w, https:\/\/www.captionmagazine.org\/wp-content\/uploads\/2023\/07\/RS8204_013-20x17.jpg 20w, https:\/\/www.captionmagazine.org\/wp-content\/uploads\/2023\/07\/RS8204_013-600x514.jpg 600w, https:\/\/www.captionmagazine.org\/wp-content\/uploads\/2023\/07\/RS8204_013-56x48.jpg 56w\" sizes=\"auto, (max-width: 640px) 100vw, 640px\" \/><figcaption id=\"caption-attachment-15226\" class=\"wp-caption-text\">\u00a9 David Airob<\/figcaption><\/figure>\n<figure id=\"attachment_15220\" aria-describedby=\"caption-attachment-15220\" style=\"width: 640px\" class=\"wp-caption alignnone\"><img loading=\"lazy\" decoding=\"async\" class=\"size-medium wp-image-15220\" src=\"https:\/\/www.captionmagazine.org\/wp-content\/uploads\/2023\/07\/RS8201_010-640x548.jpg\" alt=\"\" width=\"640\" height=\"548\" srcset=\"https:\/\/www.captionmagazine.org\/wp-content\/uploads\/2023\/07\/RS8201_010-640x548.jpg 640w, https:\/\/www.captionmagazine.org\/wp-content\/uploads\/2023\/07\/RS8201_010-370x317.jpg 370w, https:\/\/www.captionmagazine.org\/wp-content\/uploads\/2023\/07\/RS8201_010-20x17.jpg 20w, https:\/\/www.captionmagazine.org\/wp-content\/uploads\/2023\/07\/RS8201_010-600x514.jpg 600w, https:\/\/www.captionmagazine.org\/wp-content\/uploads\/2023\/07\/RS8201_010-56x48.jpg 56w\" sizes=\"auto, (max-width: 640px) 100vw, 640px\" \/><figcaption id=\"caption-attachment-15220\" class=\"wp-caption-text\">\u00a9 David Airob<\/figcaption><\/figure>\n<p>Sirvan as\u00ed todos los momentos de la vida que componen este libro, enmarcados en un fragmento de luz y tiempo, para recordar y no olvidar este lugar en el mundo. Un lugar donde la gente an\u00f3nima hizo, hace y har\u00e1 cosas maravillosas.<\/p>\n<hr \/>\n<p><strong>El origen del libro:<\/strong><\/p>\n<p>A finales de 2019 se puso en contacto el ayuntamiento del Prat para ofrecerme llevar a cabo el nuevo libro Institucional de dicha poblaci\u00f3n. Mi propuesta fue documentar el a\u00f1o 2020 y sacar el libro en 2021 pero la pandemia llev\u00f3 al traste todo y el proyecto se aplaz\u00f3 durante dos a\u00f1os. De hecho se empez\u00f3 en enero de 2020 y se aplaz\u00f3 en marzo y se retom\u00f3 el marzo de 2023.<\/p>\n<p>Durante la Covid centr\u00e9 toda mi cobertura en el Prat, trabajo del que surgi\u00f3 la exposici\u00f3n \u201c<em>Hores (tristes) de Prat<\/em>\u201d, adoptando el nombre del libro pero con el tristes entre par\u00e9ntesis.<\/p>\n<figure id=\"attachment_15218\" aria-describedby=\"caption-attachment-15218\" style=\"width: 640px\" class=\"wp-caption alignnone\"><img loading=\"lazy\" decoding=\"async\" class=\"size-medium wp-image-15218\" src=\"https:\/\/www.captionmagazine.org\/wp-content\/uploads\/2023\/07\/RS8200_009-640x548.jpg\" alt=\"\" width=\"640\" height=\"548\" srcset=\"https:\/\/www.captionmagazine.org\/wp-content\/uploads\/2023\/07\/RS8200_009-640x548.jpg 640w, https:\/\/www.captionmagazine.org\/wp-content\/uploads\/2023\/07\/RS8200_009-370x317.jpg 370w, https:\/\/www.captionmagazine.org\/wp-content\/uploads\/2023\/07\/RS8200_009-20x17.jpg 20w, https:\/\/www.captionmagazine.org\/wp-content\/uploads\/2023\/07\/RS8200_009-600x514.jpg 600w, https:\/\/www.captionmagazine.org\/wp-content\/uploads\/2023\/07\/RS8200_009-56x48.jpg 56w\" sizes=\"auto, (max-width: 640px) 100vw, 640px\" \/><figcaption id=\"caption-attachment-15218\" class=\"wp-caption-text\">\u00a9 David Airob<\/figcaption><\/figure>\n<figure id=\"attachment_15214\" aria-describedby=\"caption-attachment-15214\" style=\"width: 640px\" class=\"wp-caption alignnone\"><img loading=\"lazy\" decoding=\"async\" class=\"size-medium wp-image-15214\" src=\"https:\/\/www.captionmagazine.org\/wp-content\/uploads\/2023\/07\/RS8198_007-640x548.jpg\" alt=\"\" width=\"640\" height=\"548\" srcset=\"https:\/\/www.captionmagazine.org\/wp-content\/uploads\/2023\/07\/RS8198_007-640x548.jpg 640w, https:\/\/www.captionmagazine.org\/wp-content\/uploads\/2023\/07\/RS8198_007-370x317.jpg 370w, https:\/\/www.captionmagazine.org\/wp-content\/uploads\/2023\/07\/RS8198_007-20x17.jpg 20w, https:\/\/www.captionmagazine.org\/wp-content\/uploads\/2023\/07\/RS8198_007-600x514.jpg 600w, https:\/\/www.captionmagazine.org\/wp-content\/uploads\/2023\/07\/RS8198_007-56x48.jpg 56w\" sizes=\"auto, (max-width: 640px) 100vw, 640px\" \/><figcaption id=\"caption-attachment-15214\" class=\"wp-caption-text\">\u00a9 David Airob<\/figcaption><\/figure>\n<p>&nbsp;<\/p>\n<hr \/>\n<p><strong>Acerca del Autor:<\/strong><\/p>\n<p>David Airob (Barcelona 1967) Ha sido fot\u00f3grafo del diario \u201cLa Vanguardia\u201d desde 1990 hasta 2018. Peri\u00f3dico del que fue Redactor Jefe de la Secci\u00f3n de Fotograf\u00eda. Desde su incorporaci\u00f3n ha cubierto todo tipo de informaciones: Politica, Internacional, Deportes, etc. Paralelamente a su trabajo en dicho rotativo, ha realizado distintos proyectos personales que han sido galardonados en cert\u00e1menes c\u00f3mo: World Press Photo, Sony World Photography Awards, Poy Latam, etc. Premio \u201cAgust\u00ed Centelles\u201d de fotoperiodismo, ha publicado en revistas internacionales c\u00f3mo: TIME, Paris-Match, Der Spiegel, A-Magasinet, etc.<\/p>\n<p>En 2013 inicia su etapa como vide\u00f3grafo codirigiendo el corto \u201cCalcio Storico\u201d por el que recibe un premio World Press Photo y POY Latam en la categor\u00eda de \u201cMultimedia\u201d as\u00ed c\u00f3mo \u201cBest Documentary\u201d en el certamen \u201cBarcelona Sports Film Festival\u201d. En 2014 estrena su primer largo \u201cLa Caja de Cerillas\u201d, documental basado en la experiencia personal y profesional del fotoperiodista espa\u00f1ol Joan Guerrero. Actualmente combina su trabajo de fot\u00f3grafo y vide\u00f3grafo freelance en diferentes proyectos period\u00edsticos.<\/p>\n<p><strong>Enlaces:<\/strong><\/p>\n<p><a href=\"http:\/\/davidairob.com\" target=\"_blank\" rel=\"noopener\">davidairob.com<\/a><\/p>\n<p><a href=\"https:\/\/www.instagram.com\/davidairob\" target=\"_blank\" rel=\"noopener\">instagram.com\/davidairob<\/a><\/p>\n<p>&nbsp;<\/p>\n","protected":false},"excerpt":{"rendered":"<p>Perderse para recordar Por David Airob La vida cotidiana de El Prat tiene nombre de mujer. Una mujer sabia, fuerte y valiente, en donde sus calles se pintan con las miradas de los que aqu\u00ed nacieron y los que aqu\u00ed han encontrado su espacio donde vivir, crecer y amar. Se trata de un bosque sabio&hellip;<\/p>\n","protected":false},"author":4,"featured_media":15212,"comment_status":"closed","ping_status":"closed","sticky":false,"template":"","format":"gallery","meta":{"footnotes":""},"categories":[238],"tags":[986,987,985],"thb-sponsors":[],"class_list":["post-15200","post","type-post","status-publish","format-gallery","has-post-thumbnail","hentry","category-libros","tag-el-prat-de-llobregat","tag-hores-de-prat","tag-n22","post_format-post-format-gallery"],"_links":{"self":[{"href":"https:\/\/www.captionmagazine.org\/en\/wp-json\/wp\/v2\/posts\/15200","targetHints":{"allow":["GET"]}}],"collection":[{"href":"https:\/\/www.captionmagazine.org\/en\/wp-json\/wp\/v2\/posts"}],"about":[{"href":"https:\/\/www.captionmagazine.org\/en\/wp-json\/wp\/v2\/types\/post"}],"author":[{"embeddable":true,"href":"https:\/\/www.captionmagazine.org\/en\/wp-json\/wp\/v2\/users\/4"}],"replies":[{"embeddable":true,"href":"https:\/\/www.captionmagazine.org\/en\/wp-json\/wp\/v2\/comments?post=15200"}],"version-history":[{"count":12,"href":"https:\/\/www.captionmagazine.org\/en\/wp-json\/wp\/v2\/posts\/15200\/revisions"}],"predecessor-version":[{"id":15484,"href":"https:\/\/www.captionmagazine.org\/en\/wp-json\/wp\/v2\/posts\/15200\/revisions\/15484"}],"wp:featuredmedia":[{"embeddable":true,"href":"https:\/\/www.captionmagazine.org\/en\/wp-json\/wp\/v2\/media\/15212"}],"wp:attachment":[{"href":"https:\/\/www.captionmagazine.org\/en\/wp-json\/wp\/v2\/media?parent=15200"}],"wp:term":[{"taxonomy":"category","embeddable":true,"href":"https:\/\/www.captionmagazine.org\/en\/wp-json\/wp\/v2\/categories?post=15200"},{"taxonomy":"post_tag","embeddable":true,"href":"https:\/\/www.captionmagazine.org\/en\/wp-json\/wp\/v2\/tags?post=15200"},{"taxonomy":"thb-sponsors","embeddable":true,"href":"https:\/\/www.captionmagazine.org\/en\/wp-json\/wp\/v2\/thb-sponsors?post=15200"}],"curies":[{"name":"wp","href":"https:\/\/api.w.org\/{rel}","templated":true}]}}