{"id":15114,"date":"2023-06-21T23:47:47","date_gmt":"2023-06-22T03:47:47","guid":{"rendered":"https:\/\/www.captionmagazine.org\/?p=15114"},"modified":"2023-06-21T23:55:38","modified_gmt":"2023-06-22T03:55:38","slug":"premio-zampa-2023","status":"publish","type":"post","link":"https:\/\/www.captionmagazine.org\/en\/noticias\/premio-zampa-2023","title":{"rendered":"Abierta convocatoria al Premio Zampa 2023"},"content":{"rendered":"<h3><strong>Abierta la convocatoria para el III Premio Zampa 2023<\/strong><\/h3>\n<p>Pueden participar todos los fot\u00f3grafos profesionales de los medios de comunicaci\u00f3n residentes en el Estado espa\u00f1ol, as\u00ed como los colectivos que acrediten la profesionalidad de los participantes.<\/p>\n<p><img loading=\"lazy\" decoding=\"async\" class=\"alignnone size-medium wp-image-15115\" src=\"https:\/\/www.captionmagazine.org\/wp-content\/uploads\/2023\/06\/Screenshot-2023-06-21-at-11.41.14-PM-640x638.png\" alt=\"\" width=\"640\" height=\"638\" srcset=\"https:\/\/www.captionmagazine.org\/wp-content\/uploads\/2023\/06\/Screenshot-2023-06-21-at-11.41.14-PM-640x638.png 640w, https:\/\/www.captionmagazine.org\/wp-content\/uploads\/2023\/06\/Screenshot-2023-06-21-at-11.41.14-PM-160x160.png 160w, https:\/\/www.captionmagazine.org\/wp-content\/uploads\/2023\/06\/Screenshot-2023-06-21-at-11.41.14-PM-180x180.png 180w, https:\/\/www.captionmagazine.org\/wp-content\/uploads\/2023\/06\/Screenshot-2023-06-21-at-11.41.14-PM-90x90.png 90w, https:\/\/www.captionmagazine.org\/wp-content\/uploads\/2023\/06\/Screenshot-2023-06-21-at-11.41.14-PM-370x369.png 370w, https:\/\/www.captionmagazine.org\/wp-content\/uploads\/2023\/06\/Screenshot-2023-06-21-at-11.41.14-PM-20x20.png 20w, https:\/\/www.captionmagazine.org\/wp-content\/uploads\/2023\/06\/Screenshot-2023-06-21-at-11.41.14-PM-300x300.png 300w, https:\/\/www.captionmagazine.org\/wp-content\/uploads\/2023\/06\/Screenshot-2023-06-21-at-11.41.14-PM-600x599.png 600w, https:\/\/www.captionmagazine.org\/wp-content\/uploads\/2023\/06\/Screenshot-2023-06-21-at-11.41.14-PM-100x100.png 100w, https:\/\/www.captionmagazine.org\/wp-content\/uploads\/2023\/06\/Screenshot-2023-06-21-at-11.41.14-PM-48x48.png 48w\" sizes=\"auto, (max-width: 640px) 100vw, 640px\" \/><\/p>\n<p>La convocatoria se abre desde el 15 de junio y hasta el 15 de julio 2023, para la presentaci\u00f3n de proyectos de la tercera edici\u00f3n del Premio Zampa.<\/p>\n<p>La inscripci\u00f3n es gratuita.<\/p>\n<hr \/>\n<p><strong>Enlace:<\/strong><\/p>\n<p>Puedes consultar las bases y bajar el formulario en la web del premio en <a href=\"http:\/\/www.premiozampa.org\" target=\"_blank\" rel=\"noopener\">www.premiozampa.org<\/a><\/p>\n<p><a href=\"https:\/\/www.instagram.com\/premiozampa\/\" target=\"_blank\" rel=\"noopener\">instagram.com\/premiozampa\/<\/a><\/p>\n","protected":false},"excerpt":{"rendered":"<p>Abierta la convocatoria para el III Premio Zampa 2023 Pueden participar todos los fot\u00f3grafos profesionales de los medios de comunicaci\u00f3n residentes en el Estado espa\u00f1ol, as\u00ed como los colectivos que acrediten la profesionalidad de los participantes. La convocatoria se abre desde el 15 de junio y hasta el 15 de julio 2023, para la presentaci\u00f3n&hellip;<\/p>\n","protected":false},"author":4,"featured_media":15115,"comment_status":"closed","ping_status":"closed","sticky":false,"template":"","format":"standard","meta":{"footnotes":""},"categories":[246],"tags":[254,980],"thb-sponsors":[],"class_list":["post-15114","post","type-post","status-publish","format-standard","has-post-thumbnail","hentry","category-noticias","tag-concurso","tag-profesionales"],"_links":{"self":[{"href":"https:\/\/www.captionmagazine.org\/en\/wp-json\/wp\/v2\/posts\/15114","targetHints":{"allow":["GET"]}}],"collection":[{"href":"https:\/\/www.captionmagazine.org\/en\/wp-json\/wp\/v2\/posts"}],"about":[{"href":"https:\/\/www.captionmagazine.org\/en\/wp-json\/wp\/v2\/types\/post"}],"author":[{"embeddable":true,"href":"https:\/\/www.captionmagazine.org\/en\/wp-json\/wp\/v2\/users\/4"}],"replies":[{"embeddable":true,"href":"https:\/\/www.captionmagazine.org\/en\/wp-json\/wp\/v2\/comments?post=15114"}],"version-history":[{"count":9,"href":"https:\/\/www.captionmagazine.org\/en\/wp-json\/wp\/v2\/posts\/15114\/revisions"}],"predecessor-version":[{"id":15125,"href":"https:\/\/www.captionmagazine.org\/en\/wp-json\/wp\/v2\/posts\/15114\/revisions\/15125"}],"wp:featuredmedia":[{"embeddable":true,"href":"https:\/\/www.captionmagazine.org\/en\/wp-json\/wp\/v2\/media\/15115"}],"wp:attachment":[{"href":"https:\/\/www.captionmagazine.org\/en\/wp-json\/wp\/v2\/media?parent=15114"}],"wp:term":[{"taxonomy":"category","embeddable":true,"href":"https:\/\/www.captionmagazine.org\/en\/wp-json\/wp\/v2\/categories?post=15114"},{"taxonomy":"post_tag","embeddable":true,"href":"https:\/\/www.captionmagazine.org\/en\/wp-json\/wp\/v2\/tags?post=15114"},{"taxonomy":"thb-sponsors","embeddable":true,"href":"https:\/\/www.captionmagazine.org\/en\/wp-json\/wp\/v2\/thb-sponsors?post=15114"}],"curies":[{"name":"wp","href":"https:\/\/api.w.org\/{rel}","templated":true}]}}