{"id":1510,"date":"2020-05-07T20:51:35","date_gmt":"2020-05-08T00:51:35","guid":{"rendered":"https:\/\/www.captionmagazine.org\/?p=1510"},"modified":"2022-01-19T11:50:28","modified_gmt":"2022-01-19T14:50:28","slug":"ayudame-a-mirar-tino-soriano","status":"publish","type":"post","link":"https:\/\/www.captionmagazine.org\/en\/libros\/ayudame-a-mirar-tino-soriano","title":{"rendered":"Ay\u00fadame a Mirar: La Biblia del Reportaje Gr\u00e1fico"},"content":{"rendered":"\n<h3 class=\"wp-block-heading\">Tino Soriano<\/h3>\n\n\n\n<p>Hace m\u00e1s de un cuarto de siglo que decid\u00ed ser fot\u00f3grafo profesional. Fue a ra\u00edz de mi asistencia al Festival Internacional de Fotoperiodismo <a href=\"https:\/\/www.visapourlimage.com\/en\" target=\"_blank\" rel=\"noreferrer noopener\" aria-label=\"VISA POUR L\u2019IMAGE (abrir en una nueva pesta\u00f1a)\">VISA POUR L\u2019IMAGE<\/a>, cerca de mi residencia en Banyoles, cuando conoc\u00ed de primera mano a la flor y nata de los reporteros internacionales. Desde su inicio he visitado este certamen todos los a\u00f1os y he tenido la oportunidad de mantener jugosas conversaciones con muchos de sus protagonistas e incluso exponer ah\u00ed. Aqu\u00ed surgi\u00f3 el germen de un libro que ha estado veinticinco a\u00f1os concibi\u00e9ndose.<\/p>\n\n\n\n<p>En un principio, temiendo que con el paso del tiempo se me olvidara o simplemente automatizara las aportaciones importantes que en su momento me ayudaron a crecer como reportero, tom\u00e9 buena nota de ellas. Finalmente he reunido toda la informaci\u00f3n que considero imprescindible para ser un buen fot\u00f3grafo en un ensayo que contiene cientos de citas realizadas por m\u00e1s de 300 autores de todos los tiempos, desarrolladas hasta extremos tan exigentes que al libro le puse el apelativo de \u201cLa biblia del reportaje gr\u00e1fico\u201d.<\/p>\n\n\n\n<p>De la mano del m\u00edtico Robert Capa, cuya obra y milagros brotan como un hilo conductor a lo largo de este ensayo, \u201cAy\u00fadame a mirar\u201d repasa los requisitos que hacen falta para aprender a construir y a compartir historias visuales. La vocaci\u00f3n, la elecci\u00f3n del tema, la anatom\u00eda del acto fotogr\u00e1fico, la \u00e9tica, la selecci\u00f3n gr\u00e1fica, la venta y, para finalizar, predicciones auspiciadas por los expertos. Adem\u00e1s contiene otras informaciones muy valiosas como una lista exhaustiva de becas y de ayudas para desarrollar proyectos fotogr\u00e1ficos, el c\u00e1lculo de los costes de un d\u00eda de trabajo o una inestimable informaci\u00f3n sobre derechos de imagen y jurisprudencia que tanto interesa a los practicantes de la fotograf\u00eda, sean profesionales o aficionados.<\/p>\n\n\n\n<figure class=\"wp-block-image size-large\"><img loading=\"lazy\" decoding=\"async\" width=\"1024\" height=\"677\" src=\"https:\/\/www.captionmagazine.org\/wp-content\/uploads\/2020\/04\/PAR0117-1024x677.jpg\" alt=\"\" class=\"wp-image-1526\" srcset=\"https:\/\/www.captionmagazine.org\/wp-content\/uploads\/2020\/04\/PAR0117-1024x677.jpg 1024w, https:\/\/www.captionmagazine.org\/wp-content\/uploads\/2020\/04\/PAR0117-600x397.jpg 600w, https:\/\/www.captionmagazine.org\/wp-content\/uploads\/2020\/04\/PAR0117-300x198.jpg 300w, https:\/\/www.captionmagazine.org\/wp-content\/uploads\/2020\/04\/PAR0117-768x508.jpg 768w, https:\/\/www.captionmagazine.org\/wp-content\/uploads\/2020\/04\/PAR0117-370x245.jpg 370w, https:\/\/www.captionmagazine.org\/wp-content\/uploads\/2020\/04\/PAR0117-800x529.jpg 800w, https:\/\/www.captionmagazine.org\/wp-content\/uploads\/2020\/04\/PAR0117-20x13.jpg 20w, https:\/\/www.captionmagazine.org\/wp-content\/uploads\/2020\/04\/PAR0117-185x122.jpg 185w, https:\/\/www.captionmagazine.org\/wp-content\/uploads\/2020\/04\/PAR0117-740x489.jpg 740w, https:\/\/www.captionmagazine.org\/wp-content\/uploads\/2020\/04\/PAR0117-400x264.jpg 400w, https:\/\/www.captionmagazine.org\/wp-content\/uploads\/2020\/04\/PAR0117-73x48.jpg 73w\" sizes=\"auto, (max-width: 1024px) 100vw, 1024px\" \/><figcaption>El macho, Par\u00eds, Francia. \u00a9Tino Soriano<\/figcaption><\/figure>\n\n\n\n<p>Lo m\u00e1s sorprendente de este libro, sin embargo, es su estilo fluido y ameno, salpicado de innumerables an\u00e9cdotas poco conocidas de los mejores reporteros del mundo, algunas referidas de primera mano, y tambi\u00e9n un an\u00e1lisis de fotograf\u00edas hist\u00f3ricas como \u201cla muerte de un miliciano\u201d de Robert Capa, cuya autor\u00eda me cuestiono a pesar de la gran admiraci\u00f3n y el tributo que destilan las p\u00e1ginas de \u201cAy\u00fadame a mirar\u201d hacia el archiconocido reportero h\u00fangaro, inspirador de la m\u00edtica agencia Magnum, reconocido entre otros m\u00e9ritos por su esfuerzo para poner en alza los derechos y la obra personal de los fot\u00f3grafos. M\u00e1s adelante os aportar\u00e9 una muestra.<\/p>\n\n\n\n<p>Lo que desconoc\u00eda cuando descubr\u00ed en el festival de Perpignan el trabajo de los grandes reporteros era que mi portafolio me permitir\u00eda acceder como fot\u00f3grafo con todos los honores a la National Geographic Society. Desde esta privilegiada plataforma he trabajado codo a codo y he gozado de un acceso envidiable a muchos de los mejores autores del siglo XX, mis colegas en la prestigiosa Sociedad, lo que le proporciona a esta obra el aliciente de una larga vida profesional que enriquece a\u00fan m\u00e1s el contenido de \u201cAy\u00fadame a mirar\u201d, porque conjuga la teor\u00eda con innumerables experiencias pr\u00e1cticas.&nbsp;<\/p>\n\n\n\n<p>Consejos, historias, inspiraci\u00f3n, an\u00e1lisis, estrategia y conocimientos f\u00e1cilmente aplicables hacen de esta biblia del reportaje gr\u00e1fico \u201cun libro de consulta amable, pr\u00e1ctico y entretenido para los profesionales, los aprendices y los curiosos\u201d en palabras de Mariano L\u00f3pez, el director de la <a href=\"https:\/\/viajar.elperiodico.com\/\" target=\"_blank\" rel=\"noreferrer noopener\" aria-label=\"revista VIAJAR (abrir en una nueva pesta\u00f1a)\">revista VIAJAR<\/a>, una de las publicaciones m\u00e1s receptivas con mi obra. Se trata, para definirlo en pocas palabras, de una historia reciente de la fotograf\u00eda repleta de innumerables an\u00e9cdotas y basada en las lecciones de los grandes maestros. Un libro ideal para un p\u00fablico inteligente y \u00e1vido de mejorar en conceptos que dif\u00edcilmente encontrar\u00e1 en otras publicaciones.<\/p>\n\n\n\n<p>He aqu\u00ed algunas an\u00e9cdotas, muchas desconocidas, que se cuentan en \u201cAy\u00fadame a mirar\u201d:<\/p>\n\n\n\n<p>Robert Capa, un fot\u00f3grafo que pas\u00f3 a la historia por su mirada y por su encanto, abordaba sus sujetos con empat\u00eda. No en vano, siendo un humilde reportero y sin apenas medios para subsistir, conquistar\u00eda a\u00f1os m\u00e1s tarde el coraz\u00f3n de Ingrid Bergman, una de las actrices m\u00e1s admiradas de su tiempo. En una entrevista en la revista US Camera en el a\u00f1o 1943, la protagonista de Casablanca describ\u00eda la estrategia con la que el fot\u00f3grafo se aproximaba a las personas: \u201cCapa hac\u00eda amistades, sencillamente, porque mostraba un inter\u00e9s sincero y una sincera cordialidad. [\u2026] Hablaba con las personas a las que iba a fotografiar, iba a sus casas, jugaba con los ni\u00f1os y compart\u00eda un cigarrillo o una cerveza. Despu\u00e9s se pon\u00eda a hacer fotos [\u2026]. A veces suger\u00eda que hicieran algo, pero nunca les ped\u00eda que posaran. Al conocer el contexto en el que viv\u00edan, pod\u00eda anticiparse a las acciones y los movimientos necesarios para contar la historia, sin necesidad de provocarlos. Siempre daba el mismo consejo, muy sencillo y muy sensato, a los fot\u00f3grafos aficionados: \u00abDisfruta de la gente y haz que la gente sepa que est\u00e1s disfrutando\u00bb\u201d.&nbsp;<\/p>\n\n\n\n<p>Richard Whelan, el bi\u00f3grafo oficial de Capa, detall\u00f3 el primer encuentro entre el reportero y la actriz, una aproximaci\u00f3n ingeniosa y cordial. El h\u00fangaro cenaba en compa\u00f1\u00eda del dramaturgo Irwin Shaw cerca de la recepci\u00f3n del hotel Ritz 5 cuando apareci\u00f3 Ingrid Bergman. Los dos decidieron enviarle una nota que dec\u00eda:<\/p>\n\n\n\n<p>&#8220;Asunto: cena el 6-6-45. Par\u00eds, Francia&nbsp;<\/p>\n\n\n\n<p>Miss Ingrid Bergman&nbsp;<\/p>\n\n\n\n<p>1. Este es un esfuerzo colectivo. El colectivo est\u00e1 formado por Bob Capa e Irwin Shaw.&nbsp;<br>2. Hab\u00edamos pensado enviarle flores con esta nota, invit\u00e1ndola a cenar esta noche, pero, tras las pertinentes consultas, nos hemos dado cuenta de que, o pag\u00e1bamos las flores, o pag\u00e1bamos la cena, pero no pod\u00edamos pagar las dos cosas. Tras someterlo a votaci\u00f3n ha ganado la cena por un estrecho margen.&nbsp;<br>3. Se ha sugerido que, en caso de que la cena le trajera sin cuidado, podr\u00edamos enviarle las flores. Por el momento, no se ha tomado una decisi\u00f3n al respecto.&nbsp;<br>4. Flores aparte, tenemos un mont\u00f3n de dudosas cualidades.&nbsp;<br>5. Si seguimos escribiendo, no tendremos nada de qu\u00e9 hablar, ya que nuestra provisi\u00f3n de encanto es limitada.&nbsp;<br>6. La llamaremos a las seis y cuarto.&nbsp;<br>7. Nosotros no dormimos.&nbsp;<\/p>\n\n\n\n<p>Firmado:&nbsp;<br>Expectantes&#8221;<\/p>\n\n\n\n<p>Bergman no les conoc\u00eda, pero acept\u00f3 una invitaci\u00f3n que fue el principio de un largo romance con Robert Capa. Su relaci\u00f3n, adem\u00e1s de generar un flujo de fotograf\u00edas \u00edntimas de los principales actores de Hollywood de la \u00e9poca, dio lugar a un frustrado gui\u00f3n para una pel\u00edcula que con el tiempo se convirti\u00f3 en un delicioso libro que documenta las vivencias del reportero durante la Segunda Guerra Mundial. Novelado para los fines que fue concebido y por esa raz\u00f3n, Ligeramente desenfocado, como lo titul\u00f3.<\/p>\n\n\n\n<p>El anecdotario de \u00e9xitos y de situaciones embarazosas de los reporteros gr\u00e1ficos es inagotable. Cuesta imaginarse a un fot\u00f3grafo regordete y con barba disfrazado de se\u00f1ora embarazada a punto de dar a luz, para llegar hasta la habitaci\u00f3n del hospital de Figueres donde agonizaba Salvador Dal\u00ed. En realidad, Miquel Ruiz no buscaba conseguir esa exclusiva. Solo apost\u00f3 con sus compa\u00f1eros que ser\u00eda capaz de traspasar el cintur\u00f3n de polic\u00edas y militares que custodiaban la habitaci\u00f3n. En Girona se las gastan de esa guisa. Le dio un ataque de risa cuando lleg\u00f3 a la puerta y todav\u00eda re\u00eda cuando sali\u00f3 del hospital, sin tocar el suelo, descubierto en el \u00faltimo momento por los servicios de seguridad. Pedro Madue\u00f1o, al contrario, estuvo dos a\u00f1os tocando a la puerta de la Torre de Galatea para conseguir los retratos que al final pudo tomar del pintor de Portlligat. Estrategia y tenacidad.<\/p>\n\n\n\n<figure class=\"wp-block-image size-large\"><img loading=\"lazy\" decoding=\"async\" width=\"1024\" height=\"743\" src=\"https:\/\/www.captionmagazine.org\/wp-content\/uploads\/2020\/04\/ICO4470-1024x743.jpg\" alt=\"\" class=\"wp-image-1525\" srcset=\"https:\/\/www.captionmagazine.org\/wp-content\/uploads\/2020\/04\/ICO4470-1024x743.jpg 1024w, https:\/\/www.captionmagazine.org\/wp-content\/uploads\/2020\/04\/ICO4470-600x436.jpg 600w, https:\/\/www.captionmagazine.org\/wp-content\/uploads\/2020\/04\/ICO4470-300x218.jpg 300w, https:\/\/www.captionmagazine.org\/wp-content\/uploads\/2020\/04\/ICO4470-768x557.jpg 768w, https:\/\/www.captionmagazine.org\/wp-content\/uploads\/2020\/04\/ICO4470-370x269.jpg 370w, https:\/\/www.captionmagazine.org\/wp-content\/uploads\/2020\/04\/ICO4470-800x581.jpg 800w, https:\/\/www.captionmagazine.org\/wp-content\/uploads\/2020\/04\/ICO4470-20x15.jpg 20w, https:\/\/www.captionmagazine.org\/wp-content\/uploads\/2020\/04\/ICO4470-185x134.jpg 185w, https:\/\/www.captionmagazine.org\/wp-content\/uploads\/2020\/04\/ICO4470-740x537.jpg 740w, https:\/\/www.captionmagazine.org\/wp-content\/uploads\/2020\/04\/ICO4470-400x290.jpg 400w, https:\/\/www.captionmagazine.org\/wp-content\/uploads\/2020\/04\/ICO4470-66x48.jpg 66w\" sizes=\"auto, (max-width: 1024px) 100vw, 1024px\" \/><figcaption>Semana de pasi\u00f3n, Marsala, Sicilia, Italia.  \u00a9Tino Soriano<\/figcaption><\/figure>\n\n\n\n<p>An\u00e9cdotas que ilustran los recursos de los reporteros para conseguir las mejores im\u00e1genes no te faltar\u00e1n en este libro, incluyendo algunas actitudes suicidas como la que explicaba Enrique P\u00e9rez de Rozas en el programa de TV3 Fotografies: cuando se cas\u00f3 el pr\u00edncipe Rainiero de M\u00f3naco con Grace Kelly, los paparazzi iban locos por conseguir una foto no oficial de la pareja porque, por razones de protocolo, se desplazaban por separado. Una filtraci\u00f3n les inform\u00f3 que al d\u00eda siguiente viajar\u00edan juntos, y un grupo de reporteros se apost\u00f3 en una curva para obtener el documento. \u00abPara detener el veh\u00edculo \u2014recuerda P\u00e9rez de Rozas\u2014, dos colegas se tiraron a la carretera y podr\u00edan haberles atropellado con facilidad\u00bb.<\/p>\n\n\n\n<p>Pero la acci\u00f3n m\u00e1s contundente para ilustrar el car\u00e1cter de un aut\u00e9ntico emprendedor se la podr\u00edamos otorgar al franc\u00e9s Charles Bonnay. Seg\u00fan una historia ap\u00f3crifa que le cont\u00f3 el editor Sean Callahan a Howard Chapnick, el d\u00eda que se present\u00f3 a buscar trabajo al despacho de Roger Th\u00e9rond, el redactor jefe de Paris Match le exigi\u00f3 que aportara una buena raz\u00f3n para contratarle. Bonnay le respondi\u00f3:<\/p>\n\n\n\n<p>-Porque soy imprescindible para ustedes. Hago lo que no hacen los dem\u00e1s.&nbsp;<\/p>\n\n\n\n<p>Y acto seguido abri\u00f3 la ventana y salt\u00f3 a la calle desde un segundo piso.<\/p>\n\n\n\n<p>Cuando Th\u00e9rond, l\u00edvido, asom\u00f3 la cabeza esperando ver el cad\u00e1ver del suicida reventado contra el pavimento, se encontr\u00f3 a Charles Bonnay de pie, sacudi\u00e9ndose el polvo de la americana, mientras le dec\u00eda: \u00ab\u00bfHa visto?\u00bb. Inmediatamente empez\u00f3 a trabajar para la revista. El secreto es que hab\u00eda sido paracaidista y hab\u00eda aprendido a caer bien desde las alturas.<\/p>\n\n\n\n<p>Finalmente, puesto que las ilustraciones del \u201c<a href=\"http:\/\/M\u00e1s informaci\u00f3n: https:\/\/www.amazon.com\/dp\/8441541337\/ref=cm_sw_em_r_mt_dp_U_eLkQEbXFM1EWB\" target=\"_blank\" rel=\"noreferrer noopener\" aria-label=\"Ay\u00fadame a mirar (abrir en una nueva pesta\u00f1a)\">Ay\u00fadame a mirar<\/a>\u201d no se pueden reproducir sin el permiso de sus autores o sus representantes, dado que muchas son fotograf\u00edas hist\u00f3ricas, os propongo un peque\u00f1o portafolio extra\u00eddo del libro que aparecer\u00e1 este a\u00f1o \u201cFotograf\u00eda con una sonrisa\u201d (Photoclub Anaya).&nbsp;<\/p>\n\n\n\n<figure class=\"wp-block-image size-large\"><img loading=\"lazy\" decoding=\"async\" width=\"1024\" height=\"768\" src=\"https:\/\/www.captionmagazine.org\/wp-content\/uploads\/2020\/04\/ANY1884-1024x768.jpg\" alt=\"\" class=\"wp-image-1521\" srcset=\"https:\/\/www.captionmagazine.org\/wp-content\/uploads\/2020\/04\/ANY1884-1024x768.jpg 1024w, https:\/\/www.captionmagazine.org\/wp-content\/uploads\/2020\/04\/ANY1884-600x450.jpg 600w, https:\/\/www.captionmagazine.org\/wp-content\/uploads\/2020\/04\/ANY1884-300x225.jpg 300w, https:\/\/www.captionmagazine.org\/wp-content\/uploads\/2020\/04\/ANY1884-768x576.jpg 768w, https:\/\/www.captionmagazine.org\/wp-content\/uploads\/2020\/04\/ANY1884-370x278.jpg 370w, https:\/\/www.captionmagazine.org\/wp-content\/uploads\/2020\/04\/ANY1884-800x600.jpg 800w, https:\/\/www.captionmagazine.org\/wp-content\/uploads\/2020\/04\/ANY1884-20x15.jpg 20w, https:\/\/www.captionmagazine.org\/wp-content\/uploads\/2020\/04\/ANY1884-185x139.jpg 185w, https:\/\/www.captionmagazine.org\/wp-content\/uploads\/2020\/04\/ANY1884-740x555.jpg 740w, https:\/\/www.captionmagazine.org\/wp-content\/uploads\/2020\/04\/ANY1884-400x300.jpg 400w, https:\/\/www.captionmagazine.org\/wp-content\/uploads\/2020\/04\/ANY1884-64x48.jpg 64w\" sizes=\"auto, (max-width: 1024px) 100vw, 1024px\" \/><figcaption>Juego de mostachos, Figueres, Espa\u00f1a. \u00a9Tino Soriano<\/figcaption><\/figure>\n\n\n\n<hr class=\"wp-block-separator\"\/>\n\n\n\n<p><strong>Biograf\u00eda:<\/strong><br>Tino Soriano ha sido premiado varias veces por la Unesco y es recipiente del prestigioso Lente de Plata Mexicano. Posee cuatro galardones Fotopres, Fot\u00f3grafo Espa\u00f1ol del A\u00f1o Fujifilm, NikonPro, Canon-Europa, la distinci\u00f3n \u201cThe Essence of Humanity\u201d y un World Press Photo en la categor\u00eda Arte.<\/p>\n\n\n\n<p>En el a\u00f1o 2018 la Generalitat de Catalu\u00f1a le concedi\u00f3 el Premio Nacional de Comunicaci\u00f3n en la modalidad Prensa. Un a\u00f1o antes fue galardonado con el Premio Nacional Piedad Isla por su labor profesional y docente a lo largo de tres d\u00e9cadas. La Sociedad Geogr\u00e1fica Espa\u00f1ola le otorg\u00f3 el Premio Imagen-2015 por su trayectoria como fot\u00f3grafo y viajero.&nbsp;<\/p>\n\n\n\n<p>Lleva m\u00e1s de veinte a\u00f1os colaborando con la National Geographic Society y ha ilustrado ocho libros de viajes por encargo para ellos: \u201cToscana\u201d, \u201cEspa\u00f1a\u201d, \u201cRoma\u201d, \u201cSicilia\u201d, \u201cMadrid\u201d \u201cPortugal\u201d, \u201cN\u00e1poles y el sur de Italia\u201d y \u201cGrandes viajes en tren por el mundo\u201d adem\u00e1s de participar en innumerables proyectos editoriales individuales y colectivos y publicar en los medios m\u00e1s prestigiosos del planeta.<\/p>\n\n\n\n<p>Antes de vivir de la fotograf\u00eda profesional se dedic\u00f3 a la docencia. Por eso es un experto conferenciante y conductor de talleres sobre fotograf\u00eda humanista y reportaje en toda la geograf\u00eda espa\u00f1ola, aunque tambi\u00e9n ha dirigido viajes fotogr\u00e1ficos en pa\u00edses como M\u00e9xico, USA, Etiop\u00eda, Myanmar, India, Filipinas, Per\u00fa o China y ha dado tres veces la vuelta al mundo, la \u00faltima por encargo de Olympus y las otras dos para la revista Viajar.<\/p>\n\n\n\n<p>Protagonista de tres documentales en televisi\u00f3n \u201c<a href=\"https:\/\/www.youtube.com\/watch?v=wbmU7vRscBc\" target=\"_blank\" rel=\"noreferrer noopener\" aria-label=\"Andaluc\u00eda, el despertar de los sentidos (abrir en una nueva pesta\u00f1a)\">Andaluc\u00eda, el despertar de los sentidos<\/a>\u201d, \u201c<a href=\"https:\/\/www.youtube.com\/watch?v=9FNcMgxWWjA\" target=\"_blank\" rel=\"noreferrer noopener\" aria-label=\"Kardelen, la nueva esperanza de Turqu\u00eda (abrir en una nueva pesta\u00f1a)\">Kardelen, la nueva esperanza de Turqu\u00eda<\/a>\u201d e \u201c<a href=\"https:\/\/www.youtube.com\/watch?v=sdpu04p4skM\" target=\"_blank\" rel=\"noreferrer noopener\" aria-label=\"Historias del Mar: Protegiendo los Oc\u00e9anos (abrir en una nueva pesta\u00f1a)\">Historias del Mar: Protegiendo los Oc\u00e9anos<\/a>\u201d para National Geographic Channel, ha recibido reconocimientos de l\u2019Academia de Ci\u00e8ncies M\u00e8diques de Catalunya y de la OMS por su divulgaci\u00f3n del mundo de la medicina desde la d\u00e9cada de los ochenta. Forma parte del reducido grupo de fot\u00f3grafos en la p\u00e1gina oficial de la National Geographic Society en Washington D.C.&nbsp;<\/p>\n\n\n\n<p>Finalmente ha escrito e ilustrado numerosos libros de fotoperiodismo y fotograf\u00eda. \u201c<a href=\"https:\/\/www.amazon.com\/-\/es\/Tino-Soriano\/dp\/8441540098\/ref=sr_1_2?__mk_es_US=%C3%85M%C3%85%C5%BD%C3%95%C3%91&amp;dchild=1&amp;keywords=tino+soriano&amp;qid=1588111824&amp;sr=8-2\" target=\"_blank\" rel=\"noreferrer noopener\" aria-label=\"Los Secretos de la Fotograf\u00eda de Viajes (abrir en una nueva pesta\u00f1a)\">Los Secretos de la Fotograf\u00eda de Viajes<\/a>\u201d (PhotoClub Anaya-2018), \u201cAy\u00fadame a mirar\u201d (PhotoClub Anaya-2019), \u201cFotograf\u00eda con una sonrisa\u201d (PhotoClub Anaya-2020) y \u201cBanyoleSpeculum\u201d (2020) han sido sus \u00faltimos ensayos.<\/p>\n\n\n\n<p><strong>Equipo Fotogr\u00e1fico<\/strong>:<br>&#8211; C\u00e1mara y \u00f3ptica Olympus OM-D<\/p>\n\n\n\n<p>Sitio web: <a href=\"http:\/\/www.tinosoriano.com\" target=\"_blank\" rel=\"noreferrer noopener\" aria-label=\"www.tinosoriano.com (abrir en una nueva pesta\u00f1a)\">www.tinosoriano.com<\/a><br>Instagram: <a href=\"https:\/\/www.instagram.com\/tinosoriano\/\" target=\"_blank\" rel=\"noreferrer noopener\" aria-label=\"https:\/\/www.instagram.com\/tinosoriano\/ (abrir en una nueva pesta\u00f1a)\">https:\/\/www.instagram.com\/tinosoriano\/<\/a><br>Facebook: <a href=\"https:\/\/www.facebook.com\/tinosoriano\" target=\"_blank\" rel=\"noreferrer noopener\" aria-label=\"https:\/\/www.facebook.com\/tinosoriano (abrir en una nueva pesta\u00f1a)\">https:\/\/www.facebook.com\/tinosoriano<\/a><\/p>\n","protected":false},"excerpt":{"rendered":"<p>Tino Soriano Hace m\u00e1s de un cuarto de siglo que decid\u00ed ser fot\u00f3grafo profesional. Fue a ra\u00edz de mi asistencia al Festival Internacional de Fotoperiodismo VISA POUR L\u2019IMAGE, cerca de mi residencia en Banyoles, cuando conoc\u00ed de primera mano a la flor y nata de los reporteros internacionales. Desde su inicio he visitado este certamen&hellip;<\/p>\n","protected":false},"author":4,"featured_media":1534,"comment_status":"closed","ping_status":"closed","sticky":false,"template":"","format":"gallery","meta":{"footnotes":""},"categories":[238],"tags":[142,139,708,141],"thb-sponsors":[],"class_list":["post-1510","post","type-post","status-publish","format-gallery","has-post-thumbnail","hentry","category-libros","tag-espana","tag-libros","tag-n3","tag-tino-soriano","post_format-post-format-gallery"],"_links":{"self":[{"href":"https:\/\/www.captionmagazine.org\/en\/wp-json\/wp\/v2\/posts\/1510","targetHints":{"allow":["GET"]}}],"collection":[{"href":"https:\/\/www.captionmagazine.org\/en\/wp-json\/wp\/v2\/posts"}],"about":[{"href":"https:\/\/www.captionmagazine.org\/en\/wp-json\/wp\/v2\/types\/post"}],"author":[{"embeddable":true,"href":"https:\/\/www.captionmagazine.org\/en\/wp-json\/wp\/v2\/users\/4"}],"replies":[{"embeddable":true,"href":"https:\/\/www.captionmagazine.org\/en\/wp-json\/wp\/v2\/comments?post=1510"}],"version-history":[{"count":14,"href":"https:\/\/www.captionmagazine.org\/en\/wp-json\/wp\/v2\/posts\/1510\/revisions"}],"predecessor-version":[{"id":1545,"href":"https:\/\/www.captionmagazine.org\/en\/wp-json\/wp\/v2\/posts\/1510\/revisions\/1545"}],"wp:featuredmedia":[{"embeddable":true,"href":"https:\/\/www.captionmagazine.org\/en\/wp-json\/wp\/v2\/media\/1534"}],"wp:attachment":[{"href":"https:\/\/www.captionmagazine.org\/en\/wp-json\/wp\/v2\/media?parent=1510"}],"wp:term":[{"taxonomy":"category","embeddable":true,"href":"https:\/\/www.captionmagazine.org\/en\/wp-json\/wp\/v2\/categories?post=1510"},{"taxonomy":"post_tag","embeddable":true,"href":"https:\/\/www.captionmagazine.org\/en\/wp-json\/wp\/v2\/tags?post=1510"},{"taxonomy":"thb-sponsors","embeddable":true,"href":"https:\/\/www.captionmagazine.org\/en\/wp-json\/wp\/v2\/thb-sponsors?post=1510"}],"curies":[{"name":"wp","href":"https:\/\/api.w.org\/{rel}","templated":true}]}}