{"id":13757,"date":"2023-03-07T13:20:26","date_gmt":"2023-03-07T16:20:26","guid":{"rendered":"https:\/\/www.captionmagazine.org\/?p=13757"},"modified":"2023-03-07T21:48:35","modified_gmt":"2023-03-08T00:48:35","slug":"shuko-kawase-fotografa-y-pintora","status":"publish","type":"post","link":"https:\/\/www.captionmagazine.org\/en\/entrevistas\/shuko-kawase-fotografa-y-pintora","title":{"rendered":"Shuko Kawase: fot\u00f3grafa y pintora"},"content":{"rendered":"\r\n<h3 class=\"wp-block-heading\">Por Nacho Izquierdo<\/h3>\r\n\r\n\r\n\r\n<p><strong>Shuko Kawase es una fot\u00f3grafa y pintora afincada en Barcelona, Espa\u00f1a. Naci\u00f3 en Singapur y creci\u00f3 en Tokio (Jap\u00f3n), Princeton (New Jersey, EE.UU.) y Frankfurt (Alemania). Es licenciada en Artes Visuales por la Universidad Brown de Providence, Rhode Island, y termin\u00f3 sus estudios universitarios de arte en la Universidad budista Naropa de Boulder, Colorado.<\/strong><\/p>\r\n\r\n\r\n\r\n<p>&nbsp;<\/p>\r\n\r\n\r\n\r\n\r\n\r\n<div class=\"wp-block-button is-style-outline\"><a class=\"wp-block-button__link\" style=\"border-radius: 10px;\" href=\"https:\/\/www.captionmagazine.org\/papel-digital-n20#page58\" rel=\"noreferrer noopener\">Lee este art\u00edculo en papel digital<\/a><\/div>\r\n<div>\u00a0<\/div>\r\n<div><strong>\u00bfC\u00f3mo definir\u00edas tu forma de fotografiar? <\/strong><\/div>\r\n<div>Me interesa fotografiar el mundo tal como es, y a ser posible mostrando a las personas que viven en \u00e9l. Me gusta prestar atenci\u00f3n sobre momentos en que las personas est\u00e1n centradas en lo que est\u00e1n viviendo e intentar pasar desapercibida con mi c\u00e1mara. De esos momentos prefiero los momentos con acci\u00f3n, por ejemplo, personas paseando, corriendo, con su mascota, en bicicleta o patinete, o simplemente caminando por la ciudad charlando y gesticulando. Me gusta ver como cada uno es diferente en su contexto, y a la vez todo lo com\u00fan que tenemos las personas de cualquier lugar. Opino que el mundo se puede conectar a trav\u00e9s de la fotograf\u00eda, relacionando personas con los gestos que nos hacen comunes y los que nos identifican personalmente a cada uno.<\/div>\r\n<div>\u00a0<\/div>\r\n<div>\r\n<figure id=\"attachment_13798\" aria-describedby=\"caption-attachment-13798\" style=\"width: 1200px\" class=\"wp-caption alignnone\"><img loading=\"lazy\" decoding=\"async\" class=\"size-full wp-image-13798\" src=\"https:\/\/www.captionmagazine.org\/wp-content\/uploads\/2023\/03\/RS7948_ShukoKawase_230216_CaptionMag-19-original.jpg\" alt=\"\" width=\"1200\" height=\"1500\" srcset=\"https:\/\/www.captionmagazine.org\/wp-content\/uploads\/2023\/03\/RS7948_ShukoKawase_230216_CaptionMag-19-original.jpg 1200w, https:\/\/www.captionmagazine.org\/wp-content\/uploads\/2023\/03\/RS7948_ShukoKawase_230216_CaptionMag-19-original-640x800.jpg 640w, https:\/\/www.captionmagazine.org\/wp-content\/uploads\/2023\/03\/RS7948_ShukoKawase_230216_CaptionMag-19-original-768x960.jpg 768w, https:\/\/www.captionmagazine.org\/wp-content\/uploads\/2023\/03\/RS7948_ShukoKawase_230216_CaptionMag-19-original-370x463.jpg 370w, https:\/\/www.captionmagazine.org\/wp-content\/uploads\/2023\/03\/RS7948_ShukoKawase_230216_CaptionMag-19-original-800x1000.jpg 800w, https:\/\/www.captionmagazine.org\/wp-content\/uploads\/2023\/03\/RS7948_ShukoKawase_230216_CaptionMag-19-original-740x925.jpg 740w, https:\/\/www.captionmagazine.org\/wp-content\/uploads\/2023\/03\/RS7948_ShukoKawase_230216_CaptionMag-19-original-20x25.jpg 20w, https:\/\/www.captionmagazine.org\/wp-content\/uploads\/2023\/03\/RS7948_ShukoKawase_230216_CaptionMag-19-original-38x48.jpg 38w\" sizes=\"auto, (max-width: 1200px) 100vw, 1200px\" \/><figcaption id=\"caption-attachment-13798\" class=\"wp-caption-text\">Istanbul, Turqu\u00eda. Mayo 2019 Fujifilm X-T2 Fujinon XF10-24mm F4 R OIS ISO 200, F22, 5 s, 19.1 mm. \u00a9 Shuko Kawase<\/figcaption><\/figure>\r\n<\/div>\r\n<div><br \/><strong>\u00bfQu\u00e9 es lo que hace que muchas fot\u00f3grafas\/os se dediquen a la pintura como otra forma de expresi\u00f3n art\u00edstica? <\/strong><\/div>\r\n<div>Es probable que haya algunos fot\u00f3grafos que tambi\u00e9n se dediquen a la pintura, pero no creo que sean muchos. Cada una de estas actividades es demasiado intensa para que sean practicadas simult\u00e1neamente a un alto nivel. La otra opci\u00f3n es dividir el tiempo. Pienso que ambas disciplinas tienen en com\u00fan la reflexi\u00f3n sobre el mundo y que a trav\u00e9s de la mirada reconstruyen paisajes tanto exteriores como interiores. Opino que la fotograf\u00eda requiere m\u00e1s actividad f\u00edsica pues necesitas estar en un lugar concreto. En cambio la pintura es un proceso que se puede desligar del lugar, puedes utilizar referencias o tu memoria. De alguna manera una actividad es m\u00e1s extrovertida y la otra m\u00e1s introspectiva. Aunque depende de como tambi\u00e9n se podr\u00eda interpretar de manera contraria. Los artistas necesitan un cierto equilibrio en sus vidas creativas, y para algunos puede ser agobiante limitarse a una sola forma de expresi\u00f3n. Siempre pienso que la formaci\u00f3n transversal te hace m\u00e1s fuerte creativamente. Cuando regresas a la actividad inicial ya te has convertido en una nueva versi\u00f3n de ti mismo, ya que el tr\u00e1nsito entre t\u00e9cnicas te va haciendo ver nuevos aspectos que te van renovando.<\/div>\r\n<div><br \/><strong>\u00bfDe qu\u00e9 forma tu trabajo como pintora te ayuda a desarrollar tu trabajo como fot\u00f3grafa? <\/strong><\/div>\r\n<div>Desde hace un tiempo que no estoy pintando diariamente, pero durante muchos a\u00f1os experiment\u00e9 cotidianamente ese estilo de vida. De esa experiencia y h\u00e1bito me ha quedado que siempre recurro a la t\u00e9cnica pict\u00f3rica a la hora de fotografiar. Constantemente estoy \u201cpintando\u201d en mi mente, reconociendo las formas de manera abstracta, traduciendo las observaciones en texturas, formas o l\u00edneas, sintiendo la composici\u00f3n y el estado de \u00e1nimo de cada escena y situaci\u00f3n que estoy explorando. En efecto, la pintura ha marcado mi manera de mirar y analizar lo que veo y buscando diferentes maneras de traducir la informaci\u00f3n visual en fotograf\u00edas. Cada escena puede resolverse y expresarse de muchas formas diferentes para as\u00ed convertirse en una \u201cobra terminada\u201d que pueda ser compartida, y aqu\u00ed es donde entra la pintura en donde todo tiene soluci\u00f3n, pues puedes desviarte de la realidad estricta para darla por cerrada. Si cometes un error, puedes probar de nuevo hasta resolver la imagen. Todo se puede ir trabajando para lograr una imagen con sentido y que sea presentable. Esto me es de gran ayuda en situaciones laborales. Por ejemplo, trabajando junto a Nicanor Garc\u00eda, mi esposo, al realizar alg\u00fan proyecto fotogr\u00e1fico y necesitamos desarrollar un conjunto de fotograf\u00edas que explique y funcione. Mi formaci\u00f3n y experiencia en pintura me da la seguridad de que podremos lograr im\u00e1genes que sean aceptables est\u00e9ticamente y que a la vez encajen con lo que busc\u00e1bamos en un inicio.<\/div>\r\n<div><br \/><strong>\u00bfExiste alguna forma de fotografiar viajes sin caer en los estereotipos de la foto de postal? <\/strong><\/div>\r\n<div>Durante un viaje, adem\u00e1s de interesarme los lugares emblem\u00e1ticos (o de postal) valoro mucho las actividades que se pueden realizar en esos destinos. De alguna forma me interesa mostrar la experiencia en relaci\u00f3n al lugar y romper la foto arquet\u00edpica para hacerla m\u00e1s personal, viendo ese lugar desde un punto de vista \u00fanico y diferente. Esto puede tomar m\u00e1s tiempo que simplemente mostrar lo conocido. Y cuando ese tiempo es escaso y limitado recurro a planificar primero y luego a hacer muchas tomas que me permitan luego explicar ese lugar a trav\u00e9s de las actividades fotografiadas. En \u00faltima instancia, es bueno tener una combinaci\u00f3n de fotos, incluidas im\u00e1genes de actividades con las que las personas puedan identificarse. Esas actividades pueden ser de otras personas encontradas all\u00ed o m\u00edas o de Nicanor haciendo algo en un momento del viaje.<\/div>\r\n<div>\u00a0<\/div>\r\n<div>\r\n<figure id=\"attachment_13786\" aria-describedby=\"caption-attachment-13786\" style=\"width: 1200px\" class=\"wp-caption alignnone\"><img loading=\"lazy\" decoding=\"async\" class=\"wp-image-13786 size-full\" src=\"https:\/\/www.captionmagazine.org\/wp-content\/uploads\/2023\/03\/RS7945_ShukoKawase_230216_CaptionMag-16-original.jpg\" alt=\"\" width=\"1200\" height=\"1500\" srcset=\"https:\/\/www.captionmagazine.org\/wp-content\/uploads\/2023\/03\/RS7945_ShukoKawase_230216_CaptionMag-16-original.jpg 1200w, https:\/\/www.captionmagazine.org\/wp-content\/uploads\/2023\/03\/RS7945_ShukoKawase_230216_CaptionMag-16-original-640x800.jpg 640w, https:\/\/www.captionmagazine.org\/wp-content\/uploads\/2023\/03\/RS7945_ShukoKawase_230216_CaptionMag-16-original-768x960.jpg 768w, https:\/\/www.captionmagazine.org\/wp-content\/uploads\/2023\/03\/RS7945_ShukoKawase_230216_CaptionMag-16-original-370x463.jpg 370w, https:\/\/www.captionmagazine.org\/wp-content\/uploads\/2023\/03\/RS7945_ShukoKawase_230216_CaptionMag-16-original-800x1000.jpg 800w, https:\/\/www.captionmagazine.org\/wp-content\/uploads\/2023\/03\/RS7945_ShukoKawase_230216_CaptionMag-16-original-740x925.jpg 740w, https:\/\/www.captionmagazine.org\/wp-content\/uploads\/2023\/03\/RS7945_ShukoKawase_230216_CaptionMag-16-original-20x25.jpg 20w, https:\/\/www.captionmagazine.org\/wp-content\/uploads\/2023\/03\/RS7945_ShukoKawase_230216_CaptionMag-16-original-38x48.jpg 38w\" sizes=\"auto, (max-width: 1200px) 100vw, 1200px\" \/><figcaption id=\"caption-attachment-13786\" class=\"wp-caption-text\">Munich, Alemania. Junio 2020 Fujifilm X-T30 Fujinon XF23mm F1.4 R ISO 5000, F1,4, 1\/125 s, 23 mm. \u00a9 Shuko Kawase<\/figcaption><\/figure>\r\n<\/div>\r\n<div><br \/><strong>\u00bfCu\u00e1les son los secretos a tener en cuenta a la hora de emprender un viaje fotogr\u00e1fico?<\/strong><\/div>\r\n<div>M\u00e1s que un secreto lo que considero clave es imaginar tu viaje. Eso te ayuda a planificar y aprovechar el tiempo en lo que m\u00e1s te interesa y evitar los contratiempos. El establecer un plan te da una pauta, pero en base a ella luego puedes improvisar seg\u00fan la marcha del viaje. Es importante preparar un mapa. Junto con Nicanor, pasamos mucho tiempo investigando y elaborando mapas de los lugares que queremos explorar. Pero tambi\u00e9n de \u00e1reas de descanso cercanas o restaurantes que si no tienes en cuenta te van a quitar mucho tiempo si no los tienes previsto de antemano. Igualmente es importante preparar el equipo espec\u00edfico que tienes intenci\u00f3n de utilizar durante el proyecto fotogr\u00e1fico. De nuevo, es bueno imaginar en qu\u00e9 situaciones te vas a encontrar, si necesitas alg\u00fan accesorio que no tienes o prever piezas de recambio. Por ejemplo, aunque el tr\u00edpode es importante para m\u00ed, un soporte en L me da mucho m\u00e1s juego y estabilidad al utilizar mi c\u00e1mara. Revisar que llevas las llaves necesarias y tornillos de repuesto te puede salvar de no poder utilizar tus accesorios. Por experiencia, perder un simple tornillo, si no has previsto el recambio, te puede llevar a tener restricciones a la hora de hacer las fotograf\u00edas que estabas imaginando.<\/div>\r\n<div><br \/><strong>\u00bfQu\u00e9 importancia le das a las redes sociales y como aconsejas utilizarlas para tener \u00e9xito en ellas? <\/strong><\/div>\r\n<div>Creo que las redes sociales son un factor de motivaci\u00f3n para crear fotos \u201cterminadas\u201d y adem\u00e1s compartirlas. El presentar el trabajo p\u00fablicamente puede generar oportunidades y actividad para dar charlas, ense\u00f1ar y tener exhibiciones. Las redes sociales pueden ser una herramienta, un trampol\u00edn para lograr cosas en el mundo real. Para la generaci\u00f3n m\u00e1s joven que creci\u00f3 con ellas, se puede llegar a confundir el \u00e9xito en redes sociales con \u00e9xito en la vida real. Pero creo firmemente que nunca podemos depender de las aplicaciones que otras personas o empresas han creado. Debemos ser conscientes de que podr\u00eda desaparecer en cualquier momento, y lo que has construido fuera de las redes sociales siempre tiene valor. Por ejemplo, un sitio web o blog creado durante un largo per\u00edodo de tiempo podr\u00eda ser valioso porque es tu propio espacio digital personal y lo controlas t\u00fa mismo.<\/div>\r\n<div><br \/><strong>\u00bfCuando eliges una c\u00e1mara de fotos que es lo que esta debe tener para sentirte c\u00f3moda con ella? <\/strong><\/div>\r\n<div>Una c\u00e1mara siempre deber\u00eda sentirse bien en las manos, que encaje bien y que tengas la necesidad de tenerla contigo. No ha de sentirse pesada, de modo que siempre est\u00e9s dispuesto a llevarla contigo. Al pensar en el equipo y la c\u00e1mara, estar\u00eda bien hacerse algunas preguntas:<\/div>\r\n<ul>\r\n<li>\u00bfNecesitar\u00e1s objetivos diferentes para cubrir diversas situaciones?<\/li>\r\n<li>\u00bfDeseas compartir principalmente fotos, o tambi\u00e9n videos en las redes sociales? En este caso, tal vez una c\u00e1mara sin espejo como una de la serie X de Fujifilm ser\u00eda genial.<\/li>\r\n<li>\u00bfQuieres tomar fotos que luego puedas imprimir en gran tama\u00f1o, por ejemplo para hacer una exposici\u00f3n? En cuyo caso el sensor de la c\u00e1mara deber\u00eda ser m\u00e1s grande, como en una c\u00e1mara de formato medio. La serie GFX ser\u00eda buena opci\u00f3n, por ejemplo.<\/li>\r\n<\/ul>\r\n<div><br \/><strong>\u00bfC\u00f3mo planificas tus viajes y qu\u00e9 llevas en tu mochila? <\/strong><\/div>\r\n<div>Generalmente, hacemos dos tipos de viajes. El primer tipo es en base a un trabajo, que puede ser para promocionar un lugar, un evento o un producto. El segundo tipo de viaje es de car\u00e1cter personal, donde buscamos explorar un destino que nos interese y ese descubrimiento nos permite avanzar fotogr\u00e1ficamente y expandir nuestros portafolios. En nuestro \u00faltimo viaje a Jap\u00f3n en noviembre de 2022 pude llevar dos c\u00e1maras en mi mochila. Tuve prestada la GFX 50SII y el objetivo de 35-70 mm de Fujifilm Espa\u00f1a. Nicanor tambi\u00e9n ten\u00eda una c\u00e1mara de la serie GFX porque nos gustar\u00eda tener una exposici\u00f3n conjunta de las fotos de Jap\u00f3n en el futuro. Pensando en el objetivo final de producir impresiones de alta calidad, necesit\u00e1bamos tener c\u00e1maras de formato medio. La otra c\u00e1mara en mi mochila era la que uso desde hace dos a\u00f1os, la X-S10, m\u00e1s tres lentes: XF55-200mm F3.5-4.8 R LM OIS, XF10-24mm F4 R OIS y la XF56mm F1.2 R. Con este equipo principalmente tom\u00e9 fotos y videos para historias de redes sociales y ocasionalmente alguna publicaci\u00f3n.<\/div>\r\n<div>\u00a0<\/div>\r\n<div>\r\n<figure id=\"attachment_13766\" aria-describedby=\"caption-attachment-13766\" style=\"width: 1200px\" class=\"wp-caption alignnone\"><img loading=\"lazy\" decoding=\"async\" class=\"size-full wp-image-13766\" src=\"https:\/\/www.captionmagazine.org\/wp-content\/uploads\/2023\/03\/RS7930_ShukoKawase_230216_CaptionMag-1-original.jpg\" alt=\"\" width=\"1200\" height=\"1500\" srcset=\"https:\/\/www.captionmagazine.org\/wp-content\/uploads\/2023\/03\/RS7930_ShukoKawase_230216_CaptionMag-1-original.jpg 1200w, https:\/\/www.captionmagazine.org\/wp-content\/uploads\/2023\/03\/RS7930_ShukoKawase_230216_CaptionMag-1-original-640x800.jpg 640w, https:\/\/www.captionmagazine.org\/wp-content\/uploads\/2023\/03\/RS7930_ShukoKawase_230216_CaptionMag-1-original-768x960.jpg 768w, https:\/\/www.captionmagazine.org\/wp-content\/uploads\/2023\/03\/RS7930_ShukoKawase_230216_CaptionMag-1-original-370x463.jpg 370w, https:\/\/www.captionmagazine.org\/wp-content\/uploads\/2023\/03\/RS7930_ShukoKawase_230216_CaptionMag-1-original-800x1000.jpg 800w, https:\/\/www.captionmagazine.org\/wp-content\/uploads\/2023\/03\/RS7930_ShukoKawase_230216_CaptionMag-1-original-740x925.jpg 740w, https:\/\/www.captionmagazine.org\/wp-content\/uploads\/2023\/03\/RS7930_ShukoKawase_230216_CaptionMag-1-original-20x25.jpg 20w, https:\/\/www.captionmagazine.org\/wp-content\/uploads\/2023\/03\/RS7930_ShukoKawase_230216_CaptionMag-1-original-38x48.jpg 38w\" sizes=\"auto, (max-width: 1200px) 100vw, 1200px\" \/><figcaption id=\"caption-attachment-13766\" class=\"wp-caption-text\">Wakayama, Jap\u00f3n. Noviembre 2022 Fujifilm GFX50SII Fujinon GF35-70mm F4.5-5.6 WR ISO 400, F5, 1\/2500 s, 44.1 mm. \u00a9 Shuko Kawase<\/figcaption><\/figure>\r\n<\/div>\r\n<div>\u00a0<\/div>\r\n<div><strong>Respecto a los pa\u00edses en los que has estado \u00bfpor qu\u00e9 los eliges y cuales te gustar\u00eda fotografiar? <\/strong><\/div>\r\n<div>Tengo una conexi\u00f3n personal o recuerdos de algunos de los pa\u00edses que he elegido visitar: Jap\u00f3n porque soy originaria de all\u00ed, aunque me fui de ni\u00f1a; Francia porque estudi\u00e9 durante un a\u00f1o en la \u00e9poca de la universidad y pas\u00e9 algunos a\u00f1os estudiando el idioma; Alemania porque viv\u00ed en Frankfurt con mi familia durante un par de a\u00f1os cuando ten\u00eda diez a\u00f1os. Por motivos de trabajo o proyectos o eventos relacionados con el trabajo, Nicanor y yo hemos estado en algunos pa\u00edses inesperados en un primer momento: Jordania, Arabia Saudita,\u00a0Turqu\u00eda, Qatar, China, Irlanda del Norte, Rep\u00fablica Dominicana, Italia, Portugal, Dinamarca. Pero me encantar\u00eda visitar algunos pa\u00edses \u201cnuevos\u201d: Noruega, Finlandia, Croacia, Azerbaiy\u00e1n, Vietnam, Camboya, Ecuador.<\/div>\r\n<div>\u00a0<\/div>\r\n<div><strong>\u00bfEn qu\u00e9 proyectos te encuentras trabajando actualmente? <\/strong><\/div>\r\n<div>Acabamos de terminar la exposici\u00f3n de nuestro proyecto \u201cPetra. Piedra, Agua y Gente\u201d en la nueva galer\u00eda de Wonder Photo Shop Barcelona. En la primavera de 2022, Nicanor y yo fuimos elegidos como finalistas del Fujifilm GFX Challenge Grant Program 2021, y con el apoyo de Fujifilm Espa\u00f1a pudimos llevar a cabo nuestro proyecto de fotograf\u00eda y video en Petra, Jordania, en mayo de 2022. Actualmente estamos buscando una manera de documentar parte del Camino de Santiago porque acabamos de experimentar la ruta de peregrinaci\u00f3n de hermanos en la prefectura de Wakayama, Jap\u00f3n, llamada Kumano Kodo. Las dos rutas de peregrinaci\u00f3n son las \u00fanicas en el mundo designadas como Patrimonio de la Humanidad por la UNESCO.<\/div>\r\n<div>\u00a0<\/div>\r\n<div><strong>\u00bfTienes alg\u00fan referente en la fotograf\u00eda actual, alg\u00fan consejo para las j\u00f3venes fot\u00f3grafas\/os? <\/strong><\/div>\r\n<div>Al crecer cerca de Nueva York, tuve la oportunidad de ver una retrospectiva de la fotograf\u00eda de Richard Avedon, donde tambi\u00e9n tuve la oportunidad de verlo hablar en persona. Esa experiencia me ha influenciado mucho a lo largo del tiempo y la posibilidad de ver impresiones de alta calidad que eran m\u00e1s grandes que la vida en s\u00ed misma. La variedad de su obra me impresion\u00f3, tanto su fotograf\u00eda de moda como sus retratos de personas. Mi consejo para los fot\u00f3grafos j\u00f3venes es considerar la fotograf\u00eda como una pr\u00e1ctica de por vida. Cada a\u00f1o es un nuevo per\u00edodo de tiempo para avanzar lentamente: tomar fotos, aprender sobre fotograf\u00eda, mirar nuevos equipos, asistir a exposiciones y conferencias, participar en concursos, imprimir fotos, crear una presencia en l\u00ednea. \u00a1No es posible hacerlo todo a la vez!<\/div>\r\n<div><br \/><strong>\u00bfQu\u00e9 nos puedes decir sobre las c\u00e1maras Fujifilm? <\/strong><\/div>\r\n<div>Con las c\u00e1maras Fujifilm, puedes mejorar tu pr\u00e1ctica fotogr\u00e1fica. \u00a1Y digo esto porque personalmente he podido entender mucho mejor la fotograf\u00eda en los \u00faltimos 7 a\u00f1os, durante los cuales solo he estado usando c\u00e1maras Fujifilm! Empec\u00e9 con la X-T10 en 2016. Era una c\u00e1mara peque\u00f1a, liviana y poco intimidante. Luego me cambi\u00e9 a la X-T2 en 2018. Se sent\u00eda m\u00e1s s\u00f3lida y con ella aprend\u00ed mucho. Tom\u00e9 prestada la X-T30 durante unos meses en 2019. Despu\u00e9s de eso, lleg\u00f3 la X-S10 a finales de 2020. De hecho, fue una sorpresa maravillosa porque la nueva tecnolog\u00eda la convirti\u00f3 en una c\u00e1mara m\u00e1s fuerte que la X-T2. Estaba encantado. Y luego, 2022 fue un a\u00f1o especial porque trabaj\u00e9 mucho con c\u00e1maras que no eran m\u00edas: la X-T4 y la GFX 50SII. La calidad de las im\u00e1genes tomadas con la c\u00e1mara GFX me impresion\u00f3, y tambi\u00e9n pude ver la calidad de impresi\u00f3n de las fotos en nuestra exposici\u00f3n. Siempre me han gustado las impresiones, as\u00ed que desarroll\u00e9 un apego a la c\u00e1mara de formato medio. Es sencillo cambiar de c\u00e1mara dentro de la serie X o GFX pues los men\u00fas se mantienen. Las simulaciones de pel\u00edculas son fabulosas y es posible desarrollar un portfolio maravilloso utilizando los colores de Fujifilm. No puedo dejar de recomendar el sistema Fujifilm y espero seguir creciendo con estas c\u00e1maras. Por \u00faltimo, tengo que mencionar la c\u00e1mara Fujifilm Instax mini Evo que tengo porque me ha dado muchas alegr\u00edas y conexiones con la gente.<\/div>\r\n<div>\r\n<p>&nbsp;<\/p>\r\n<\/div>\r\n\r\n\r\n<hr class=\"wp-block-separator\" \/>\r\n\r\n\r\n\r\n\r\n<p><strong>Equipo Utilizado:<\/strong><\/p>\r\n\r\n\r\n\r\n<p>C\u00e1maras:\u00a0 Fujifilm X-S10, GFX50SII, X-T4, X-T2, X-T30<\/p>\r\n<p>\u00d3ptica: XF18-55mm f 2.8-4 R LM OIS, XF10-24mm f 4 R OIS, XF55-200mm f 3.5-4.8 R LM OIS, XF23mm f 1.4 R, GF 35-70mm F4.5-5.6 WR<\/p>\r\n\r\n\r\n\r\n<p><strong>Links<\/strong>:<\/p>\r\n<p><a href=\"https:\/\/www.instagram.com\/studioshuko\" target=\"_blank\" rel=\"noopener\">www.instagram.com\/studioshuko<\/a><\/p>\r\n<p><a href=\"https:\/\/www.studioshuko.com\" target=\"_blank\" rel=\"noopener\">www.studioshuko.com<\/a><\/p>\r\n\r\n\r\n\r\n\r\n","protected":false},"excerpt":{"rendered":"<p>Por Nacho Izquierdo Shuko Kawase es una fot\u00f3grafa y pintora afincada en Barcelona, Espa\u00f1a. Naci\u00f3 en Singapur y creci\u00f3 en Tokio (Jap\u00f3n), Princeton (New Jersey, EE.UU.) y Frankfurt (Alemania). Es licenciada en Artes Visuales por la Universidad Brown de Providence, Rhode Island, y termin\u00f3 sus estudios universitarios de arte en la Universidad budista Naropa de&hellip;<\/p>\n","protected":false},"author":1,"featured_media":13772,"comment_status":"closed","ping_status":"closed","sticky":false,"template":"","format":"gallery","meta":{"footnotes":""},"categories":[79],"tags":[341,915],"thb-sponsors":[],"class_list":["post-13757","post","type-post","status-publish","format-gallery","has-post-thumbnail","hentry","category-entrevistas","tag-fujifilm","tag-n20","post_format-post-format-gallery"],"_links":{"self":[{"href":"https:\/\/www.captionmagazine.org\/en\/wp-json\/wp\/v2\/posts\/13757","targetHints":{"allow":["GET"]}}],"collection":[{"href":"https:\/\/www.captionmagazine.org\/en\/wp-json\/wp\/v2\/posts"}],"about":[{"href":"https:\/\/www.captionmagazine.org\/en\/wp-json\/wp\/v2\/types\/post"}],"author":[{"embeddable":true,"href":"https:\/\/www.captionmagazine.org\/en\/wp-json\/wp\/v2\/users\/1"}],"replies":[{"embeddable":true,"href":"https:\/\/www.captionmagazine.org\/en\/wp-json\/wp\/v2\/comments?post=13757"}],"version-history":[{"count":5,"href":"https:\/\/www.captionmagazine.org\/en\/wp-json\/wp\/v2\/posts\/13757\/revisions"}],"predecessor-version":[{"id":13959,"href":"https:\/\/www.captionmagazine.org\/en\/wp-json\/wp\/v2\/posts\/13757\/revisions\/13959"}],"wp:featuredmedia":[{"embeddable":true,"href":"https:\/\/www.captionmagazine.org\/en\/wp-json\/wp\/v2\/media\/13772"}],"wp:attachment":[{"href":"https:\/\/www.captionmagazine.org\/en\/wp-json\/wp\/v2\/media?parent=13757"}],"wp:term":[{"taxonomy":"category","embeddable":true,"href":"https:\/\/www.captionmagazine.org\/en\/wp-json\/wp\/v2\/categories?post=13757"},{"taxonomy":"post_tag","embeddable":true,"href":"https:\/\/www.captionmagazine.org\/en\/wp-json\/wp\/v2\/tags?post=13757"},{"taxonomy":"thb-sponsors","embeddable":true,"href":"https:\/\/www.captionmagazine.org\/en\/wp-json\/wp\/v2\/thb-sponsors?post=13757"}],"curies":[{"name":"wp","href":"https:\/\/api.w.org\/{rel}","templated":true}]}}