{"id":13717,"date":"2023-03-07T12:12:13","date_gmt":"2023-03-07T15:12:13","guid":{"rendered":"https:\/\/www.captionmagazine.org\/?p=13717"},"modified":"2023-03-07T21:49:09","modified_gmt":"2023-03-08T00:49:09","slug":"escuela-arcos-valparaiso","status":"publish","type":"post","link":"https:\/\/www.captionmagazine.org\/en\/nuevas-miradas\/escuela-arcos-valparaiso","title":{"rendered":"Escuela Arcos Valpara\u00edso"},"content":{"rendered":"\r\n<h4 class=\"wp-block-heading\">Desde el a\u00f1o 1990 que la Escuela de Fotograf\u00eda del Instituto Profesional ARCOS est\u00e1 presente en la formaci\u00f3n de fot\u00f3grafas\/os en Chile, asumiendo las exigencias del mercado y la tecnolog\u00eda para fomentar la innovaci\u00f3n y la productividad como tambi\u00e9n de los desaf\u00edos socio-culturales que nos plantea el pa\u00eds. Un n\u00famero importante de fot\u00f3grafos\/as han trascendido con su trabajo creativo y reflexivo, tanto a nivel nacional como internacional. Las\/os estudiantes tienen una formaci\u00f3n completa que contempla diversos aspectos t\u00e9cnicos, te\u00f3ricos y creativos, todo ello volcado al desarrollo de proyectos fotogr\u00e1ficos expresados en las distintas posibilidades que tiene la imagen, como la fotograf\u00eda publicitaria, period\u00edstica y autoral.<\/h4>\r\n<h4>La Escuela de Fotograf\u00eda se ha propuesto, desde sus inicios, ser una contribuci\u00f3n a las culturas, las artes y las comunicaciones del pa\u00eds y la sociedad en su conjunto. Por ello, sus estudiantes desarrollan una particular mirada de la realidad que les permite construir diversos mundos a trav\u00e9s de la fotograf\u00eda, problematizar de manera cr\u00edtica la imagen con bases reflexivas e hist\u00f3ricas y aportar a la construcci\u00f3n de la memoria.<\/h4>\r\n<h4>Su sede en Valpara\u00edso, con un particular entorno, permea, sin duda alguna, la po\u00e9tica y narrativa de la producci\u00f3n fotogr\u00e1fica de las\/os autores.<\/h4>\r\n\r\n\r\n\r\n<p>&nbsp;<\/p>\r\n\r\n\r\n\r\n\r\n\r\n<div class=\"wp-block-button is-style-outline\"><a class=\"wp-block-button__link\" style=\"border-radius: 10px;\" href=\"https:\/\/www.captionmagazine.org\/papel-digital-n20#page70\" rel=\"noreferrer noopener\">Lee este art\u00edculo en papel digital<\/a><\/div>\r\n<div>\u00a0<\/div>\r\n<div><hr \/><\/div>\r\n<h3><strong>La fotograf\u00eda y el sentir<\/strong><\/h3>\r\n<p><strong>Por Valentina Mendoza<\/strong><\/p>\r\n<div>\r\n<p><a href=\"https:\/\/www.instagram.com\/soulgraphyc\" target=\"_blank\" rel=\"noopener\">www.instagram.com\/soulgraphyc<\/a><\/p>\r\n<p>Me interesa la fotograf\u00eda desde una mirada y un esp\u00edritu rom\u00e1ntico \u2013como aquel del siglo XIX-, donde esa fotograf\u00eda perturbe la mirada del espectador al mostrar im\u00e1genes no tan descriptivas si no m\u00e1s bien espirituales. Espacios visuales donde el desenfoque o las condiciones atmosf\u00e9ricas impidan la f\u00e1cil mirada y por tanto el espectador tenga que profundizar en la imagen m\u00e1s que desde el intelecto, desde el sentimiento y ello nos permita indagar en nuestros sentires y devenires.<br \/>Busco a trav\u00e9s de la imagen provocar una tormenta de pasiones que transmitan una visi\u00f3n personal y subjetiva, para que desde ah\u00ed detone la catarsis y quiz\u00e1s la sanaci\u00f3n de vivir en una sociedad desigual y violenta como la de hoy. La imagen y los paisajes pueden decirnos mucho sobre el sentir humano, pues, tal como la naturaleza, la historia, los procesos emocionales y sociales son c\u00edclicos.<\/p>\r\n<p>En este sentido es que nace AG\u00d3N, un proyecto de t\u00edtulo que nace en el coraz\u00f3n de la pandemia del covid, obligando de cierta manera a improvisar con los procesos creativos para crear algo significativo. Asimismo este trabajo busca demostrar algo que fue pieza clave en el transcurso de la pandemia, la salud mental. La cual incluso antes de todo era invisibilizada de cierta forma.<\/p>\r\n<p>Es por esto que AG\u00d3N busca representar visualmente procesos emocionales, los cuales derivaron en la experimentaci\u00f3n de los tiempos de exposici\u00f3n, el ser f\u00edsico (autorretrato) y la doble exposici\u00f3n, procesos que se volvieron pieza clave en la representaci\u00f3n del sentir propio, ya que estos procesos lograban recrear de manera tangible la experimentaci\u00f3n del ser. Permitiendo mezclar la dualidad de lo subjetivo y lo real, induciendo al espectador entre la delgada l\u00ednea de lo tangible e intangible. Reflejando de esta manera una mezcla de mundos tangibles que sobrepuestos uno sobre el otro representan aquellos mundos mentales ocultos en el sentir. <br \/>Es por esto que mediante investigaci\u00f3n se logra (a pesar de lo lejano que ambos conceptos parecen) encontrar una similitud entre la multi exposici\u00f3n y la disociaci\u00f3n, la cual yace en las capas. Ya que en ambos razonamientos nos encontramos con una ilusi\u00f3n de realidad que no es m\u00e1s que la super posici\u00f3n de sentires que conforman realidades \u00fanicas, las cuales son dif\u00edcil de ser expresadas a simple vista.<\/p>\r\n<p>Estas im\u00e1genes buscan tangibilizar y representar mis estados disociativos provocados por el sin fin de traumas no atendidos. Supone la encarnaci\u00f3n de la lejan\u00eda mental sobre la realidad como una alternativa de poder alejarse del da\u00f1o, creando escenarios difusos en los cuales es permitido sub existir con el dolor provocado por la sociedad. Sin embargo, con el paso de los a\u00f1os he notado que estos escenarios son un arma de doble filo, pues, al afectar la mentalidad, muchas veces cre\u00e9 \u201crefugios\u201d que m\u00e1s que otorgar esperanza, me conten\u00edan en lugares oscuros, donde la muerte y la desesperanza eran la \u00fanica compa\u00f1\u00eda y la felicidad era un panorama irreal.<\/p>\r\n<p>Por lo tanto, mediante este proyecto busco visualizar un problema que es mucho m\u00e1s com\u00fan de lo que parece, y es en este sentido que espero que mis im\u00e1genes lleguen y se vuelvan una manera de cobijarse o entender los procesos por los que pasamos cuando no estamos mentalmente estables.<\/p>\r\n<div id='gallery-1' class='gallery galleryid-13717 gallery-columns-3 gallery-size-thumbnail'><figure class='gallery-item'>\n\t\t\t<div class='gallery-icon landscape'>\n\t\t\t\t<a href='https:\/\/www.captionmagazine.org\/wp-content\/uploads\/2023\/03\/RS7837_RETRATO-VALENTINA-MENDOZA-.jpeg'><img loading=\"lazy\" decoding=\"async\" width=\"160\" height=\"160\" src=\"https:\/\/www.captionmagazine.org\/wp-content\/uploads\/2023\/03\/RS7837_RETRATO-VALENTINA-MENDOZA--160x160.jpeg\" class=\"attachment-thumbnail size-thumbnail\" alt=\"\" aria-describedby=\"gallery-1-13719\" srcset=\"https:\/\/www.captionmagazine.org\/wp-content\/uploads\/2023\/03\/RS7837_RETRATO-VALENTINA-MENDOZA--160x160.jpeg 160w, https:\/\/www.captionmagazine.org\/wp-content\/uploads\/2023\/03\/RS7837_RETRATO-VALENTINA-MENDOZA--90x90.jpeg 90w, https:\/\/www.captionmagazine.org\/wp-content\/uploads\/2023\/03\/RS7837_RETRATO-VALENTINA-MENDOZA--20x19.jpeg 20w\" sizes=\"auto, (max-width: 160px) 100vw, 160px\" \/><\/a>\n\t\t\t<\/div>\n\t\t\t\t<figcaption class='wp-caption-text gallery-caption' id='gallery-1-13719'>\n\t\t\t\tMarchita\n\t\t\t\t<\/figcaption><\/figure><figure class='gallery-item'>\n\t\t\t<div class='gallery-icon landscape'>\n\t\t\t\t<a href='https:\/\/www.captionmagazine.org\/wp-content\/uploads\/2023\/03\/RS7851_14.jpeg'><img loading=\"lazy\" decoding=\"async\" width=\"160\" height=\"160\" src=\"https:\/\/www.captionmagazine.org\/wp-content\/uploads\/2023\/03\/RS7851_14-160x160.jpeg\" class=\"attachment-thumbnail size-thumbnail\" alt=\"\" aria-describedby=\"gallery-1-13721\" srcset=\"https:\/\/www.captionmagazine.org\/wp-content\/uploads\/2023\/03\/RS7851_14-160x160.jpeg 160w, https:\/\/www.captionmagazine.org\/wp-content\/uploads\/2023\/03\/RS7851_14-90x90.jpeg 90w, https:\/\/www.captionmagazine.org\/wp-content\/uploads\/2023\/03\/RS7851_14-20x19.jpeg 20w\" sizes=\"auto, (max-width: 160px) 100vw, 160px\" \/><\/a>\n\t\t\t<\/div>\n\t\t\t\t<figcaption class='wp-caption-text gallery-caption' id='gallery-1-13721'>\n\t\t\t\t\u00a9 Valentina Mendoza\n\t\t\t\t<\/figcaption><\/figure><figure class='gallery-item'>\n\t\t\t<div class='gallery-icon landscape'>\n\t\t\t\t<a href='https:\/\/www.captionmagazine.org\/wp-content\/uploads\/2023\/03\/RS7849_12.jpeg'><img loading=\"lazy\" decoding=\"async\" width=\"160\" height=\"160\" src=\"https:\/\/www.captionmagazine.org\/wp-content\/uploads\/2023\/03\/RS7849_12-160x160.jpeg\" class=\"attachment-thumbnail size-thumbnail\" alt=\"\" aria-describedby=\"gallery-1-13723\" srcset=\"https:\/\/www.captionmagazine.org\/wp-content\/uploads\/2023\/03\/RS7849_12-160x160.jpeg 160w, https:\/\/www.captionmagazine.org\/wp-content\/uploads\/2023\/03\/RS7849_12-90x90.jpeg 90w, https:\/\/www.captionmagazine.org\/wp-content\/uploads\/2023\/03\/RS7849_12-20x19.jpeg 20w\" sizes=\"auto, (max-width: 160px) 100vw, 160px\" \/><\/a>\n\t\t\t<\/div>\n\t\t\t\t<figcaption class='wp-caption-text gallery-caption' id='gallery-1-13723'>\n\t\t\t\t\u00a9 Valentina Mendoza\n\t\t\t\t<\/figcaption><\/figure>\n\t\t<\/div>\n\r\n<\/div>\r\n<hr \/>\r\n<h3>Canto Lejano<\/h3>\r\n<p><strong>Por Paula Salazar<\/strong><\/p>\r\n<div>\r\n<p><a href=\"https:\/\/www.instagram.com\/cantolejano\" target=\"_blank\" rel=\"noopener\">www.instagram.com\/cantolejano<\/a><\/p>\r\n<p>Sensibilidad, calma, naturaleza, feminidad, amor y delicadeza son algunos de los conceptos que describen el trabajo de Paula Salazar que hace bajo el seud\u00f3nimo de Canto Lejano.<\/p>\r\n<p>Canto Lejano es un proyecto que refleja el imaginario y la mirada de la fot\u00f3grafa, el cual parte aproximadamente el a\u00f1o dos mil dieciocho, como una b\u00fasqueda de expresar algo a trav\u00e9s del arte de la fotograf\u00eda. Paula, en ese entonces, estaba empezando su carrera fotogr\u00e1fica y se encontraba averiguando su estilo propio e investigando qu\u00e9 era lo que ella quer\u00eda transmitir a trav\u00e9s de su obra. Siempre fue amante de la poes\u00eda y de la m\u00fasica y todo este \u201cjuego\u201d parti\u00f3 intentando reflejar extractos de poemas o de canciones en sus fotograf\u00edas. De hecho, el nombre del proyecto es parte de una frase que aparece en el poema \u201cLos ojos\u201d de la poeta argentina Alejandra Pizarnik.<\/p>\r\n<div id='gallery-2' class='gallery galleryid-13717 gallery-columns-4 gallery-size-thumbnail'><figure class='gallery-item'>\n\t\t\t<div class='gallery-icon portrait'>\n\t\t\t\t<a href='https:\/\/www.captionmagazine.org\/wp-content\/uploads\/2023\/03\/RS7805_6.jpeg'><img loading=\"lazy\" decoding=\"async\" width=\"160\" height=\"160\" src=\"https:\/\/www.captionmagazine.org\/wp-content\/uploads\/2023\/03\/RS7805_6-160x160.jpeg\" class=\"attachment-thumbnail size-thumbnail\" alt=\"\" aria-describedby=\"gallery-2-13737\" srcset=\"https:\/\/www.captionmagazine.org\/wp-content\/uploads\/2023\/03\/RS7805_6-160x160.jpeg 160w, https:\/\/www.captionmagazine.org\/wp-content\/uploads\/2023\/03\/RS7805_6-90x90.jpeg 90w, https:\/\/www.captionmagazine.org\/wp-content\/uploads\/2023\/03\/RS7805_6-20x19.jpeg 20w\" sizes=\"auto, (max-width: 160px) 100vw, 160px\" \/><\/a>\n\t\t\t<\/div>\n\t\t\t\t<figcaption class='wp-caption-text gallery-caption' id='gallery-2-13737'>\n\t\t\t\tFotograf\u00eda de doble exposici\u00f3n digital y an\u00e1loga.\n\t\t\t\t<\/figcaption><\/figure><figure class='gallery-item'>\n\t\t\t<div class='gallery-icon portrait'>\n\t\t\t\t<a href='https:\/\/www.captionmagazine.org\/wp-content\/uploads\/2023\/03\/RS7804_5.jpeg'><img loading=\"lazy\" decoding=\"async\" width=\"160\" height=\"160\" src=\"https:\/\/www.captionmagazine.org\/wp-content\/uploads\/2023\/03\/RS7804_5-160x160.jpeg\" class=\"attachment-thumbnail size-thumbnail\" alt=\"\" aria-describedby=\"gallery-2-13735\" srcset=\"https:\/\/www.captionmagazine.org\/wp-content\/uploads\/2023\/03\/RS7804_5-160x160.jpeg 160w, https:\/\/www.captionmagazine.org\/wp-content\/uploads\/2023\/03\/RS7804_5-90x90.jpeg 90w, https:\/\/www.captionmagazine.org\/wp-content\/uploads\/2023\/03\/RS7804_5-20x19.jpeg 20w\" sizes=\"auto, (max-width: 160px) 100vw, 160px\" \/><\/a>\n\t\t\t<\/div>\n\t\t\t\t<figcaption class='wp-caption-text gallery-caption' id='gallery-2-13735'>\n\t\t\t\tFotograf\u00eda digital.\n\t\t\t\t<\/figcaption><\/figure><figure class='gallery-item'>\n\t\t\t<div class='gallery-icon portrait'>\n\t\t\t\t<a href='https:\/\/www.captionmagazine.org\/wp-content\/uploads\/2023\/03\/RS7807_8.jpeg'><img loading=\"lazy\" decoding=\"async\" width=\"160\" height=\"160\" src=\"https:\/\/www.captionmagazine.org\/wp-content\/uploads\/2023\/03\/RS7807_8-160x160.jpeg\" class=\"attachment-thumbnail size-thumbnail\" alt=\"\" aria-describedby=\"gallery-2-13733\" srcset=\"https:\/\/www.captionmagazine.org\/wp-content\/uploads\/2023\/03\/RS7807_8-160x160.jpeg 160w, https:\/\/www.captionmagazine.org\/wp-content\/uploads\/2023\/03\/RS7807_8-90x90.jpeg 90w, https:\/\/www.captionmagazine.org\/wp-content\/uploads\/2023\/03\/RS7807_8-20x19.jpeg 20w\" sizes=\"auto, (max-width: 160px) 100vw, 160px\" \/><\/a>\n\t\t\t<\/div>\n\t\t\t\t<figcaption class='wp-caption-text gallery-caption' id='gallery-2-13733'>\n\t\t\t\tFotograf\u00eda an\u00e1loga en blanco y negro, revelada experimentalmente con t\u00e9 negro y membrillo.\n\t\t\t\t<\/figcaption><\/figure><figure class='gallery-item'>\n\t\t\t<div class='gallery-icon portrait'>\n\t\t\t\t<a href='https:\/\/www.captionmagazine.org\/wp-content\/uploads\/2023\/03\/RS7806_7.jpeg'><img loading=\"lazy\" decoding=\"async\" width=\"160\" height=\"160\" src=\"https:\/\/www.captionmagazine.org\/wp-content\/uploads\/2023\/03\/RS7806_7-160x160.jpeg\" class=\"attachment-thumbnail size-thumbnail\" alt=\"\" aria-describedby=\"gallery-2-13731\" srcset=\"https:\/\/www.captionmagazine.org\/wp-content\/uploads\/2023\/03\/RS7806_7-160x160.jpeg 160w, https:\/\/www.captionmagazine.org\/wp-content\/uploads\/2023\/03\/RS7806_7-90x90.jpeg 90w, https:\/\/www.captionmagazine.org\/wp-content\/uploads\/2023\/03\/RS7806_7-20x19.jpeg 20w\" sizes=\"auto, (max-width: 160px) 100vw, 160px\" \/><\/a>\n\t\t\t<\/div>\n\t\t\t\t<figcaption class='wp-caption-text gallery-caption' id='gallery-2-13731'>\n\t\t\t\tFotograf\u00eda an\u00e1loga en blanco y negro, revelada experimentalmente con cuesco de palta.\n\t\t\t\t<\/figcaption><\/figure>\n\t\t<\/div>\n\r\n<\/div>\r\n<hr \/>\r\n<h3>Luna Blanca Regente<\/h3>\r\n<p><strong>Por Marcela Cantillano<\/strong><\/p>\r\n<div>\r\n<p><a href=\"https:\/\/www.instagram.com\/marcantillano_\" target=\"_blank\" rel=\"noopener\">www.instagram.com\/marcantillano_<\/a><\/p>\r\n<p>Desde la antig\u00fcedad se ha hablado sobre el v\u00ednculo de la Luna con la vida, incluyendo en esto al humano, como ser f\u00edsico y mental emocional. Pero, a pesar de que la Luna nos afecte a todos; somos las mujeres quienes obtenemos un ciclo f\u00edsico y constante al igual que la Luna. De esta manera nos damos cuenta de una estrecha relaci\u00f3n entre nosotras y nuestras fases.<\/p>\r\n<p>Cuerpo y energ\u00eda cambian a lo largo del ciclo, de la misma forma que cambia la luna sus fases.<\/p>\r\n<p>Ciclos lunares y menstruales, se sincronizan as\u00ed, para complementarnos y resguardarnos, dentro de un cotidiano, el cual, en una realidad actual, no deja espacio para poder respetarnos, ya sea en tiempo y estados; situaci\u00f3n que nos impone y\/o ense\u00f1a la sociedad en cuanto a menstruaci\u00f3n se trata, mirado como s\u00edmbolo muchas veces de debilidad y tambi\u00e9n algo negativo que hay que ocultar, en lugar de comprender la importancia de la interiorizaci\u00f3n del funcionamiento de nuestros ciclos, y as\u00ed reconocer el valor de la mujer en su estado m\u00e1s espiritual.<\/p>\r\n<p>El ciclo de la Luna Blanca. En la mitolog\u00eda, siempre se ha cre\u00eddo en el paralelismo de ciclo femenino y el ciclo lunar; conect\u00e1ndolos entre fases otorg\u00e1ndole a cada fase compuesta por una fase lunar y menstrual, un arquetipo o Diosa lunar, cada una construida por emociones y sentires caracter\u00edsticos; algunos ser\u00e1n estados de transici\u00f3n y otros de equilibrio. Para mejor comprensi\u00f3n, describiremos el detalle determinante de estas fases, caracterizadas por estas Diosas que son parte de cada una de nosotras.<\/p>\r\n<div id='gallery-3' class='gallery galleryid-13717 gallery-columns-4 gallery-size-thumbnail'><figure class='gallery-item'>\n\t\t\t<div class='gallery-icon landscape'>\n\t\t\t\t<a href='https:\/\/www.captionmagazine.org\/wp-content\/uploads\/2023\/03\/RS7786_D4.jpeg'><img loading=\"lazy\" decoding=\"async\" width=\"160\" height=\"160\" src=\"https:\/\/www.captionmagazine.org\/wp-content\/uploads\/2023\/03\/RS7786_D4-160x160.jpeg\" class=\"attachment-thumbnail size-thumbnail\" alt=\"\" aria-describedby=\"gallery-3-13740\" srcset=\"https:\/\/www.captionmagazine.org\/wp-content\/uploads\/2023\/03\/RS7786_D4-160x160.jpeg 160w, https:\/\/www.captionmagazine.org\/wp-content\/uploads\/2023\/03\/RS7786_D4-90x90.jpeg 90w, https:\/\/www.captionmagazine.org\/wp-content\/uploads\/2023\/03\/RS7786_D4-20x20.jpeg 20w, https:\/\/www.captionmagazine.org\/wp-content\/uploads\/2023\/03\/RS7786_D4-48x48.jpeg 48w\" sizes=\"auto, (max-width: 160px) 100vw, 160px\" \/><\/a>\n\t\t\t<\/div>\n\t\t\t\t<figcaption class='wp-caption-text gallery-caption' id='gallery-3-13740'>\n\t\t\t\t\u00a9 Marcela Cantillano\n\t\t\t\t<\/figcaption><\/figure><figure class='gallery-item'>\n\t\t\t<div class='gallery-icon portrait'>\n\t\t\t\t<a href='https:\/\/www.captionmagazine.org\/wp-content\/uploads\/2023\/03\/RS7789_H1.jpeg'><img loading=\"lazy\" decoding=\"async\" width=\"160\" height=\"160\" src=\"https:\/\/www.captionmagazine.org\/wp-content\/uploads\/2023\/03\/RS7789_H1-160x160.jpeg\" class=\"attachment-thumbnail size-thumbnail\" alt=\"\" aria-describedby=\"gallery-3-13742\" srcset=\"https:\/\/www.captionmagazine.org\/wp-content\/uploads\/2023\/03\/RS7789_H1-160x160.jpeg 160w, https:\/\/www.captionmagazine.org\/wp-content\/uploads\/2023\/03\/RS7789_H1-90x90.jpeg 90w, https:\/\/www.captionmagazine.org\/wp-content\/uploads\/2023\/03\/RS7789_H1-20x19.jpeg 20w\" sizes=\"auto, (max-width: 160px) 100vw, 160px\" \/><\/a>\n\t\t\t<\/div>\n\t\t\t\t<figcaption class='wp-caption-text gallery-caption' id='gallery-3-13742'>\n\t\t\t\t\u00a9 Marcela Cantillano\n\t\t\t\t<\/figcaption><\/figure><figure class='gallery-item'>\n\t\t\t<div class='gallery-icon landscape'>\n\t\t\t\t<a href='https:\/\/www.captionmagazine.org\/wp-content\/uploads\/2023\/03\/RS7790_H2.jpeg'><img loading=\"lazy\" decoding=\"async\" width=\"160\" height=\"160\" src=\"https:\/\/www.captionmagazine.org\/wp-content\/uploads\/2023\/03\/RS7790_H2-160x160.jpeg\" class=\"attachment-thumbnail size-thumbnail\" alt=\"\" aria-describedby=\"gallery-3-13744\" srcset=\"https:\/\/www.captionmagazine.org\/wp-content\/uploads\/2023\/03\/RS7790_H2-160x160.jpeg 160w, https:\/\/www.captionmagazine.org\/wp-content\/uploads\/2023\/03\/RS7790_H2-90x90.jpeg 90w, https:\/\/www.captionmagazine.org\/wp-content\/uploads\/2023\/03\/RS7790_H2-20x20.jpeg 20w, https:\/\/www.captionmagazine.org\/wp-content\/uploads\/2023\/03\/RS7790_H2-48x48.jpeg 48w\" sizes=\"auto, (max-width: 160px) 100vw, 160px\" \/><\/a>\n\t\t\t<\/div>\n\t\t\t\t<figcaption class='wp-caption-text gallery-caption' id='gallery-3-13744'>\n\t\t\t\t\u00a9 Marcela Cantillano\n\t\t\t\t<\/figcaption><\/figure><figure class='gallery-item'>\n\t\t\t<div class='gallery-icon landscape'>\n\t\t\t\t<a href='https:\/\/www.captionmagazine.org\/wp-content\/uploads\/2023\/03\/RS7798_M5.jpeg'><img loading=\"lazy\" decoding=\"async\" width=\"160\" height=\"160\" src=\"https:\/\/www.captionmagazine.org\/wp-content\/uploads\/2023\/03\/RS7798_M5-160x160.jpeg\" class=\"attachment-thumbnail size-thumbnail\" alt=\"\" aria-describedby=\"gallery-3-13746\" srcset=\"https:\/\/www.captionmagazine.org\/wp-content\/uploads\/2023\/03\/RS7798_M5-160x160.jpeg 160w, https:\/\/www.captionmagazine.org\/wp-content\/uploads\/2023\/03\/RS7798_M5-90x90.jpeg 90w, https:\/\/www.captionmagazine.org\/wp-content\/uploads\/2023\/03\/RS7798_M5-20x20.jpeg 20w, https:\/\/www.captionmagazine.org\/wp-content\/uploads\/2023\/03\/RS7798_M5-48x48.jpeg 48w\" sizes=\"auto, (max-width: 160px) 100vw, 160px\" \/><\/a>\n\t\t\t<\/div>\n\t\t\t\t<figcaption class='wp-caption-text gallery-caption' id='gallery-3-13746'>\n\t\t\t\t\u00a9 Marcela Cantillano\n\t\t\t\t<\/figcaption><\/figure>\n\t\t<\/div>\n\r\n<\/div>\r\n<hr \/>\r\n<h3>Des_Composici\u00f3n<\/h3>\r\n<p><strong>Por Fernanda Quiroga<\/strong><\/p>\r\n<div>\r\n<p><a href=\"https:\/\/www.instagram.com\/efequiroga\" target=\"_blank\" rel=\"noopener\">www.instagram.com\/efequiroga<\/a><\/p>\r\n<p>Proyecto fotogr\u00e1fico autoral de car\u00e1cter reflexivo, contemplativo e investigativo que busca profundizar en los conceptos de autoconocimiento y autoan\u00e1lisis mediante la imagen, con el fin de generar cuestionamientos e introspecci\u00f3n a lo que respecta nuestra individualidad y c\u00f3mo \u00e9sta repercute en un otro.<\/p>\r\n<p>Mediante toques filos\u00f3ficos, psicol\u00f3gicos y visuales se analiza la importancia del pensamiento propio y consciente, utilizando en este caso, mi propia mente como objeto de estudio, teniendo como finalidad conectar el plano mental con lo visual, respondiendo si la fotograf\u00eda autoral es una herramienta que propicia esta experiencia.<\/p>\r\n<p>A trav\u00e9s de un relato de vivencias propias como autora, construyo un paisaje a trav\u00e9s de la t\u00e9cnica del pol\u00edptico, siendo \u00e9ste utilizado como reflejo de los distintos escenarios habitados en el proceso de autoconocimiento, donde voluntariamente existe una disposici\u00f3n a navegar y representar esos lugares l\u00fagubres y poco agradables de ver, donde a trav\u00e9s del enfrentamiento y la destrucci\u00f3n de qui\u00e9n soy en el presente -como si fuese un rompecabezas- comienzo a reconstruir el pasado; seleccionando, reflexionando y uniendo recuerdos, con el objetivo de resignificar las propias experiencias, invitando a generar nuevas perspectivas de lo que uno fue y es hoy en d\u00eda.<\/p>\r\n<div id='gallery-4' class='gallery galleryid-13717 gallery-columns-4 gallery-size-thumbnail'><figure class='gallery-item'>\n\t\t\t<div class='gallery-icon portrait'>\n\t\t\t\t<a href='https:\/\/www.captionmagazine.org\/wp-content\/uploads\/2023\/03\/RS7864_8.jpeg'><img loading=\"lazy\" decoding=\"async\" width=\"160\" height=\"160\" src=\"https:\/\/www.captionmagazine.org\/wp-content\/uploads\/2023\/03\/RS7864_8-160x160.jpeg\" class=\"attachment-thumbnail size-thumbnail\" alt=\"\" aria-describedby=\"gallery-4-13749\" srcset=\"https:\/\/www.captionmagazine.org\/wp-content\/uploads\/2023\/03\/RS7864_8-160x160.jpeg 160w, https:\/\/www.captionmagazine.org\/wp-content\/uploads\/2023\/03\/RS7864_8-90x90.jpeg 90w, https:\/\/www.captionmagazine.org\/wp-content\/uploads\/2023\/03\/RS7864_8-20x19.jpeg 20w\" sizes=\"auto, (max-width: 160px) 100vw, 160px\" \/><\/a>\n\t\t\t<\/div>\n\t\t\t\t<figcaption class='wp-caption-text gallery-caption' id='gallery-4-13749'>\n\t\t\t\t\u00a9 Fernanda Quiroga\n\t\t\t\t<\/figcaption><\/figure><figure class='gallery-item'>\n\t\t\t<div class='gallery-icon portrait'>\n\t\t\t\t<a href='https:\/\/www.captionmagazine.org\/wp-content\/uploads\/2023\/03\/RS7869_13.jpeg'><img loading=\"lazy\" decoding=\"async\" width=\"160\" height=\"160\" src=\"https:\/\/www.captionmagazine.org\/wp-content\/uploads\/2023\/03\/RS7869_13-160x160.jpeg\" class=\"attachment-thumbnail size-thumbnail\" alt=\"\" aria-describedby=\"gallery-4-13751\" srcset=\"https:\/\/www.captionmagazine.org\/wp-content\/uploads\/2023\/03\/RS7869_13-160x160.jpeg 160w, https:\/\/www.captionmagazine.org\/wp-content\/uploads\/2023\/03\/RS7869_13-90x90.jpeg 90w, https:\/\/www.captionmagazine.org\/wp-content\/uploads\/2023\/03\/RS7869_13-20x19.jpeg 20w\" sizes=\"auto, (max-width: 160px) 100vw, 160px\" \/><\/a>\n\t\t\t<\/div>\n\t\t\t\t<figcaption class='wp-caption-text gallery-caption' id='gallery-4-13751'>\n\t\t\t\t\u00a9 Fernanda Quiroga\n\t\t\t\t<\/figcaption><\/figure><figure class='gallery-item'>\n\t\t\t<div class='gallery-icon portrait'>\n\t\t\t\t<a href='https:\/\/www.captionmagazine.org\/wp-content\/uploads\/2023\/03\/RS7862_6.jpeg'><img loading=\"lazy\" decoding=\"async\" width=\"160\" height=\"160\" src=\"https:\/\/www.captionmagazine.org\/wp-content\/uploads\/2023\/03\/RS7862_6-160x160.jpeg\" class=\"attachment-thumbnail size-thumbnail\" alt=\"\" aria-describedby=\"gallery-4-13753\" srcset=\"https:\/\/www.captionmagazine.org\/wp-content\/uploads\/2023\/03\/RS7862_6-160x160.jpeg 160w, https:\/\/www.captionmagazine.org\/wp-content\/uploads\/2023\/03\/RS7862_6-90x90.jpeg 90w, https:\/\/www.captionmagazine.org\/wp-content\/uploads\/2023\/03\/RS7862_6-20x19.jpeg 20w\" sizes=\"auto, (max-width: 160px) 100vw, 160px\" \/><\/a>\n\t\t\t<\/div>\n\t\t\t\t<figcaption class='wp-caption-text gallery-caption' id='gallery-4-13753'>\n\t\t\t\t\u00a9 Fernanda Quiroga\n\t\t\t\t<\/figcaption><\/figure><figure class='gallery-item'>\n\t\t\t<div class='gallery-icon portrait'>\n\t\t\t\t<a href='https:\/\/www.captionmagazine.org\/wp-content\/uploads\/2023\/03\/RS7867_11.jpeg'><img loading=\"lazy\" decoding=\"async\" width=\"160\" height=\"160\" src=\"https:\/\/www.captionmagazine.org\/wp-content\/uploads\/2023\/03\/RS7867_11-160x160.jpeg\" class=\"attachment-thumbnail size-thumbnail\" alt=\"\" aria-describedby=\"gallery-4-13755\" srcset=\"https:\/\/www.captionmagazine.org\/wp-content\/uploads\/2023\/03\/RS7867_11-160x160.jpeg 160w, https:\/\/www.captionmagazine.org\/wp-content\/uploads\/2023\/03\/RS7867_11-90x90.jpeg 90w, https:\/\/www.captionmagazine.org\/wp-content\/uploads\/2023\/03\/RS7867_11-20x19.jpeg 20w\" sizes=\"auto, (max-width: 160px) 100vw, 160px\" \/><\/a>\n\t\t\t<\/div>\n\t\t\t\t<figcaption class='wp-caption-text gallery-caption' id='gallery-4-13755'>\n\t\t\t\t\u00a9 Fernanda Quiroga\n\t\t\t\t<\/figcaption><\/figure>\n\t\t<\/div>\n\r\n<\/div>\r\n\r\n\r\n<hr class=\"wp-block-separator\" \/>\r\n\r\n\r\n\r\n\r\n<p><strong>Links<\/strong>:<\/p>\r\n<p><a href=\"https:\/\/www.arcos.cl\/category\/escuelas\/escuela-de-fotografia\" target=\"_blank\" rel=\"noopener\">www.arcos.cl\/category\/escuelas\/escuela-de-fotografia<\/a><\/p>\r\n<p><a href=\"https:\/\/www.instagram.com\/arcosvina\" target=\"_blank\" rel=\"noopener\">www.instagram.com\/arcosvina<\/a><\/p>\r\n<p><a href=\"https:\/\/www.instagram.com\/fotoarcosvalpo\" target=\"_blank\" rel=\"noopener\">www.instagram.com\/fotoarcosvalpo<\/a><\/p>\r\n\r\n\r\n\r\n\r\n","protected":false},"excerpt":{"rendered":"<p>Desde el a\u00f1o 1990 que la Escuela de Fotograf\u00eda del Instituto Profesional ARCOS est\u00e1 presente en la formaci\u00f3n de fot\u00f3grafas\/os en Chile, asumiendo las exigencias del mercado y la tecnolog\u00eda para fomentar la innovaci\u00f3n y la productividad como tambi\u00e9n de los desaf\u00edos socio-culturales que nos plantea el pa\u00eds. Un n\u00famero importante de fot\u00f3grafos\/as han trascendido&hellip;<\/p>\n","protected":false},"author":1,"featured_media":13722,"comment_status":"closed","ping_status":"closed","sticky":false,"template":"","format":"standard","meta":{"footnotes":""},"categories":[816],"tags":[905,915,81],"thb-sponsors":[],"class_list":["post-13717","post","type-post","status-publish","format-standard","has-post-thumbnail","hentry","category-nuevas-miradas","tag-escuelas-2","tag-n20","tag-valparaiso"],"_links":{"self":[{"href":"https:\/\/www.captionmagazine.org\/en\/wp-json\/wp\/v2\/posts\/13717","targetHints":{"allow":["GET"]}}],"collection":[{"href":"https:\/\/www.captionmagazine.org\/en\/wp-json\/wp\/v2\/posts"}],"about":[{"href":"https:\/\/www.captionmagazine.org\/en\/wp-json\/wp\/v2\/types\/post"}],"author":[{"embeddable":true,"href":"https:\/\/www.captionmagazine.org\/en\/wp-json\/wp\/v2\/users\/1"}],"replies":[{"embeddable":true,"href":"https:\/\/www.captionmagazine.org\/en\/wp-json\/wp\/v2\/comments?post=13717"}],"version-history":[{"count":10,"href":"https:\/\/www.captionmagazine.org\/en\/wp-json\/wp\/v2\/posts\/13717\/revisions"}],"predecessor-version":[{"id":13960,"href":"https:\/\/www.captionmagazine.org\/en\/wp-json\/wp\/v2\/posts\/13717\/revisions\/13960"}],"wp:featuredmedia":[{"embeddable":true,"href":"https:\/\/www.captionmagazine.org\/en\/wp-json\/wp\/v2\/media\/13722"}],"wp:attachment":[{"href":"https:\/\/www.captionmagazine.org\/en\/wp-json\/wp\/v2\/media?parent=13717"}],"wp:term":[{"taxonomy":"category","embeddable":true,"href":"https:\/\/www.captionmagazine.org\/en\/wp-json\/wp\/v2\/categories?post=13717"},{"taxonomy":"post_tag","embeddable":true,"href":"https:\/\/www.captionmagazine.org\/en\/wp-json\/wp\/v2\/tags?post=13717"},{"taxonomy":"thb-sponsors","embeddable":true,"href":"https:\/\/www.captionmagazine.org\/en\/wp-json\/wp\/v2\/thb-sponsors?post=13717"}],"curies":[{"name":"wp","href":"https:\/\/api.w.org\/{rel}","templated":true}]}}