{"id":13567,"date":"2023-02-15T18:24:56","date_gmt":"2023-02-15T21:24:56","guid":{"rendered":"https:\/\/www.captionmagazine.org\/?p=13567"},"modified":"2023-02-15T19:05:44","modified_gmt":"2023-02-15T22:05:44","slug":"fujifilm-barcelona","status":"publish","type":"post","link":"https:\/\/www.captionmagazine.org\/en\/noticias\/fujifilm-barcelona","title":{"rendered":"Fujifilm inaugura Wonder Photo Shop en Barcelona"},"content":{"rendered":"<p>El pasado 14 de Febrero, Fujifilm Espa\u00f1a ha inaugurado su flamante y renovada tienda en Calle Gran Gracia en Barcelona. Nacho Izquierdo, editor de fotograf\u00eda de CAPTION Magazine, estuvo ah\u00ed para captar el momento donde adem\u00e1s se estren\u00f3 la Wonder Expo, un espacio destinado a apoyar el arte y la cultura, con la exposici\u00f3n fotogr\u00e1fica in\u00e9dita \u201cMeli, Cadaqu\u00e9s, Dal\u00ed\u201d.<\/p>\n<p>En la ceremonia estuvieron presentes Toshi Iida, presidente de Fujifilm Europe; Shin Udono, vicepresidente s\u00e9nior de Imaging Solutions de Fujifilm Europe; y Pedro Mesquita, director general de Fujifilm en Espa\u00f1a y Portugal, entre otros directivos de la firma japonesa; as\u00ed como con la presencia de Jordi Casals, hijo del fot\u00f3grafo Melit\u00f3 Casals, m\u00e1s conocido como Meli, y autor de las im\u00e1genes.<\/p>\n<figure id=\"attachment_13578\" aria-describedby=\"caption-attachment-13578\" style=\"width: 640px\" class=\"wp-caption alignnone\"><img loading=\"lazy\" decoding=\"async\" class=\"size-medium wp-image-13578\" src=\"https:\/\/www.captionmagazine.org\/wp-content\/uploads\/2023\/02\/RS7914_NIZ-26-scr-640x427.jpg\" alt=\"\" width=\"640\" height=\"427\" srcset=\"https:\/\/www.captionmagazine.org\/wp-content\/uploads\/2023\/02\/RS7914_NIZ-26-scr-640x427.jpg 640w, https:\/\/www.captionmagazine.org\/wp-content\/uploads\/2023\/02\/RS7914_NIZ-26-scr-370x247.jpg 370w, https:\/\/www.captionmagazine.org\/wp-content\/uploads\/2023\/02\/RS7914_NIZ-26-scr-20x13.jpg 20w, https:\/\/www.captionmagazine.org\/wp-content\/uploads\/2023\/02\/RS7914_NIZ-26-scr-72x48.jpg 72w\" sizes=\"auto, (max-width: 640px) 100vw, 640px\" \/><figcaption id=\"caption-attachment-13578\" class=\"wp-caption-text\">Shin Udono, vicepresidente senior de Imaging Solutions de Fujifilm Europe \u00a9 Nacho Izquierdo<\/figcaption><\/figure>\n<figure id=\"attachment_13584\" aria-describedby=\"caption-attachment-13584\" style=\"width: 640px\" class=\"wp-caption alignnone\"><img loading=\"lazy\" decoding=\"async\" class=\"size-medium wp-image-13584\" src=\"https:\/\/www.captionmagazine.org\/wp-content\/uploads\/2023\/02\/RS7924_NIZ-53-scr-640x427.jpg\" alt=\"\" width=\"640\" height=\"427\" srcset=\"https:\/\/www.captionmagazine.org\/wp-content\/uploads\/2023\/02\/RS7924_NIZ-53-scr-640x427.jpg 640w, https:\/\/www.captionmagazine.org\/wp-content\/uploads\/2023\/02\/RS7924_NIZ-53-scr-370x247.jpg 370w, https:\/\/www.captionmagazine.org\/wp-content\/uploads\/2023\/02\/RS7924_NIZ-53-scr-20x13.jpg 20w, https:\/\/www.captionmagazine.org\/wp-content\/uploads\/2023\/02\/RS7924_NIZ-53-scr-72x48.jpg 72w\" sizes=\"auto, (max-width: 640px) 100vw, 640px\" \/><figcaption id=\"caption-attachment-13584\" class=\"wp-caption-text\">Iker Moran de <a href=\"https:\/\/www.photolari.com\/\" target=\"_blank\" rel=\"noopener\">Photolari<\/a>. \u00a9 Nacho Izquierdo<\/figcaption><\/figure>\n<figure id=\"attachment_13582\" aria-describedby=\"caption-attachment-13582\" style=\"width: 640px\" class=\"wp-caption alignnone\"><img loading=\"lazy\" decoding=\"async\" class=\"wp-image-13582 size-medium\" src=\"https:\/\/www.captionmagazine.org\/wp-content\/uploads\/2023\/02\/RS7917_NIZ-36-scr-640x427.jpg\" alt=\"\" width=\"640\" height=\"427\" srcset=\"https:\/\/www.captionmagazine.org\/wp-content\/uploads\/2023\/02\/RS7917_NIZ-36-scr-640x427.jpg 640w, https:\/\/www.captionmagazine.org\/wp-content\/uploads\/2023\/02\/RS7917_NIZ-36-scr-370x247.jpg 370w, https:\/\/www.captionmagazine.org\/wp-content\/uploads\/2023\/02\/RS7917_NIZ-36-scr-20x13.jpg 20w, https:\/\/www.captionmagazine.org\/wp-content\/uploads\/2023\/02\/RS7917_NIZ-36-scr-72x48.jpg 72w\" sizes=\"auto, (max-width: 640px) 100vw, 640px\" \/><figcaption id=\"caption-attachment-13582\" class=\"wp-caption-text\">Exposici\u00f3n in\u00e9dita \u201cMeli, Cadaqu\u00e9s, Dal\u00ed\u201d. \u00a9 Nacho Izquierdo<\/figcaption><\/figure>\n<p>Un nuevo espacio para la cultura en pleno coraz\u00f3n de Barcelona, un lugar de encuentro para profesionales y amateurs de la fotograf\u00eda, donde se organizan conferencias, exposiciones, eventos, etc.<\/p>\n<p>FujiFilm sigue apostando por la cultura y por la cercan\u00eda con sus usuarios.<\/p>\n<p>Enhorabuena!<\/p>\n<figure style=\"width: 640px\" class=\"wp-caption alignnone\"><img loading=\"lazy\" decoding=\"async\" class=\"wp-image-13590 size-medium\" src=\"https:\/\/www.captionmagazine.org\/wp-content\/uploads\/2023\/02\/RS7927_NIZ-52-scr-640x427.jpg\" alt=\"\" width=\"640\" height=\"427\" srcset=\"https:\/\/www.captionmagazine.org\/wp-content\/uploads\/2023\/02\/RS7927_NIZ-52-scr-640x427.jpg 640w, https:\/\/www.captionmagazine.org\/wp-content\/uploads\/2023\/02\/RS7927_NIZ-52-scr-370x247.jpg 370w, https:\/\/www.captionmagazine.org\/wp-content\/uploads\/2023\/02\/RS7927_NIZ-52-scr-20x13.jpg 20w, https:\/\/www.captionmagazine.org\/wp-content\/uploads\/2023\/02\/RS7927_NIZ-52-scr-72x48.jpg 72w\" sizes=\"auto, (max-width: 640px) 100vw, 640px\" \/><figcaption class=\"wp-caption-text\">\u00a9 Nacho Izquierdo<\/figcaption><\/figure>\n<p>&nbsp;<\/p>\n<figure style=\"width: 640px\" class=\"wp-caption alignnone\"><img loading=\"lazy\" decoding=\"async\" class=\"wp-image-13588 size-medium\" src=\"https:\/\/www.captionmagazine.org\/wp-content\/uploads\/2023\/02\/RS7926_NIZ-61-scr-640x427.jpg\" alt=\"\" width=\"640\" height=\"427\" srcset=\"https:\/\/www.captionmagazine.org\/wp-content\/uploads\/2023\/02\/RS7926_NIZ-61-scr-640x427.jpg 640w, https:\/\/www.captionmagazine.org\/wp-content\/uploads\/2023\/02\/RS7926_NIZ-61-scr-370x247.jpg 370w, https:\/\/www.captionmagazine.org\/wp-content\/uploads\/2023\/02\/RS7926_NIZ-61-scr-20x13.jpg 20w, https:\/\/www.captionmagazine.org\/wp-content\/uploads\/2023\/02\/RS7926_NIZ-61-scr-72x48.jpg 72w\" sizes=\"auto, (max-width: 640px) 100vw, 640px\" \/><figcaption class=\"wp-caption-text\">Jordi Casals \u00a9 Nacho Izquierdo<\/figcaption><\/figure>\n<p>&nbsp;<\/p>\n<figure id=\"attachment_13580\" aria-describedby=\"caption-attachment-13580\" style=\"width: 640px\" class=\"wp-caption alignnone\"><img loading=\"lazy\" decoding=\"async\" class=\"wp-image-13580 size-medium\" src=\"https:\/\/www.captionmagazine.org\/wp-content\/uploads\/2023\/02\/RS7916_NIZ-35-scr-640x427.jpg\" alt=\"\" width=\"640\" height=\"427\" srcset=\"https:\/\/www.captionmagazine.org\/wp-content\/uploads\/2023\/02\/RS7916_NIZ-35-scr-640x427.jpg 640w, https:\/\/www.captionmagazine.org\/wp-content\/uploads\/2023\/02\/RS7916_NIZ-35-scr-370x247.jpg 370w, https:\/\/www.captionmagazine.org\/wp-content\/uploads\/2023\/02\/RS7916_NIZ-35-scr-20x13.jpg 20w, https:\/\/www.captionmagazine.org\/wp-content\/uploads\/2023\/02\/RS7916_NIZ-35-scr-72x48.jpg 72w\" sizes=\"auto, (max-width: 640px) 100vw, 640px\" \/><figcaption id=\"caption-attachment-13580\" class=\"wp-caption-text\">\u00a9 Nacho Izquierdo<\/figcaption><\/figure>\n<figure id=\"attachment_13572\" aria-describedby=\"caption-attachment-13572\" style=\"width: 640px\" class=\"wp-caption alignnone\"><img loading=\"lazy\" decoding=\"async\" class=\"wp-image-13572 size-medium\" src=\"https:\/\/www.captionmagazine.org\/wp-content\/uploads\/2023\/02\/RS7922_NIZ-60-scr-640x427.jpg\" alt=\"\" width=\"640\" height=\"427\" srcset=\"https:\/\/www.captionmagazine.org\/wp-content\/uploads\/2023\/02\/RS7922_NIZ-60-scr-640x427.jpg 640w, https:\/\/www.captionmagazine.org\/wp-content\/uploads\/2023\/02\/RS7922_NIZ-60-scr-370x247.jpg 370w, https:\/\/www.captionmagazine.org\/wp-content\/uploads\/2023\/02\/RS7922_NIZ-60-scr-20x13.jpg 20w, https:\/\/www.captionmagazine.org\/wp-content\/uploads\/2023\/02\/RS7922_NIZ-60-scr-72x48.jpg 72w\" sizes=\"auto, (max-width: 640px) 100vw, 640px\" \/><figcaption id=\"caption-attachment-13572\" class=\"wp-caption-text\">\u00a9 Nacho Izquierdo<\/figcaption><\/figure>\n<figure id=\"attachment_13586\" aria-describedby=\"caption-attachment-13586\" style=\"width: 640px\" class=\"wp-caption alignnone\"><img loading=\"lazy\" decoding=\"async\" class=\"wp-image-13586 size-medium\" src=\"https:\/\/www.captionmagazine.org\/wp-content\/uploads\/2023\/02\/RS7925_NIZ-55-scr-640x427.jpg\" alt=\"\" width=\"640\" height=\"427\" srcset=\"https:\/\/www.captionmagazine.org\/wp-content\/uploads\/2023\/02\/RS7925_NIZ-55-scr-640x427.jpg 640w, https:\/\/www.captionmagazine.org\/wp-content\/uploads\/2023\/02\/RS7925_NIZ-55-scr-370x247.jpg 370w, https:\/\/www.captionmagazine.org\/wp-content\/uploads\/2023\/02\/RS7925_NIZ-55-scr-20x13.jpg 20w, https:\/\/www.captionmagazine.org\/wp-content\/uploads\/2023\/02\/RS7925_NIZ-55-scr-72x48.jpg 72w\" sizes=\"auto, (max-width: 640px) 100vw, 640px\" \/><figcaption id=\"caption-attachment-13586\" class=\"wp-caption-text\">Joan Vendrell posa con el <a href=\"https:\/\/www.captionmagazine.org\/issues\/n19-enero-2023\" target=\"_blank\" rel=\"noopener\">issue N19 de CAPTION Magazine<\/a>. \u00a9 Nacho Izquierdo<\/figcaption><\/figure>\n<p>&nbsp;<\/p>\n<p>&nbsp;<\/p>\n<p><a href=\"https:\/\/wonderphotoshop.es\/\" target=\"_blank\" rel=\"noopener\">Wonder Photo Shop Barcelona<\/a><br \/>\nDirecci\u00f3n: C\/ Gran de Gr\u00e0cia, 1 (Barcelona)<\/p>\n","protected":false},"excerpt":{"rendered":"<p>El pasado 14 de Febrero, Fujifilm Espa\u00f1a ha inaugurado su flamante y renovada tienda en Calle Gran Gracia en Barcelona. Nacho Izquierdo, editor de fotograf\u00eda de CAPTION Magazine, estuvo ah\u00ed para captar el momento donde adem\u00e1s se estren\u00f3 la Wonder Expo, un espacio destinado a apoyar el arte y la cultura, con la exposici\u00f3n fotogr\u00e1fica&hellip;<\/p>\n","protected":false},"author":4,"featured_media":13570,"comment_status":"closed","ping_status":"closed","sticky":false,"template":"","format":"gallery","meta":{"footnotes":""},"categories":[246],"tags":[922,341],"thb-sponsors":[],"class_list":["post-13567","post","type-post","status-publish","format-gallery","has-post-thumbnail","hentry","category-noticias","tag-barcelona","tag-fujifilm","post_format-post-format-gallery"],"_links":{"self":[{"href":"https:\/\/www.captionmagazine.org\/en\/wp-json\/wp\/v2\/posts\/13567","targetHints":{"allow":["GET"]}}],"collection":[{"href":"https:\/\/www.captionmagazine.org\/en\/wp-json\/wp\/v2\/posts"}],"about":[{"href":"https:\/\/www.captionmagazine.org\/en\/wp-json\/wp\/v2\/types\/post"}],"author":[{"embeddable":true,"href":"https:\/\/www.captionmagazine.org\/en\/wp-json\/wp\/v2\/users\/4"}],"replies":[{"embeddable":true,"href":"https:\/\/www.captionmagazine.org\/en\/wp-json\/wp\/v2\/comments?post=13567"}],"version-history":[{"count":18,"href":"https:\/\/www.captionmagazine.org\/en\/wp-json\/wp\/v2\/posts\/13567\/revisions"}],"predecessor-version":[{"id":13594,"href":"https:\/\/www.captionmagazine.org\/en\/wp-json\/wp\/v2\/posts\/13567\/revisions\/13594"}],"wp:featuredmedia":[{"embeddable":true,"href":"https:\/\/www.captionmagazine.org\/en\/wp-json\/wp\/v2\/media\/13570"}],"wp:attachment":[{"href":"https:\/\/www.captionmagazine.org\/en\/wp-json\/wp\/v2\/media?parent=13567"}],"wp:term":[{"taxonomy":"category","embeddable":true,"href":"https:\/\/www.captionmagazine.org\/en\/wp-json\/wp\/v2\/categories?post=13567"},{"taxonomy":"post_tag","embeddable":true,"href":"https:\/\/www.captionmagazine.org\/en\/wp-json\/wp\/v2\/tags?post=13567"},{"taxonomy":"thb-sponsors","embeddable":true,"href":"https:\/\/www.captionmagazine.org\/en\/wp-json\/wp\/v2\/thb-sponsors?post=13567"}],"curies":[{"name":"wp","href":"https:\/\/api.w.org\/{rel}","templated":true}]}}