{"id":1317,"date":"2020-03-12T12:24:06","date_gmt":"2020-03-12T15:24:06","guid":{"rendered":"https:\/\/www.captionmagazine.org\/?p=1317"},"modified":"2022-01-19T11:53:46","modified_gmt":"2022-01-19T14:53:46","slug":"cicatrices","status":"publish","type":"post","link":"https:\/\/www.captionmagazine.org\/en\/ensayos\/cicatrices","title":{"rendered":"Cicatrices"},"content":{"rendered":"\n<h3 class=\"wp-block-heading\">Eduardo\u00a0 Asenjo Matus<\/h3>\n\n\n\n<p><strong>El nombre de la serie est\u00e1 inspirado en la canci\u00f3n del grupo Papa Roach al igual que todas mis otras series inspiradas en la m\u00fasica.<\/strong><\/p>\n\n\n\n<p>\u201cCuando caminas constantemente por las mismas calles te das cuenta de las personas que ya forman parte de \u00e9stas, que para la mayor\u00eda pasan desapercibidas como fantasmas en la ciudad. Por lo general son personas que cumplen con una de las funciones m\u00e1s importantes para todos como el aseo y ornato. En Chile son los trabajadores m\u00e1s postergados, sin derecho a ba\u00f1o y comida, subcontratados por empresas externas y con p\u00e9simo salario, trabajan en condiciones indignas para un pa\u00eds que se precia de participar en la OCDE y de haber suscrito los m\u00e1s variados convenios de protecci\u00f3n de derechos laborales.<\/p>\n\n\n\n<p>Cuando pensamos en lo que se considera fotograf\u00eda callejera, la imagen m\u00e1s com\u00fan que nos viene a la mente es una imagen de gran angular con enfoque n\u00edtido que revela un encuentro casual en el coraz\u00f3n de un entorno urbano ocupado. El fot\u00f3grafo chileno Eduardo Asenjo Matus se separa de este clich\u00e9 con confianza, demostrando que la fotograf\u00eda de la calle no necesariamente tiene que ser una mera documentaci\u00f3n del paisaje de una ciudad\u201d.<\/p>\n\n\n\n<p>En su inspiradora serie de fotos \u201cCicatrices\u201d, Eduardo Asenjo sigue la historia de cada uno de sus personajes en medio de la multitud. Centr\u00e1ndose en una sola persona que se destaca, deja que todos los dem\u00e1s se conviertan en sombras borrosas, aparentemente disolvi\u00e9ndose en el aire. Cada persona se mueve a su propio ritmo, lo que combinado con la t\u00e9cnica de baja exposici\u00f3n crea sombras con diferente densidad. Tambi\u00e9n se suma a la din\u00e1mica general de las im\u00e1genes, convirtiendo a las personas en trazos individuales.<\/p>\n\n\n\n<p>En una de sus entrevistas, el fot\u00f3grafo admite que para \u00e9l las fotograf\u00edas de la calle son acuarelas. Tambi\u00e9n comparte abiertamente que tener problemas auditivos es lo que lo inspir\u00f3 a alterar la realidad, convertirla en una visi\u00f3n art\u00edsticamente borrosa y desarrollar su estilo \u00fanico. A medida que reconocer las voces y centrarse en las conversaciones en la calle se hac\u00eda cada vez m\u00e1s dif\u00edcil, era m\u00e1s f\u00e1cil percibir el mundo que lo rodeaba como una obra de arte de varias capas sobre un lienzo.<\/p>\n\n\n\n<p>\u201cLa t\u00e9cnica que utilizo en mis series es una larga exposici\u00f3n diurna con el movimiento intencional de la c\u00e1mara, no la utilizo porque se vea distinto, sino porque el a\u00f1o 2013 descubr\u00ed que ten\u00eda hipoacusia por problemas hereditarios y comenc\u00e9 a usar aud\u00edfonos, esto fue extra\u00f1o, me di cuenta de muchas cosas que pude escuchar mal y problemas que pude evitar. El mismo a\u00f1o agarr\u00e9 la c\u00e1mara y utilic\u00e9 la fotograf\u00eda para representar mi problema de audici\u00f3n, \u201ccomo escucho la ciudad\u201d. Para poder hablar en la calle se me hace muy dif\u00edcil y tengo que concentrarme en una sola voz, esto lo interpret\u00e9 en la imagen como la persona enfocada, el resto de sonidos contaminaban la conversaci\u00f3n y lo represent\u00e9 con el movimiento intencional de la c\u00e1mara y el desenfoque\u201d.<\/p>\n\n\n\n<p><em>Texto citado: Yann Fournier<\/em><\/p>\n\n\n\n<hr class=\"wp-block-separator\"\/>\n\n\n\n<p><em>Eduardo es street photographer, embajador Fujifilm Chile y Tripodes.cl<\/em><\/p>\n\n\n\n<p><strong>Equipo Fotogr\u00e1fico<\/strong>:<br>&#8211; C\u00e1mara: Fujifilm x100F<br>&#8211; Optica: 23mm f2, Filtro ND variable Fotga<\/p>\n\n\n\n<p>Sitio Web: <a rel=\"noreferrer noopener\" aria-label=\" (abrir en una nueva pesta\u00f1a)\" href=\"https:\/\/www.eduardoasenjomatus.com\/\" target=\"_blank\">www.eduardoasenjomatus.com\/<\/a><br>Instagram: <a href=\"https:\/\/www.instagram.com\/eduardo.asenjo.matus\" target=\"_blank\" rel=\"noreferrer noopener\" aria-label=\" (abrir en una nueva pesta\u00f1a)\">www.instagram.com\/eduardo.asenjo.matus<\/a><\/p>\n","protected":false},"excerpt":{"rendered":"<p>Eduardo\u00a0 Asenjo Matus El nombre de la serie est\u00e1 inspirado en la canci\u00f3n del grupo Papa Roach al igual que todas mis otras series inspiradas en la m\u00fasica. \u201cCuando caminas constantemente por las mismas calles te das cuenta de las personas que ya forman parte de \u00e9stas, que para la mayor\u00eda pasan desapercibidas como fantasmas&hellip;<\/p>\n","protected":false},"author":1,"featured_media":1319,"comment_status":"closed","ping_status":"closed","sticky":false,"template":"","format":"gallery","meta":{"footnotes":""},"categories":[1],"tags":[135,709,136,94],"thb-sponsors":[],"class_list":["post-1317","post","type-post","status-publish","format-gallery","has-post-thumbnail","hentry","category-ensayos","tag-eduardo-asenjo","tag-n2","tag-street-photography","tag-valdivia","post_format-post-format-gallery"],"_links":{"self":[{"href":"https:\/\/www.captionmagazine.org\/en\/wp-json\/wp\/v2\/posts\/1317","targetHints":{"allow":["GET"]}}],"collection":[{"href":"https:\/\/www.captionmagazine.org\/en\/wp-json\/wp\/v2\/posts"}],"about":[{"href":"https:\/\/www.captionmagazine.org\/en\/wp-json\/wp\/v2\/types\/post"}],"author":[{"embeddable":true,"href":"https:\/\/www.captionmagazine.org\/en\/wp-json\/wp\/v2\/users\/1"}],"replies":[{"embeddable":true,"href":"https:\/\/www.captionmagazine.org\/en\/wp-json\/wp\/v2\/comments?post=1317"}],"version-history":[{"count":1,"href":"https:\/\/www.captionmagazine.org\/en\/wp-json\/wp\/v2\/posts\/1317\/revisions"}],"predecessor-version":[{"id":1330,"href":"https:\/\/www.captionmagazine.org\/en\/wp-json\/wp\/v2\/posts\/1317\/revisions\/1330"}],"wp:featuredmedia":[{"embeddable":true,"href":"https:\/\/www.captionmagazine.org\/en\/wp-json\/wp\/v2\/media\/1319"}],"wp:attachment":[{"href":"https:\/\/www.captionmagazine.org\/en\/wp-json\/wp\/v2\/media?parent=1317"}],"wp:term":[{"taxonomy":"category","embeddable":true,"href":"https:\/\/www.captionmagazine.org\/en\/wp-json\/wp\/v2\/categories?post=1317"},{"taxonomy":"post_tag","embeddable":true,"href":"https:\/\/www.captionmagazine.org\/en\/wp-json\/wp\/v2\/tags?post=1317"},{"taxonomy":"thb-sponsors","embeddable":true,"href":"https:\/\/www.captionmagazine.org\/en\/wp-json\/wp\/v2\/thb-sponsors?post=1317"}],"curies":[{"name":"wp","href":"https:\/\/api.w.org\/{rel}","templated":true}]}}