{"id":1303,"date":"2020-03-12T12:10:55","date_gmt":"2020-03-12T15:10:55","guid":{"rendered":"https:\/\/www.captionmagazine.org\/?p=1303"},"modified":"2022-01-19T11:53:56","modified_gmt":"2022-01-19T14:53:56","slug":"un-viaje-onirico","status":"publish","type":"post","link":"https:\/\/www.captionmagazine.org\/en\/ensayos\/un-viaje-onirico","title":{"rendered":"Un viaje on\u00edrico"},"content":{"rendered":"\n<h3 class=\"wp-block-heading\"><strong>M<\/strong>ariajos\u00e9 Catal\u00e1n<\/h3>\n\n\n\n<p>Inspiraci\u00f3n que nace en la Patagonia desde mi tr\u00e1nsito por el sur que evoca un sue\u00f1o verde desbordante de agua. Aparezco y desaparezco en la cordillera.&nbsp; Convivo con Baqueanos (hombres de monta\u00f1a), descubriendo el legado de los pueblos originarios y la huella que dejaron los colonos.<\/p>\n\n\n\n<p>Durante seis a\u00f1os he retratado a familias que viven en la ruralidad, en casas con fachadas de lata, tejuelas de alerce y de madera gastada por la lluvia y el viento.&nbsp; He visto el trabajo duro y lejano de las artesanas del borde costero, viviendo gracias a sus manos.&nbsp;<\/p>\n\n\n\n<p>Trabajo con el espejo, como un hilo conductor de cuadros que aparecen en el camino. Corrales de texturas diversas, paisajes de monta\u00f1a donde a\u00fan abunda el agua y sabios bosques llenos de vida. Ensue\u00f1os que muestran la esencia originaria de la realidad del sur de Chile.<\/p>\n\n\n\n<p>Soy mujer, fot\u00f3grafa y chilena. Mi trabajo se basa en la curiosidad de ideas, materias y paisajes cotidianos vistos desde otras perspectivas. Una mirada pict\u00f3rica que otorga un nuevo valor, emoci\u00f3n e identidad a la fotograf\u00eda; a trav\u00e9s del gesto genuino, la expresi\u00f3n e interpretaci\u00f3n contempor\u00e1nea.<\/p>\n\n\n\n<p>Genero nuevos espacios de creaci\u00f3n a trav\u00e9s de talleres de fotograf\u00eda y emulsi\u00f3n artesanal en escuelas urbanas y rurales, que buscan fomentar el rescate visual de nuestro entorno y sus habitantes.<\/p>\n\n\n\n<p>Actualmente desarrollo proyectos editoriales fotogr\u00e1ficos entre Frutillar y Valle Puelo, activando temas de migraci\u00f3n, oficios, patrimonio y su gente.<\/p>\n\n\n\n<hr class=\"wp-block-separator\"\/>\n\n\n\n<p><em>Mariajos\u00e9 Catal\u00e1n, fot\u00f3grafa chilena, especializada en Reportaje y Viajes en la Escuela Superior de Imagen y Dise\u00f1o IDEP, Barcelona. Actualmente su trabajo independiente ha sido parte de encargos publicados en distintos medios y editoriales de Chile y el extranjero, colaborando en varios proyectos colectivos, exposiciones independientes, festivales de fotograf\u00eda, ferias de arte y talleres para fomentar la observaci\u00f3n de nuestro entorno, ocupando diferentes t\u00e9cnicas entre la emulsi\u00f3n artesanal, revelado y lo digital.<\/em><\/p>\n\n\n\n<p><strong>Equipo Fotogr\u00e1fico<\/strong>:<br>&#8211; C\u00e1mara: Canon 5D Mark II<br>&#8211; Optica: 28mm &#8211; 50mm &#8211; 105mm<\/p>\n\n\n\n<p><strong>Sitio Web<\/strong>: <a rel=\"noreferrer noopener\" aria-label=\"www.mariajosecatalan-photography.com (abrir en una nueva pesta\u00f1a)\" href=\"http:\/\/www.mariajosecatalan-photography.com\" target=\"_blank\">www.mariajosecatalan-photography.com<\/a><br><strong>Facebook<\/strong>: <a href=\"https:\/\/www.facebook.com\/mariajosecatalanfotografa\/\" target=\"_blank\" rel=\"noreferrer noopener\" aria-label=\"mariajosecatalanfotografa (abrir en una nueva pesta\u00f1a)\">mariajosecatalanfotografa<\/a><br><\/p>\n","protected":false},"excerpt":{"rendered":"<p>Mariajos\u00e9 Catal\u00e1n Inspiraci\u00f3n que nace en la Patagonia desde mi tr\u00e1nsito por el sur que evoca un sue\u00f1o verde desbordante de agua. Aparezco y desaparezco en la cordillera.&nbsp; Convivo con Baqueanos (hombres de monta\u00f1a), descubriendo el legado de los pueblos originarios y la huella que dejaron los colonos. Durante seis a\u00f1os he retratado a familias&hellip;<\/p>\n","protected":false},"author":1,"featured_media":1306,"comment_status":"closed","ping_status":"closed","sticky":false,"template":"","format":"gallery","meta":{"footnotes":""},"categories":[1],"tags":[133,134,130,709,131,132,78],"thb-sponsors":[],"class_list":["post-1303","post","type-post","status-publish","format-gallery","has-post-thumbnail","hentry","category-ensayos","tag-agua","tag-lluvia","tag-mariajose-catalan","tag-n2","tag-paisaje","tag-patagonia","tag-sur-de-chile","post_format-post-format-gallery"],"_links":{"self":[{"href":"https:\/\/www.captionmagazine.org\/en\/wp-json\/wp\/v2\/posts\/1303","targetHints":{"allow":["GET"]}}],"collection":[{"href":"https:\/\/www.captionmagazine.org\/en\/wp-json\/wp\/v2\/posts"}],"about":[{"href":"https:\/\/www.captionmagazine.org\/en\/wp-json\/wp\/v2\/types\/post"}],"author":[{"embeddable":true,"href":"https:\/\/www.captionmagazine.org\/en\/wp-json\/wp\/v2\/users\/1"}],"replies":[{"embeddable":true,"href":"https:\/\/www.captionmagazine.org\/en\/wp-json\/wp\/v2\/comments?post=1303"}],"version-history":[{"count":2,"href":"https:\/\/www.captionmagazine.org\/en\/wp-json\/wp\/v2\/posts\/1303\/revisions"}],"predecessor-version":[{"id":1316,"href":"https:\/\/www.captionmagazine.org\/en\/wp-json\/wp\/v2\/posts\/1303\/revisions\/1316"}],"wp:featuredmedia":[{"embeddable":true,"href":"https:\/\/www.captionmagazine.org\/en\/wp-json\/wp\/v2\/media\/1306"}],"wp:attachment":[{"href":"https:\/\/www.captionmagazine.org\/en\/wp-json\/wp\/v2\/media?parent=1303"}],"wp:term":[{"taxonomy":"category","embeddable":true,"href":"https:\/\/www.captionmagazine.org\/en\/wp-json\/wp\/v2\/categories?post=1303"},{"taxonomy":"post_tag","embeddable":true,"href":"https:\/\/www.captionmagazine.org\/en\/wp-json\/wp\/v2\/tags?post=1303"},{"taxonomy":"thb-sponsors","embeddable":true,"href":"https:\/\/www.captionmagazine.org\/en\/wp-json\/wp\/v2\/thb-sponsors?post=1303"}],"curies":[{"name":"wp","href":"https:\/\/api.w.org\/{rel}","templated":true}]}}