{"id":11250,"date":"2022-09-17T18:49:14","date_gmt":"2022-09-17T21:49:14","guid":{"rendered":"https:\/\/www.captionmagazine.org\/?p=11250"},"modified":"2022-09-18T18:04:38","modified_gmt":"2022-09-18T21:04:38","slug":"el-fin-de-los-oceanos","status":"publish","type":"post","link":"https:\/\/www.captionmagazine.org\/ensayos\/el-fin-de-los-oceanos","title":{"rendered":"El fin de los oc\u00e9anos"},"content":{"rendered":"\r\n<h3 class=\"wp-block-heading\">Fotograf\u00edas y texto: Pedro Armestre<\/h3>\r\n\r\n\r\n\r\n\r\n\r\n<p>Las negociaciones sobre el Tratado Global de los Oc\u00e9anos de la ONU, llevadas a cabo en agosto en Nueva York, no han logrado llegar a un acuerdo sobre un Tratado para proteger el 30% de las aguas internacionales del planeta para 2030.<\/p>\r\n<p>La Organizaci\u00f3n ecologista Greenpeace retir\u00f3 en julio 30 kil\u00f3metros de arte de pesca industrial en el Atl\u00e1ntico Norte como protesta para poner la atenci\u00f3n en la necesidad de un Tratado Global de los Oc\u00e9anos.<\/p>\r\n<p><a class=\"wp-block-button__link\" style=\"border-radius: 10px;\" href=\"https:\/\/www.captionmagazine.org\/papel-digital-n17#page30\" rel=\"noreferrer noopener\">Lee este art\u00edculo en papel digital<\/a><\/p>\r\n<p>&nbsp;<\/p>\r\n<div>\r\n<p>&nbsp;<\/p>\r\n<\/div>\r\n\r\n\r\n<hr class=\"wp-block-separator\" \/>\r\n\r\n\r\n<p><strong>Acerca de Pedro Armestre:<\/strong><\/p>\r\n\r\n\r\n\r\n<p>Seducido por la fotograf\u00eda, inicia su carrera en 1993 orientando su objetivo hacia el fotoperiodismo, labor que desempe\u00f1a en diferentes medios, entre otros, Europa Press, Cover, el diario El Mundo, y la revista Intervi\u00fa. Entre el 2003 y mediados de 2016 distribuye sus im\u00e1genes a trav\u00e9s de la agencia Internacional France Presse. Si algo ha tenido claro durante su carrera es la apuesta por la defensa de los derechos humanos y el cuidado y preservaci\u00f3n del medio ambiente. Pedro Armestre mantiene desde sus inicios relaciones con organizaciones dedicadas a estos \u00e1mbitos, para ellas planifica campa\u00f1as de intervenci\u00f3n y creatividad con la imagen como potente herramienta de comunicaci\u00f3n.<\/p>\r\n<p>Hoy por hoy, su fotograf\u00eda ha evolucionado hacia un perfil m\u00e1s art\u00edstico con el que potencia los mismos valores que han sustentado su carrera durante todos estos a\u00f1os.<\/p>\r\n<p><strong>C\u00e1maras<\/strong>: Fujifilm X Pro 2 con carcasa subacu\u00e1tica, X-T4 y GoPro.<\/p>\r\n\r\n\r\n\r\n\r\n\r\n<p><strong>Links<\/strong>:<\/p>\r\n<p><a href=\"http:\/\/www.armestregallery.com\" target=\"_blank\" rel=\"noopener\">www.armestregallery.com<\/a><\/p>\r\n<p><a href=\"http:\/\/www.pedroarmestre.com\" target=\"_blank\" rel=\"noopener\">www.pedroarmestre.com<\/a><\/p>\r\n\r\n\r\n\r\n\r\n","protected":false},"excerpt":{"rendered":"<p>Fotograf\u00edas y texto: Pedro Armestre Las negociaciones sobre el Tratado Global de los Oc\u00e9anos de la ONU, llevadas a cabo en agosto en Nueva York, no han logrado llegar a un acuerdo sobre un Tratado para proteger el 30% de las aguas internacionales del planeta para 2030. La Organizaci\u00f3n ecologista Greenpeace retir\u00f3 en julio 30&hellip;<\/p>\n","protected":false},"author":1,"featured_media":11278,"comment_status":"closed","ping_status":"closed","sticky":false,"template":"","format":"gallery","meta":{"footnotes":""},"categories":[1],"tags":[854,842],"thb-sponsors":[],"class_list":["post-11250","post","type-post","status-publish","format-gallery","has-post-thumbnail","hentry","category-ensayos","tag-greenpeace","tag-n17","post_format-post-format-gallery"],"_links":{"self":[{"href":"https:\/\/www.captionmagazine.org\/en\/wp-json\/wp\/v2\/posts\/11250","targetHints":{"allow":["GET"]}}],"collection":[{"href":"https:\/\/www.captionmagazine.org\/en\/wp-json\/wp\/v2\/posts"}],"about":[{"href":"https:\/\/www.captionmagazine.org\/en\/wp-json\/wp\/v2\/types\/post"}],"author":[{"embeddable":true,"href":"https:\/\/www.captionmagazine.org\/en\/wp-json\/wp\/v2\/users\/1"}],"replies":[{"embeddable":true,"href":"https:\/\/www.captionmagazine.org\/en\/wp-json\/wp\/v2\/comments?post=11250"}],"version-history":[{"count":5,"href":"https:\/\/www.captionmagazine.org\/en\/wp-json\/wp\/v2\/posts\/11250\/revisions"}],"predecessor-version":[{"id":11298,"href":"https:\/\/www.captionmagazine.org\/en\/wp-json\/wp\/v2\/posts\/11250\/revisions\/11298"}],"wp:featuredmedia":[{"embeddable":true,"href":"https:\/\/www.captionmagazine.org\/en\/wp-json\/wp\/v2\/media\/11278"}],"wp:attachment":[{"href":"https:\/\/www.captionmagazine.org\/en\/wp-json\/wp\/v2\/media?parent=11250"}],"wp:term":[{"taxonomy":"category","embeddable":true,"href":"https:\/\/www.captionmagazine.org\/en\/wp-json\/wp\/v2\/categories?post=11250"},{"taxonomy":"post_tag","embeddable":true,"href":"https:\/\/www.captionmagazine.org\/en\/wp-json\/wp\/v2\/tags?post=11250"},{"taxonomy":"thb-sponsors","embeddable":true,"href":"https:\/\/www.captionmagazine.org\/en\/wp-json\/wp\/v2\/thb-sponsors?post=11250"}],"curies":[{"name":"wp","href":"https:\/\/api.w.org\/{rel}","templated":true}]}}